{"id":879,"date":"2014-01-10T03:29:10","date_gmt":"2014-01-10T03:29:10","guid":{"rendered":"http:\/\/guneydoguasyacalismalari.com\/?p=879"},"modified":"2016-10-06T03:30:24","modified_gmt":"2016-10-06T03:30:24","slug":"basbakan-erdoganin-malezya-ziyareti-pm-erdogans-visit-to-malaysia","status":"publish","type":"post","link":"https:\/\/guneydoguasyacalismalari.com\/tr_tr\/basbakan-erdoganin-malezya-ziyareti-pm-erdogans-visit-to-malaysia\/","title":{"rendered":"Ba\u015fbakan Erdo\u011fan\u2019\u0131n Malezya Ziyareti \/ PM Erdo\u011fan\u2019s Visit to Malaysia"},"content":{"rendered":"<p>Ba\u015fbakan Erdo\u011fan, Japonya ve Singapur ziyaretinin ard\u0131ndan Malezya\u2019da. 6-11 Ocak tarihlerinde Uzak Do\u011fu\u2019dan G\u00fcneydo\u011fu Asya\u2019ya uzanan bir resmi seyahat&#8230; Bu ziyaret, Malezya Ba\u015fbakan\u0131 Necib bin Razak\u2019\u0131n 2011 y\u0131l\u0131 \u015eubat ay\u0131nda T\u00fcrkiye\u2019ye yapt\u0131\u011f\u0131 ziyaretin bir kar\u015f\u0131l\u0131\u011f\u0131 olarak da de\u011ferlendirilebilir. Ba\u015fbakan ve heyeti ta\u015f\u0131yan u\u00e7ak Per\u015fembe ak\u015fam\u0131 saat 20.05 sular\u0131nda Kuala Lumpur\u2019a ula\u015ft\u0131. Cuma sabah\u0131 Malezya\u2019n\u0131n y\u00f6netim merkezi Putrajaya\u2019da resmi t\u00f6renle kar\u015f\u0131lanan Ba\u015fbakan Erdo\u011fan ve mevkida\u015f\u0131 Malezya Ba\u015fbakan\u0131 Necib bin Razak ikili g\u00f6r\u00fc\u015fmelerde bulundu. Ayn\u0131 zamanda heyetler aras\u0131 g\u00f6r\u00fc\u015fmelerde ger\u00e7ekle\u015ftirildi. Ziyaret \u00e7e\u015fitli programlarla devam edecek. Bu ziyaret ne anlam ifade ediyor? Malezya\u2019da g\u00f6r\u00fc\u015ft\u00fc\u011f\u00fcm\u00fcz akademisyen ve sivil toplum liderleri iki \u00fclke aras\u0131ndaki ili\u015fkilerin 50. Y\u0131l\u0131\u2019na tekab\u00fcl etmesi dolay\u0131s\u0131yla ayr\u0131 bir \u00f6nemi oldu\u011funa vurgu yap\u0131yorlar.<\/p>\n<p>Asl\u0131nda Malezya-T\u00fcrkiye ili\u015fkilerini sadece iki \u00fclke perspektifinde de\u011ferlendirmek yanl\u0131\u015f olur. \u0130ki \u00fclkenin \u2018hinterland\u0131\u2019 diyebilece\u011fimiz geni\u015f bir co\u011frafya hem Ortado\u011fu\/Afrika\/Orta Asya, hem de Malay d\u00fcnyas\u0131\/ASEAN\u2019dan bahsetmek g\u00fcn\u00fcm\u00fcz jeo-politik ko\u015fullar\u0131nda hi\u00e7 de ger\u00e7ekd\u0131\u015f\u0131 olmayacakt\u0131r. Bu nedenle iki \u00fclke yetkililerinin s\u00f6z konusu bu ziyareti bu ba\u011flamlardan ele almas\u0131nda fayda var. Tabii ili\u015fkilere bu boyutta bakabilme vizyonu i\u00e7in yukar\u0131da zikredilen bu iki hinterlanda dair kayda de\u011fer tarihi, jeopolitik, sosyo-k\u00fclt\u00fcrel de\u011ferlendirmelerin \u00e7oktan yap\u0131lm\u0131\u015f olmas\u0131 ve de var olanlar\u0131n geli\u015fmelere g\u00f6re g\u00fcncellenmesi gerekir. Bu s\u00fcre\u00e7te \u00fcniversitelerin, ara\u015ft\u0131rma kurumlar\u0131n\u0131n, kimi devlet kurumlar\u0131n\u0131n, STK\u2019lar\u0131n ve de b\u00fcrokrasinin sa\u011fl\u0131kl\u0131 yakla\u015f\u0131mlar\u0131 olmadan ve de bu yakla\u015f\u0131m senkronizasyonu sa\u011flanmadan rol alabilmek m\u00fcmk\u00fcn de\u011fil. Bu alanlardan birinin \u2018\u0131skalanmas\u0131\u2019 halinde, di\u011ferlerinin \u00e7abalar\u0131n\u0131n da kayda de\u011fer bir zedelenmeye maruz kalacakt\u0131r. Bu anlamda ayr\u0131\u015ft\u0131r\u0131c\u0131 ve d\u0131\u015flay\u0131c\u0131 de\u011fil, b\u00fct\u00fcnl\u00fck\u00e7\u00fc bir yakla\u015f\u0131ma her zamankinden fazla ihtiya\u00e7 oldu\u011fu ortada. Bu yakla\u015f\u0131m tarz\u0131n\u0131n neye tekab\u00fcl etti\u011fine a\u015fa\u011f\u0131da k\u0131smen de\u011finece\u011fim.<\/p>\n<p>Tabii birka\u00e7 y\u0131l \u00f6nce g\u00fcndeme getirdi\u011fimiz hususu yeri gelmi\u015fken bir kez daha hat\u0131rlatmakta fayda var. T\u00fcrkiye\u2019de Malay K\u00fclt\u00fcr Tarih ve Medeniyeti ad\u0131yla herhangi bir b\u00f6l\u00fcm, ara\u015ft\u0131rma kurumu olmadan, Malezya\u2019da bunun mukabili T\u00fcrk K\u00fclt\u00fcr Tarih ve Medeniyeti gibi bir b\u00f6l\u00fcm a\u00e7\u0131lmadan bu i\u015flerin nas\u0131l ger\u00e7ekle\u015ftirilece\u011fi \u00f6nemli bir sorun. Kendisiyle g\u00f6r\u00fc\u015ft\u00fc\u011f\u00fcm\u00fcz Malezya Teknoloji \u00dcniversitesi \u0130slam Bilim ve Medeniyetleri Ara\u015ft\u0131rma Merkezi M\u00fcd\u00fcr\u00fc Prof. Dr. Wan Muhammed Nur Wan Daud da benzer kayg\u0131lar\u0131 dile getirdi. \u0130li\u015fkilerin salt ekonomik temelli olmamas\u0131 gerekti\u011fi e\u011fitim ve k\u00fclt\u00fcr alanlar\u0131nda da kapsaml\u0131 i\u015fbirliklerine ihtiya\u00e7 oldu\u011funa vurgu yapt\u0131. Aradan ge\u00e7en yar\u0131m y\u00fczy\u0131la ra\u011fmen, akademik \u00e7evrelerin bu ve benzeri alanlara halen yabanc\u0131 kalmalar\u0131, iki \u00fclkeyi ayr\u0131 ayr\u0131 ve birarada ele alacak ara\u015ft\u0131rma kurumlar\u0131n\u0131n olmamas\u0131 \u00f6nemli bir alg\u0131 yanl\u0131\u015fl\u0131\u011f\u0131ndan kaynaklan\u0131yor.<\/p>\n<p>Bununla tezat te\u015fkil edecek \u015fekilde medyada bu ziyarete dair de\u011ferlendirmeler, elli y\u0131lda olup bitenler, sorunlar, ba\u015far\u0131lar, gelecek elli y\u0131l i\u00e7in \u00f6neriler bir yana haberlere dahi rastlamak g\u00fc\u00e7. \u00d6yle ki, resmi g\u00f6r\u00fc\u015fmelerin ard\u0131ndan liderlerin bas\u0131n a\u00e7\u0131klamalar\u0131 s\u0131ras\u0131nda soru-cevap b\u00f6l\u00fcm\u00fcn\u00fcn olmamas\u0131 bile fiyasko. Ellinci y\u0131l\u0131na var\u0131lan ili\u015fkiler, son d\u00f6nem b\u00f6lgesel yani G\u00fcneydo\u011fu Asya perspektifi, b\u00f6lge M\u00fcsl\u00fcmanlar\u0131n\u0131n ahvali, Hint Okyanusu\/Malaka Bo\u011faz\u0131\/G\u00fcney \u00c7in Denizi su yolunda ve enerji havzalar\u0131nda neler olup bitti\u011fi vb. sorular Malezya\u2019y\u0131 ve T\u00fcrkiye\u2019yi ilgilendirmiyor mu? Sorulacak onlarca soru varken \u00a0ve de inan\u0131yoruz ki, Ba\u015fbakan Erdo\u011fan\u2019\u0131n ve de Ba\u015fbakan Necib Bin Razak\u2019\u0131n cevap vermekten memnun olaca\u011f\u0131 konular dururken neden soru cevap b\u00f6l\u00fcm\u00fc olmad\u0131\u011f\u0131 sorgulanmal\u0131d\u0131r. Bunu salt bir kay\u0131ts\u0131zl\u0131k olarak de\u011ferlendirerek ge\u00e7i\u015ftirmek m\u00fcmk\u00fcn de\u011fil. Bu dahi kendi ba\u015f\u0131na \u00fczerinde kayda de\u011fer ara\u015ft\u0131rmalar yapmay\u0131 gerektiren bir husus.<\/p>\n<p>Giri\u015fte ifade etti\u011fimiz \u00fczere bu ziyaret, 1963 y\u0131l\u0131nda temelleri at\u0131lan yar\u0131m y\u00fczy\u0131la dayanan bir ge\u00e7mi\u015fin \u00fczerine ger\u00e7ekle\u015fiyor. Ancak Ba\u015fbakan Erdo\u011fan\u2019\u0131n ve heyetin bu ziyaretini, ge\u00e7mi\u015fe bak\u0131\u015f\u0131n \u00f6tesinde gelecek vaad eden ve bu anlamda yeni ba\u015flayacak ikinci yar\u0131m y\u00fczy\u0131l ili\u015fkilerinin ilk safhas\u0131 olarak de\u011ferlendirmek daha do\u011fru olur. B\u00f6yle bir vizyonla bu ziyarate ve etkilerine bakmak, bir yanda \u0130slam co\u011frafyas\u0131 denilen b\u00fct\u00fcn\u00fcn neredeyse bat\u0131s\u0131ndan do\u011fusuna i\u00e7 ve d\u0131\u015f kaynakl\u0131 sorunlarla bo\u011fu\u015ftu\u011fu bu d\u00f6nemde yap\u0131c\u0131 ve d\u00fczenleyici ili\u015fkilere kap\u0131 aralamak, \u00f6te yandan ASEAN gibi d\u00fcnyan\u0131n g\u00f6z\u00fcn\u00fcn \u00fczerinde oldu\u011fu bir b\u00f6lgede T\u00fcrkiye\u2019nin gelecek elli y\u0131lda ne t\u00fcrden rollere aday olabiliri d\u00fc\u015f\u00fcnmek gerekir.<\/p>\n<p>Ancak burada bu ziyaret \u00e7er\u00e7evesinde hangi alanlar\u0131n geli\u015ftirilmeye matuf oldu\u011funa bakmakta fayda var. Ka\u00e7\u0131n\u0131lmaz olarak enerji, ticaret ve yat\u0131r\u0131m, turizm, in\u015faat sekt\u00f6r\u00fc, \u0130slami Finans, otomotiv sanayi, halklar aras\u0131 k\u00fclt\u00fcrel ba\u011flam gibi konvansiyonel alanlar\u0131n d\u0131\u015f\u0131nda afet yard\u0131m mekanizmas\u0131, k\u00fc\u00e7\u00fck-ve orta \u00f6l\u00e7ekli i\u015fletmeler \u00fczerine ara\u015ft\u0131rma-uygulamalar, Hel\u00e2l G\u0131da\u2019y\u0131 da i\u00e7eren g\u0131da g\u00fcvenli\u011fi, savunma sanayii, alternatif enerji \u00fcretimi vb. geli\u015ftirilmesine vurgu yap\u0131lmal\u0131d\u0131r. Bu alanlardan Hel\u00e2l G\u0131da, \u0130slami Finans, alternatif enerji gibi alanlar\u0131n k\u00fc\u00e7\u00fcmsenmemesi, aksine ciddi kurumlar vas\u0131tas\u0131yla ilk elden i\u015fbirliklerinin geli\u015ftirilmesinde fayda var. Ad\u0131 \u2018\u0130slami\u2019 olsa da nihayetinde \u2018paran\u0131n\u2019 konu\u015ftu\u011fu bir finans sekt\u00f6r\u00fcnde b\u00f6lgede Singapur, Avrupa\u2019da da \u0130ngiltere\u2019nin son birka\u00e7 y\u0131lda ne t\u00fcr bir yakla\u015f\u0131m sergiledikleri biliniyor. Singapur, Ortado\u011fu\u2019daki en \u00f6nemli ticaret orta\u011f\u0131 Suudi Arabistan\u2019la b\u00f6lgede de Malezya ile \u0130slami Finans konusunda \u00e7abalara a\u011f\u0131rl\u0131k verirken, \u0130ngiltere Ba\u015fbakan\u0131 David Cameron da ge\u00e7en y\u0131l\u0131n sonlar\u0131na do\u011fru yapt\u0131\u011f\u0131 a\u00e7\u0131klamada Londra\u2019y\u0131 \u0130slami Finans merkezi yapmak istediklerini a\u00e7\u0131k\u00e7a dile getirmi\u015fti.<\/p>\n<p>Ba\u015fbakan Necib bin Razak\u2019\u0131n T\u00fcrkiye ziyareti s\u0131ras\u0131nda g\u00fcndeme gelen savunma sanayii i\u015fbirli\u011fi halen geli\u015ftirilmeyi bekleyen \u00f6nemli bir alan gibi g\u00f6z\u00fck\u00fcyor. \u00d6zellikle kendisiyle g\u00f6r\u00fc\u015ft\u00fc\u011f\u00fcm\u00fcz Stratejik ve Uluslararas\u0131 Ara\u015ft\u0131rmalar Merkezi Ba\u015fkan\u0131 Tan Sri Rastam Muhammed \u0130sa, ge\u00e7en y\u0131l \u015eubat-Mart aylar\u0131nda Sabah Eyaleti\u2019ne yap\u0131lan Sulu Sultanl\u0131\u011f\u0131\u2019na ba\u011fl\u0131 oldu\u011fu a\u00e7\u0131klanan gerillalar\u0131n \u00e7\u0131kartmas\u0131na at\u0131f yaparak, bu ve benzeri geli\u015fmeler kar\u015f\u0131s\u0131nda Malezya\u2019n\u0131n savunma alt yap\u0131s\u0131n\u0131 T\u00fcrkiye ile ger\u00e7ekle\u015ftirece\u011fi ili\u015fkilerle sa\u011flamla\u015ft\u0131rabilece\u011fine vurgu yapt\u0131.<\/p>\n<p>G\u00fcndemin ekonomik ili\u015fkiler ba\u011flam\u0131na oturtulmas\u0131 bir \u00f6l\u00e7\u00fcde anla\u015f\u0131labilir. Ancak ili\u015fkiler a\u011f\u0131n\u0131 \u2018maddeci\u2019 alg\u0131 ve alg\u0131latmalara y\u00f6nlendirmek hi\u00e7 ku\u015fku yok ki, b\u00fcy\u00fck foto\u011fraf\u0131n g\u00f6r\u00fcl(e)medi\u011fini ortaya koyar. Bu ba\u011flamda kendileriyle s\u0131k s\u0131k g\u00f6r\u00fc\u015ft\u00fc\u011f\u00fcm\u00fcz Malezya akademisi ve sivil toplum liderleri, iki \u00fclke aras\u0131ndaki ili\u015fkilerde \u201chalklararas\u0131\u201d ili\u015fkilerin \u00f6ncellenmesi, en az ekonomik ili\u015fkiler kadar yer verilmesi kanaatini a\u00e7\u0131k ve net dile getiriyorlar. \u00d6rne\u011fin, Malezya\u2019n\u0131n do\u011fdu\u011fu yer Cohor Eyaleti ba\u015fkenti Cohor Bahru ile \u0130stanbul\u2019un karde\u015f \u015fehir olma \u00f6zelliklerinden hareketle bile ciddi birlikteli\u011fin \u00f6n\u00fcn\u00fc a\u00e7acak giri\u015fimler olabilir. Bu noktada, s\u00f6z konusu \u00e7evrelerin kayg\u0131lar\u0131na tekab\u00fcl edecek kayg\u0131lara sahip yetkililer bulmakta fayda var. Veya bu yetkililerden bu kayg\u0131lar\u0131 azami \u00f6l\u00e7\u00fcde dikkate almalar\u0131n\u0131 beklemek de\u011fil, bunu realize edecek s\u00fcre\u00e7leri harekete ge\u00e7irmekte bir zorunluluk arz ediyor. Bu \u00e7er\u00e7evede, g\u00f6r\u00fc\u015fmelerde T\u00fcrkiye\u2019de Malezya y\u0131l\u0131, Malezya\u2019da da T\u00fcrkiye y\u0131l\u0131 ilan edilmesinin g\u00fcndeme gelmesi bu anlamda olumlu bir giri\u015fim. Haz\u0131rl\u0131klar\u0131n ve \u00e7al\u0131\u015fmalar\u0131n nas\u0131l sonu\u00e7 verece\u011fini de birlikte izleyece\u011fiz.<\/p>\n<p>Bu \u00e7er\u00e7evede, her iki \u00fclkenin ortak \u00f6zellikleri derken at\u0131f yap\u0131lan nokta M\u00fcsl\u00fcmanl\u0131k oldu\u011fu ortaya \u00e7\u0131karken, halklararas\u0131 ili\u015fkilerin kar\u015f\u0131l\u0131\u011f\u0131n\u0131n da bununla ilintili olmas\u0131 kadar do\u011fal bir durum yok. Herhalde bunun sembolik ifadesinin Ba\u015fbakan Erdo\u011fan\u2019\u0131n, Malezya Ba\u015fbakan\u0131 Necib bin Razak\u2019\u0131 \u2018karde\u015fim\u2019 olarak hitap etmesiydi. Halk\u0131n\u0131n b\u00fcy\u00fck \u00e7o\u011funlu\u011fu M\u00fcsl\u00fcman olan ve parlamenter demokratik de\u011ferleri benimsemi\u015f, g\u00f6rece istikrarl\u0131 bir yap\u0131ya sahip, son b\u00f6lgesel ve k\u00fcresel ekonomik krizlerden en az zararla \u00e7\u0131km\u0131\u015f iki \u00fclke g\u00fcndeme getiriliyor. Kimi ayd\u0131nlara, Malezya\u2019n\u0131n neye tekab\u00fcl etti\u011finin sordu\u011fumuzda ald\u0131\u011f\u0131m\u0131z \u015fu unsurlar \u00f6ne \u00e7\u0131k\u0131yor: ekonomik rezervleri g\u00fc\u00e7l\u00fc, ekonomik istikrar\u0131 sa\u011flayabilmi\u015f, son derece d\u00fc\u015f\u00fck i\u015fsizlik oranlar\u0131na ula\u015fm\u0131\u015f, enflasyonu kontrol alt\u0131nda tutabilen, \u00f6zellikle son otuz k\u0131rk y\u0131l i\u00e7inde yoksullu\u011fun \u00f6nemli \u00f6l\u00e7\u00fcde azalt\u0131lmas\u0131 oluyor. Dr. Chandra Muzaffer\u2019in dedi\u011fi gibi sorunlar olmakla birlikte iki \u00fclkede demokrasi \u2018etosunu\u2019 geli\u015ftirmeye gayret ediyor. Bu \u00f6zellikleri ile dikkat \u00e7eken T\u00fcrkiye ve Malezya\u2019n\u0131n bir yandan Birle\u015fmi\u015f Milletler, \u00f6te yandan D-8, G-20 i\u00e7inde sadece ikili ba\u011flamlarda de\u011fil, b\u00f6lgesel ve k\u00fcresel \u00f6zellikle de az geli\u015fmi\u015f \u00fclkelerin sosyal ve ekonomik kalk\u0131nm\u0131\u015fl\u0131klar\u0131nda yerli halklar\u0131n varl\u0131\u011f\u0131n\u0131, d\u00fc\u015f\u00fcnce yap\u0131s\u0131n\u0131 da dikkate alarak oynayabilecekleri roller elbette ki var.<\/p>\n<p>Her iki \u00fclkenin b\u00f6lgesel ve uluslararas\u0131 arenada i\u015fbirli\u011finin temelleri de temelde yukar\u0131da zikredilen \u2018M\u00fcsl\u00fcmanl\u0131\u011f\u0131yla\u2019 ba\u011flant\u0131l\u0131&#8230; \u00d6yle ki, bu k\u00f6kler Malay entellekt\u00fcel ve akademi \u00e7evreleri ile s\u0131n\u0131rl\u0131 kalmay\u0131p, halk aras\u0131nda da M\u00fcsl\u00fcmanl\u0131kla \u00f6rt\u00fc\u015ft\u00fcr\u00fcld\u00fc\u011f\u00fc g\u00f6r\u00fcl\u00fcr. K\u00f6kleri Malaka Sultanl\u0131\u011f\u0131 ve akabinde Cohor Sultanl\u0131\u011f\u0131 ile devam eden -kimi veya \u00e7o\u011fu boyutlar\u0131 mitsellikten kurtulamam\u0131\u015f da olsa- bir t\u00fcr tarihi k\u00f6kler referans\u0131 g\u00fc\u00e7l\u00fc. Modern d\u00f6nemde \u00fclke y\u00f6netimleri ve uluslararas\u0131 siyaset ba\u011flam\u0131nda ele al\u0131nd\u0131kta, Filistin sorunu, Irak ve Afganistan \u0130\u015fgalleri, Suriye ve M\u0131s\u0131r\u2019daki geli\u015fmeler, Myanmar\u2019daki soyk\u0131r\u0131m vb. sorunlara benzer kar\u015f\u0131l\u0131klar iki \u00fclkenin i\u015fbirliklerinin temelleri olarak de\u011ferlendirilmelidir. Bu noktada Ba\u015fbakan Erdo\u011fan\u2019\u0131n gene g\u00f6r\u00fc\u015fmeler s\u0131ras\u0131nda Suriye, M\u0131s\u0131r ve G\u00fcneydo\u011fu Asya\u2019da Myanmar\u2019daki Arakan M\u00fcsl\u00fcmanlar\u0131n\u0131n ahvaline dair g\u00f6r\u00fc\u015f al\u0131\u015fveri\u015finde bulunuldu\u011funu s\u00f6ylemesi \u00f6nemliydi. Ancak bu hususlarda iki \u00fclkenin sarf edece\u011fi enerjinin kimi ilgili \u00fclkeler nezdinde benzer yakla\u015f\u0131mlar\u0131n tetiklenmesini sa\u011flayacak bir derinlikte olmas\u0131 da ka\u00e7\u0131n\u0131lmaz. Bug\u00fcn Malezya\u2019n\u0131n Mindano ve Patani\u2019de bar\u0131\u015f\u0131 sa\u011flama konusundaki giri\u015fimlerinin T\u00fcrkiye\u2019nin g\u00f6zlemcili\u011fin \u00f6tesinde rol almas\u0131n\u0131 gerektirecek tarihi ve de jeo-stratejik boyutlar\u0131 unutulmamal\u0131d\u0131r. \u00d6te yandan, Myanmar\u2019da Arakanl\u0131 M\u00fcsl\u00fcmanlara y\u00f6nelik soyk\u0131r\u0131m s\u00fcrecinde her iki \u00fclke taraf\u0131ndan ortaya konan \u00e7abalar\u0131n sahada ses getirecek \u015fekilde yap\u0131land\u0131r\u0131lmas\u0131 elzemdir. Hen\u00fcz g\u00f6rece yeni bir sorun olarak ortaya \u00e7\u0131kan, ancak k\u00f6kl\u00fc siyasi de\u011fi\u015fikliklerin ufukta oldu\u011fu izlenimi veren Banglade\u015f ba\u011flam\u0131nda da acilen aktif rol al\u0131nmas\u0131nda b\u00f6lgenin sosyo-k\u00fclt\u00fcrel g\u00fcvenli\u011fi i\u00e7in ka\u00e7\u0131n\u0131lmazd\u0131r.<\/p>\n<p>Yukar\u0131da zikretti\u011fimiz \u2018hinterland\u2019 ba\u011flam\u0131 geli\u015ftirilmeye matuf oldu\u011fu a\u015fik\u00e2rd\u0131r. Bug\u00fcn Ba\u015fbakan Erdo\u011fan\u2019\u0131n Malezya ziyareti nedeniyle G\u00fcneydo\u011fu Asya hinterland\u0131nda kayda de\u011fer bir \u2018heyecan\u2019 bulunmaktad\u0131r. Sadece Malezya\u2019daki de\u011fil, ayn\u0131 zamanda kendi co\u011frafyalar\u0131ndaki Patanili, A\u00e7eli, Arakanl\u0131, Banglade\u015fli, Mindanaolu \u00e7evrelerde bu heyecan\u0131n varl\u0131\u011f\u0131n\u0131 yakinen biliyoruz. Bu heyecanla bu \u00e7evrelerin Ba\u015fbakan Erdo\u011fan\u2019la g\u00f6r\u00fc\u015fme talepleri oldu\u011funa bizzat \u015fahidiz. Ancak buna kar\u015f\u0131 gelecek bir yap\u0131 ortada var m\u0131? Bu talepleri dinleyecek, bu taleplerin neye tekab\u00fcl etti\u011fini idrak edecek bir yap\u0131&#8230; Bu yap\u0131y\u0131 ortaya \u00e7\u0131kartabilecek bir insan g\u00fcc\u00fc, bir kabiliyet merkezi var m\u0131 sorular\u0131n\u0131 da hemen pe\u015finen sormakta fayda var.<\/p>\n<p>http:\/\/www.dunyabulteni.net\/haber-analiz\/285873\/basbakan-erdoganin-malezya-ziyareti<\/p>\n","protected":false},"excerpt":{"rendered":"<p>Ba\u015fbakan Erdo\u011fan, Japonya ve Singapur ziyaretinin ard\u0131ndan Malezya\u2019da. 6-11 Ocak tarihlerinde Uzak Do\u011fu\u2019dan G\u00fcneydo\u011fu Asya\u2019ya uzanan bir resmi seyahat&#8230; Bu ziyaret, Malezya Ba\u015fbakan\u0131 Necib bin Razak\u2019\u0131n 2011 y\u0131l\u0131 \u015eubat ay\u0131nda T\u00fcrkiye\u2019ye yapt\u0131\u011f\u0131 ziyaretin bir kar\u015f\u0131l\u0131\u011f\u0131 olarak da de\u011ferlendirilebilir. Ba\u015fbakan ve heyeti ta\u015f\u0131yan u\u00e7ak Per\u015fembe ak\u015fam\u0131 saat 20.05 sular\u0131nda Kuala Lumpur\u2019a ula\u015ft\u0131. Cuma sabah\u0131 Malezya\u2019n\u0131n y\u00f6netim [&hellip;]<\/p>\n","protected":false},"author":1,"featured_media":880,"comment_status":"open","ping_status":"open","sticky":false,"template":"","format":"standard","meta":{"footnotes":""},"categories":[6,27],"tags":[],"class_list":["post-879","post","type-post","status-publish","format-standard","has-post-thumbnail","hentry","category-gunluk-yazilar","category-malezya"],"_links":{"self":[{"href":"https:\/\/guneydoguasyacalismalari.com\/tr_tr\/wp-json\/wp\/v2\/posts\/879","targetHints":{"allow":["GET"]}}],"collection":[{"href":"https:\/\/guneydoguasyacalismalari.com\/tr_tr\/wp-json\/wp\/v2\/posts"}],"about":[{"href":"https:\/\/guneydoguasyacalismalari.com\/tr_tr\/wp-json\/wp\/v2\/types\/post"}],"author":[{"embeddable":true,"href":"https:\/\/guneydoguasyacalismalari.com\/tr_tr\/wp-json\/wp\/v2\/users\/1"}],"replies":[{"embeddable":true,"href":"https:\/\/guneydoguasyacalismalari.com\/tr_tr\/wp-json\/wp\/v2\/comments?post=879"}],"version-history":[{"count":1,"href":"https:\/\/guneydoguasyacalismalari.com\/tr_tr\/wp-json\/wp\/v2\/posts\/879\/revisions"}],"predecessor-version":[{"id":881,"href":"https:\/\/guneydoguasyacalismalari.com\/tr_tr\/wp-json\/wp\/v2\/posts\/879\/revisions\/881"}],"wp:featuredmedia":[{"embeddable":true,"href":"https:\/\/guneydoguasyacalismalari.com\/tr_tr\/wp-json\/wp\/v2\/media\/880"}],"wp:attachment":[{"href":"https:\/\/guneydoguasyacalismalari.com\/tr_tr\/wp-json\/wp\/v2\/media?parent=879"}],"wp:term":[{"taxonomy":"category","embeddable":true,"href":"https:\/\/guneydoguasyacalismalari.com\/tr_tr\/wp-json\/wp\/v2\/categories?post=879"},{"taxonomy":"post_tag","embeddable":true,"href":"https:\/\/guneydoguasyacalismalari.com\/tr_tr\/wp-json\/wp\/v2\/tags?post=879"}],"curies":[{"name":"wp","href":"https:\/\/api.w.org\/{rel}","templated":true}]}}