{"id":6394,"date":"2026-04-01T20:28:39","date_gmt":"2026-04-01T20:28:39","guid":{"rendered":"https:\/\/guneydoguasyacalismalari.com\/?p=6394"},"modified":"2026-04-01T20:28:40","modified_gmt":"2026-04-01T20:28:40","slug":"savasin-gercekligi-bolunmus-islam-dunyasi-mi-bolunmus-bati-mi-the-reality-of-the-war-a-divided-islamic-world-or-a-divided-west","status":"publish","type":"post","link":"https:\/\/guneydoguasyacalismalari.com\/tr_tr\/savasin-gercekligi-bolunmus-islam-dunyasi-mi-bolunmus-bati-mi-the-reality-of-the-war-a-divided-islamic-world-or-a-divided-west\/","title":{"rendered":"Sava\u015f\u0131n ger\u00e7ekli\u011fi: B\u00f6l\u00fcnm\u00fc\u015f \u0130slam d\u00fcnyas\u0131 m\u0131, b\u00f6l\u00fcnm\u00fc\u015f Bat\u0131 m\u0131? \/ The reality of the war: A divided Islamic world or a divided West?"},"content":{"rendered":"\n<p><strong>Mehmet \u00d6zay &nbsp;&nbsp;&nbsp;&nbsp;&nbsp;&nbsp;&nbsp;&nbsp;&nbsp;&nbsp;&nbsp;&nbsp;&nbsp;&nbsp;&nbsp;&nbsp;&nbsp;&nbsp;&nbsp;&nbsp;&nbsp;&nbsp;&nbsp;&nbsp;&nbsp;&nbsp;&nbsp;&nbsp;&nbsp;&nbsp;&nbsp;&nbsp;&nbsp;&nbsp;&nbsp;&nbsp;&nbsp;&nbsp;&nbsp;&nbsp;&nbsp;&nbsp;&nbsp;&nbsp;&nbsp;&nbsp;&nbsp;&nbsp;&nbsp;&nbsp;&nbsp;&nbsp;&nbsp;&nbsp;&nbsp;&nbsp;&nbsp;&nbsp;&nbsp;&nbsp;&nbsp;&nbsp;&nbsp;&nbsp;&nbsp;&nbsp;&nbsp;&nbsp;&nbsp;&nbsp;&nbsp;&nbsp;&nbsp;&nbsp;&nbsp;&nbsp;&nbsp;&nbsp;&nbsp;&nbsp;&nbsp;&nbsp;&nbsp;&nbsp;&nbsp;&nbsp;&nbsp;&nbsp;&nbsp;&nbsp;&nbsp;&nbsp;&nbsp;&nbsp; &nbsp;&nbsp;&nbsp;&nbsp;&nbsp;&nbsp;&nbsp;&nbsp;&nbsp;&nbsp;&nbsp; 01.04.2026<\/strong><\/p>\n\n\n\n<p>\u0130ran\u2019a y\u00f6nelik ba\u015flat\u0131lan sava\u015f\u0131n sona erece\u011fine y\u00f6nelik iddialar g\u00fcndemde yer al\u0131rken, taraflar\u0131n, bir ay\u0131 a\u015fk\u0131n s\u00fcredir olan bitenden \u00e7\u0131karmaya \u00e7al\u0131\u015ft\u0131klar\u0131 sonu\u00e7lar da, hayli ilgin\u00e7 bir g\u00f6r\u00fcn\u00fcm arz ediyor.<\/p>\n\n\n\n<p>Y\u0131llard\u0131r, Bat\u0131\u2019n\u0131n siyasal ve ekonomik yapt\u0131r\u0131mlar\u0131na maruz kalmas\u0131 nedeniyle, kaynaklar noktas\u0131nda elinde pek de bir \u015feyi kalmad\u0131\u011f\u0131 ifade edilen \u0130ran\u2019\u0131n, bug\u00fcne kadarki sava\u015f s\u00fcrecinde, topra\u011fa g\u00f6md\u00fc\u011f\u00fc silahlar\u0131 teker teker \u00e7\u0131kartarak neredeyse, \u00e7evresindeki t\u00fcm \u00fclkeleri hedef almas\u0131, temelde \u0130ran\u2019\u0131n tahmin edildi\u011finin aksine, kolay bir lokma olmad\u0131\u011f\u0131na i\u015faret ediyor.<\/p>\n\n\n\n<p>Bu noktada, \u0130ran\u2019\u0131n \u2018do\u011fal\u2019 jeo-stratejik\u2019 konumundan \u00f6te, var olan ekonomik donan\u0131m\u0131n\u0131 halk\u0131n\u0131n refah\u0131 yerine, orduya yat\u0131r\u0131m yaparak ger\u00e7ekle\u015ftirmesi \u00fczerinde dikkatle durulmas\u0131 gereken bir durum. Bu hususu burada ele almak yerine, bir ba\u015fka yaz\u0131ya konu etmek gerekiyor.<\/p>\n\n\n\n<p><strong>Lidersiz \u0130ran<\/strong><\/p>\n\n\n\n<p>Bat\u0131 koalisyonu i\u00e7erisinde yer alan, bununla birlikte, Bat\u0131\u2019n\u0131n de\u011fil Ortado\u011fu\u2019nun hakimi olmaya aday \u0130srail \u00f6nc\u00fcl\u00fc\u011f\u00fcnde geli\u015ftirildi\u011fi anla\u015f\u0131lan sava\u015fta, ABD-\u0130srail i\u015fbirli\u011fi daha ilk g\u00fcnden, \u0130ran\u2019\u0131n \u00f6nde gelen dini-siyasi liderlerini ortadan kald\u0131r\u0131rken, bu geli\u015fme \u00fczerine, sava\u015f\u0131n ikinci g\u00fcn -lidersiz kalan- \u0130ran\u2019\u0131n teslim olaca\u011f\u0131n\u0131 varsaym\u0131\u015f olmal\u0131.<\/p>\n\n\n\n<p>Bug\u00fcn gelinen noktada, \u0130ran teslim olmad\u0131&#8230;<\/p>\n\n\n\n<p>Ancak \u0130ran, uzun y\u0131llard\u0131r, maruz kald\u0131\u011f\u0131 Bat\u0131\u2019n\u0131n t\u00fcm yapt\u0131r\u0131mlar\u0131na ra\u011fmen, \u00f6yle anla\u015f\u0131l\u0131yor ki, bu geli\u015fmeye adapte olmay\u0131 ba\u015farm\u0131\u015f&#8230;<\/p>\n\n\n\n<p>\u00d6te yandan, yine \u0130ran, halk\u0131n\u0131n kalk\u0131nmas\u0131 ve refah\u0131 i\u00e7in sarf etmesi gereken var olan ekonomik kaynaklar\u0131n\u0131 \u00e7ok\u00e7a silaha yat\u0131rm\u0131\u015f olmal\u0131 ki, liderlerini kaybetse de, sava\u015f\u0131 y\u00f6netebilecek kadrolar\u0131 sayesinde silah depolar\u0131n\u0131 \u2018d\u00fc\u015fman saflar\u0131\u2019 \u00fczerine bo\u015faltmaya devam ediyor.<\/p>\n\n\n\n<p>Bu geli\u015fmenin, sadece hem ABD-\u0130srail koalisyon g\u00fcc\u00fcn\u00fc de\u011fil, ayn\u0131 zamanda -i\u00e7erde ve d\u0131\u015farda- \u0130ran halk\u0131n\u0131 da \u015fa\u015f\u0131rtt\u0131\u011f\u0131n\u0131 s\u00f6ylemek m\u00fcmk\u00fcn.<\/p>\n\n\n\n<p>Geli\u015fmi\u015f s\u00fcper teknolojik ara\u00e7 ve vas\u0131talar\u0131yla \u0130ran\u2019a y\u00fcklenen s\u00f6z konusu koalisyonun, \u0130ran\u2019\u0131 \u201cen k\u0131sa s\u00fcrede\u201d pes ettirece\u011fi d\u00fc\u015f\u00fcncesi bug\u00fcne kadar ger\u00e7ekle\u015ftirebilmi\u015f de\u011fil.<\/p>\n\n\n\n<p><strong>Halk vars\u0131ll\u0131\u011f\u0131-silah depolar\u0131<\/strong><\/p>\n\n\n\n<p>En yak\u0131n tarih itibar\u0131yla s\u00f6ylemek gerekirse, sava\u015f \u00f6ncesinde birka\u00e7 ayl\u0131k d\u00f6nemde \u0130ran\u2019da temelde, \u201cekonomik\u201d nedenlere dayal\u0131 olarak ba\u015f g\u00f6steren toplumsal \u00e7alkant\u0131lara h\u00fck\u00fcmetin verdi\u011fi \u201csert\u201d tepkiye ra\u011fmen, \u0130ran halk\u0131n\u0131n hakl\u0131l\u0131\u011f\u0131 -bir anlamda-, sava\u015f s\u00fcrecinde \u0130ran ordusunun bitmek bilmeyen silah depolar\u0131yla kan\u0131tlanm\u0131\u015f oldu.<\/p>\n\n\n\n<p>\u0130ran\u2019\u0131n, \u00e7evre \u00fclkelere ve H\u00fcrm\u00fcz Bo\u011faz\u0131 g\u00fczerg\u00e2h\u0131ndaki tankerlere y\u00f6nelik sald\u0131r\u0131lar\u0131n\u0131n etki g\u00fcc\u00fc sadece, b\u00f6lgedeki Arap \u00fclkeleriyle s\u0131n\u0131rl\u0131 kalmad\u0131.<\/p>\n\n\n\n<p>Bunun \u00f6tesinde, ya\u015fanan kar\u015f\u0131 sald\u0131r\u0131lar do\u011frudan k\u00fcresel d\u00fczeyde hissedilirken, \u0130ran y\u00f6netiminin silahla kurdu\u011fu ili\u015fkinin, bizatihi \u201chalk\u0131n\u0131n ekonomik ve toplumsal refah\u0131n\u0131 fedaya de\u011fer mi?\u201d sorusunu da sormay\u0131 gerektiriyor.<\/p>\n\n\n\n<p>Bu soruyu g\u00fcndeme getirirken, \u0130ran\u2019\u0131n kar\u015f\u0131 kar\u015f\u0131ya kald\u0131\u011f\u0131 ulusal g\u00fcvenlik, egemenlik vs. gibi ko\u015fullar\u0131n\u0131 yads\u0131yor de\u011filim.<\/p>\n\n\n\n<p>Aksine, ulusal g\u00fcvenli\u011fin ve egemenli\u011fin temel amili olan halk\u0131n g\u00fcvenli\u011finin tesisinde, -\u00fclkede ya\u015fananlara dikkatlice bak\u0131ld\u0131\u011f\u0131nda- bir anlamda, s\u00fcreci y\u00f6netememi\u015f olman\u0131n \u0130ranl\u0131 liderlere ne t\u00fcr bir sorumluluk y\u00fckleyip y\u00fcklemedi\u011fini sorgulamay\u0131 gerektiriyor.<\/p>\n\n\n\n<p><strong>Ba\u011f\u0131ml\u0131-ba\u011f\u0131ms\u0131z K\u00f6rfez<\/strong><\/p>\n\n\n\n<p>On y\u0131llarca, Bat\u0131\u2019n\u0131n deste\u011fiyle ekonomik modernle\u015fmesini \u2018ultra\u2019 d\u00fczeyde ger\u00e7ekle\u015ftiren K\u00f6rfez Arap \u00dclkeleri, \u0130ran\u2019\u0131n, pek \u00e7o\u011fu yar\u0131 yolda akamete u\u011frasa da, sald\u0131r\u0131 arac\u0131 olarak kulland\u0131\u011f\u0131 f\u00fcze ve dronlar\u0131 kar\u015f\u0131s\u0131nda, \u201cg\u00fcvenli\u011fimiz tehlikeye girdi\u011finde, sald\u0131rmaktan \u00e7ekinmeyiz\u201d benzeri s\u00f6ylemlere veya naralara ra\u011fmen, eli kolu ba\u011fl\u0131 olarak ABD\u2019nin kar\u015f\u0131l\u0131k vermesini bekliyor.<\/p>\n\n\n\n<p>Nihayetinde, bu \u00fclkelerin ekonomik vars\u0131ll\u0131\u011f\u0131n\u0131n temel dayanak noktas\u0131n\u0131 olu\u015fturan petrol\u2019\u00fcn ve bu do\u011fal kayna\u011f\u0131n davet etti\u011fi Bat\u0131l\u0131 uzmanlar, insan i\u015fg\u00fcc\u00fc, kurumlar ve sermayesiyle olu\u015fturulmu\u015f ve bir anlamda, suni denilebilecek monar\u015filer, kendilerini korumak i\u00e7in yine, bir Bat\u0131l\u0131 \u00fclkeye s\u0131\u011f\u0131nman\u0131n onurunu da (!) b\u00f6ylece tatm\u0131\u015f oluyorlar.<\/p>\n\n\n\n<p><strong>Kazanan kim?<\/strong><\/p>\n\n\n\n<p>Bug\u00fcn gelinen noktada, \u201csava\u015f\u0131 biz kazand\u0131k!\u201d naralar\u0131 atan her \u00e7evrenin ilk etapta, d\u00f6n\u00fcp kendisine ve \u00e7evresine bakmas\u0131 gerekiyor.<\/p>\n\n\n\n<p>\u00d6yle ki, sava\u015f \u00f6ncesi, sava\u015f\u0131n devam eden y\u00f6n\u00fc ve olas\u0131 sonucu ba\u011flam\u0131nda olan biteni dikkatle izleyen g\u00f6zlerden ka\u00e7mayan geli\u015fme hem, \u0130slam d\u00fcnyas\u0131n\u0131n hem de, Bat\u0131\u2019n\u0131n kendi i\u00e7lerinde b\u00f6l\u00fcnm\u00fc\u015fl\u00fc\u011f\u00fc ger\u00e7ekli\u011fidir.<\/p>\n\n\n\n<p>Bir ba\u015fka ifadeyle s\u00f6ylemek gerekirse, ya\u015fanan sava\u015f ortam\u0131, bir yandan \u0130slam d\u00fcnyas\u0131n\u0131n kendi i\u00e7erisinde \u00f6te yandan, Bat\u0131 d\u00fcnyas\u0131n\u0131n kendi aras\u0131nda var olan kopu\u015flar\u0131 neredeyse, onar\u0131lamaz derinlikte ortaya koymas\u0131 a\u00e7\u0131s\u0131ndan da, \u00f6nemli bir sonucu do\u011furdu\u011funu ileri s\u00fcrebiliriz.<\/p>\n\n\n\n<p><strong>\u0130slam d\u00fcnyas\u0131<\/strong><\/p>\n\n\n\n<p>Tam da bu nokta, yani, hem, bizatihi \u0130ran\u2019\u0131n hem de, \u0130ran\u2019\u0131n sald\u0131r\u0131lar\u0131na hedef olan ulus-devletlerin halklar\u0131n\u0131n kahir ekserisinin M\u00fcsl\u00fcman olmas\u0131, \u0130slam d\u00fcnyas\u0131 a\u00e7\u0131s\u0131ndan bir travma niteli\u011fi ta\u015f\u0131d\u0131\u011f\u0131na ku\u015fku yok&#8230;<\/p>\n\n\n\n<p>Daha \u00f6nceki yaz\u0131lar\u0131mda, olan bitenin bir din sava\u015f\u0131 olmad\u0131\u011f\u0131n\u0131 ileri s\u00fcrm\u00fc\u015ft\u00fcm. Bu g\u00f6r\u00fc\u015f\u00fcm\u00fc devam ettiriyorum.<\/p>\n\n\n\n<p>Bununla birlikte, din sava\u015f\u0131 olmasa dahi, halklar\u0131n\u0131n inan\u00e7 noktas\u0131nda ayn\u0131 ve\/ya benzer bir alan\u0131 payla\u015ft\u0131\u011f\u0131 \u00fclkelerin yani, \u0130ran ve K\u00f6rfez Arap \u00dclkeleri\u2019nin ekonomik, sosyal ve siyasal ili\u015fkiler \u00e7er\u00e7evesin de bile, kendi aralar\u0131nda kuramad\u0131klar\u0131 bir ili\u015fkinin ac\u0131s\u0131n\u0131 bug\u00fcn, sadece bu b\u00f6lge toplumlar\u0131 de\u011fil, t\u00fcm k\u00fcresel M\u00fcsl\u00fcman toplum \u00e7ekiyor.<\/p>\n\n\n\n<p>\u00d6te yandan, H\u00fcrm\u00fcz Bo\u011faz\u0131 \u00e7evresinde olan biten sava\u015f\u0131, \u2018bar\u0131\u015f\u2019la sonu\u00e7land\u0131rma \u00e7abas\u0131ndaki halk\u0131n\u0131n kahir ekseriyeti M\u00fcsl\u00fcman olan \u00f6rne\u011fin Pakistan, Endonezya gibi \u00fclkelerin, \u00f6nce d\u00f6n\u00fcp kendi ulus-devletlerinde M\u00fcsl\u00fcman toplumun hali ve ahvalini ele al\u0131p de\u011ferlendirmeleri gerekiyor.<\/p>\n\n\n\n<p>Tabiri caizse, kendi evinin i\u00e7ini d\u00fczenleyememi\u015f bu \u00fclkelerin, ortaya koymak istedikleri bar\u0131\u015f \u00e7abalar\u0131n\u0131n, uluslararas\u0131 \u00e7evreler ve kurumlar taraf\u0131ndan ciddiye al\u0131n\u0131rl\u0131l\u0131\u011f\u0131 gayet \u015f\u00fcphelidir&#8230;<\/p>\n\n\n\n<p>Ya\u015fanan t\u00fcm bu geli\u015fmeler, ayn\u0131 zamanda ad\u0131na M\u00fcsl\u00fcman toplumlar\u0131n k\u00fcresel kurumsal temsili yap\u0131s\u0131 kabul edilen \u0130slam \u0130\u015fbirli\u011fi Te\u015fkilat\u0131\u2019n\u0131n ne maddi, ne de manevi ba\u011flam\u0131yla bir temsiliyeti hak etti\u011fini ortaya koyuyor&#8230;<\/p>\n\n\n\n<p>Bat\u0131 \u00f6nc\u00fcl\u00fc\u011f\u00fcnde olu\u015fturulmu\u015f, k\u00fcresel kurumsal yap\u0131lar\u0131n i\u015flevsizli\u011fine yap\u0131lan at\u0131flar\u0131n benzerinin ni\u00e7in M\u00fcsl\u00fcmanlar\u0131n s\u00f6zde birli\u011fi, karde\u015fli\u011fi, refah\u0131 i\u00e7in kuruldu\u011fu \u00f6ng\u00f6r\u00fclen bu ve benzeri kurumlar i\u00e7in geli\u015ftirilmedi\u011fi \u00fczerinde durmak gerekiyor.<\/p>\n\n\n\n<p><strong>NATO\u2019nun \u00e7\u00f6k\u00fc\u015f\u00fc<\/strong><\/p>\n\n\n\n<p>Bat\u0131\u2019n\u0131n birli\u011fi, askeri ve g\u00fcvenlik anlam\u0131nda NATO \u00fczerinden ger\u00e7ekle\u015fti\u011fine ku\u015fku yok&#8230;<\/p>\n\n\n\n<p>NATO\u2019nun, bir askeri birlik olmak \u00f6zelli\u011fiyle, gayet dikkat \u00e7eken varl\u0131\u011f\u0131n\u0131n temelde, Afganistan s\u00fcrecinden sonra giderek \u00f6nemini yitirmeye ba\u015flad\u0131\u011f\u0131n\u0131 s\u00f6ylemek yanl\u0131\u015f olmayacakt\u0131r.<\/p>\n\n\n\n<p>Her ne kadar, ABD \u00f6ncelikli bir s\u00fcre\u00e7 ya\u015fanm\u0131\u015f olsa da, nihayetinde Afganistan, NATO\u2019nun \u00f6nde gelen \u00fclkelerinin i\u015fbirli\u011fi ve koalisyonuyla h\u00e2l yoluna koyulmaya \u00e7al\u0131\u015f\u0131lm\u0131\u015ft\u0131.<\/p>\n\n\n\n<p>Ancak, di\u011fer baz\u0131 nedenler bir yana, b\u00f6lgenin topografik, iklim ve toplumsal dokusunun ger\u00e7ekli\u011fi, NATO\u2019nun pl\u00e2nlar\u0131n\u0131n yan\u0131lg\u0131ya s\u00fcreklendi\u011fini a\u00e7\u0131k\u00e7a kan\u0131tlad\u0131.<\/p>\n\n\n\n<p>2015 y\u0131l\u0131nda, ABD\u2019de iktidara gelen Donald Trump\u2019\u0131n di\u011fer uluslararas\u0131 alanlar kadar, \u00f6zellikle de, NATO\u2019yla i\u015fbirli\u011fi konusunda Avrupa \u00fclkelerine kar\u015f\u0131 tak\u0131nd\u0131\u011f\u0131 ele\u015ftirel tutum bug\u00fcn, Trump\u2019\u0131n ikinci ba\u015fkanl\u0131k s\u00fcrecinde ABD ile NATO\u2019nun Avrupal\u0131 \u00f6nde gelen \u00fclkeleri aras\u0131nda k\u0131r\u0131lmaya ramak kalm\u0131\u015f bir ili\u015fki t\u00fcr\u00fcne d\u00f6n\u00fc\u015ft\u00fc\u011f\u00fcn\u00fc ortaya koyuyor.<\/p>\n\n\n\n<p>\u0130slam d\u00fcnyas\u0131 ve ve Bat\u0131&#8230;<\/p>\n\n\n\n<p>Bu kavramlar\u0131 her i\u015fitti\u011fimde ve yaz\u0131lar\u0131mda her kulland\u0131\u011f\u0131nda, d\u00f6n\u00fcp kendine soruyorum: \u201cAcaba, bunlarla anlatmak istedi\u011fimiz olgulara y\u00f6nelik do\u011fru kavramlar\u0131 m\u0131 kullan\u0131yoruz?<\/p>\n\n\n\n<p>Bir yanda, \u0130slam D\u00fcnyas\u0131 diyerek halk\u0131n\u0131n kahir ekseriyeti M\u00fcsl\u00fcman olan ulus-devletleri ifade ediyoruz.<\/p>\n\n\n\n<p>\u00d6te yandan, Bat\u0131l\u0131 \u00fclkeler veya Bat\u0131 blo\u011fu diyerek -dini paranteze- alm\u0131\u015f ya da yok saym\u0131\u015f olman\u0131n getirdi\u011fi ve bir \u00f6nceki kullan\u0131mla yani, \u0130slam d\u00fcnyas\u0131yla paralel olmayan bir kar\u015f\u0131la\u015ft\u0131rmayla hareket ediyoruz.<\/p>\n\n\n\n<p>Maddi kay\u0131plar, k\u00fcresel etkiler vs. gibi geli\u015fmelerin d\u0131\u015f\u0131nda ve \u00f6tesinde, bir yandan K\u00f6rfez Arap \u00fclkelerinin \u015fu veya bu \u015fekilde, ABD-\u0130srail koalisyonu b\u00fcnyesindeki varl\u0131klar\u0131yla, \u0130ran\u2019\u0131 do\u011frudan veya dolayl\u0131 hedef alan siyasal tutumlar\u0131yla, \u0130ran\u2019\u0131n kendi teritoryal b\u00f6lgesindeki \u2018M\u00fcsl\u00fcman\u2019 \u00fclkeleri askeri a\u00e7\u0131dan hedef alan a\u00e7\u0131l\u0131m\u0131, \u00f6n\u00fcm\u00fczdeki s\u00fcre\u00e7te epeyce akademik \u00e7al\u0131\u015fman\u0131n yap\u0131lmas\u0131na elverecek bir s\u00fcre\u00e7 anlam\u0131na geliyor.<\/p>\n\n\n\n<p>Ancak, bunlar aras\u0131nda en \u00f6nemlilerinin, \u0130slami bilimlerin s\u0131n\u0131rlar\u0131 i\u00e7erisindeki alanlar olaca\u011f\u0131na ku\u015fku yok.<\/p>\n","protected":false},"excerpt":{"rendered":"<p>Mehmet \u00d6zay &nbsp;&nbsp;&nbsp;&nbsp;&nbsp;&nbsp;&nbsp;&nbsp;&nbsp;&nbsp;&nbsp;&nbsp;&nbsp;&nbsp;&nbsp;&nbsp;&nbsp;&nbsp;&nbsp;&nbsp;&nbsp;&nbsp;&nbsp;&nbsp;&nbsp;&nbsp;&nbsp;&nbsp;&nbsp;&nbsp;&nbsp;&nbsp;&nbsp;&nbsp;&nbsp;&nbsp;&nbsp;&nbsp;&nbsp;&nbsp;&nbsp;&nbsp;&nbsp;&nbsp;&nbsp;&nbsp;&nbsp;&nbsp;&nbsp;&nbsp;&nbsp;&nbsp;&nbsp;&nbsp;&nbsp;&nbsp;&nbsp;&nbsp;&nbsp;&nbsp;&nbsp;&nbsp;&nbsp;&nbsp;&nbsp;&nbsp;&nbsp;&nbsp;&nbsp;&nbsp;&nbsp;&nbsp;&nbsp;&nbsp;&nbsp;&nbsp;&nbsp;&nbsp;&nbsp;&nbsp;&nbsp;&nbsp;&nbsp;&nbsp;&nbsp;&nbsp;&nbsp;&nbsp;&nbsp;&nbsp;&nbsp;&nbsp;&nbsp;&nbsp; &nbsp;&nbsp;&nbsp;&nbsp;&nbsp;&nbsp;&nbsp;&nbsp;&nbsp;&nbsp;&nbsp; 01.04.2026 \u0130ran\u2019a y\u00f6nelik ba\u015flat\u0131lan sava\u015f\u0131n sona erece\u011fine y\u00f6nelik iddialar g\u00fcndemde yer al\u0131rken, taraflar\u0131n, bir ay\u0131 a\u015fk\u0131n s\u00fcredir olan bitenden \u00e7\u0131karmaya \u00e7al\u0131\u015ft\u0131klar\u0131 sonu\u00e7lar da, hayli ilgin\u00e7 bir g\u00f6r\u00fcn\u00fcm arz ediyor. Y\u0131llard\u0131r, Bat\u0131\u2019n\u0131n siyasal ve ekonomik yapt\u0131r\u0131mlar\u0131na maruz kalmas\u0131 nedeniyle, kaynaklar noktas\u0131nda elinde pek de bir \u015feyi kalmad\u0131\u011f\u0131 ifade edilen \u0130ran\u2019\u0131n, bug\u00fcne kadarki [&hellip;]<\/p>\n","protected":false},"author":3,"featured_media":6395,"comment_status":"open","ping_status":"open","sticky":false,"template":"","format":"standard","meta":{"footnotes":""},"categories":[6,59],"tags":[],"class_list":["post-6394","post","type-post","status-publish","format-standard","has-post-thumbnail","hentry","category-gunluk-yazilar","category-ortadogumiddle-east"],"_links":{"self":[{"href":"https:\/\/guneydoguasyacalismalari.com\/tr_tr\/wp-json\/wp\/v2\/posts\/6394","targetHints":{"allow":["GET"]}}],"collection":[{"href":"https:\/\/guneydoguasyacalismalari.com\/tr_tr\/wp-json\/wp\/v2\/posts"}],"about":[{"href":"https:\/\/guneydoguasyacalismalari.com\/tr_tr\/wp-json\/wp\/v2\/types\/post"}],"author":[{"embeddable":true,"href":"https:\/\/guneydoguasyacalismalari.com\/tr_tr\/wp-json\/wp\/v2\/users\/3"}],"replies":[{"embeddable":true,"href":"https:\/\/guneydoguasyacalismalari.com\/tr_tr\/wp-json\/wp\/v2\/comments?post=6394"}],"version-history":[{"count":1,"href":"https:\/\/guneydoguasyacalismalari.com\/tr_tr\/wp-json\/wp\/v2\/posts\/6394\/revisions"}],"predecessor-version":[{"id":6396,"href":"https:\/\/guneydoguasyacalismalari.com\/tr_tr\/wp-json\/wp\/v2\/posts\/6394\/revisions\/6396"}],"wp:featuredmedia":[{"embeddable":true,"href":"https:\/\/guneydoguasyacalismalari.com\/tr_tr\/wp-json\/wp\/v2\/media\/6395"}],"wp:attachment":[{"href":"https:\/\/guneydoguasyacalismalari.com\/tr_tr\/wp-json\/wp\/v2\/media?parent=6394"}],"wp:term":[{"taxonomy":"category","embeddable":true,"href":"https:\/\/guneydoguasyacalismalari.com\/tr_tr\/wp-json\/wp\/v2\/categories?post=6394"},{"taxonomy":"post_tag","embeddable":true,"href":"https:\/\/guneydoguasyacalismalari.com\/tr_tr\/wp-json\/wp\/v2\/tags?post=6394"}],"curies":[{"name":"wp","href":"https:\/\/api.w.org\/{rel}","templated":true}]}}