{"id":624,"date":"2015-01-25T04:28:25","date_gmt":"2015-01-25T04:28:25","guid":{"rendered":"http:\/\/guneydoguasyacalismalari.com\/?p=624"},"modified":"2016-10-03T04:34:10","modified_gmt":"2016-10-03T04:34:10","slug":"malezya-sarsilir-mi","status":"publish","type":"post","link":"https:\/\/guneydoguasyacalismalari.com\/tr_tr\/malezya-sarsilir-mi\/","title":{"rendered":"Malezya Sars\u0131l\u0131r m\u0131?"},"content":{"rendered":"<p>Bir s\u00fcredir Endonezya\u2019da emniyet-yolsuzlukla m\u00fccadele kurumu aras\u0131ndaki \u00e7at\u0131\u015fmadan hareketle kurumsalla\u015fan yolsuzluk \u00fczerinde yazarken, birden g\u00fcndeme Malezya\u2019n\u0131n son on y\u0131l\u0131nda g\u00fcndemde yer alan, ancak kimi gruplarca bir \u015fekilde has\u0131r alt\u0131 edilmek istenen bir \u201cAltantunya vak\u2019as\u0131\u201dna dair yeni bir geli\u015fme oturdu. Bir \u2018a\u015fk hik\u00e2yesini\u2019 and\u0131ran geli\u015fme olarak dikkat \u00e7ekse de, temelde Altantunya vak\u2019as\u0131, Endonezya\u2019da h\u00fck\u00fcm s\u00fcren yolsuzluklar zincirinin Malezya \u00f6zelinde bizzat h\u00fck\u00fcmette yer alan politikac\u0131-dan\u0131\u015fman-uluslararas\u0131 r\u00fc\u015fvet skandal\u0131 ili\u015fkileri ba\u011flam\u0131nda \u00fclkenin son d\u00f6nem tarihinde yer ald\u0131 ve almaya devam edecek gibi de g\u00f6z\u00fck\u00fcyor. S\u00f6z konusu bu ili\u015fkilere konu olan geli\u015fme, bug\u00fcnk\u00fc Ba\u015fbakan\u2019\u0131n Savunma Bakanl\u0131\u011f\u0131 yapt\u0131\u011f\u0131 d\u00f6nemde Fransa\u2019dan al\u0131nan denizalt\u0131lar\u0131n ihalesi s\u00fcrecine dayan\u0131yor.<\/p>\n<p>Bug\u00fcn yeniden ses getirecek \u015fekilde g\u00fcndeme gelen hadise, i\u015fte bu geli\u015fmede arac\u0131\/\u00e7evirmen olarak rol alan Mo\u011fol as\u0131ll\u0131 28 ya\u015f\u0131ndaki \u2018Altantunya Shaariibuu\u2019nun 18 Ekim 2006 tarihinde ba\u015fkent Kuala Lumpur\u2019a yak\u0131nlar\u0131ndaki \u015eah Alam\u2019da bir ormanl\u0131k alanda C-4 t\u00fcr\u00fc patlat\u0131c\u0131yla hayat\u0131n\u0131 yitirmesine dayan\u0131r. C-4\u2019le \u00f6ld\u00fcr\u00fclmesinin nedeni ise, Altantunya\u2019n\u0131n hamile oldu\u011fu ve cesedinde DNA izlerinin silinmesi amac\u0131na matuf olarak \u2018tercih edildi\u011fi\u2019 belirtilir. \u00d6te yandan, Durup dururken bir \u2018model\u2019in hem de Malezya gibi b\u00f6ylesine profesyonel \u2018te\u00e7hizata\u2019 sahip ter\u00f6r \u00f6rg\u00fctlerine pek de rastlanmad\u0131\u011f\u0131, aksine vak\u0131adan k\u0131sa bir s\u00fcre sonra g\u00fcndeme ta\u015f\u0131nd\u0131\u011f\u0131 \u00fczere, s\u00f6z konusu patlay\u0131c\u0131n\u0131n sadece orduda bulundu\u011fu bilgisi, i\u015fin s\u0131radan bir vak\u2019a olmad\u0131\u011f\u0131n\u0131 ortaya koyuyor. Bu noktada, hi\u00e7 ku\u015fku yok ki, Altantunya\u2019n\u0131n \u2018havaya u\u00e7urulmas\u0131ndan\u2019 sorumlu tutulan VVIP korumalar\u0131 oldu\u011fu ileri s\u00fcr\u00fclen iki polis memurunun, \u00f6nde gelen bir \u2018politikac\u0131ya\u2019 yak\u0131nl\u0131klar\u0131 Altantunya\u2019n\u0131n ne t\u00fcrden ili\u015fkilere konu oldu\u011funun ara\u015ft\u0131r\u0131lmas\u0131n\u0131 gerektiriyor.<\/p>\n<p>Asl\u0131nda bu ili\u015fkiler 2006\u2019dan bu yana \u00e7oktan ortaya konsa da, ulusal medyan\u0131n genel anlam\u0131yla h\u00fck\u00fcmet kontrol\u00fcnde olmas\u0131, geni\u015f halk kitlelerinin vak\u2019aya dair bilgi eri\u015fimi engelleyen temel fakt\u00f6rlerden. Sosyal medyan\u0131n gidereke geli\u015fmesine paralel olarak,kimi g\u00f6r\u00fc\u015fler payla\u015f\u0131lsa da, bu sefer de kimi \u00e7evrelerin sosyal medyan\u0131n g\u00fcvenilirlik sorununu g\u00fcndeme ta\u015f\u0131mas\u0131yla bu gibi \u00f6nemli vak\u2019alar\u0131 ayd\u0131nlatabilmek m\u00fcmk\u00fcn olmuyor. \u00d6yle ki, kendisini bu iki polis memurundan birinin o\u011flu oldu\u011funu iddia eden ki\u015fi \u2018facebook\u2019 hesab\u0131nda \u201cKonu\u015fursam \u00fclke sars\u0131l\u0131r. Ba\u015fbakan da gider\u201d t\u00fcr\u00fcnden a\u00e7\u0131klamas\u0131n\u0131 teyid etme imk\u00e2n\u0131 yok. Kald\u0131 ki, bu facebook hesab\u0131 da \u2018yetkililerce\u2019 ortadan kald\u0131r\u0131ld\u0131 bile&#8230;<\/p>\n<p>S\u00f6z konusu bu vak\u2019an\u0131n bug\u00fcn g\u00fcncellik kazanmas\u0131n\u0131n nedeni ise, s\u00f6z konusu iki polis memurundan birinin de\u011fi\u015fik yarg\u0131lama s\u00fcre\u00e7lerinin akabinde ge\u00e7en y\u0131l\u0131n yaz aylar\u0131nda itibaren bulundu\u011fu Avustralya\u2019n\u0131n Brisbane \u015fehrinde polis taraf\u0131ndan g\u00f6z alt\u0131na al\u0131nmas\u0131 oldu. hapis yatan, yarg\u0131lama s\u00fcreci s\u00fcren, b\u00f6ylesine \u00f6nemli bir vak\u2019aya konu olan bir polis memurunun nas\u0131l olup da Avustralya\u2019ya \u2018ka\u00e7abildi\u011fi\u2019 sorusu da g\u00fcndeme getirilen hususlar aras\u0131nda. Bu ba\u011flamda, s\u00f6z konusu bu geli\u015fmeyi \u00fclke i\u00e7 siyasetindeki \u00e7eki\u015fmeler ve \u00e7at\u0131\u015fmalarla a\u00e7\u0131klamak kadar, Malezya \u00fczerinde hedefleri olan kimi uluslararas\u0131 g\u00fc\u00e7leri de hesaba katmakta fayda var.<\/p>\n<p>\u015eimdi g\u00f6zler, yarg\u0131lanan beraat eden, yeniden yarg\u0131 s\u00fcrecine konu olan ard\u0131ndan \u2018\u00f6l\u00fcm cezas\u0131na\u2019 \u00e7arpt\u0131r\u0131lan iki polis memurundan Sirul Azhar Umar\u2019\u0131n Malezya\u2019y\u0131 sarsacak a\u00e7\u0131klamalar yap\u0131p yapmayaca\u011f\u0131na \u00e7evrildi. Giri\u015f paragraf\u0131nda dile getirdi\u011fim hususa d\u00f6nerek s\u00f6yleyecek olursam, uluslararas\u0131 arenada \u2018d\u00fcnyan\u0131n en yo\u011fun M\u00fcsl\u00fcman n\u00fcfusuna sahip \u00fclkesi olmakla \u00f6v\u00fcnen\u2019 Endonezya\u2019da yolsuzluklar\u0131n kurumsalla\u015fmas\u0131 ve toplumsal yap\u0131n\u0131n neredeyse her bir yan\u0131n\u0131 sarmas\u0131n\u0131n, en ba\u015fta \u00fclkedeki M\u00fcsl\u00fcmanlar\u0131 en hafif ifadesiyle rencide edici bir yan\u0131 oldu\u011fu kadar, k\u00fcresel ba\u011flamda \u0130slamiyet ve M\u00fcsl\u00fcmanlara y\u00f6nelik alg\u0131lar\u0131 olumsuzlama \u00f6rnekleri olarak kullan\u0131l\u0131rken, bu sefer hem i\u00e7erden hem de d\u0131\u015fardan \u00fc\u00e7\u00fcnc\u00fc d\u00fcnya \u00fclkelerine, \u00f6zellikle de ad\u0131na \u0130slam \u00fclkeleri denilen siyasi b\u00fct\u00fcnlere \u00f6rnekli\u011fi ile dikkat \u00e7ekilen Malezya\u2019da son on y\u0131ld\u0131r g\u00fcndemi i\u015fgal eden konular\u0131n ba\u015f\u0131nda gelen Altantunya vak\u2019as\u0131n\u0131n, sadece bir ka\u00e7 politikac\u0131 ve polis \u015fefiyle ili\u015fkilendirilmeyecek denli \u00f6nemli toplumsal ve siyasi etkileri olaca\u011f\u0131n\u0131 d\u00fc\u015f\u00fcnmek m\u00fcmk\u00fcn. \u00c7\u00fcnk\u00fc Altantunya vak\u2019as\u0131, siyaset-yolsuzluk ili\u015fkisinin en g\u00f6r\u00fcn\u00fcr yerinde bulunmas\u0131 dolay\u0131s\u0131yla Malezya h\u00fck\u00fcmeti Avustralya makamlar\u0131ndan \u2018korunaca\u011f\u0131 garantisiyle\u2019 polis memurunun \u00fclkeye iadesi talebinde bulundu.<\/p>\n<p>&nbsp;<\/p>\n<p>Bu noktada, \u015feffaf y\u00f6netim, insan haklar\u0131, adil yarg\u0131lama vb. gibi sadece Malezya\u2019da de\u011fil, k\u00fcresel anlamda herkesin talep etti\u011fi de\u011ferler \u00fczerinden tart\u0131\u015fmalar g\u00fcndemde yer alacak gibi g\u00f6z\u00fck\u00fcyor.<\/p>\n","protected":false},"excerpt":{"rendered":"<p>Bir s\u00fcredir Endonezya\u2019da emniyet-yolsuzlukla m\u00fccadele kurumu aras\u0131ndaki \u00e7at\u0131\u015fmadan hareketle kurumsalla\u015fan yolsuzluk \u00fczerinde yazarken, birden g\u00fcndeme Malezya\u2019n\u0131n son on y\u0131l\u0131nda g\u00fcndemde yer alan, ancak kimi gruplarca bir \u015fekilde has\u0131r alt\u0131 edilmek istenen bir \u201cAltantunya vak\u2019as\u0131\u201dna dair yeni bir geli\u015fme oturdu. Bir \u2018a\u015fk hik\u00e2yesini\u2019 and\u0131ran geli\u015fme olarak dikkat \u00e7ekse de, temelde Altantunya vak\u2019as\u0131, Endonezya\u2019da h\u00fck\u00fcm s\u00fcren yolsuzluklar [&hellip;]<\/p>\n","protected":false},"author":1,"featured_media":0,"comment_status":"open","ping_status":"open","sticky":false,"template":"","format":"standard","meta":{"footnotes":""},"categories":[6,27],"tags":[],"class_list":["post-624","post","type-post","status-publish","format-standard","hentry","category-gunluk-yazilar","category-malezya"],"_links":{"self":[{"href":"https:\/\/guneydoguasyacalismalari.com\/tr_tr\/wp-json\/wp\/v2\/posts\/624","targetHints":{"allow":["GET"]}}],"collection":[{"href":"https:\/\/guneydoguasyacalismalari.com\/tr_tr\/wp-json\/wp\/v2\/posts"}],"about":[{"href":"https:\/\/guneydoguasyacalismalari.com\/tr_tr\/wp-json\/wp\/v2\/types\/post"}],"author":[{"embeddable":true,"href":"https:\/\/guneydoguasyacalismalari.com\/tr_tr\/wp-json\/wp\/v2\/users\/1"}],"replies":[{"embeddable":true,"href":"https:\/\/guneydoguasyacalismalari.com\/tr_tr\/wp-json\/wp\/v2\/comments?post=624"}],"version-history":[{"count":2,"href":"https:\/\/guneydoguasyacalismalari.com\/tr_tr\/wp-json\/wp\/v2\/posts\/624\/revisions"}],"predecessor-version":[{"id":637,"href":"https:\/\/guneydoguasyacalismalari.com\/tr_tr\/wp-json\/wp\/v2\/posts\/624\/revisions\/637"}],"wp:attachment":[{"href":"https:\/\/guneydoguasyacalismalari.com\/tr_tr\/wp-json\/wp\/v2\/media?parent=624"}],"wp:term":[{"taxonomy":"category","embeddable":true,"href":"https:\/\/guneydoguasyacalismalari.com\/tr_tr\/wp-json\/wp\/v2\/categories?post=624"},{"taxonomy":"post_tag","embeddable":true,"href":"https:\/\/guneydoguasyacalismalari.com\/tr_tr\/wp-json\/wp\/v2\/tags?post=624"}],"curies":[{"name":"wp","href":"https:\/\/api.w.org\/{rel}","templated":true}]}}