{"id":6191,"date":"2025-11-10T15:31:42","date_gmt":"2025-11-10T15:31:42","guid":{"rendered":"https:\/\/guneydoguasyacalismalari.com\/?p=6191"},"modified":"2025-11-10T15:31:44","modified_gmt":"2025-11-10T15:31:44","slug":"endonezyada-revizyonist-donem-suharto-ulusal-kahraman-revisionist-era-in-indonesia-suharto-is-a-national-hero","status":"publish","type":"post","link":"https:\/\/guneydoguasyacalismalari.com\/tr_tr\/endonezyada-revizyonist-donem-suharto-ulusal-kahraman-revisionist-era-in-indonesia-suharto-is-a-national-hero\/","title":{"rendered":"Endonezya\u2019da revizyonist d\u00f6nem: Suharto ulusal kahraman \/ Revisionist era in Indonesia: Suharto is a national hero"},"content":{"rendered":"\n<p><strong>Mehmet \u00d6zay &nbsp;&nbsp;&nbsp;&nbsp;&nbsp;&nbsp;&nbsp;&nbsp;&nbsp;&nbsp;&nbsp;&nbsp;&nbsp;&nbsp;&nbsp;&nbsp;&nbsp;&nbsp;&nbsp;&nbsp;&nbsp;&nbsp;&nbsp;&nbsp;&nbsp;&nbsp;&nbsp;&nbsp;&nbsp;&nbsp;&nbsp;&nbsp;&nbsp;&nbsp;&nbsp;&nbsp;&nbsp;&nbsp;&nbsp;&nbsp;&nbsp;&nbsp;&nbsp;&nbsp;&nbsp;&nbsp;&nbsp;&nbsp;&nbsp;&nbsp;&nbsp;&nbsp;&nbsp;&nbsp;&nbsp;&nbsp;&nbsp;&nbsp;&nbsp;&nbsp;&nbsp;&nbsp;&nbsp;&nbsp;&nbsp;&nbsp;&nbsp;&nbsp;&nbsp;&nbsp;&nbsp;&nbsp;&nbsp;&nbsp;&nbsp;&nbsp;&nbsp;&nbsp;&nbsp;&nbsp;&nbsp;&nbsp;&nbsp;&nbsp;&nbsp;&nbsp;&nbsp;&nbsp;&nbsp;&nbsp;&nbsp;&nbsp;&nbsp;&nbsp;&nbsp;&nbsp;&nbsp;&nbsp;&nbsp;&nbsp;&nbsp;&nbsp;&nbsp;&nbsp;&nbsp;&nbsp;&nbsp;&nbsp; &nbsp;&nbsp;&nbsp;&nbsp;&nbsp;&nbsp;&nbsp;&nbsp;10.11.2025<\/strong><\/p>\n\n\n\n<p>Endonezya\u2019da, bir y\u0131ll\u0131k y\u00f6netimini ge\u00e7ti\u011fimiz 20 Ekim\u2019de dolduran ba\u015fkan Prabowo Subianto\u2019nun g\u00fcndeme getirdi\u011fi siyasal s\u00f6ylem ve prati\u011finin, bug\u00fcne ait de\u011ferler ve de\u011fi\u015fim s\u00fcre\u00e7leriyle ne denli \u00f6rt\u00fc\u015ft\u00fc\u011f\u00fc tart\u0131\u015fmal\u0131d\u0131r.<\/p>\n\n\n\n<p>Ya\u015fam\u0131n\u0131n \u00f6nemli bir b\u00f6l\u00fcm\u00fcn\u00fc askeri \u00fcniformayla ge\u00e7iren Prabowo\u2019nun, siyaset d\u00fcnyas\u0131ndan ekonomi ve toplumsal ya\u015fama de\u011fin uzanan boyutlar\u0131nda kendisinin d\u00fcn ait oldu\u011fu, \u2018eski d\u00fcnyan\u0131n\u2019 de\u011ferleri \u00fczerinden yap\u0131lanma sergilemesinin, \u00fclke n\u00fcfusunun az\u0131msanmayacak bir b\u00f6l\u00fcm\u00fc taraf\u0131ndan kayg\u0131yla izlendi\u011fine ku\u015fku yok.<\/p>\n\n\n\n<p>Bu geli\u015fme, d\u00fcnyan\u0131n \u00fc\u00e7\u00fcnc\u00fc b\u00fcy\u00fck demokrasisi kabul edilen \u00fclkenin son otuz y\u0131ll\u0131k s\u00fcre zarf\u0131nda ne t\u00fcr a\u015famalar ge\u00e7irdi\u011fini de gizli a\u00e7\u0131k ortaya koyuyor.<\/p>\n\n\n\n<p>Halk\u0131n \u00f6nemli bir b\u00f6l\u00fcm\u00fcn\u00fcn, \u2018biyolojik varl\u0131klar\u0131n\u0131\u2019 s\u00fcrd\u00fcrmeye ay\u0131rd\u0131klar\u0131 g\u00fcndelik zaman dilimi ile \u00fclkenin siyasal, toplumsal, entellekt\u00fcel sorunlar\u0131na ula\u015f\u0131m, eri\u015fim ve kat\u0131l\u0131m konusunda \u00f6nemli bir ayr\u0131m\u0131 ortaya koymas\u0131, Prabowo politikalar\u0131na dair tepkilerin g\u00fcc\u00fcn\u00fc dolayl\u0131 olarak k\u0131s\u0131tlay\u0131c\u0131 bir i\u015flev g\u00f6r\u00fcyor.<\/p>\n\n\n\n<p>Bu yaz\u0131da, bir y\u0131l\u0131 a\u015fk\u0131n s\u00fcredir \u00fclkeyi y\u00f6neten ve kendini bir yandan d\u00fcn\u00fcn ko\u015fullar\u0131n\u0131, akt\u00f6rlerini ve kurumlar\u0131n\u0131 yeniden g\u00fcncelleme ile \u00f6te yandan, k\u00fcresel \u00e7apta bir siyaset\u00e7i rol\u00fc \u00fcstlenme y\u00f6n\u00fcndeki \u0131srarc\u0131 tutumuna tan\u0131k olunan Prabowo\u2019nun ve kurdu\u011fu iktidar\u0131n\u0131n, ne t\u00fcr bir yap\u0131la\u015fma sergilemekte oldu\u011funa dair baz\u0131 g\u00f6\u00fc\u015fleri ortaya koyaca\u011f\u0131m.<\/p>\n\n\n\n<p><strong>Tek ba\u015fkan-siyasal a\u011f<\/strong><\/p>\n\n\n\n<p>Bir y\u0131l gibi k\u0131sa s\u00fcre zarf\u0131nda \u00fclke siyasal, toplumsal ve ekonomi ya\u015fam\u0131nda olup bitenlerin, geni\u015f toplum kesimlerine \u00fcmit yerine \u00fcmitsizlik a\u015f\u0131lamas\u0131 Prabowo\u2019nun, salt devlet ba\u015fkan\u0131 olarak varl\u0131\u011f\u0131 ve siyasal s\u00f6ylemleriyle s\u0131n\u0131rl\u0131 olmad\u0131\u011f\u0131n\u0131 g\u00f6steriyor.<\/p>\n\n\n\n<p>Aksine, Prabowo\u2019da sembolle\u015fen d\u00fcn\u00fcn kurumsal yap\u0131lar\u0131n\u0131n, o kurumlar\u0131n akt\u00f6rlerinin bug\u00fcn\u00fcn siyaset, toplum ve ekonomi alanlar\u0131na yeniden n\u00fcfuz etmeleri ve ettirilmeleri nedeniyle, \u00e7ok daha kapsaml\u0131 bir sorunun var oldu\u011funu bize kan\u0131tl\u0131yor.<\/p>\n\n\n\n<p>Prabowo\u2019nun, 2024 ba\u015fkanl\u0131k se\u00e7imlerinde s\u00fcrpriz olarak de\u011ferlendirilen oy oran\u0131yla ba\u015fkanl\u0131k koltu\u011funa oturmas\u0131n\u0131n ard\u0131ndan, selefi Joko Widodo\u2019nun reformcu kabul edilebilecek politikalar\u0131na devam ve bunlar\u0131 geli\u015ftirme konusunda \u00e7aba yerine, 20. y\u00fczy\u0131l\u0131n son on y\u0131llar\u0131na damgas\u0131n\u0131 vuran kurumsal yap\u0131lar\u0131n\u0131 ve akt\u00f6rlerini g\u00fcncellemeye y\u00f6nelik icraatlar\u0131yla s\u00fckut-u hayale yol a\u00e7aca\u011f\u0131n\u0131 s\u00f6ylemek m\u00fcmk\u00fcn.<\/p>\n\n\n\n<p>Bug\u00fcne kadar ortaya konulan icraatlar, -b\u00fcy\u00fck bir s\u00fcrpriz de\u011fi\u015fiklik olmad\u0131k\u00e7a, bu durumun en az\u0131ndan, bir sonraki se\u00e7ime kadar s\u00fcrece\u011fini s\u00f6ylemek kehanet olmayacakt\u0131r.<\/p>\n\n\n\n<p>Prabowo, ge\u00e7en bir y\u0131l\u0131 a\u015fk\u0131n ba\u015fkanl\u0131\u011f\u0131 zarf\u0131nda her bir siyasal, toplumsal ve ekonomik a\u00e7\u0131l\u0131m\u0131n\u0131n ard\u0131ndan, bunlara bir yenisi eklemek suretiyle, s\u00fcreci ba\u015fta kendisi olmak \u00fczere, temsilcisi oldu\u011fu kesimler ad\u0131na peki\u015ftirici rol oynuyor.&nbsp;<\/p>\n\n\n\n<p><strong>G\u00fcncellenen d\u00fcnk\u00fc tekelcilik<\/strong><\/p>\n\n\n\n<p>Prabowo\u2019nun bug\u00fcn yani, 10 Kas\u0131m g\u00fcn\u00fc devlet ba\u015fkanl\u0131\u011f\u0131 saray\u0131nda yap\u0131lan t\u00f6renle yukar\u0131da dikkat \u00e7ekilen 20. y\u00fczy\u0131l son on y\u0131llar\u0131nda \u00fclkede h\u00fck\u00fcm s\u00fcren Suharto\u2019yu, \u2018ulusal kahraman\u2019 olarak il\u00e2n etmesi tam da, \u2018temsilcisi oldu\u011fu kesimler\u2019 ifadesiyle do\u011frudan \u00f6rt\u00fc\u015fen ve buna a\u00e7\u0131kl\u0131k getiren bir niteli\u011fe sahip.<\/p>\n\n\n\n<p>Bu il\u00e2n\u0131n ard\u0131nda, \u201culusa yap\u0131lan ola\u011fan\u00fcst\u00fc hizmet, ulusun birlik ve b\u00fct\u00fcnl\u00fc\u011f\u00fcn\u00fc koruma\u201d olgusu yer al\u0131yor&#8230;<\/p>\n\n\n\n<p>Suharto\u2019nun ulusal kahraman olarak il\u00e2n\u0131, bug\u00fcn \u00fclkenin siyasal ya\u015fam\u0131nda tekelci, merkeziyet\u00e7i ve bu olgular\u0131n do\u011fal sonucu olan otoriter bir ba\u011flam\u0131 gayet a\u00e7\u0131k ve net bir \u015fekilde ortaya koyuyor.<\/p>\n\n\n\n<p>Bu durum, Suharto\u2019nun 1998\u2019de iktidardan ayr\u0131lmas\u0131yla ba\u015flayan \u2018siyasal ve toplumsal reform\u2019 d\u00f6neminin inkitaya u\u011famas\u0131n\u0131n \u00f6tesinde, geriye do\u011fru evrilme ba\u011flam\u0131 ta\u015f\u0131mas\u0131yla dikkat \u00e7ekiyor.<\/p>\n\n\n\n<p><strong>Revizyonism<\/strong><\/p>\n\n\n\n<p>Endonezya, ulusal ve uluslararas\u0131 bas\u0131nda dikkat \u00e7ekildi\u011fi \u00fczere, Prabowo ile revizyonist d\u00f6nemini ya\u015f\u0131yor&#8230;<\/p>\n\n\n\n<p>Suharto\u2019nun ya\u015fad\u0131\u011f\u0131 d\u00f6nemin benzeri \u00fclkelerle k\u0131yasland\u0131\u011f\u0131nda, pek de \u015fa\u015f\u0131lmayacak ve bu anlamda, \u2018normal\u2019 kar\u015f\u0131lanmaya matuf politikalar\u0131 oldu\u011funa ku\u015fku yok.<\/p>\n\n\n\n<p>Bununla birlikte, bir yandan, halk\u0131n\u0131n kahir ekseriyeti M\u00fcsl\u00fcman olan \u00f6te yandan, \u00e7ok etnikli ve \u00e7ok k\u00fclt\u00fcrl\u00fc bir toplumsal yap\u0131ya sahip olan \u00fclkede ba\u015fta ordu olmak \u00fczere, bu kurumla ilintili di\u011fer resmi ve sivil yap\u0131lar\u0131n tekelci yap\u0131la\u015ft\u0131r\u0131c\u0131l\u0131\u011f\u0131n\u0131n yol a\u00e7t\u0131\u011f\u0131 \u00e7e\u015fitli boyutlardaki \u2018travramalar\u0131n\u2019 izleri silinmemi\u015fken, bug\u00fcn verilen kararla Suharto\u2019yu, yeniden ulusal siyasetin g\u00fcndemine ta\u015f\u0131mak, sembolik bir izle\u011fin d\u0131\u015f\u0131nda anlamlar ta\u015f\u0131d\u0131\u011f\u0131n\u0131 g\u00f6steriyor.<\/p>\n\n\n\n<p>Ba\u015fkan Prabowo\u2019nun ve y\u00f6netim elitinin ald\u0131\u011f\u0131 bu karar, sadece onun Suharto\u2019nun \u00fcvey o\u011flu olmakl\u0131\u011f\u0131yla belirlenen bir aile ba\u011f\u0131n\u0131 de\u011fil, bunun \u00f6tesinde her ikisinin de, \u00fclkenin askeri kurumsalla\u015fman\u0131n \u00fcr\u00fcn\u00fc olmalar\u0131 dolay\u0131s\u0131yla belirleyici bir \u00f6nem arz ediyor.<\/p>\n\n\n\n<p><strong>Varolu\u015fsal sanc\u0131<\/strong><\/p>\n\n\n\n<p>Burada M\u00fcsl\u00fcman toplum, \u00e7ok etniklilik, \u00e7ok k\u00fclt\u00fcrl\u00fcl\u00fck vb. kavramlar\u0131na vurgu yapmak suretiyle, Prabowo y\u00f6netiminin kendini sevk etti\u011fi \u2018tekelci\u2019 ve \u2018merkeziyet\u00e7i\u2019 y\u00f6nelim aras\u0131ndaki tezata ve bunun toplumsal katmanlarda neden oldu\u011fu, -bir anlamda varolu\u015fsal- sanc\u0131ya dikkat \u00e7ekiyorum.<\/p>\n\n\n\n<p>\u00c7e\u015fitli bas\u0131n organlar\u0131nda yer ald\u0131\u011f\u0131 \u00fczere, Prabowo\u2019nun siyasal bir tercih olarak belirledi\u011fi, \u2018tekelci\u2019 ve \u2018merkeziyet\u00e7i\u2019 yap\u0131n\u0131n do\u011fal bir sonucu olarak, \u201cotoriter bir tona\u201d b\u00fcr\u00fcnd\u00fc\u011f\u00fc y\u00f6n\u00fcnde \u00f6nemli bir ele\u015ftirel g\u00f6r\u00fc\u015f kendini ortaya koyuyor.<\/p>\n\n\n\n<p>Bu yap\u0131n\u0131n, 1998 May\u0131s\u2019\u0131nda otuz iki y\u0131ll\u0131k iktidar\u0131ndan ayr\u0131lmak zorunda kalan Suharto\u2019dan bu yana, ilk defa bu denli g\u00fc\u00e7l\u00fc bir \u015fekilde ortaya \u00e7\u0131kmas\u0131n\u0131n bug\u00fcn, Suharto\u2019nun ulusal kahraman il\u00e2n edilmesiyle peki\u015fti\u011fini s\u00f6ylemek yanl\u0131\u015f olmayacakt\u0131r.<\/p>\n\n\n\n<p>\u2018Ulusal kahramanl\u0131k\u2019 olgusu ve bunun il\u00e2n\u0131n\u0131n, d\u00fcn ya\u015fam\u0131\u015f ve ulusa \u00f6nemli katk\u0131lar sa\u011flam\u0131\u015f bireylere verilen s\u0131radan ve sembolik bir anlamla s\u0131n\u0131rl\u0131 oldu\u011fu ileri s\u00fcr\u00fclebilir.<\/p>\n\n\n\n<p>Ancak, Suharto gibi sadece d\u00f6nemine ve de i\u00e7inde bulundu\u011fu Endonezya toplumuna de\u011fil, bunun \u00f6tesinde geni\u015f \u0130slam co\u011frafyalar\u0131 \u00fczerinde de, \u015fu veya bu \u015fekilde etkisi oldu\u011fu s\u00f6ylenebilecek icraatlar\u0131 nedeniyle, b\u00f6ylesi ulusal kahraman il\u00e2n edilmesi ba\u011flam\u0131nda, s\u0131radan bir isim olmad\u0131\u011f\u0131na i\u015faret ediyor.<\/p>\n","protected":false},"excerpt":{"rendered":"<p>Mehmet \u00d6zay &nbsp;&nbsp;&nbsp;&nbsp;&nbsp;&nbsp;&nbsp;&nbsp;&nbsp;&nbsp;&nbsp;&nbsp;&nbsp;&nbsp;&nbsp;&nbsp;&nbsp;&nbsp;&nbsp;&nbsp;&nbsp;&nbsp;&nbsp;&nbsp;&nbsp;&nbsp;&nbsp;&nbsp;&nbsp;&nbsp;&nbsp;&nbsp;&nbsp;&nbsp;&nbsp;&nbsp;&nbsp;&nbsp;&nbsp;&nbsp;&nbsp;&nbsp;&nbsp;&nbsp;&nbsp;&nbsp;&nbsp;&nbsp;&nbsp;&nbsp;&nbsp;&nbsp;&nbsp;&nbsp;&nbsp;&nbsp;&nbsp;&nbsp;&nbsp;&nbsp;&nbsp;&nbsp;&nbsp;&nbsp;&nbsp;&nbsp;&nbsp;&nbsp;&nbsp;&nbsp;&nbsp;&nbsp;&nbsp;&nbsp;&nbsp;&nbsp;&nbsp;&nbsp;&nbsp;&nbsp;&nbsp;&nbsp;&nbsp;&nbsp;&nbsp;&nbsp;&nbsp;&nbsp;&nbsp;&nbsp;&nbsp;&nbsp;&nbsp;&nbsp;&nbsp;&nbsp;&nbsp;&nbsp;&nbsp;&nbsp;&nbsp;&nbsp;&nbsp;&nbsp;&nbsp;&nbsp;&nbsp;&nbsp; &nbsp;&nbsp;&nbsp;&nbsp;&nbsp;&nbsp;&nbsp;&nbsp;10.11.2025 Endonezya\u2019da, bir y\u0131ll\u0131k y\u00f6netimini ge\u00e7ti\u011fimiz 20 Ekim\u2019de dolduran ba\u015fkan Prabowo Subianto\u2019nun g\u00fcndeme getirdi\u011fi siyasal s\u00f6ylem ve prati\u011finin, bug\u00fcne ait de\u011ferler ve de\u011fi\u015fim s\u00fcre\u00e7leriyle ne denli \u00f6rt\u00fc\u015ft\u00fc\u011f\u00fc tart\u0131\u015fmal\u0131d\u0131r. Ya\u015fam\u0131n\u0131n \u00f6nemli bir b\u00f6l\u00fcm\u00fcn\u00fc askeri \u00fcniformayla ge\u00e7iren Prabowo\u2019nun, siyaset d\u00fcnyas\u0131ndan ekonomi ve toplumsal ya\u015fama de\u011fin uzanan boyutlar\u0131nda kendisinin d\u00fcn ait oldu\u011fu, \u2018eski d\u00fcnyan\u0131n\u2019 de\u011ferleri [&hellip;]<\/p>\n","protected":false},"author":3,"featured_media":6192,"comment_status":"open","ping_status":"open","sticky":false,"template":"","format":"standard","meta":{"footnotes":""},"categories":[21,6],"tags":[],"class_list":["post-6191","post","type-post","status-publish","format-standard","has-post-thumbnail","hentry","category-endonezya","category-gunluk-yazilar"],"_links":{"self":[{"href":"https:\/\/guneydoguasyacalismalari.com\/tr_tr\/wp-json\/wp\/v2\/posts\/6191","targetHints":{"allow":["GET"]}}],"collection":[{"href":"https:\/\/guneydoguasyacalismalari.com\/tr_tr\/wp-json\/wp\/v2\/posts"}],"about":[{"href":"https:\/\/guneydoguasyacalismalari.com\/tr_tr\/wp-json\/wp\/v2\/types\/post"}],"author":[{"embeddable":true,"href":"https:\/\/guneydoguasyacalismalari.com\/tr_tr\/wp-json\/wp\/v2\/users\/3"}],"replies":[{"embeddable":true,"href":"https:\/\/guneydoguasyacalismalari.com\/tr_tr\/wp-json\/wp\/v2\/comments?post=6191"}],"version-history":[{"count":1,"href":"https:\/\/guneydoguasyacalismalari.com\/tr_tr\/wp-json\/wp\/v2\/posts\/6191\/revisions"}],"predecessor-version":[{"id":6193,"href":"https:\/\/guneydoguasyacalismalari.com\/tr_tr\/wp-json\/wp\/v2\/posts\/6191\/revisions\/6193"}],"wp:featuredmedia":[{"embeddable":true,"href":"https:\/\/guneydoguasyacalismalari.com\/tr_tr\/wp-json\/wp\/v2\/media\/6192"}],"wp:attachment":[{"href":"https:\/\/guneydoguasyacalismalari.com\/tr_tr\/wp-json\/wp\/v2\/media?parent=6191"}],"wp:term":[{"taxonomy":"category","embeddable":true,"href":"https:\/\/guneydoguasyacalismalari.com\/tr_tr\/wp-json\/wp\/v2\/categories?post=6191"},{"taxonomy":"post_tag","embeddable":true,"href":"https:\/\/guneydoguasyacalismalari.com\/tr_tr\/wp-json\/wp\/v2\/tags?post=6191"}],"curies":[{"name":"wp","href":"https:\/\/api.w.org\/{rel}","templated":true}]}}