{"id":6170,"date":"2025-10-21T14:38:24","date_gmt":"2025-10-21T14:38:24","guid":{"rendered":"https:\/\/guneydoguasyacalismalari.com\/?p=6170"},"modified":"2025-10-21T14:38:39","modified_gmt":"2025-10-21T14:38:39","slug":"japonyada-istiktara-dogru-sanae-takaichi-yeni-basbakan-towards-stability-in-japan-sanae-takaichi-is-the-new-prime-minister","status":"publish","type":"post","link":"https:\/\/guneydoguasyacalismalari.com\/tr_tr\/japonyada-istiktara-dogru-sanae-takaichi-yeni-basbakan-towards-stability-in-japan-sanae-takaichi-is-the-new-prime-minister\/","title":{"rendered":"Japonya\u2019da istikrara do\u011fru: Sanae Takaichi yeni ba\u015fbakan \/ Towards stability in Japan: Sanae Takaichi is the new prime minister"},"content":{"rendered":"\n<p><strong>Mehmet \u00d6zay &nbsp;&nbsp;&nbsp;&nbsp;&nbsp;&nbsp;&nbsp;&nbsp;&nbsp;&nbsp;&nbsp;&nbsp;&nbsp;&nbsp;&nbsp;&nbsp;&nbsp;&nbsp;&nbsp;&nbsp;&nbsp;&nbsp;&nbsp;&nbsp;&nbsp;&nbsp;&nbsp;&nbsp;&nbsp;&nbsp;&nbsp;&nbsp;&nbsp;&nbsp;&nbsp;&nbsp;&nbsp;&nbsp;&nbsp;&nbsp;&nbsp;&nbsp;&nbsp;&nbsp;&nbsp;&nbsp;&nbsp;&nbsp;&nbsp;&nbsp;&nbsp;&nbsp;&nbsp;&nbsp;&nbsp;&nbsp;&nbsp;&nbsp;&nbsp;&nbsp;&nbsp;&nbsp;&nbsp;&nbsp;&nbsp;&nbsp;&nbsp;&nbsp;&nbsp;&nbsp;&nbsp;&nbsp;&nbsp;&nbsp;&nbsp;&nbsp;&nbsp;&nbsp;&nbsp;&nbsp;&nbsp;&nbsp;&nbsp;&nbsp;&nbsp;&nbsp;&nbsp;&nbsp;&nbsp;&nbsp;&nbsp;&nbsp;&nbsp;&nbsp;&nbsp;&nbsp;&nbsp;&nbsp;&nbsp;&nbsp;&nbsp;&nbsp;&nbsp;&nbsp;&nbsp;&nbsp; &nbsp;&nbsp;&nbsp;21.10.2025<\/strong><\/p>\n\n\n\n<p>Ve Japonya\u2019da, ilk kad\u0131n ba\u015fbakan i\u015f ba\u015f\u0131nda&#8230;<\/p>\n\n\n\n<p>4 Ekim\u2019de iktidardaki Liberal Demokrat Parti\u2019de (<em>Liberal Democrat Party<\/em>-LPD), ba\u015fkanl\u0131\u011f\u0131na se\u00e7ilen Sanae Takaichi, alt kamara\u2019a bug\u00fcn yap\u0131lan oylama sonras\u0131nda, \u00fclkenin yeni ba\u015fbakan\u0131 olarak il\u00e2n edildi.<\/p>\n\n\n\n<p>LPD\u2019de ya\u015fanan ba\u015fkanl\u0131k de\u011fi\u015fimin ard\u0131ndan, Sanae Takachi yeni bir koalisyonla h\u00fck\u00fcmeti ba\u015far\u0131yla kurdu.<\/p>\n\n\n\n<p>\u0130ktidar s\u00f6ylem ve de\u011fi\u015fim<\/p>\n\n\n\n<p>\u2018Demir lady\u2019 lakapl\u0131 Takaichi\u2019nin, \u2018ultra milliyet\u00e7ilik s\u00f6ylem ve sembolik eylemlerinden\u2019 ziyade \u00f6zellikle, ekonomi alan\u0131nda \u00f6nemli ad\u0131mlar atmas\u0131 bekleniyor.<\/p>\n\n\n\n<p>Bu noktada, Sanae Takachi, 4 Ekim\u2019den bu yana ba\u015fbakanl\u0131\u011fa haz\u0131rlan\u0131rken, iktidar olman\u0131n gereklili\u011fini anlayarak s\u00f6ylem ve eylem geli\u015ftirdi\u011fine tan\u0131k olunuyor.<\/p>\n\n\n\n<p>\u00d6rne\u011fin, \u00c7in\u2019le ili\u015fkiler konusunda rasyonel yakla\u015f\u0131mda bulunurken, ge\u00e7en hafta milliyet\u00e7i ruhun sembolizmi olan Yasukuni Tap\u0131na\u011f\u0131\u2019nda ge\u00e7en hafta yap\u0131lan t\u00f6rene kat\u0131lmamas\u0131yla, \u00fclke siyaset d\u00fcnyas\u0131na ve kamuoyuna \u00f6nemli bir mesaj vermi\u015f g\u00f6z\u00fck\u00fcyor.<\/p>\n\n\n\n<p>Ve bu geli\u015fmelerin ard\u0131ndan bug\u00fcn, Sanae\u2019nin ba\u015fbakan olarak atanmas\u0131na, Tokyo borsas\u0131 zirve yaparak olduk\u00e7a \u00f6nemli bir tepki vermesi, i\u015f \u00e7evrelerinde beklentinin olumlu ve y\u00fcksek oldu\u011funun ifadesi oldu\u011funa ku\u015fku yok.<\/p>\n\n\n\n<p><strong>Kad\u0131n ba\u015fbakan ve birlik<\/strong><\/p>\n\n\n\n<p>Japonya\u2019da, son be\u015f y\u0131ld\u0131r devam eden siyasi t\u00fcrb\u00fclasyon nihayet, bir kad\u0131n ba\u015fbakan\u2019la yeni bir evreye girme yolunda.<\/p>\n\n\n\n<p>\u00d6zellikle, iktidar partisi LPD\u2019de, ya\u015fanan yolsuzluklar, se\u00e7menlerde ve ard\u0131ndan, parlamentoda g\u00fcven kayb\u0131na yol a\u00e7arken, son be\u015f y\u0131lda \u00fc\u00e7 parti ba\u015fkan\u0131 ve dolay\u0131s\u0131yla, ba\u015fbakan\u0131n de\u011fi\u015fmesine neden oldu.<\/p>\n\n\n\n<p>64 ya\u015f\u0131ndaki Sanae Takachi, alt kamarada yap\u0131lan ilk oylamada, ba\u015fbakan olmas\u0131n\u0131 sa\u011flayacak oyu almay\u0131 ba\u015fard\u0131.<\/p>\n\n\n\n<p>\u00dcst kamaran\u0131n da yeter oy vermesinin ard\u0131ndan, Sanae Takaichi, \u0130mparator\u2019un huzurunda \u00fclkenin yeni ba\u015fbakan\u0131 olarak atanarak resmen g\u00f6reveine ba\u015flayacak.<\/p>\n\n\n\n<p>Sanae Takaichi, parlamentoda ba\u015fbakan se\u00e7ilmesinin ard\u0131ndan, sab\u0131k ba\u015fbakanlar Shigeru Ishiba ve Fumio Kishida\u2019 ile yan yana foto\u011fraf\u0131, parti i\u00e7i disiplin ve birli\u011fe i\u015faret etti\u011fini s\u00f6yleyebiliriz.<\/p>\n\n\n\n<p>Bu geli\u015fmenin, \u00f6n\u00fcm\u00fczdeki s\u00fcre\u00e7te Parlamento\u2019da da yans\u0131mas\u0131n\u0131 sunaca\u011f\u0131n\u0131 ileri s\u00fcrebiliriz.<\/p>\n\n\n\n<p><strong>Yeni ittifak<\/strong><\/p>\n\n\n\n<p>\u0130ktidardaki LPD ve k\u00fc\u00e7\u00fck orta\u011f\u0131 Koemi, son bir y\u0131ld\u0131r yap\u0131lan iki se\u00e7imin ard\u0131ndan, parlamentoda \u00fc\u00e7te ikilik \u00e7o\u011funlu\u011fu kaybetmi\u015fti.<\/p>\n\n\n\n<p>Bug\u00fcn alt kamarada yap\u0131lan ba\u015fbakanl\u0131k se\u00e7imi, bu nedenle \u00f6nemli bir ba\u015far\u0131 olarak kabul ediliyor.<\/p>\n\n\n\n<p>4 Ekim\u2019de LPD b\u00fcnyesinde yap\u0131lan parti ba\u015fkanl\u0131\u011f\u0131 yar\u0131\u015f\u0131n\u0131 di\u011fer d\u00f6rt erkek adaya kar\u015f\u0131 ba\u015far\u0131yla \u00f6nde tamamlayan Sanae\u2019nin ikinci s\u0131nav\u0131, onun bir anlamda ba\u015fbakanl\u0131k yolunu da a\u00e7acak olan yeni bir ittifak aray\u0131\u015f\u0131na girmesi oldu.<\/p>\n\n\n\n<p>10 Ekim\u2019de LPD\u2019nin uzun d\u00f6nemdir iktidar orta\u011f\u0131 okan Koemi y\u00f6netimi, Sanae Takachi\u2019nin \u201cultra\u201d olarak de\u011ferlendirilen siyasal bak\u0131\u015f vizyonu nedeniyle ittifaktan ayr\u0131lma karar\u0131 ald\u0131.<\/p>\n\n\n\n<p>Bu geli\u015fmeyi, LPD i\u00e7erisinde ya\u015fanan ba\u015fkanl\u0131k de\u011fi\u015fimi sonras\u0131nda, parlamentoda iktidar yap\u0131s\u0131n\u0131n da, \u00f6nemli bir de\u011fi\u015fime konu olmas\u0131n\u0131 getirecek bir s\u00fcre\u00e7 olarak de\u011ferlendirmek gerekir.<\/p>\n\n\n\n<p>Az\u0131nl\u0131k h\u00fck\u00fcmetine konu olan LPD+Koemi iktidar\u0131n\u0131n, Sanae\u2019nin ba\u015fbakanl\u0131\u011f\u0131n\u0131 tehlikeye ataca\u011f\u0131n\u0131 g\u00f6z ard\u0131 etmek m\u00fcmk\u00fcn de\u011fildi.<\/p>\n\n\n\n<p>Bu nedenle, Sanae, LPD kurmaylar\u0131yla parlamentoda yeni bir ittifak orta\u011f\u0131 aray\u0131\u015f\u0131nda karar\u0131, y\u0131ld\u0131z\u0131 parlayan ve ayn\u0131 zamanda reformcu s\u00f6ylemin s\u00f6zc\u00fcs\u00fc olarak da adland\u0131r\u0131lan Japonya Yenilenme Partisi (<em>Japan Innovation Party<\/em>-JIP) buldu.<\/p>\n\n\n\n<p><strong>Kabineye yeni isimler<\/strong><\/p>\n\n\n\n<p>Japonya\u2019da yeni kabinenin en \u00f6nemli \u00f6zelli\u011fini, birilk kabul edilen ba\u015fbakan\u2019\u0131n kendisi yani, Sanae Takaichi olu\u015fturdu\u011funa ku\u015fku yok.<\/p>\n\n\n\n<p>Bat\u0131l\u0131 anlamda bir feminist ya da kat\u0131\/radikal bir feminist olarak kabul edilemeyecek olan Sanae Takaichi, di\u011fer politik g\u00f6r\u00fc\u015flerinin aksine, daha orta yolcu bire\u011filim izleme yanl\u0131s\u0131 oldu\u011funu s\u00f6ylemek m\u00fcmk\u00fcn.<\/p>\n\n\n\n<p>\u00d6yle ki, hem, partisi LPD\u2019de ve hem de, iktidar yap\u0131la\u015fmas\u0131nda toplumsal cinyiset olgusunu anlaml\u0131 bir \u015fekilde g\u00f6zetme yanl\u0131s\u0131 bir politika izliyor.<\/p>\n\n\n\n<p>Bu \u00e7er\u00e7evede, siyasal g\u00f6zlemciler Japon siyasetinde temsiliyet noktas\u0131nda, Kuzey Avrupa \u00fclkelerine benzer bir geli\u015fmeyi \u00f6ng\u00f6rd\u00fckleri anla\u015f\u0131l\u0131yor.<\/p>\n\n\n\n<p>Sanae Takaichi parlamentoda ba\u015fbakan se\u00e7ilmesinin ard\u0131ndan, a\u00e7\u0131klad\u0131\u011f\u0131 kabinede iki bayan bakan yer al\u0131yor.<\/p>\n\n\n\n<p>Bunlar, Maliye Bakan\u0131 Satsuki Katayam ve Ekonomik g\u00fcvenlikten sorumlu bakan Kimi Onoda. Bu iki kad\u0131n siyaset\u00e7iye il\u00e2ve olarak, kabine sekreterli\u011fini de bir Minoru Kihara \u00fcstlendi.<\/p>\n\n\n\n<p><strong>Umutvar gelecek<\/strong><\/p>\n\n\n\n<p>Japonya bir anlamda, karizmatik lider \u015einzo Abe\u2019nin sa\u011fl\u0131k sorunlar\u0131 nedeniyle siyasetten \u00e7ekilmesi ve ard\u0131ndan, suikaste kurban gitmesiyle \u00f6nemli bir psikolojik gerileme u\u011frad\u0131.<\/p>\n\n\n\n<p>Bu durum, iktidar partisinde belki de bir anlamda var olan dengeleri sarsarken, iktiar olman\u0131n getirdi\u011fi do\u011fal bir sonu\u00e7 olarak, yap\u0131lan se\u00e7imlerde parlamentoda da g\u00fcvenoyunu ve de \u00e7o\u011funlu\u011fu kaybetti.<\/p>\n\n\n\n<p>Bug\u00fcn ise, Japonya siyasetinde Sanae Takachi ile yeni bir evrenin ba\u015flad\u0131\u011f\u0131n\u0131 s\u00f6ylemek yanl\u0131\u015f olmayacakt\u0131r.<\/p>\n\n\n\n<p>Sanai Takaichi\u2019nin \u00f6nce iktidar partisi LPD\u2019de ba\u015fkan ve ard\u0131ndan ba\u015fbakan olarak se\u00e7ilmesi Japonya\u2019da siyasi istikrars\u0131zl\u0131k yerini dengeye b\u0131rakma yolunda oldu\u011funun i\u015faretidir.<\/p>\n\n\n\n<p>Her ne kadar g\u00f6zler \u00f6ncelikle i\u00e7 iyaset, ekonomi, toplumsal sorunlara odaklanm\u0131\u015f g\u00f6z\u00fckse de, Sanai Takaichi ba\u015fbakanl\u0131\u011f\u0131nda Do\u011fu Asya, Asya-Pasifik ve k\u00fcresel geli\u015fmeler yeni h\u00fck\u00fcmetin ne t\u00fcr tepkiler ve katk\u0131lar sa\u011flayaca\u011f\u0131 izlenmeye de\u011fer olacakt\u0131r.<\/p>\n","protected":false},"excerpt":{"rendered":"<p>Mehmet \u00d6zay &nbsp;&nbsp;&nbsp;&nbsp;&nbsp;&nbsp;&nbsp;&nbsp;&nbsp;&nbsp;&nbsp;&nbsp;&nbsp;&nbsp;&nbsp;&nbsp;&nbsp;&nbsp;&nbsp;&nbsp;&nbsp;&nbsp;&nbsp;&nbsp;&nbsp;&nbsp;&nbsp;&nbsp;&nbsp;&nbsp;&nbsp;&nbsp;&nbsp;&nbsp;&nbsp;&nbsp;&nbsp;&nbsp;&nbsp;&nbsp;&nbsp;&nbsp;&nbsp;&nbsp;&nbsp;&nbsp;&nbsp;&nbsp;&nbsp;&nbsp;&nbsp;&nbsp;&nbsp;&nbsp;&nbsp;&nbsp;&nbsp;&nbsp;&nbsp;&nbsp;&nbsp;&nbsp;&nbsp;&nbsp;&nbsp;&nbsp;&nbsp;&nbsp;&nbsp;&nbsp;&nbsp;&nbsp;&nbsp;&nbsp;&nbsp;&nbsp;&nbsp;&nbsp;&nbsp;&nbsp;&nbsp;&nbsp;&nbsp;&nbsp;&nbsp;&nbsp;&nbsp;&nbsp;&nbsp;&nbsp;&nbsp;&nbsp;&nbsp;&nbsp;&nbsp;&nbsp;&nbsp;&nbsp;&nbsp;&nbsp;&nbsp;&nbsp;&nbsp;&nbsp;&nbsp;&nbsp; &nbsp;&nbsp;&nbsp;21.10.2025 Ve Japonya\u2019da, ilk kad\u0131n ba\u015fbakan i\u015f ba\u015f\u0131nda&#8230; 4 Ekim\u2019de iktidardaki Liberal Demokrat Parti\u2019de (Liberal Democrat Party-LPD), ba\u015fkanl\u0131\u011f\u0131na se\u00e7ilen Sanae Takaichi, alt kamara\u2019a bug\u00fcn yap\u0131lan oylama sonras\u0131nda, \u00fclkenin yeni ba\u015fbakan\u0131 olarak il\u00e2n edildi. LPD\u2019de ya\u015fanan ba\u015fkanl\u0131k de\u011fi\u015fimin ard\u0131ndan, Sanae Takachi yeni bir koalisyonla h\u00fck\u00fcmeti ba\u015far\u0131yla kurdu. \u0130ktidar s\u00f6ylem ve de\u011fi\u015fim \u2018Demir lady\u2019 [&hellip;]<\/p>\n","protected":false},"author":3,"featured_media":6171,"comment_status":"open","ping_status":"open","sticky":false,"template":"","format":"standard","meta":{"footnotes":""},"categories":[6,72],"tags":[],"class_list":["post-6170","post","type-post","status-publish","format-standard","has-post-thumbnail","hentry","category-gunluk-yazilar","category-japonya"],"_links":{"self":[{"href":"https:\/\/guneydoguasyacalismalari.com\/tr_tr\/wp-json\/wp\/v2\/posts\/6170","targetHints":{"allow":["GET"]}}],"collection":[{"href":"https:\/\/guneydoguasyacalismalari.com\/tr_tr\/wp-json\/wp\/v2\/posts"}],"about":[{"href":"https:\/\/guneydoguasyacalismalari.com\/tr_tr\/wp-json\/wp\/v2\/types\/post"}],"author":[{"embeddable":true,"href":"https:\/\/guneydoguasyacalismalari.com\/tr_tr\/wp-json\/wp\/v2\/users\/3"}],"replies":[{"embeddable":true,"href":"https:\/\/guneydoguasyacalismalari.com\/tr_tr\/wp-json\/wp\/v2\/comments?post=6170"}],"version-history":[{"count":2,"href":"https:\/\/guneydoguasyacalismalari.com\/tr_tr\/wp-json\/wp\/v2\/posts\/6170\/revisions"}],"predecessor-version":[{"id":6173,"href":"https:\/\/guneydoguasyacalismalari.com\/tr_tr\/wp-json\/wp\/v2\/posts\/6170\/revisions\/6173"}],"wp:featuredmedia":[{"embeddable":true,"href":"https:\/\/guneydoguasyacalismalari.com\/tr_tr\/wp-json\/wp\/v2\/media\/6171"}],"wp:attachment":[{"href":"https:\/\/guneydoguasyacalismalari.com\/tr_tr\/wp-json\/wp\/v2\/media?parent=6170"}],"wp:term":[{"taxonomy":"category","embeddable":true,"href":"https:\/\/guneydoguasyacalismalari.com\/tr_tr\/wp-json\/wp\/v2\/categories?post=6170"},{"taxonomy":"post_tag","embeddable":true,"href":"https:\/\/guneydoguasyacalismalari.com\/tr_tr\/wp-json\/wp\/v2\/tags?post=6170"}],"curies":[{"name":"wp","href":"https:\/\/api.w.org\/{rel}","templated":true}]}}