{"id":6097,"date":"2025-09-10T12:23:29","date_gmt":"2025-09-10T12:23:29","guid":{"rendered":"https:\/\/guneydoguasyacalismalari.com\/?p=6097"},"modified":"2025-09-10T12:23:31","modified_gmt":"2025-09-10T12:23:31","slug":"cin-ve-askeri-modernlesme-china-and-military-modernization","status":"publish","type":"post","link":"https:\/\/guneydoguasyacalismalari.com\/tr_tr\/cin-ve-askeri-modernlesme-china-and-military-modernization\/","title":{"rendered":"\u00c7in ve askeri modernle\u015fme \/ China and military modernization"},"content":{"rendered":"\n<p><strong>Mehmet \u00d6zay &nbsp;&nbsp;&nbsp;&nbsp;&nbsp;&nbsp;&nbsp;&nbsp;&nbsp;&nbsp;&nbsp;&nbsp;&nbsp;&nbsp;&nbsp;&nbsp;&nbsp;&nbsp;&nbsp;&nbsp;&nbsp;&nbsp;&nbsp;&nbsp;&nbsp;&nbsp;&nbsp;&nbsp;&nbsp;&nbsp;&nbsp;&nbsp;&nbsp;&nbsp;&nbsp;&nbsp;&nbsp;&nbsp;&nbsp;&nbsp;&nbsp;&nbsp;&nbsp;&nbsp;&nbsp;&nbsp;&nbsp;&nbsp;&nbsp;&nbsp;&nbsp;&nbsp;&nbsp;&nbsp;&nbsp;&nbsp;&nbsp;&nbsp;&nbsp;&nbsp;&nbsp;&nbsp;&nbsp;&nbsp;&nbsp;&nbsp;&nbsp;&nbsp;&nbsp;&nbsp;&nbsp;&nbsp;&nbsp;&nbsp;&nbsp;&nbsp;&nbsp;&nbsp;&nbsp;&nbsp;&nbsp;&nbsp;&nbsp;&nbsp;&nbsp;&nbsp;&nbsp;&nbsp;&nbsp;&nbsp;&nbsp;&nbsp;&nbsp;&nbsp;&nbsp;&nbsp;&nbsp;&nbsp;&nbsp;&nbsp;&nbsp;&nbsp;&nbsp;&nbsp;&nbsp;&nbsp; &nbsp;&nbsp;&nbsp;&nbsp;&nbsp;&nbsp;09.10.2025<\/strong><\/p>\n\n\n\n<p>\u00c7in\u2019de ge\u00e7en hafta yap\u0131lan ve Japonlara kar\u015f\u0131 kazan\u0131lan zaferin 80. Y\u0131l kutlamalar\u0131n\u0131 ele almaya devam ediyorum.<\/p>\n\n\n\n<p>\u00c7in devlet ba\u015fkan\u0131 \u015ei Chinping\u2019in anma g\u00fcn\u00fc dolay\u0131s\u0131yla yapt\u0131\u011f\u0131 konu\u015fmada dile getirdi\u011fi \u2018zafer\u2019, Pasifik Sava\u015f\u0131 d\u00f6neminin sonlar\u0131nda, Japon ordusunu kendi topraklar\u0131ndan \u00e7\u0131karmas\u0131yla ilgiliydi.<\/p>\n\n\n\n<p>Bu m\u00fccadelenin, 1931 y\u0131l\u0131nda ba\u015flat\u0131\u011f\u0131n\u0131 ve yakla\u015f\u0131k 14 y\u0131l s\u00fcrd\u00fc\u011f\u00fcn\u00fc hat\u0131rlamakta fayda var.<\/p>\n\n\n\n<p>Bu \u00e7er\u00e7evede, ge\u00e7en haftaki yaz\u0131da dile getirdi\u011fim \u00fczere, b\u00f6lgede olan biten 2. D\u00fcnya Sava\u015f\u0131 olarak adland\u0131r\u0131labilecek bir sava\u015f de\u011fildi. Bu sava\u015f\u0131n ad\u0131 \u2018Pasifik Sava\u015f\u0131\u2019yd\u0131.<\/p>\n\n\n\n<p>\u00c7in devlet ba\u015fkan\u0131 \u015ei Cinping\u2019in konu\u015fmas\u0131nda \u201c2. D\u00fcnya Sava\u015f\u0131\u201d vurgusunu nas\u0131l anlamak gerekir?<\/p>\n\n\n\n<p>Bunu, geli\u015fig\u00fczel kulland\u0131\u011f\u0131n\u0131 s\u00f6ylemek herhalde, m\u00fcmk\u00fcn de\u011fil&#8230;<\/p>\n\n\n\n<p><strong>Vurgu<\/strong><\/p>\n\n\n\n<p>\u00c7in Devlet ba\u015fkan\u0131 \u015ei Cinping, uzun bir konu\u015fma yapmad\u0131&#8230; Sadece, yedi dakika konu\u015ftu&#8230;<\/p>\n\n\n\n<p>Fa\u015fizm kar\u015f\u0131tl\u0131\u011f\u0131ndan adalete, \u00c7in modernle\u015fmesinden d\u00fcnya bar\u0131\u015f\u0131na, tarihi yapan\u0131n insan olmas\u0131ndan tarihden hikmet \u00e7\u0131karmaya kadar farkl\u0131 ba\u011flamlara oturtulabilecek kavramlarla donanm\u0131\u015f bir konu\u015fmayd\u0131.<\/p>\n\n\n\n<p>Elbette, \u015ei Chinping\u2019in konu\u015fmas\u0131n\u0131 dinleyenler ve ard\u0131ndan, yaz\u0131l\u0131 metin olarak okuyanlar, herhangi bir \u00fclkeye kar\u015f\u0131, a\u00e7\u0131k bir tehditi g\u00f6rm\u00fcyordu.<\/p>\n\n\n\n<p>Sadece, baz\u0131 g\u00f6ndermelerle k\u00fcresel g\u00fc\u00e7 olu\u015fumuna, \u00c7in\u2019in bu olu\u015fum i\u00e7erisindeki yerine ve 80 y\u0131l \u00f6ncesi gibi benzeri geli\u015fmeler olmas\u0131 halinde, ne t\u00fcrden tepkilerin olabilece\u011fine dair baz\u0131 yakla\u015f\u0131mlar\u0131 anlamak m\u00fcmk\u00fcnd\u00fc.<\/p>\n\n\n\n<p>\u00c7in\u2019in benzeri bir \u2018fa\u015fist sald\u0131r\u0131\u2019 veya olas\u0131 bir \u2018orman kanunlar\u0131yla hareket edilmesi\u2019ne, ne t\u00fcrden kar\u015f\u0131l\u0131k verece\u011finin g\u00f6r\u00fcn\u00fcr mesaj\u0131n\u0131 ise askeri t\u00f6rende yer alan ve son askeri teknolojik unsurlar\u0131 olarak sunulan yap\u0131lard\u0131.<\/p>\n\n\n\n<p>\u2018Fa\u015fist sald\u0131r\u0131\u2019, \u00c7in\u2019in ba\u011fl\u0131 bulundu\u011fu ideolojik temellerinden hareketle g\u00fcndeme getirilir ve bu anlamda, ideolojik boyuta g\u00f6nderme yaparken, \u2018orman kanunlar\u0131&#8230;\u2019 s\u00f6ylemi ise, k\u00fcresel sistemde belirsizliklere yol a\u00e7an ve geli\u015fig\u00fczel eylemleri tan\u0131mlamaya y\u00f6nelik bir ifade oldu\u011funa ku\u015fku yok.<\/p>\n\n\n\n<p><strong>Trump\u2019dan tepki<\/strong><\/p>\n\n\n\n<p>\u00c7in\u2019de, ge\u00e7en hafta ger\u00e7ekle\u015ftirilen askeri g\u00f6steriye ABD ba\u015fkan\u0131 Donald Trump\u2019dan aktif tepkinin gelmesi gecikmedi.<\/p>\n\n\n\n<p>Trump\u2019\u0131n, \u201colduk\u00e7a etkileyici&#8230;\u201d diyerek tasvir etti\u011fi Tianenman Meydan\u0131\u2019ndaki g\u00f6sterileri do\u011fru okudu\u011funu d\u00fc\u015f\u00fcnmek gerekiyor.<\/p>\n\n\n\n<p>\u201cOlduk\u00e7a etkileyici\u201d derken, \u00c7in\u2019in i\u00e7inde n\u00fckleer de olmak \u00fczere askeri kapasitesindenger\u00e7ekten \u015fa\u015f\u0131rm\u0131\u015f olailir mi?<\/p>\n\n\n\n<p>Ya da, bu ifadesiyle gizli\/a\u00e7\u0131k \u00c7in\u2019in askeri varl\u0131\u011f\u0131na y\u00f6nelik bir istihza yapm\u0131\u015f olabilir mi? &nbsp;<\/p>\n\n\n\n<p>Ancak, Trump\u2019dan geldi\u011fini d\u00fc\u015f\u00fcnd\u00fc\u011f\u00fcm ikinci tepki, Savunma Sekreterli\u011fi (Bakanl\u0131\u011f\u0131) ile ilgili, daha kurumsal bir tepkiydi.<\/p>\n\n\n\n<p>Trump, ge\u00e7ti\u011fimiz Cuma g\u00fcn\u00fc Savunma Sekreterli\u011fi\u2019nin (Bakanl\u0131\u011f\u0131) ad\u0131n\u0131 Sava\u015f Sekreterli\u011fi (Bakanl\u0131\u011f\u0131) olarak de\u011fi\u015ftirmesi, s\u0131radan bir isim de\u011fi\u015fikli\u011fine tekab\u00fcl ediyor olabilir mi?<\/p>\n\n\n\n<p>Sanm\u0131yorum&#8230;&nbsp; Bunun nedeni, kar\u015f\u0131m\u0131zda Trump\u2019\u0131n olmas\u0131&#8230;<\/p>\n\n\n\n<p>Trump\u2019\u0131n b\u00f6ylesi bir de\u011fi\u015fiklik i\u00e7in, bir s\u00fcredir haz\u0131rl\u0131k yapt\u0131\u011f\u0131 belirtiliyor.<\/p>\n\n\n\n<p>Ancak, bu de\u011fi\u015fiklik il\u00e2n\u0131n\u0131n \u00c7in\u2019deki kutlamalar\u0131n hemen akabinde g\u00fcndeme gelmesi, bir rastlant\u0131 olmamal\u0131&#8230;<\/p>\n\n\n\n<p>Trump gibi bir siyasi pragmatistin \u00c7in\u2019de ortaya \u00e7\u0131kan ve sadece, \u00c7in\u2019le de s\u0131n\u0131rl\u0131 olmayan geli\u015fmeleri do\u011fru okuyarak, bir t\u00fcr kar\u015f\u0131 hamlede bulunmas\u0131na \u015fa\u015f\u0131rmamak gerekir.<\/p>\n\n\n\n<p>Trump-Hegseth ikilisinin bu isim de\u011fi\u015fikli\u011finden kast\u0131n, ABD\u2019nin askeri g\u00fcc\u00fcn\u00fcn cayd\u0131r\u0131c\u0131l\u0131\u011f\u0131n\u0131 d\u00fcnya aleme sembolik olarak g\u00f6stermek oldu\u011fu da Amerikan bas\u0131n\u0131nda yer al\u0131yor&#8230;<\/p>\n\n\n\n<p>Buna eklenmesi gereken bir di\u011fer husus ise, Sava\u015f Bakanl\u0131\u011f\u0131 ad\u0131n\u0131n, t\u0131pk\u0131 2. D\u00fcnya Sava\u015f\u0131\u2019nda kullan\u0131ld\u0131\u011f\u0131 \u015fekline geri d\u00f6nd\u00fcr\u00fclmesi&#8230;<\/p>\n\n\n\n<p>Hegseth bundan b\u00f6yle Savunma bakan\u0131 yerine, Sava\u015f Bakan\u0131 olarak an\u0131lacak&#8230;<\/p>\n\n\n\n<p>Tianenman Meydan\u0131\u2019nda tarihe yap\u0131lan atf\u0131n bir benzerini bu sefer Washington\u2019da bakanl\u0131k isminin de\u011fi\u015fimiyle tan\u0131k oldu\u011fumuz ortada.<\/p>\n\n\n\n<p>Yukar\u0131da, Trump\u2019\u0131n ya da ABD\u2019nin tepkisinin, \u201c\u00c7in\u2019le s\u0131n\u0131rl\u0131 olmad\u0131\u011f\u0131\u201dn\u0131 s\u00f6ylemekten kast\u0131m, kutlamalarda \u00c7in\u2019in yan\u0131ndaki di\u011fer \u00fclkelerdi.<\/p>\n\n\n\n<p>Bu noktada, kutlamalar \u00c7in\u2019de sadece, \u00c7in ulusunu de\u011fil, son d\u00f6nemde \u00c7in\u2019in yan\u0131nda yer alan ve -en az\u0131ndan yak\u0131n gelecekte de yan\u0131nda yer alaca\u011f\u0131 intiba\u0131n\u0131 g\u00fc\u00e7l\u00fc bir \u015fekilde veren \u00fclkelerle \u00e7evrili bir zafer kutlamas\u0131n\u0131n ger\u00e7ekle\u015ftirilmi\u015f olmas\u0131d\u0131r.<\/p>\n\n\n\n<p>\u00c7in, ge\u00e7en yirmi be\u015f y\u0131ll\u0131k s\u00fcre zarf\u0131nda sadece, ekonomi alan\u0131nda \u00f6nemli bir mevkiye gelmekle kalmad\u0131\u011f\u0131n\u0131, ayn\u0131 zamanda askeri g\u00fcc\u00fc bak\u0131m\u0131ndan da, -en az\u0131ndan- \u015ei Chinping\u2019in s\u00f6ylemine bakarsak, &nbsp;cayd\u0131r\u0131c\u0131l\u0131k y\u00f6n\u00fc y\u00fcksek bir askeri yap\u0131lanma sergiledi\u011fi ortadad\u0131r.<\/p>\n\n\n\n<p>Bir ba\u015fka ifadeyle s\u00f6ylemek gerekirse, \u00c7in halk\u0131na, \u00fcst d\u00fczey konuklara ve d\u00fcnya kamuoyuna konu\u015fan ise \u015ei Chinping yerine, \u00c7in ordusuydu&#8230;<\/p>\n\n\n\n<p>Ordunun, d\u00fcnden bug\u00fcne nereye geldi\u011fi, kutlamalarda a\u00e7\u0131k se\u00e7ik ortaya konuluyordu.<\/p>\n\n\n\n<p>D\u00fcnyan\u0131n iki s\u00fcper g\u00fcc\u00fc konumundaki ABD ve \u00c7in\u2019in farkl\u0131 gerek\u00e7elerle 80 y\u0131l \u00f6ncesine yapt\u0131klar\u0131 g\u00f6ndermeler, bug\u00fcn\u00fcn k\u00fcresel sisteminin \u00e7at\u0131\u015fmac\u0131 y\u00f6n\u00fcn\u00fcn ikmali anlam\u0131na geliyor.<\/p>\n\n\n\n<p>Askeri varl\u0131klar\u0131n cayd\u0131r\u0131c\u0131l\u0131k y\u00f6n\u00fc oldu\u011fu s\u00f6yleminden \u00f6te, bug\u00fcn olan bitenler bize daha \u00e7ok \u00e7at\u0131\u015fmac\u0131 y\u00f6ne do\u011fru evrilen bir s\u00fcrecin oldu\u011funu g\u00f6steriyor.<\/p>\n","protected":false},"excerpt":{"rendered":"<p>Mehmet \u00d6zay &nbsp;&nbsp;&nbsp;&nbsp;&nbsp;&nbsp;&nbsp;&nbsp;&nbsp;&nbsp;&nbsp;&nbsp;&nbsp;&nbsp;&nbsp;&nbsp;&nbsp;&nbsp;&nbsp;&nbsp;&nbsp;&nbsp;&nbsp;&nbsp;&nbsp;&nbsp;&nbsp;&nbsp;&nbsp;&nbsp;&nbsp;&nbsp;&nbsp;&nbsp;&nbsp;&nbsp;&nbsp;&nbsp;&nbsp;&nbsp;&nbsp;&nbsp;&nbsp;&nbsp;&nbsp;&nbsp;&nbsp;&nbsp;&nbsp;&nbsp;&nbsp;&nbsp;&nbsp;&nbsp;&nbsp;&nbsp;&nbsp;&nbsp;&nbsp;&nbsp;&nbsp;&nbsp;&nbsp;&nbsp;&nbsp;&nbsp;&nbsp;&nbsp;&nbsp;&nbsp;&nbsp;&nbsp;&nbsp;&nbsp;&nbsp;&nbsp;&nbsp;&nbsp;&nbsp;&nbsp;&nbsp;&nbsp;&nbsp;&nbsp;&nbsp;&nbsp;&nbsp;&nbsp;&nbsp;&nbsp;&nbsp;&nbsp;&nbsp;&nbsp;&nbsp;&nbsp;&nbsp;&nbsp;&nbsp;&nbsp;&nbsp;&nbsp;&nbsp;&nbsp;&nbsp;&nbsp; &nbsp;&nbsp;&nbsp;&nbsp;&nbsp;&nbsp;09.10.2025 \u00c7in\u2019de ge\u00e7en hafta yap\u0131lan ve Japonlara kar\u015f\u0131 kazan\u0131lan zaferin 80. Y\u0131l kutlamalar\u0131n\u0131 ele almaya devam ediyorum. \u00c7in devlet ba\u015fkan\u0131 \u015ei Chinping\u2019in anma g\u00fcn\u00fc dolay\u0131s\u0131yla yapt\u0131\u011f\u0131 konu\u015fmada dile getirdi\u011fi \u2018zafer\u2019, Pasifik Sava\u015f\u0131 d\u00f6neminin sonlar\u0131nda, Japon ordusunu kendi topraklar\u0131ndan \u00e7\u0131karmas\u0131yla ilgiliydi. Bu m\u00fccadelenin, 1931 y\u0131l\u0131nda ba\u015flat\u0131\u011f\u0131n\u0131 ve yakla\u015f\u0131k 14 y\u0131l s\u00fcrd\u00fc\u011f\u00fcn\u00fc hat\u0131rlamakta fayda [&hellip;]<\/p>\n","protected":false},"author":3,"featured_media":6098,"comment_status":"open","ping_status":"open","sticky":false,"template":"","format":"standard","meta":{"footnotes":""},"categories":[20,6],"tags":[],"class_list":["post-6097","post","type-post","status-publish","format-standard","has-post-thumbnail","hentry","category-cin","category-gunluk-yazilar"],"_links":{"self":[{"href":"https:\/\/guneydoguasyacalismalari.com\/tr_tr\/wp-json\/wp\/v2\/posts\/6097","targetHints":{"allow":["GET"]}}],"collection":[{"href":"https:\/\/guneydoguasyacalismalari.com\/tr_tr\/wp-json\/wp\/v2\/posts"}],"about":[{"href":"https:\/\/guneydoguasyacalismalari.com\/tr_tr\/wp-json\/wp\/v2\/types\/post"}],"author":[{"embeddable":true,"href":"https:\/\/guneydoguasyacalismalari.com\/tr_tr\/wp-json\/wp\/v2\/users\/3"}],"replies":[{"embeddable":true,"href":"https:\/\/guneydoguasyacalismalari.com\/tr_tr\/wp-json\/wp\/v2\/comments?post=6097"}],"version-history":[{"count":1,"href":"https:\/\/guneydoguasyacalismalari.com\/tr_tr\/wp-json\/wp\/v2\/posts\/6097\/revisions"}],"predecessor-version":[{"id":6099,"href":"https:\/\/guneydoguasyacalismalari.com\/tr_tr\/wp-json\/wp\/v2\/posts\/6097\/revisions\/6099"}],"wp:featuredmedia":[{"embeddable":true,"href":"https:\/\/guneydoguasyacalismalari.com\/tr_tr\/wp-json\/wp\/v2\/media\/6098"}],"wp:attachment":[{"href":"https:\/\/guneydoguasyacalismalari.com\/tr_tr\/wp-json\/wp\/v2\/media?parent=6097"}],"wp:term":[{"taxonomy":"category","embeddable":true,"href":"https:\/\/guneydoguasyacalismalari.com\/tr_tr\/wp-json\/wp\/v2\/categories?post=6097"},{"taxonomy":"post_tag","embeddable":true,"href":"https:\/\/guneydoguasyacalismalari.com\/tr_tr\/wp-json\/wp\/v2\/tags?post=6097"}],"curies":[{"name":"wp","href":"https:\/\/api.w.org\/{rel}","templated":true}]}}