{"id":5977,"date":"2025-07-22T08:26:10","date_gmt":"2025-07-22T08:26:10","guid":{"rendered":"https:\/\/guneydoguasyacalismalari.com\/?p=5977"},"modified":"2025-07-22T08:26:12","modified_gmt":"2025-07-22T08:26:12","slug":"japonyada-hukumet-dikis-tutturamiyor-the-government-in-japan-face-inconsistency","status":"publish","type":"post","link":"https:\/\/guneydoguasyacalismalari.com\/tr_tr\/japonyada-hukumet-dikis-tutturamiyor-the-government-in-japan-face-inconsistency\/","title":{"rendered":"Japonya\u2019da h\u00fck\u00fcmet diki\u015f tutturam\u0131yor \/ The government in Japan face inconsistency"},"content":{"rendered":"\n<p><strong>Mehmet \u00d6zay &nbsp;&nbsp;&nbsp;&nbsp;&nbsp;&nbsp;&nbsp;&nbsp;&nbsp;&nbsp;&nbsp;&nbsp;&nbsp;&nbsp;&nbsp;&nbsp;&nbsp;&nbsp;&nbsp;&nbsp;&nbsp;&nbsp;&nbsp;&nbsp;&nbsp;&nbsp;&nbsp;&nbsp;&nbsp;&nbsp;&nbsp;&nbsp;&nbsp;&nbsp;&nbsp;&nbsp;&nbsp;&nbsp;&nbsp;&nbsp;&nbsp;&nbsp;&nbsp;&nbsp;&nbsp;&nbsp;&nbsp;&nbsp;&nbsp;&nbsp;&nbsp;&nbsp;&nbsp;&nbsp;&nbsp;&nbsp;&nbsp;&nbsp;&nbsp;&nbsp;&nbsp;&nbsp;&nbsp;&nbsp;&nbsp;&nbsp;&nbsp;&nbsp;&nbsp;&nbsp;&nbsp;&nbsp;&nbsp;&nbsp;&nbsp;&nbsp;&nbsp;&nbsp;&nbsp;&nbsp;&nbsp;&nbsp;&nbsp;&nbsp;&nbsp;&nbsp;&nbsp;&nbsp;&nbsp;&nbsp;&nbsp;&nbsp;&nbsp;&nbsp;&nbsp;&nbsp;&nbsp;&nbsp;&nbsp;&nbsp;&nbsp;&nbsp;&nbsp;&nbsp;&nbsp;&nbsp; &nbsp;&nbsp;&nbsp;&nbsp;&nbsp;&nbsp;22.07.2025<\/strong><\/p>\n\n\n\n<p>Japonya\u2019da, 20 Temmuz\u2019da yap\u0131lan se\u00e7imlerde, iktidar \u00f6nemli bir g\u00fcven kayb\u0131na u\u011frad\u0131.<\/p>\n\n\n\n<p>\u0130ki meclisli sistemin hakim oldu\u011fu Japonya\u2019da, \u00fcst meclis i\u00e7in yap\u0131lan se\u00e7imlerde iktidardaki Liberal Demokrat Parti (<em>Liberal Democrat Party<\/em>-LDP) \u00f6nemli bir yenilgiye u\u011frad\u0131.<\/p>\n\n\n\n<p>248 sandalyeli \u00fcst meclis se\u00e7imlerinde iktidar 122, muhalefet ise 126 sandalye kazand\u0131&#8230;<\/p>\n\n\n\n<p>Bu durumda, ba\u015fbakan Shigeru Ishida\u2019n\u0131n g\u00f6rev s\u00fcresini sonuna kadar s\u00fcrd\u00fcr\u00fcp s\u00fcrd\u00fcrmeyece\u011fi tart\u0131\u015fmaya a\u00e7\u0131ld\u0131\u011f\u0131n\u0131 s\u00f6ylemek m\u00fcmk\u00fcn.<\/p>\n\n\n\n<p><strong>Sanseito Partisi<\/strong><\/p>\n\n\n\n<p>\u201cSe\u00e7imin galibi kim?\u201d diye sorulacak olursa, politik g\u00f6zlemciler \u2018ultra muhafazak\u00e2r\u2019 s\u0131fat\u0131yla an\u0131lan Sanseito Partisi\u2019ni i\u015faret ediyor&#8230;<\/p>\n\n\n\n<p>Ana ak\u0131m diyebilece\u011fimiz iki temel partinin Japon siyasetinde egemenli\u011fine bug\u00fcn s\u00fcrpriz bir \u015fekilde \u00fc\u00e7\u00fcnc\u00fc bir parti yani, Santeiso Parti\u2019si girmi\u015f bulunuyor.<\/p>\n\n\n\n<p>\u0130ktidardaki LPD se\u00e7imlerin ma\u011flubu olurken, ana muhalefet partisi sol e\u011filimli Demokrat Parti yerini korudu.<\/p>\n\n\n\n<p><strong>LPD\u2019yi vuran se\u00e7im<\/strong><\/p>\n\n\n\n<p>Japonya\u2019da meclis se\u00e7imlerini iktidar partisi LDP ve ittifak yapt\u0131\u011f\u0131 Komeito\u2019nun ya\u015fad\u0131\u011f\u0131 kay\u0131p, son d\u00f6nemde ba\u015fbakanlar\u0131n ve h\u00fck\u00fcmetlerin zaafiyetlerinin devam etti\u011fini ortaya koyuyor.<\/p>\n\n\n\n<p>G\u00f6zlemciler, 2008 y\u0131l\u0131ndaki Asya ekonomik krizi ard\u0131ndan, LDP\u2019nin iktidar\u0131n\u0131 kaybetmesine benzer bir durumla kar\u015f\u0131 kar\u015f\u0131ya olundu\u011funa dikkat \u00e7ekiyor.<\/p>\n\n\n\n<p>Se\u00e7im sonu\u00e7lar\u0131, g\u00f6zlemcilerin yak\u0131n ge\u00e7mi\u015fe y\u00f6nelik iki tecr\u00fcbeyi yeniden g\u00fcndeme getirmelerine neden oluyor.<\/p>\n\n\n\n<p>\u0130lki, 2024 y\u0131l\u0131nda parti i\u00e7i yolsuzluk s\u00f6ylemlerinin ard\u0131ndan yap\u0131lan parti i\u00e7i se\u00e7imleri bir anlamda, Ishida\u2019n\u0131n umulmad\u0131k sekilde kazanmas\u0131yd\u0131.<\/p>\n\n\n\n<p>Parti i\u00e7erisinde pop\u00fclaritesi olmayan bir ismin parti ba\u015fkanl\u0131\u011f\u0131 ve ard\u0131ndan, ba\u015fbakanl\u0131k koltu\u011funa oturmas\u0131 \u00f6yle anla\u015f\u0131l\u0131yor ki, Japon se\u00e7menin s\u00fcre\u00e7e \u2018de\u011fi\u015fim\u2019 i\u00e7in haz\u0131rland\u0131\u011f\u0131n\u0131 ortaya koyuyor.<\/p>\n\n\n\n<p>\u0130kincisi, b\u00f6lge \u00fclkeleri gibi, Japonya\u2019y\u0131 da vuran 2008 y\u0131l\u0131 ekonomi krizinin ard\u0131ndan, 2009\u2019da yap\u0131lan se\u00e7imleri LPD\u2019nin kaybetmesiydi.<\/p>\n\n\n\n<p>Benzeri bir se\u00e7im sonucu, bug\u00fcn tekerr\u00fcr etmi\u015f oldu\u011fu g\u00f6r\u00fcl\u00fcyor.<\/p>\n\n\n\n<p><strong>Se\u00e7men ve a\u015f\u0131r\u0131 muhafazak\u00e2rl\u0131k<\/strong><\/p>\n\n\n\n<p>Se\u00e7imlerin s\u00fcpriz galibi olaran nitelendirilen Sanseito Partisi kendisini, \u201cs\u0131radan Japon vatanda\u015f\u0131n\u0131n partisi\u201d olarak tan\u0131ml\u0131yor&#8230;<\/p>\n\n\n\n<p>Bu durum, gayet standart bir alg\u0131n\u0131n Japonya\u2019da da var oldu\u011funu ya da, bug\u00fcn se\u00e7im sonu\u00e7lar\u0131 itibar\u0131yla, daha net bir \u015fekilde g\u00fcndeme geldi\u011fine i\u015faret ediyor.<\/p>\n\n\n\n<p>A\u015f\u0131r\u0131 veya ultra muhafazak\u00e2r ya da a\u015f\u0131r\u0131 sa\u011f kavramlar\u0131, son d\u00f6nemde siyaset terminolojisine Avrupa\u2019daki geli\u015fmeler neticesinde h\u0131zla ve k\u00f6kl\u00fc bir \u015fekilde girerken, bu e\u011filimin k\u00fcresel temsilcisi ise ABD ba\u015fkan\u0131 Donald Trump \u00f6zelinde g\u00fcndeme geliyor.<\/p>\n\n\n\n<p>K\u00fcresel kar\u015f\u0131t\u0131 olarak tan\u0131mlanan Sanseito Parti\u2019sinin bir y\u00f6n\u00fcyle de, \u2018\u00f6nce Japonya\u2019 s\u00f6yleminin de temsilcisi oldu\u011fu anla\u015f\u0131l\u0131yor&#8230;<\/p>\n\n\n\n<p>20 Temmuz\u2019da, Japonya\u2019da yap\u0131lan se\u00e7imlerde muhalefet partileri aras\u0131nda s\u00fcpriz olarak \u00f6ne \u00e7\u0131kan Sanseito Partisi olmas\u0131, benzer s\u00f6ylemin Do\u011fu Asya\u2019ya kadar ula\u015ft\u0131\u011f\u0131n\u0131 ortaya koyuyor.<\/p>\n\n\n\n<p>2020 y\u0131l\u0131nda muhafazak\u00e2r politikac\u0131 Shoei Kamia taraf\u0131ndan kurulan Sanseito\u2019nun k\u0131sa s\u00fcrede, \u00fclkenin k\u00f6kl\u00fc partilerine meydan okur hale gelmesinin, \u00fclke i\u00e7i nedenleri kadar k\u00fcresel geli\u015fmelerin de rol\u00fc oldu\u011fu g\u00f6r\u00fcl\u00fcyor.<\/p>\n\n\n\n<p>Parti ba\u015fkan\u0131 Saime\u2019nin ba\u015fta ABD\u2019de Cumhuriyet\u00e7iler olmak \u00fczere, Avrupa\u2019da a\u015f\u0131r\u0131 sa\u011f\u0131 temsil eden baz\u0131s\u0131 iktidardaki siyasi hareketlere sempati ile yakla\u015fmas\u0131na \u015fa\u015f\u0131rmamak gerekir.<\/p>\n\n\n\n<p>Bu noktada, k\u00fcreset kar\u015f\u0131tl\u0131\u011f\u0131 s\u00f6ylemine kar\u015f\u0131n, a\u015f\u0131r\u0131 sa\u011fc\u0131l\u0131\u011f\u0131n k\u00fcreselle\u015fmekte oldu\u011fu gibi bir tezat\u0131n da Japon ulusal siyasetinde g\u00f6zlemlendi\u011fini s\u00f6ylemek m\u00fcmk\u00fcn.<\/p>\n\n\n\n<p><strong>Sorunlar ve se\u00e7im<\/strong><\/p>\n\n\n\n<p>Ekonomik gidi\u015fat kadar, Sanseito Partisi\u2019nin kamuoyun a\u00e7\u0131klamalar\u0131 ve kampanya s\u00fcre\u00e7lerinde \u00fczerinde durdu\u011fu konulardan biri g\u00f6\u00e7men kar\u015f\u0131tl\u0131\u011f\u0131 konusu oldu.<\/p>\n\n\n\n<p>Kendine \u00f6zg\u00fc toplumsal yap\u0131s\u0131yla dikkat \u00e7eken Japon toplumunda \u2018g\u00f6\u00e7menlere\u2019 y\u00f6nelik hissat\u0131n sadece belirli kesimlerle de\u011fil, genel bir e\u011filim oldu\u011fu a\u015fik\u00e2r.<\/p>\n\n\n\n<p>Bununla birlikte, ba\u015fta n\u00fcfusun kayda de\u011fer bir \u015fekilde ya\u015flanma e\u011filimi g\u00f6stermesi, evlilik ve aile kurumunun zaafiyeti gibi nedenlerle, \u201cAcaba g\u00f6\u00e7menleri kabul etme zaman\u0131m\u0131z gelmedi mi?\u201d Sorusunun g\u00fc\u00e7l\u00fc bir \u015fekilde sorulmas\u0131n\u0131 da g\u00fcndeme getirmi\u015f durumda.<\/p>\n\n\n\n<p>Bu tart\u0131\u015fman\u0131n kapsaml\u0131 bir politika s\u00fcrecine evrilmemesine ra\u011fmen, siyasal bir alet olarak Sanseito Parti\u2019si taraf\u0131ndan i\u015flenmesi, \u00f6yle anla\u015f\u0131l\u0131yor ki, 20 Haziran se\u00e7imlerinde etkisi ortaya koymu\u015f durumda.<\/p>\n\n\n\n<p><strong>ABD ile ili\u015fkiler<\/strong><\/p>\n\n\n\n<p>Genel bir s\u00f6yleme tekab\u00fcl eden \u2018k\u00fcresel geli\u015fmelerin\u2019 \u00f6zellikle, Japonya-ABD ili\u015fkilerinin 2 Nisan\u2019dan bu yana gizli\/a\u00e7\u0131k gergin bir nitelik ta\u015f\u0131man\u0131n rol\u00fcn\u00fc yabana atmamak gerekir.<\/p>\n\n\n\n<p>Trump\u2019\u0131n, 20 Ocak\u2019ta ba\u015fkanl\u0131k koltu\u011funa oturmas\u0131 ard\u0131ndan kabul etti\u011fi ilk yabanc\u0131 konuklardan biri Japon ba\u015fbakan\u0131 Ishida\u2019yd\u0131.<\/p>\n\n\n\n<p>Ishida, Trump\u2019la bas\u0131n a\u00e7\u0131klamas\u0131na \u00e7\u0131kt\u0131\u011f\u0131 g\u00fcn gayet olumlu g\u00f6r\u00fc\u015flerle g\u00fcndemin, iki \u00fclkenin yak\u0131n ittifak ili\u015fkilerinin ekonomi boyutunda da devam edece\u011fi \u00f6ng\u00f6r\u00fcs\u00fcn\u00fc dile getiriyordu.<\/p>\n\n\n\n<p>Ancak, yine Trump\u2019\u0131n 2 Nisan\u2019da \u00f6zg\u00fcrl\u00fck g\u00fcn\u00fc olarak an\u0131lan k\u00fcresel ticareti belirleyen kararlar\u0131n\u0131n, Japonya ile olan b\u00f6l\u00fcm\u00fcnde, bug\u00fcne kadar arzu edilen yak\u0131n i\u015fbirli\u011finin ortaya \u00e7\u0131kmam\u0131\u015f olmas\u0131 bug\u00fcn ba\u015fbakan Ishida\u2019n\u0131n koltu\u011funun sallanmas\u0131nda kayda de\u011fer bir \u00f6nemi bulunuyor.<\/p>\n\n\n\n<p>Bu ba\u011flamda, son d\u00f6nemde \u00f6zellikle ekonomik sorunlarla bo\u011fu\u015fan Japonya\u2019da, ABD\u2019den gelen tarih r\u00fczg\u00e2r\u0131 mevcut durumu daha da olumsuz bir y\u00f6ne s\u00fcrekledi\u011fi ortada.<\/p>\n\n\n\n<p>Bunun en a\u00e7\u0131k g\u00f6stergesi, tarif g\u00f6r\u00fc\u015fmeleri s\u00fcrerken yap\u0131lan \u00fcst meclis se\u00e7imlerinde, g\u00f6r\u00fc\u015fmelerde \u00f6nc\u00fc isim olarak \u00f6ne \u00e7\u0131kan ba\u015fbakan Ishida\u2019n\u0131n ve partisi LDP\u2019nin \u00f6nemli yara almas\u0131 oldu.<\/p>\n\n\n\n<p>Se\u00e7im sonu\u00e7lar\u0131, Japon se\u00e7menin ABD ile yap\u0131lmakta olan ticaret g\u00f6r\u00fc\u015fmelerinin sonu\u00e7lar\u0131n\u0131 beklemeden, iktidara \u00f6nemli bir mesaj vermeyi tercih etti\u011fini ortaya koyuyor.<\/p>\n\n\n\n<p>Ge\u00e7ti\u011fimiz Ekim ay\u0131nda yap\u0131lan halk meclisi se\u00e7imlerinde \u00e7o\u011funlu\u011funu kaybeden LDP, \u015fimdi de \u00fcst mecliste \u00e7o\u011funlu\u011fu muhalefete kapt\u0131rm\u0131\u015f durumda.<\/p>\n\n\n\n<p>Ba\u015fbakanl\u0131k koldu\u011funa dokuz ay \u00f6nce oturan Ba\u015fbakan Ishida\u2019n\u0131n ve LDP\u2019nin bug\u00fcnlerde \u00f6nemli bir karar a\u015famas\u0131nda oldu\u011funu s\u00f6ylemek yanl\u0131\u015f olmayacakt\u0131r.<\/p>\n","protected":false},"excerpt":{"rendered":"<p>Mehmet \u00d6zay &nbsp;&nbsp;&nbsp;&nbsp;&nbsp;&nbsp;&nbsp;&nbsp;&nbsp;&nbsp;&nbsp;&nbsp;&nbsp;&nbsp;&nbsp;&nbsp;&nbsp;&nbsp;&nbsp;&nbsp;&nbsp;&nbsp;&nbsp;&nbsp;&nbsp;&nbsp;&nbsp;&nbsp;&nbsp;&nbsp;&nbsp;&nbsp;&nbsp;&nbsp;&nbsp;&nbsp;&nbsp;&nbsp;&nbsp;&nbsp;&nbsp;&nbsp;&nbsp;&nbsp;&nbsp;&nbsp;&nbsp;&nbsp;&nbsp;&nbsp;&nbsp;&nbsp;&nbsp;&nbsp;&nbsp;&nbsp;&nbsp;&nbsp;&nbsp;&nbsp;&nbsp;&nbsp;&nbsp;&nbsp;&nbsp;&nbsp;&nbsp;&nbsp;&nbsp;&nbsp;&nbsp;&nbsp;&nbsp;&nbsp;&nbsp;&nbsp;&nbsp;&nbsp;&nbsp;&nbsp;&nbsp;&nbsp;&nbsp;&nbsp;&nbsp;&nbsp;&nbsp;&nbsp;&nbsp;&nbsp;&nbsp;&nbsp;&nbsp;&nbsp;&nbsp;&nbsp;&nbsp;&nbsp;&nbsp;&nbsp;&nbsp;&nbsp;&nbsp;&nbsp;&nbsp;&nbsp; &nbsp;&nbsp;&nbsp;&nbsp;&nbsp;&nbsp;22.07.2025 Japonya\u2019da, 20 Temmuz\u2019da yap\u0131lan se\u00e7imlerde, iktidar \u00f6nemli bir g\u00fcven kayb\u0131na u\u011frad\u0131. \u0130ki meclisli sistemin hakim oldu\u011fu Japonya\u2019da, \u00fcst meclis i\u00e7in yap\u0131lan se\u00e7imlerde iktidardaki Liberal Demokrat Parti (Liberal Democrat Party-LDP) \u00f6nemli bir yenilgiye u\u011frad\u0131. 248 sandalyeli \u00fcst meclis se\u00e7imlerinde iktidar 122, muhalefet ise 126 sandalye kazand\u0131&#8230; Bu durumda, ba\u015fbakan Shigeru Ishida\u2019n\u0131n g\u00f6rev [&hellip;]<\/p>\n","protected":false},"author":3,"featured_media":5978,"comment_status":"open","ping_status":"open","sticky":false,"template":"","format":"standard","meta":{"footnotes":""},"categories":[6,72],"tags":[],"class_list":["post-5977","post","type-post","status-publish","format-standard","has-post-thumbnail","hentry","category-gunluk-yazilar","category-japonya"],"_links":{"self":[{"href":"https:\/\/guneydoguasyacalismalari.com\/tr_tr\/wp-json\/wp\/v2\/posts\/5977","targetHints":{"allow":["GET"]}}],"collection":[{"href":"https:\/\/guneydoguasyacalismalari.com\/tr_tr\/wp-json\/wp\/v2\/posts"}],"about":[{"href":"https:\/\/guneydoguasyacalismalari.com\/tr_tr\/wp-json\/wp\/v2\/types\/post"}],"author":[{"embeddable":true,"href":"https:\/\/guneydoguasyacalismalari.com\/tr_tr\/wp-json\/wp\/v2\/users\/3"}],"replies":[{"embeddable":true,"href":"https:\/\/guneydoguasyacalismalari.com\/tr_tr\/wp-json\/wp\/v2\/comments?post=5977"}],"version-history":[{"count":1,"href":"https:\/\/guneydoguasyacalismalari.com\/tr_tr\/wp-json\/wp\/v2\/posts\/5977\/revisions"}],"predecessor-version":[{"id":5979,"href":"https:\/\/guneydoguasyacalismalari.com\/tr_tr\/wp-json\/wp\/v2\/posts\/5977\/revisions\/5979"}],"wp:featuredmedia":[{"embeddable":true,"href":"https:\/\/guneydoguasyacalismalari.com\/tr_tr\/wp-json\/wp\/v2\/media\/5978"}],"wp:attachment":[{"href":"https:\/\/guneydoguasyacalismalari.com\/tr_tr\/wp-json\/wp\/v2\/media?parent=5977"}],"wp:term":[{"taxonomy":"category","embeddable":true,"href":"https:\/\/guneydoguasyacalismalari.com\/tr_tr\/wp-json\/wp\/v2\/categories?post=5977"},{"taxonomy":"post_tag","embeddable":true,"href":"https:\/\/guneydoguasyacalismalari.com\/tr_tr\/wp-json\/wp\/v2\/tags?post=5977"}],"curies":[{"name":"wp","href":"https:\/\/api.w.org\/{rel}","templated":true}]}}