{"id":5905,"date":"2025-06-13T15:25:20","date_gmt":"2025-06-13T15:25:20","guid":{"rendered":"https:\/\/guneydoguasyacalismalari.com\/?p=5905"},"modified":"2025-06-13T15:25:22","modified_gmt":"2025-06-13T15:25:22","slug":"macrondan-stratejik-otonom-onerisi-macron-proposes-strategic-autonomy","status":"publish","type":"post","link":"https:\/\/guneydoguasyacalismalari.com\/tr_tr\/macrondan-stratejik-otonom-onerisi-macron-proposes-strategic-autonomy\/","title":{"rendered":"Macron\u2019dan \u201cstratejik otonom\u201d \u00f6nerisi \/ Macron proposes \u201cstrategic autonomy\u201d"},"content":{"rendered":"\n<p><strong>Mehmet \u00d6zay &nbsp;&nbsp;&nbsp;&nbsp;&nbsp;&nbsp;&nbsp;&nbsp;&nbsp;&nbsp;&nbsp;&nbsp;&nbsp;&nbsp;&nbsp;&nbsp;&nbsp;&nbsp;&nbsp;&nbsp;&nbsp;&nbsp;&nbsp;&nbsp;&nbsp;&nbsp;&nbsp;&nbsp;&nbsp;&nbsp;&nbsp;&nbsp;&nbsp;&nbsp;&nbsp;&nbsp;&nbsp;&nbsp;&nbsp;&nbsp;&nbsp;&nbsp;&nbsp;&nbsp;&nbsp;&nbsp;&nbsp;&nbsp;&nbsp;&nbsp;&nbsp;&nbsp;&nbsp;&nbsp;&nbsp;&nbsp;&nbsp;&nbsp;&nbsp;&nbsp;&nbsp;&nbsp;&nbsp;&nbsp;&nbsp;&nbsp;&nbsp;&nbsp;&nbsp;&nbsp;&nbsp;&nbsp;&nbsp;&nbsp;&nbsp;&nbsp;&nbsp;&nbsp;&nbsp;&nbsp;&nbsp;&nbsp;&nbsp;&nbsp;&nbsp;&nbsp;&nbsp;&nbsp;&nbsp;&nbsp;&nbsp;&nbsp;&nbsp;&nbsp;&nbsp;&nbsp;&nbsp;&nbsp;&nbsp;&nbsp;&nbsp;&nbsp;&nbsp;&nbsp;&nbsp;&nbsp; &nbsp;&nbsp;&nbsp;&nbsp;&nbsp;&nbsp;13.06.2025<\/strong><\/p>\n\n\n\n<p>30 May\u0131s &#8211; 1 Haziran g\u00fcnlerinde, Singapur\u2019da d\u00fczenlenen Shangri-la savunma ve g\u00fcvenlik toplant\u0131lar\u0131yla ilgili yaz\u0131 serisine devam ediyorum.<\/p>\n\n\n\n<p>Her ne kadar, k\u00fcresel g\u00fcndem Ortado\u011fu\u2019da ya\u015fananlar\u0131n a\u011f\u0131rl\u0131\u011f\u0131n\u0131 \u00fczerinde ta\u015f\u0131sa da, hafta sonu Kanada\u2019da yap\u0131lacak G-7 toplant\u0131s\u0131 olduk\u00e7a \u00f6nemli bir geli\u015fme kabul edilmelidir.<\/p>\n\n\n\n<p>G-7 toplant\u0131lar\u0131nda da, iklim de\u011fi\u015fikli\u011fi, sa\u011fl\u0131k, insan haklar\u0131 gibi temalar\u0131n yan\u0131 s\u0131ra, g\u00fcvenlik ve savunma ba\u011flamlar\u0131n\u0131n kayda de\u011fer bir \u015fekilde ortaya konulaca\u011f\u0131 d\u00fc\u015f\u00fcn\u00fcld\u00fc\u011f\u00fcnde, aradan biraz zaman ge\u00e7mi\u015f olsa da, ele alaca\u011f\u0131m Shangri-la toplant\u0131s\u0131n\u0131n baz\u0131 unsurlar\u0131ndan haberdar olmakta yarar var. &nbsp;<\/p>\n\n\n\n<p>Toplant\u0131lar\u0131n bu y\u0131lki a\u00e7\u0131l\u0131\u015f konu\u015fmas\u0131 i\u00e7in, Fransa devlet ba\u015fkan\u0131 Emanuel Macron davet edildi.<\/p>\n\n\n\n<p>Bu anlamda, Shangri-la toplant\u0131lar\u0131nda baz\u0131 \u00f6nemli ilklerin ya\u015fand\u0131\u011f\u0131na tan\u0131k olundu&#8230;<\/p>\n\n\n\n<p>Macron\u2019un, k\u00fcresel tehditler kar\u015f\u0131s\u0131nda \u2018stratejik otonom\u2019 kavram\u0131n\u0131 eksene ald\u0131\u011f\u0131 konu\u015fmas\u0131, kan\u0131mca yeni bir s\u00fcrecin ba\u015flamas\u0131 anlam\u0131na geliyor.<\/p>\n\n\n\n<p><strong>\u0130lk Avrupal\u0131<\/strong><\/p>\n\n\n\n<p>Shangri-la toplant\u0131lar\u0131n\u0131n 22.sine Fransa devlet ba\u015fkan\u0131 Emanuel Macron a\u00e7\u0131l\u0131\u015f konu\u015fmas\u0131 i\u00e7in Singapur\u2019da bulunmas\u0131 \u00f6nemliydi.<\/p>\n\n\n\n<p>Toplant\u0131lar\u0131 d\u00fczenleyen, Uluslararas\u0131 Staretejik \u00c7al\u0131\u015fmalar Enstit\u00fcs\u00fc (<em>International Institute of Strategic Studies<\/em>-IISS) y\u00f6neticileri, Shangri-la savunma toplant\u0131lar\u0131na Macron\u2019un kat\u0131l\u0131m\u0131 konusunda bir gerek\u00e7e g\u00f6stermeleri dikkat \u00e7ekiyor.<\/p>\n\n\n\n<p>Bu gerek\u00e7e, Fransa devlet ba\u015fkan\u0131n\u0131n Avrupa liderleri aras\u0131nda Hint-Pasifik stratejisi ortaya koyan ilk lider olmas\u0131d\u0131r.<\/p>\n\n\n\n<p>Bunun yan\u0131 s\u0131ra, s\u00f6z konusu savunma toplant\u0131lar\u0131na Avrupa\u2019dan ilk kat\u0131l\u0131m oldu\u011funu da s\u00f6ylemek gerekiyor. &nbsp;<\/p>\n\n\n\n<p>Bu geli\u015fme sadece, Fransa ad\u0131na de\u011fil, K\u0131ta Avrupas\u0131 ad\u0131na \u00f6nemli bir husus oldu\u011fu kadar, Asya-Pasifik veya Hint Pasifik b\u00f6lgesi i\u00e7in de \u00f6nemli bir s\u00fcrecin ba\u015flad\u0131\u011f\u0131na i\u015faret ediyor.<\/p>\n\n\n\n<p>\u00d6yle ki, bu y\u00fczy\u0131l\u0131n ba\u015f\u0131ndan bu yapan yap\u0131lan s\u00f6z konusu g\u00fcvenlik ve savunma merkezli toplant\u0131lara, Avrupa\u2019n\u0131n do\u011frudan kat\u0131l\u0131m\u0131n\u0131n ba\u015flang\u0131c\u0131 olmas\u0131yla dikkat \u00e7ekiyor.<\/p>\n\n\n\n<p>Organizat\u00f6rler bu ama\u00e7la, bir Avrupa lideri olmas\u0131 kadar, Avrupa Birli\u011fi i\u00e7erisinde \u00f6nemli bir siyasal a\u011f\u0131rl\u0131\u011f\u0131 bulunan Fransa devlet ba\u015fkan\u0131ndan \u00fclkesinin Hint-Pasifik stratejisine dair g\u00f6r\u00fc\u015fleri payla\u015fmas\u0131n\u0131 istemelerini \u00f6nemsemek gerekir.<\/p>\n\n\n\n<p>Co\u011frafi boyutu dikkate al\u0131nacak olursa, Avrupa k\u0131tas\u0131 ile Hint-Pasifik ili\u015fkisi ve bir Avrupa liderinin toplant\u0131lara kat\u0131l\u0131m\u0131na Makron\u2019un getirdi\u011fi gayet pratik bir cevap vard\u0131.<\/p>\n\n\n\n<p>O da, Fransa\u2019n\u0131n deniza\u015f\u0131r\u0131 b\u00f6lgelerdeki egemenli\u011fi ve &nbsp;G\u00fcney Pasifikler\u2019deki sekiz bini a\u015fk\u0131n askeri personelinin bulunmas\u0131d\u0131r.<\/p>\n\n\n\n<p><strong>Avrupa paralelli\u011fi<\/strong><\/p>\n\n\n\n<p>Macron\u2019un konu\u015fmas\u0131nda, Avrupa\u2019da ya\u015fanan g\u00fcvenlik krizlerini yans\u0131tt\u0131\u011f\u0131n\u0131 s\u00f6ylemek pek de \u015fa\u015f\u0131rt\u0131c\u0131 olmayacakt\u0131r.<\/p>\n\n\n\n<p>Macron, \u00f6zellikle 3 y\u0131l\u0131 a\u015fk\u0131n s\u00fcredir devam eden Rusya\u2019n\u0131n Ukrayna topraklar\u0131n\u0131 istilas\u0131 \u00fczerinden, Hint-Pasifik b\u00f6lgesinde benzeri bir geli\u015fme olas\u0131l\u0131\u011f\u0131na ba\u011flayarak g\u00fcndeme getirmesi, g\u00fcvenlik ve savunma olgusunun &nbsp;k\u00fcreselle\u015fmesi ya da paralelli\u011fi anlam\u0131na geliyor.<\/p>\n\n\n\n<p>K\u00fcreselle\u015fmesinden kast\u0131m\u0131z, savunma ve g\u00fcvenli\u011fin ya da Ukrayna \u00f6zelinden ele al\u0131nacak olursa, Avrupan\u0131n g\u00f6beinde savunmas\u0131zl\u0131\u011f\u0131n ve g\u00fcvensizli\u011fin bir benzerinin, Hint-Pasifik b\u00f6lgesinde de olabilece\u011fi ihtimalini g\u00fcndeme ta\u015f\u0131yor.<\/p>\n\n\n\n<p>K\u00fcreselle\u015fme, en basit tan\u0131m\u0131yla ele al\u0131nd\u0131\u011f\u0131nda, bu d\u00fc\u015f\u00fcnce yap\u0131s\u0131na hak vermemek elde de\u011fil.<\/p>\n\n\n\n<p>Bu olas\u0131l\u0131\u011f\u0131n varl\u0131\u011f\u0131 ve Avrupa\u2019daki geli\u015fmelerden hareketle, kendini giderek daha \u00e7ok hissettirdi\u011fi y\u00f6n\u00fcndeki d\u00fc\u015f\u00fcnce ile Macron\u2019un bir \u00e7\u00f6z\u00fcm olas\u0131l\u0131\u011f\u0131n\u0131 da g\u00fcndeme ta\u015f\u0131mas\u0131 beklenirdi.<\/p>\n\n\n\n<p>Ve de \u00f6yle oldu&#8230;<\/p>\n\n\n\n<p><strong>Tehdit \u00c7in\u2019le s\u0131n\u0131rl\u0131 de\u011fil<\/strong><\/p>\n\n\n\n<p>Macron, Hint-Pasifik b\u00f6lgesi \u00fclkelerinin kar\u015f\u0131 kar\u015f\u0131ya kald\u0131\u011f\u0131 tehdidi hem, ABD ve hem de, \u00c7in \u00f6zelinde ortaya koymas\u0131yla iki karde\u015f d\u00fc\u015fman ba\u011flam\u0131na vurgu yapsa da, konu\u015fmas\u0131n\u0131n detaylar\u0131n\u0131n \u00c7in tehdidi \u00fczerinden geli\u015ftirildi\u011fini dikkat \u00e7ekiyor.<\/p>\n\n\n\n<p>Bu noktada, konu\u015fmas\u0131nda Tayvan ve Filipinler\u2019i tehdit alt\u0131ndaki \u00fclkeler olarak zikretmesi hi\u00e7 ku\u015fku yok ki, \u00c7in temal\u0131 bir savunma sorununu g\u00fcndeme ta\u015f\u0131d\u0131\u011f\u0131n\u0131 ortaya koyuyordu.<\/p>\n\n\n\n<p>Bununla birlikte, Macron, b\u00f6lgede hissedildi\u011fi anla\u015f\u0131lan \u00c7in tehdidi kar\u015f\u0131s\u0131nda b\u00f6lge \u00fclkelerini ABD yanl\u0131s\u0131 bir politikaya davet etmedi.<\/p>\n\n\n\n<p>Aksine, iki s\u00fcper g\u00fcc\u00fcn kar\u015f\u0131 kar\u015f\u0131ya geldi\u011fi bir ortamda, Hint-Pasifik b\u00f6lgesinde bir oldu bittiye f\u0131rsat verilmemesi ad\u0131na, \u201cstratejik otonomi\u201d ad\u0131n\u0131 verdi\u011fi bir yap\u0131n\u0131n tesisi \u00f6nerisinde bulundu.<\/p>\n\n\n\n<p><strong>\u00c7\u00f6z\u00fcm: \u201cstratejik otonomi\u201d<\/strong><\/p>\n\n\n\n<p>Makron\u2019un \u201cstratejik otonomi\u201d kavram\u0131ndan maksad\u0131, iki s\u00fcper g\u00fcc\u00fcn di\u011fer \u00fclkeleri kendi yanlar\u0131na \u00e7ekme m\u00fccadelerine kap\u0131n\u0131lmadan, \u201cba\u011f\u0131ms\u0131z \u00fclkeler aras\u0131nda bir koalisyonun\u201d tesisiydi.<\/p>\n\n\n\n<p>Bu koalisyonun taraflar\u0131 ise, Avrupa ve Hint-Pasifik \u00fclkeleri&#8230;<\/p>\n\n\n\n<p>Macron, bu \u00f6nerisiyle, giri\u015fte dikkat \u00e7ekti\u011fim \u00fczere sadece Fransa\u2019n\u0131n de\u011fil, Avrupa\u2019n\u0131n bir ba\u015fka deyi\u015fle Avrupa Birli\u011fi\u2019nin, Asya-Pasifik b\u00f6lgesi geli\u015fmelerine taraf olmas\u0131 y\u00f6n\u00fcndedir.<\/p>\n\n\n\n<p>Bu kavram \u00fczerinden geli\u015ftirilen konu\u015fman\u0131n detaylar\u0131na bak\u0131ld\u0131\u011f\u0131nda, temelde ASEAN \u00fclkelerinin ABD ve \u00c7in \u00e7eki\u015fmesi s\u00fcrecinde s\u00fcrekli vurgu yapt\u0131klar\u0131 siyasal duru\u015fun neredeyse ayn\u0131s\u0131yla kar\u015f\u0131la\u015ft\u0131\u011f\u0131m\u0131z hissi ediniliyor.<\/p>\n\n\n\n<p>\u00d6rne\u011fin, Macron\u2019un s\u00f6yleminde dile getirdi\u011fi, \u201cABD ile ittifak\u0131z, ancak \u00c7in\u2019le de ticaret ili\u015fkilerimiz g\u00fc\u00e7l\u00fc\u201d s\u00f6ylemini ASEAN liderleri konu\u015fmalar\u0131nda s\u0131kl\u0131kla tan\u0131k oldu\u011fumuzu s\u00f6ylemek gerekir.<\/p>\n\n\n\n<p>Bunun yan\u0131 s\u0131ra, Macron\u2019un, tek bir ki\u015finin a\u011fz\u0131ndan \u00e7\u0131kan, g\u00fcn\u00fcbirlik ve de diktac\u0131 bir \u015fekilde de\u011fi\u015fen politikalara ba\u011f\u0131ml\u0131 olmak istemiyoruz anlam\u0131na gelecek yakla\u015f\u0131m\u0131nda da b\u00f6lge \u00fclkelerinin Trump\u2019a y\u00f6nelik ele\u015ftirilerinde rastlamak m\u00fcmk\u00fcn&#8230;<\/p>\n\n\n\n<p>\u00d6yle anla\u015f\u0131l\u0131yor ki, Macron Singapur\u2019a gelmeden \u00f6nce, b\u00f6lgenin nabz\u0131n\u0131 elinde tuttu\u011funu ileri s\u00fcrd\u00fc\u011f\u00fcm ASEAN politikalar\u0131na yak\u0131ndan g\u00f6z atm\u0131\u015f g\u00f6z\u00fck\u00fcyor&#8230;<\/p>\n\n\n\n<p><strong>Bandung hat\u0131rlatmas\u0131!<\/strong><\/p>\n\n\n\n<p>B\u00f6lgenin modern tarihini az \u00e7ok bilinler, bu yap\u0131n\u0131n 1955 Nisan ay\u0131nda Bandung Konferans\u0131 ile yap\u0131land\u0131r\u0131lan, Ba\u011flant\u0131s\u0131zlar veya Ba\u011flant\u0131s\u0131z \u00dclkeler Birli\u011fi\u2019ni hat\u0131rlayacaklard\u0131r. &nbsp;<\/p>\n\n\n\n<p>Ba\u011flant\u0131s\u0131zlar toplant\u0131lar\u0131, o d\u00f6nem gayet ses getirmi\u015fti&#8230;<\/p>\n\n\n\n<p>Kat\u0131l\u0131mc\u0131 \u00fclkeler listesine bak\u0131ld\u0131\u011f\u0131nda bir \u2018g\u00fcney blo\u011fu\u2019 veya \u2018do\u011fu blo\u011fu\u2019 te\u015fkili oldu\u011fu gayet belirgin olan Ba\u011flant\u0131s\u0131zlar Birli\u011fi bug\u00fcn kurumsal varl\u0131\u011f\u0131 devam etse de, i\u00e7erikten yoksun olu\u015fu asl\u0131nda, Asya-Pasifik ve Hint-Pasifik b\u00f6lgesindeki \u00fclkelerin bug\u00fcne kadar neler kaybettiklerine dair baz\u0131 hat\u0131rlatmalar\u0131 da i\u00e7inde bar\u0131nd\u0131rd\u0131\u011f\u0131n\u0131 s\u00f6ylemek m\u00fcmk\u00fcn.<\/p>\n\n\n\n<p>Nihayetinde, ABD\u2019nin Ukrayna politikalar\u0131ndaki bir ileri iki geri politikas\u0131, \u00f6te yandan, \u00c7in\u2019in Asya-Pasifik b\u00f6lgesinde \u00f6zellikle, son on y\u0131lda giderek art\u0131\u015f g\u00f6steren askeri kapasitesi Macron\u2019un, iki b\u00f6lgenin \u201ckoalisyonu\u201d g\u00f6r\u00fc\u015f\u00fcn\u00fc ortaya koymas\u0131na neden oldu\u011fu anla\u015f\u0131l\u0131yor.<\/p>\n\n\n\n<p>Macron\u2019un g\u00fcndeme ta\u015f\u0131d\u0131\u011f\u0131 ve yukar\u0131da temelde ASEAN taraf\u0131ndan zaten var olan siyasal tutumun, Avrupa ve Hint-Pasifik b\u00f6lgesi aras\u0131nda ne t\u00fcrden bir yap\u0131la\u015fmaya konu olaca\u011f\u0131n\u0131 ilerleyen aylarda tan\u0131k olaca\u011f\u0131m\u0131z\u0131 s\u00f6yleyebiliriz.<\/p>\n","protected":false},"excerpt":{"rendered":"<p>Mehmet \u00d6zay &nbsp;&nbsp;&nbsp;&nbsp;&nbsp;&nbsp;&nbsp;&nbsp;&nbsp;&nbsp;&nbsp;&nbsp;&nbsp;&nbsp;&nbsp;&nbsp;&nbsp;&nbsp;&nbsp;&nbsp;&nbsp;&nbsp;&nbsp;&nbsp;&nbsp;&nbsp;&nbsp;&nbsp;&nbsp;&nbsp;&nbsp;&nbsp;&nbsp;&nbsp;&nbsp;&nbsp;&nbsp;&nbsp;&nbsp;&nbsp;&nbsp;&nbsp;&nbsp;&nbsp;&nbsp;&nbsp;&nbsp;&nbsp;&nbsp;&nbsp;&nbsp;&nbsp;&nbsp;&nbsp;&nbsp;&nbsp;&nbsp;&nbsp;&nbsp;&nbsp;&nbsp;&nbsp;&nbsp;&nbsp;&nbsp;&nbsp;&nbsp;&nbsp;&nbsp;&nbsp;&nbsp;&nbsp;&nbsp;&nbsp;&nbsp;&nbsp;&nbsp;&nbsp;&nbsp;&nbsp;&nbsp;&nbsp;&nbsp;&nbsp;&nbsp;&nbsp;&nbsp;&nbsp;&nbsp;&nbsp;&nbsp;&nbsp;&nbsp;&nbsp;&nbsp;&nbsp;&nbsp;&nbsp;&nbsp;&nbsp;&nbsp;&nbsp;&nbsp;&nbsp;&nbsp;&nbsp; &nbsp;&nbsp;&nbsp;&nbsp;&nbsp;&nbsp;13.06.2025 30 May\u0131s &#8211; 1 Haziran g\u00fcnlerinde, Singapur\u2019da d\u00fczenlenen Shangri-la savunma ve g\u00fcvenlik toplant\u0131lar\u0131yla ilgili yaz\u0131 serisine devam ediyorum. Her ne kadar, k\u00fcresel g\u00fcndem Ortado\u011fu\u2019da ya\u015fananlar\u0131n a\u011f\u0131rl\u0131\u011f\u0131n\u0131 \u00fczerinde ta\u015f\u0131sa da, hafta sonu Kanada\u2019da yap\u0131lacak G-7 toplant\u0131s\u0131 olduk\u00e7a \u00f6nemli bir geli\u015fme kabul edilmelidir. G-7 toplant\u0131lar\u0131nda da, iklim de\u011fi\u015fikli\u011fi, sa\u011fl\u0131k, insan haklar\u0131 gibi temalar\u0131n [&hellip;]<\/p>\n","protected":false},"author":3,"featured_media":5906,"comment_status":"open","ping_status":"open","sticky":false,"template":"","format":"standard","meta":{"footnotes":""},"categories":[9,6],"tags":[],"class_list":["post-5905","post","type-post","status-publish","format-standard","has-post-thumbnail","hentry","category-asya-pasifik","category-gunluk-yazilar"],"_links":{"self":[{"href":"https:\/\/guneydoguasyacalismalari.com\/tr_tr\/wp-json\/wp\/v2\/posts\/5905","targetHints":{"allow":["GET"]}}],"collection":[{"href":"https:\/\/guneydoguasyacalismalari.com\/tr_tr\/wp-json\/wp\/v2\/posts"}],"about":[{"href":"https:\/\/guneydoguasyacalismalari.com\/tr_tr\/wp-json\/wp\/v2\/types\/post"}],"author":[{"embeddable":true,"href":"https:\/\/guneydoguasyacalismalari.com\/tr_tr\/wp-json\/wp\/v2\/users\/3"}],"replies":[{"embeddable":true,"href":"https:\/\/guneydoguasyacalismalari.com\/tr_tr\/wp-json\/wp\/v2\/comments?post=5905"}],"version-history":[{"count":1,"href":"https:\/\/guneydoguasyacalismalari.com\/tr_tr\/wp-json\/wp\/v2\/posts\/5905\/revisions"}],"predecessor-version":[{"id":5907,"href":"https:\/\/guneydoguasyacalismalari.com\/tr_tr\/wp-json\/wp\/v2\/posts\/5905\/revisions\/5907"}],"wp:featuredmedia":[{"embeddable":true,"href":"https:\/\/guneydoguasyacalismalari.com\/tr_tr\/wp-json\/wp\/v2\/media\/5906"}],"wp:attachment":[{"href":"https:\/\/guneydoguasyacalismalari.com\/tr_tr\/wp-json\/wp\/v2\/media?parent=5905"}],"wp:term":[{"taxonomy":"category","embeddable":true,"href":"https:\/\/guneydoguasyacalismalari.com\/tr_tr\/wp-json\/wp\/v2\/categories?post=5905"},{"taxonomy":"post_tag","embeddable":true,"href":"https:\/\/guneydoguasyacalismalari.com\/tr_tr\/wp-json\/wp\/v2\/tags?post=5905"}],"curies":[{"name":"wp","href":"https:\/\/api.w.org\/{rel}","templated":true}]}}