{"id":5870,"date":"2025-05-25T07:08:29","date_gmt":"2025-05-25T07:08:29","guid":{"rendered":"https:\/\/guneydoguasyacalismalari.com\/?p=5870"},"modified":"2025-05-25T07:08:30","modified_gmt":"2025-05-25T07:08:30","slug":"filistin-sorununun-dogru-degerlendirilmesi-bati-medyasi-ve-otekiler-correct-assessment-of-the-palestine-issue-the-western-media-and-the-other","status":"publish","type":"post","link":"https:\/\/guneydoguasyacalismalari.com\/tr_tr\/filistin-sorununun-dogru-degerlendirilmesi-bati-medyasi-ve-otekiler-correct-assessment-of-the-palestine-issue-the-western-media-and-the-other\/","title":{"rendered":"Filistin sorununun do\u011fru de\u011ferlendirilmesi: Bat\u0131 medyas\u0131 ve \u00f6tekiler! \/ Correct assessment of the Palestine issue: The Western media and the \u2018Other\u2019!"},"content":{"rendered":"\n<p><strong>Mehmet \u00d6zay &nbsp;&nbsp;&nbsp;&nbsp;&nbsp;&nbsp;&nbsp;&nbsp;&nbsp;&nbsp;&nbsp;&nbsp;&nbsp;&nbsp;&nbsp;&nbsp;&nbsp;&nbsp;&nbsp;&nbsp;&nbsp;&nbsp;&nbsp;&nbsp;&nbsp;&nbsp;&nbsp;&nbsp;&nbsp;&nbsp;&nbsp;&nbsp;&nbsp;&nbsp;&nbsp;&nbsp;&nbsp;&nbsp;&nbsp;&nbsp;&nbsp;&nbsp;&nbsp;&nbsp;&nbsp;&nbsp;&nbsp;&nbsp;&nbsp;&nbsp;&nbsp;&nbsp;&nbsp;&nbsp;&nbsp;&nbsp;&nbsp;&nbsp;&nbsp;&nbsp;&nbsp;&nbsp;&nbsp;&nbsp;&nbsp;&nbsp;&nbsp;&nbsp;&nbsp;&nbsp;&nbsp;&nbsp;&nbsp;&nbsp;&nbsp;&nbsp;&nbsp;&nbsp;&nbsp;&nbsp;&nbsp;&nbsp;&nbsp;&nbsp;&nbsp;&nbsp;&nbsp;&nbsp;&nbsp;&nbsp;&nbsp;&nbsp;&nbsp;&nbsp;&nbsp;&nbsp;&nbsp;&nbsp;&nbsp;&nbsp;&nbsp;&nbsp;&nbsp;&nbsp;&nbsp;&nbsp; &nbsp;&nbsp;&nbsp;&nbsp;&nbsp;&nbsp;25.05.2025<\/strong><\/p>\n\n\n\n<p>Filistin konusunda, ge\u00e7en g\u00fcn kaleme ald\u0131\u011f\u0131m yaz\u0131ya devam ediyorum.<\/p>\n\n\n\n<p>\u00d6nceki yaz\u0131da, Filistin\u2019de olan biten geli\u015fmelerin s\u00f6m\u00fcrgecilik ba\u011flam\u0131na g\u00f6nderme yap\u0131larak a\u00e7\u0131klanma gayretlerine ve bu ba\u011flamda neyin, nerede kaybedildi\u011fine vurgu anlam\u0131nda, Malay d\u00fcnyas\u0131nda s\u00f6m\u00fcrgecilik s\u00fcrecine k\u0131saca de\u011finmi\u015ftim.<\/p>\n\n\n\n<p>Bu yaz\u0131da ise, yine Filistin tart\u0131\u015fmalar\u0131nda ele\u015ftirel bir y\u00f6nelim olarak, \u2018Bat\u0131 Medyas\u0131\u2019na yap\u0131lan ele\u015ftiriler konusuna k\u0131saca de\u011finece\u011fim.<\/p>\n\n\n\n<p><strong>Yanl\u0131 bas\u0131n<\/strong><\/p>\n\n\n\n<p>Sadecek, 7 Ekim 2023 tarihinden bug\u00fcne kadar ya\u015fananlarla s\u0131n\u0131rl\u0131 olmayan aksine, Filistin konusunun g\u00fcndeme geldi\u011fi -diyelim ki, bir \u00f6nceki yaz\u0131da ortaya koydu\u011fum kronoloji \u0131\u015f\u0131\u011f\u0131nda de\u011ferlendirdi\u011fimizde, 1902\u2019den itibaren Bat\u0131 bas\u0131n\u0131n\u0131n Filistin konusunu i\u015fleyi\u015finde tarafl\u0131l\u0131\u011f\u0131n, yanl\u0131l\u0131\u011f\u0131n kendini ortaya koydu\u011funu s\u00f6ylemek yanl\u0131\u015f olmayacakt\u0131r.<\/p>\n\n\n\n<p>Bu anlamda, Bat\u0131 d\u00fcnyas\u0131nda yani, Avrupa ve Kuzey Amerika\u2019da yaz\u0131l\u0131, g\u00f6rsel, sosyal t\u00fcm formlar\u0131 ile medyan\u0131n Filistin\u2019e y\u00f6nelik s\u00f6ylemlerinde, tarafgirlikleri, \u00f6nyarg\u0131lar\u0131, gizli\/a\u00e7\u0131k ger\u00e7ekleri \u00f6rtbas edi\u015fleri vb. hususlar\u0131n, giderek daha fazla bir \u015fekilde g\u00fcndeme gelmesinin kendi i\u00e7inde anla\u015f\u0131l\u0131r bir yan\u0131 var.<\/p>\n\n\n\n<p>Nihayetinde, Filistin topraklar\u0131, bu topraklar\u0131, Yahudi yerle\u015fimcilere a\u00e7\u0131lmas\u0131, bu s\u00fcreci y\u00f6netenlerin temelde Siyonist ekibin olmas\u0131 vb. t\u00fcm\u00fc birden, Bat\u0131\u2019da bas\u0131n d\u00fcnyas\u0131ndan ba\u011f\u0131ms\u0131z de\u011fildir.<\/p>\n\n\n\n<p>Bir ba\u015fka ifadeyle s\u00f6ylemek gerekirse, Bat\u0131 \u00fclkelerinde, Avrupa ve Kuzey Amerika\u2019da yay\u0131nlanan \u00f6nde gelen bas\u0131n ayg\u0131tlar\u0131n\u0131n Filistin topraklar\u0131n\u0131, Yahudi yerle\u015fimine d\u00f6n\u00fc\u015ft\u00fcr\u00fclmesinde sa\u011flad\u0131\u011f\u0131 yumu\u015fak g\u00fc\u00e7 bug\u00fcn kendini \u00e7ok daha fazla hissettiriyor.<\/p>\n\n\n\n<p>Bunun, gayet pratik bir nedeni bulunuyor.<\/p>\n\n\n\n<p><strong>K\u00fcresel bir ayg\u0131t<\/strong><\/p>\n\n\n\n<p>Ge\u00e7mi\u015fte, bas\u0131n ve bas\u0131n\u0131n ula\u015ft\u0131\u011f\u0131 alanlar\u0131n s\u0131n\u0131rl\u0131l\u0131\u011f\u0131 ile g\u00fcn\u00fcm\u00fczde, -haddi zat\u0131nda, 1980\u2019lerden itibaren geli\u015fme g\u00f6steren k\u00fcreselle\u015fme aras\u0131nda bariz bir ayr\u0131\u015fma var.<\/p>\n\n\n\n<p>Bat\u0131 bas\u0131n\u0131, 1980 \u00f6ncesinde g\u00fc\u00e7l\u00fcyd\u00fc\u2026<\/p>\n\n\n\n<p>Ancak, 1980 sonras\u0131nda, daha da g\u00fc\u00e7l\u00fc hale geldi\u2026<\/p>\n\n\n\n<p>Filistin olgusunun g\u00fcndeme gelmeye ba\u015flad\u0131\u011f\u0131 y\u0131llara yani, 19. y\u00fczy\u0131l sonlar\u0131 ve 20. y\u00fczy\u0131l ba\u015flar\u0131na bak\u0131ld\u0131\u011f\u0131nda, Bat\u0131 bas\u0131n\u0131n\u0131n yine g\u00fc\u00e7l\u00fc oldu\u011fu g\u00f6r\u00fcl\u00fcr.<\/p>\n\n\n\n<p>\u00d6yle ki, 19. y\u00fczy\u0131l ortalar\u0131ndan itibaren s\u00f6m\u00fcrge topraklar\u0131ndan Avrupa ba\u015fkentlerine \u00e7ekilen denizalt\u0131 kablolar\u0131yla haber ak\u0131\u015f\u0131, kadar s\u00f6m\u00fcrge y\u00f6netimini de, pl\u00e2nlayan ve uygulayan bir \u2018akl\u0131n\u2019 varl\u0131\u011f\u0131 ve bunun hizmet etti\u011fi ya da bunun sonucu olan bas\u0131n\u0131n egemen yap\u0131s\u0131 da, bir vak\u0131a olarak ortadayd\u0131.<\/p>\n\n\n\n<p>Bug\u00fcne geldi\u011fimizde, bas\u0131n d\u00fcnyas\u0131n\u0131n d\u00fcnya \u00e7ap\u0131nda yayg\u0131nla\u015fmas\u0131 ve birka\u00e7 on y\u0131lda, d\u00fcnyan\u0131n \u00f6nemli bir b\u00f6l\u00fcm\u00fcn\u00fcn ad\u0131na, \u2018sosyal medya\u2019 denilen ayg\u0131tla ha\u015f\u0131r ne\u015firli\u011finin olu\u015fturdu\u011fu bir yo\u011funluk hi\u00e7 ku\u015fku yok ki, Filistin sorununun da, k\u00fcresel kamuoyuna aktar\u0131l\u0131\u015f ve t\u00fcketili\u015f bi\u00e7imlerinde belirleyici oldu ve olmaya devam ediyor.<\/p>\n\n\n\n<p>Bas\u0131n\u0131n ve \u00f6zellikle de, Bat\u0131 bas\u0131n\u0131yla ilgili bu durum ve de\u011ferlendirmenin, hi\u00e7 ku\u015fku yok ki, ya\u015fad\u0131\u011f\u0131m\u0131z d\u00f6nemde bas\u0131n\u0131n k\u00fcreselle\u015fmi\u015f boyutu ve etkisiyle, daha da \u00f6nem kazand\u0131\u011f\u0131 ve bu nedenle, ele\u015ftiriyi -hi\u00e7 ku\u015fku yok ki- hak etti\u011fi g\u00f6r\u00fcl\u00fcyor.<\/p>\n\n\n\n<p><strong>\u0130\u00e7erik ve zihniyet<\/strong><\/p>\n\n\n\n<p>Bunlara il\u00e2ve olarak, bas\u0131nla ilgili geli\u015fmelere dair \u015funu ifade etmekte yarar var\u2026<\/p>\n\n\n\n<p>Bas\u0131n kurumunun, kendine \u2018haber niteli\u011fi\u2019 oldu\u011fu iddias\u0131n\u0131 g\u00fcndeme getirmesiyle haber niteli\u011fi olan olgular\u0131 toparlama, bir araya getirmesiyle s\u0131n\u0131rl\u0131 olmayan bir boyutu bulunuyor.<\/p>\n\n\n\n<p>Bu boyut, elde edilen ham verinin i\u015flenmesi yani, analizi ve yorumlanmas\u0131yla haberin, kendisine ula\u015ft\u0131r\u0131ld\u0131\u011f\u0131 okuyucu \u00fczerindeki n\u00fcfuz alan\u0131n\u0131n gizli\/a\u00e7\u0131k tam da kendini olu\u015fturuyor.<\/p>\n\n\n\n<p>Bu durum, Bat\u0131\u2019da \u00fcretilen haberlerin konu, M\u00fcsl\u00fcman toplumu ilgilendiren hususiyetler oldu\u011funda sadece, Filistin meselesi ba\u011flam\u0131yla s\u0131n\u0131rl\u0131 olmayan aksine, belki de, t\u00fcm alanlara \u00f6zg\u00fc bir \u2018yap\u0131la\u015fmayla\u2019 kar\u015f\u0131m\u0131za \u00e7\u0131kt\u0131\u011f\u0131n\u0131 s\u00f6ylemek gerekir.<\/p>\n\n\n\n<p>Bunun yan\u0131 s\u0131ra, bas\u0131n denilen kurumsal yap\u0131n\u0131n, M\u00fcsl\u00fcman toplum \u00fcr\u00fcn\u00fc olmad\u0131\u011f\u0131, \u00fcst\u00fcne \u00fcstl\u00fck tarihsel kronolojik ba\u011flam dikkate al\u0131nd\u0131\u011f\u0131nda, epeyce ge\u00e7 denilebilecek bir zaman dilimi sonras\u0131nda, M\u00fcsl\u00fcman d\u00fcnyan\u0131n bas\u0131n denilen olguya yak\u0131nla\u015fmaya ba\u015flad\u0131\u011f\u0131n\u0131 tarihi bir veri olarak ortaya koymakta yarar var.<\/p>\n\n\n\n<p><strong>M\u00fcsl\u00fcman toplumlar ve bas\u0131n<\/strong><\/p>\n\n\n\n<p>Bu durum, kabaca ifade etmek gerekirse, 19. y\u00fczy\u0131l ortalar\u0131ndan itibaren, Fas\u2019dan Malay Tak\u0131madalar\u0131\u2019na de\u011fin, ad\u0131na M\u00fcsl\u00fcman co\u011frafya denilen b\u00fct\u00fcnde bas\u0131n\u0131n geli\u015fimi, hi\u00e7 ku\u015fku yok ki, Bat\u0131\u2019ya ba\u011f\u0131ml\u0131 bir s\u00fcrece tekab\u00fcl eder.<\/p>\n\n\n\n<p>M\u00fcsl\u00fcman toplumlar\u0131n yo\u011funlukta oldu\u011fu b\u00f6lgelerde gazete ve di\u011fer s\u00fcreli yay\u0131nlar\u0131n hayata ge\u00e7irili\u015finde dahi s\u00f6m\u00fcrge y\u00f6netimlerinin do\u011frudan veya dolayl\u0131 etkileri dikkat \u00e7eker.<\/p>\n\n\n\n<p>Bu durum, M\u00fcsl\u00fcman bireylerin ve kurumlar\u0131n, bas\u0131na ilgi g\u00f6stermedikleri anlam\u0131na gelmiyor. Bu konuda ele ald\u0131\u011f\u0131m\u0131z akademik \u00e7al\u0131\u015fmalara bak\u0131labilir.<\/p>\n\n\n\n<p>Bununla birlikte, M\u00fcsl\u00fcman toplumlar\u0131n haber kaynaklar\u0131 konusunda Bat\u0131 bas\u0131n evrenine ba\u011f\u0131ml\u0131l\u0131klar\u0131n\u0131n sadece, 19. y\u00fczy\u0131l ikinci yar\u0131s\u0131yla s\u0131n\u0131rl\u0131 oldu\u011funu s\u00f6ylemek g\u00fc\u00e7.<\/p>\n\n\n\n<p>Bug\u00fcn, bas\u0131n d\u00fcnyas\u0131n\u0131n tecr\u00fcbe etti\u011fi s\u00fcre\u00e7lere yak\u0131ndan ve dikkatlice bak\u0131ld\u0131\u011f\u0131nda, ad\u0131na M\u00fcsl\u00fcman denen bireylerin, gruplar\u0131n, kitlelerin \u00fcretti\u011fi ve t\u00fcketti\u011fi bas\u0131n \u00fcr\u00fcnlerinin merkezinde Bat\u0131 enformasyon \u00fcretiminin oldu\u011fu a\u00e7\u0131k\u00e7a g\u00f6r\u00fclecektir.<\/p>\n\n\n\n<p>Bu ba\u011f\u0131ml\u0131l\u0131\u011f\u0131n sadece \u2018teknik\u2019 ve \u2018teknolojik\u2019 boyutta olmad\u0131\u011f\u0131, i\u00e7erik, enformasyon ve nihayetinde, bilgi \u00fcretimine do\u011fru giden bir yap\u0131sall\u0131k boyutunda kendini ortaya koydu\u011funa ku\u015fku yoktur.<\/p>\n\n\n\n<p><strong>\u201c\u00d6teki\u201d bas\u0131n<\/strong><\/p>\n\n\n\n<p>Bas\u0131n\u0131n geli\u015fimine dair bu gayet k\u0131sa a\u00e7\u0131klama ile s\u00f6ylemek istedi\u011fim, M\u00fcsl\u00fcman d\u00fcnyada bas\u0131n\u0131n gizli\/a\u00e7\u0131k, bilin\u00e7li\/bilin\u00e7siz olarak, \u2018Bat\u0131 bas\u0131n\u0131\u2019n\u0131n uzant\u0131s\u0131 ve\/ya ba\u011f\u0131ml\u0131s\u0131 oldu\u011funu ortaya koymakt\u0131r.<\/p>\n\n\n\n<p>Bunu a\u015fma konusunda, yine tarihi s\u00fcre\u00e7te bir bilin\u00e7 has\u0131l olmu\u015f olsa da, bug\u00fcn dahi bunun \u00fcstesinden hakk\u0131yla gelinebildi\u011fini s\u00f6ylemek g\u00fc\u00e7.<\/p>\n\n\n\n<p>Yani\u2026<\/p>\n\n\n\n<p>Filistin konusunda Bat\u0131 medyas\u0131n\u0131n tutumu, sunumu, yakla\u015f\u0131m\u0131 ile g\u00fcndeme gelen ve getirilen ele\u015ftirilere odaklan\u0131l\u0131rken, halk\u0131n\u0131n kahir ekseriyetinin M\u00fcsl\u00fcman oldu\u011fu toplumlarda y\u00f6neticisinden muhabirine kadar \u00e7al\u0131\u015fanlar\u0131n\u0131n M\u00fcsl\u00fcman kimli\u011fini ta\u015f\u0131yan t\u00fcm vechesiyle bas\u0131n kurumlar\u0131n\u0131n, Filistin konusundaki sunumlar\u0131ndaki ger\u00e7eklik ele\u015ftirilmeye de\u011fer bir durum ta\u015f\u0131yor.<\/p>\n\n\n\n<p>Burada, Filistin konusunda bir t\u00fcr se\u00e7icili\u011fin olmad\u0131\u011f\u0131n\u0131 s\u00f6ylemek istemiyorum.<\/p>\n\n\n\n<p>Ancak, bu se\u00e7icili\u011fin bile sadece belirli ve bir anlamda, olan biten t\u00fcm k\u00fcresel geli\u015fmelerden ba\u011f\u0131ms\u0131zm\u0131\u015f gibi ele al\u0131nan Filistin gibi bir olguya hasredilerek ortaya konmas\u0131 bile kendi ba\u015f\u0131na bir sorun oldu\u011funa i\u015faret ediyor.<\/p>\n","protected":false},"excerpt":{"rendered":"<p>Mehmet \u00d6zay &nbsp;&nbsp;&nbsp;&nbsp;&nbsp;&nbsp;&nbsp;&nbsp;&nbsp;&nbsp;&nbsp;&nbsp;&nbsp;&nbsp;&nbsp;&nbsp;&nbsp;&nbsp;&nbsp;&nbsp;&nbsp;&nbsp;&nbsp;&nbsp;&nbsp;&nbsp;&nbsp;&nbsp;&nbsp;&nbsp;&nbsp;&nbsp;&nbsp;&nbsp;&nbsp;&nbsp;&nbsp;&nbsp;&nbsp;&nbsp;&nbsp;&nbsp;&nbsp;&nbsp;&nbsp;&nbsp;&nbsp;&nbsp;&nbsp;&nbsp;&nbsp;&nbsp;&nbsp;&nbsp;&nbsp;&nbsp;&nbsp;&nbsp;&nbsp;&nbsp;&nbsp;&nbsp;&nbsp;&nbsp;&nbsp;&nbsp;&nbsp;&nbsp;&nbsp;&nbsp;&nbsp;&nbsp;&nbsp;&nbsp;&nbsp;&nbsp;&nbsp;&nbsp;&nbsp;&nbsp;&nbsp;&nbsp;&nbsp;&nbsp;&nbsp;&nbsp;&nbsp;&nbsp;&nbsp;&nbsp;&nbsp;&nbsp;&nbsp;&nbsp;&nbsp;&nbsp;&nbsp;&nbsp;&nbsp;&nbsp;&nbsp;&nbsp;&nbsp;&nbsp;&nbsp;&nbsp; &nbsp;&nbsp;&nbsp;&nbsp;&nbsp;&nbsp;25.05.2025 Filistin konusunda, ge\u00e7en g\u00fcn kaleme ald\u0131\u011f\u0131m yaz\u0131ya devam ediyorum. \u00d6nceki yaz\u0131da, Filistin\u2019de olan biten geli\u015fmelerin s\u00f6m\u00fcrgecilik ba\u011flam\u0131na g\u00f6nderme yap\u0131larak a\u00e7\u0131klanma gayretlerine ve bu ba\u011flamda neyin, nerede kaybedildi\u011fine vurgu anlam\u0131nda, Malay d\u00fcnyas\u0131nda s\u00f6m\u00fcrgecilik s\u00fcrecine k\u0131saca de\u011finmi\u015ftim. Bu yaz\u0131da ise, yine Filistin tart\u0131\u015fmalar\u0131nda ele\u015ftirel bir y\u00f6nelim olarak, \u2018Bat\u0131 Medyas\u0131\u2019na yap\u0131lan ele\u015ftiriler konusuna k\u0131saca [&hellip;]<\/p>\n","protected":false},"author":3,"featured_media":5871,"comment_status":"open","ping_status":"open","sticky":false,"template":"","format":"standard","meta":{"footnotes":""},"categories":[6,71],"tags":[],"class_list":["post-5870","post","type-post","status-publish","format-standard","has-post-thumbnail","hentry","category-gunluk-yazilar","category-ortadogu"],"_links":{"self":[{"href":"https:\/\/guneydoguasyacalismalari.com\/tr_tr\/wp-json\/wp\/v2\/posts\/5870","targetHints":{"allow":["GET"]}}],"collection":[{"href":"https:\/\/guneydoguasyacalismalari.com\/tr_tr\/wp-json\/wp\/v2\/posts"}],"about":[{"href":"https:\/\/guneydoguasyacalismalari.com\/tr_tr\/wp-json\/wp\/v2\/types\/post"}],"author":[{"embeddable":true,"href":"https:\/\/guneydoguasyacalismalari.com\/tr_tr\/wp-json\/wp\/v2\/users\/3"}],"replies":[{"embeddable":true,"href":"https:\/\/guneydoguasyacalismalari.com\/tr_tr\/wp-json\/wp\/v2\/comments?post=5870"}],"version-history":[{"count":1,"href":"https:\/\/guneydoguasyacalismalari.com\/tr_tr\/wp-json\/wp\/v2\/posts\/5870\/revisions"}],"predecessor-version":[{"id":5872,"href":"https:\/\/guneydoguasyacalismalari.com\/tr_tr\/wp-json\/wp\/v2\/posts\/5870\/revisions\/5872"}],"wp:featuredmedia":[{"embeddable":true,"href":"https:\/\/guneydoguasyacalismalari.com\/tr_tr\/wp-json\/wp\/v2\/media\/5871"}],"wp:attachment":[{"href":"https:\/\/guneydoguasyacalismalari.com\/tr_tr\/wp-json\/wp\/v2\/media?parent=5870"}],"wp:term":[{"taxonomy":"category","embeddable":true,"href":"https:\/\/guneydoguasyacalismalari.com\/tr_tr\/wp-json\/wp\/v2\/categories?post=5870"},{"taxonomy":"post_tag","embeddable":true,"href":"https:\/\/guneydoguasyacalismalari.com\/tr_tr\/wp-json\/wp\/v2\/tags?post=5870"}],"curies":[{"name":"wp","href":"https:\/\/api.w.org\/{rel}","templated":true}]}}