{"id":5823,"date":"2025-04-29T14:26:26","date_gmt":"2025-04-29T14:26:26","guid":{"rendered":"https:\/\/guneydoguasyacalismalari.com\/?p=5823"},"modified":"2025-04-29T14:26:27","modified_gmt":"2025-04-29T14:26:27","slug":"trumpin-yuz-gunu-ve-kuresel-degisim-sinyali-100-days-of-trump-and-a-sign-of-global-change","status":"publish","type":"post","link":"https:\/\/guneydoguasyacalismalari.com\/tr_tr\/trumpin-yuz-gunu-ve-kuresel-degisim-sinyali-100-days-of-trump-and-a-sign-of-global-change\/","title":{"rendered":"Trump\u2019\u0131n y\u00fcz g\u00fcn\u00fc ve k\u00fcresel de\u011fi\u015fim sinyali \/ 100 days of Trump and a sign of global change"},"content":{"rendered":"\n<p><strong>Mehmet \u00d6zay &nbsp;&nbsp;&nbsp;&nbsp;&nbsp;&nbsp;&nbsp;&nbsp;&nbsp;&nbsp;&nbsp;&nbsp;&nbsp;&nbsp;&nbsp;&nbsp;&nbsp;&nbsp;&nbsp;&nbsp;&nbsp;&nbsp;&nbsp;&nbsp;&nbsp;&nbsp;&nbsp;&nbsp;&nbsp;&nbsp;&nbsp;&nbsp;&nbsp;&nbsp;&nbsp;&nbsp;&nbsp;&nbsp;&nbsp;&nbsp;&nbsp;&nbsp;&nbsp;&nbsp;&nbsp;&nbsp;&nbsp;&nbsp;&nbsp;&nbsp;&nbsp;&nbsp;&nbsp;&nbsp;&nbsp;&nbsp;&nbsp;&nbsp;&nbsp;&nbsp;&nbsp;&nbsp;&nbsp;&nbsp;&nbsp;&nbsp;&nbsp;&nbsp;&nbsp;&nbsp;&nbsp;&nbsp;&nbsp;&nbsp;&nbsp;&nbsp;&nbsp;&nbsp;&nbsp;&nbsp;&nbsp;&nbsp;&nbsp;&nbsp;&nbsp;&nbsp;&nbsp;&nbsp;&nbsp;&nbsp;&nbsp;&nbsp;&nbsp;&nbsp;&nbsp;&nbsp;&nbsp;&nbsp;&nbsp;&nbsp;&nbsp;&nbsp;&nbsp;&nbsp; &nbsp;&nbsp;&nbsp;29.04.2025<\/strong><\/p>\n\n\n\n<p>Bug\u00fcn, ABD\u2019de ba\u015fkan Trump\u2019\u0131n ikinci ba\u015fkanl\u0131k s\u00fcrecinin y\u00fcz\u00fcnc\u00fc g\u00fcn\u00fc&#8230;<\/p>\n\n\n\n<p>\u2018Y\u00fcz g\u00fcn\u2019 olgusu, ABD\u2019yi y\u00f6neten ba\u015fkan Donald Trump\u2019\u0131n, i\u00e7 ve d\u0131\u015f politikalar\u0131n\u0131n uzmanlarca kapsaml\u0131 olarak ele al\u0131nmas\u0131na vesile oluyor.<\/p>\n\n\n\n<p>Ge\u00e7en s\u00fcre zarf\u0131nda, ABD i\u00e7 ve d\u0131\u015f politikas\u0131 \u00f6nemli geli\u015fmeler konu olsa da, herhalde Trump\u2019\u0131n uygulamaya koydu\u011fu politikalarla, daha \u00e7ok k\u00fcresel \u00e7apta olu\u015fturdu\u011fu tepkilerin, ba\u015fta ekonomi ve ticaret alan\u0131n\u0131 ilgilendiren -yani, g\u00fcmr\u00fck vergilerinin art\u0131r\u0131lmas\u0131na y\u00f6nelik- politikalar\u0131 oldu\u011funu s\u00f6ylemek yanl\u0131\u015f olmayacakt\u0131r.<\/p>\n\n\n\n<p>Radikal s\u0131fat\u0131yla an\u0131lmay\u0131 hak eden bu ticaret politikas\u0131, Do\u011fu\u2019dan Bat\u0131\u2019ya d\u00fcnya genelinde sadece, ekonomi ve ticaret alan\u0131nda de\u011fil, bunlar\u0131n d\u0131\u015f\u0131nda, tek tek ulus-devletlere ve k\u00fcresel siyasete etkileri, bug\u00fcne kadar g\u00f6r\u00fclmemi\u015f denilebilecek bir boyutta kar\u015f\u0131l\u0131k buluyor.<\/p>\n\n\n\n<p><strong>Y\u00fcz g\u00fcn ve devr-i alem!<\/strong><\/p>\n\n\n\n<p>Bu durum, bize \u201cy\u00fcz g\u00fcnde devr-i alem\u201d adl\u0131 \u2018seyahat\u2019 kitab\u0131n\u0131 hat\u0131rlat\u0131rken, Trump politikalar\u0131n\u0131n y\u00fcz g\u00fcnl\u00fck performans\u0131nda d\u00fcnyan\u0131n ucu buca\u011f\u0131n\u0131 birbirine katan bir k\u00fcresel etkiyle an\u0131lmay\u0131 hak ediyor.<\/p>\n\n\n\n<p>Ya\u015fanan k\u00fcresel ekonomi ve siyaset y\u00f6netimi, hi\u00e7 ku\u015fku yok ki, birka\u00e7 on y\u0131ld\u0131r g\u00fcndemde olan ve toplumun daha \u00e7ok akademi, entellekt\u00fcel, i\u015f d\u00fcnyas\u0131 vb. gibi alan ve ilgililerini ilgilendiren post-modern d\u00f6nemin belirsizliklerinin giderek g\u00fcnl\u00fck ya\u015fama i\u00e7kin olacak bir yap\u0131 kazand\u0131\u011f\u0131n\u0131 ortaya koyuyor.<\/p>\n\n\n\n<p>Trump politikalar\u0131n\u0131n belki de, -\u015fu ana kadar olu\u015fan- en ac\u0131mas\u0131z sonu\u00e7lar\u0131, s\u0131radan bireylerin g\u00fcndelik ya\u015famlar\u0131nda \u201cbelirsizlik\u201d olgusuyla \u00e7ok\u00e7a y\u00fczle\u015fmelerinde ka\u00e7\u0131n\u0131lmaz bir ger\u00e7eklik halini alm\u0131\u015f g\u00f6z\u00fck\u00fcyor.<\/p>\n\n\n\n<p><strong>Hizaya \u00e7ekmek<\/strong><\/p>\n\n\n\n<p>Trump\u2019\u0131n, ba\u015fkanl\u0131k koltu\u011funa oturdu\u011fu 20 Ocak\u2019ta Meksika ve Kanada\u2019y\u0131 hedef alan g\u00fcmr\u00fck tariflerinin yenilenmesinden ba\u015flayan ve giderek, m\u00fcttefik ve \u2018rakip\u2019 ayr\u0131m\u0131 g\u00f6zetmeksizin, d\u00fcnyan\u0131n belli ba\u015fl\u0131 ulus-deletlerini hedef alan benzer politikas\u0131n\u0131 sadece, ekonomi ve ticaret alan\u0131n\u0131 etkileyen ve bununla s\u0131n\u0131rl\u0131 bir geli\u015fme kabul etmek m\u00fcmk\u00fcn de\u011fildir.<\/p>\n\n\n\n<p>Trump, zaten ge\u00e7en y\u0131l Kas\u0131m ay\u0131 se\u00e7imleri \u00f6ncesinde, b\u00f6ylesi bir politika y\u00fcr\u00fctece\u011fini zaten beyan etmi\u015fti. Ancak, se\u00e7imi kazanmama ihtimalini y\u00fcksek g\u00f6ren kesimler i\u00e7in, se\u00e7im sonras\u0131 geli\u015fmelere hi\u00e7 ku\u015fku yok ki, b\u00fcy\u00fck bir s\u00fcrpriz anlam\u0131na geliyordu.<\/p>\n\n\n\n<p>Trump ve y\u00f6netiminin hedefinde, \u201c\u00d6nce Amerika\u201d olmas\u0131n\u0131n anla\u015f\u0131labilir yan\u0131 oldu\u011funu, daha \u00f6nce kaleme ald\u0131\u011f\u0131m yaz\u0131larda dile getirmi\u015ftim&#8230;<\/p>\n\n\n\n<p>Bu yakla\u015f\u0131m\u0131, Amerika\u2019da \u00e7ok\u00e7a dillendirilen ve kullan\u0131lan ifadesiyle, \u2018yurtsever (<em>patriotic<\/em>) bir tutumun do\u011frudan yans\u0131mas\u0131 kabul edip Amerikan kamuoyuna y\u00f6nelik psikolojik g\u00fcven tesisi olarak da yorumlamak m\u00fcmk\u00fcn.<\/p>\n\n\n\n<p><strong>Yeni bir ekonomi-politik<\/strong><\/p>\n\n\n\n<p>Trump y\u00f6netiminin ilk y\u00fcz g\u00fcnl\u00fck icraatlar\u0131n\u0131n, Amerikan toplumunu yeniden vars\u0131l k\u0131lman\u0131n d\u0131\u015f\u0131nda ve \u00f6tesinde bir geli\u015fmeyle k\u00fcresel toplumun y\u00fcz y\u00fcze kald\u0131\u011f\u0131 anla\u015f\u0131l\u0131yor.<\/p>\n\n\n\n<p>Trump y\u00f6netiminin k\u00fcreseli \u015fok\u2019a u\u011fratan ticaret politikas\u0131n\u0131n, bir t\u00fcr Trump\u2019a \u00f6zg\u00fc deli\u015fken politikalar diye k\u00fc\u00e7\u00fcmsemez ve s\u0131radanla\u015ft\u0131rmazsak, olan bitenin, 21. y\u00fczy\u0131l\u0131n ilk \u00e7eyre\u011finin bitmekte oldu\u011fu bir d\u00f6nemde, yeni bir ekonomi-politik sistemin kurulmakta oldu\u011funa y\u00f6nelik bir i\u015faret kabul etmek abart\u0131 olmayacakt\u0131r. &nbsp;&nbsp;<\/p>\n\n\n\n<p>Ve bu y\u00f6nelimde, Trump b\u00fcy\u00fck bir \u00f6zg\u00fcvenle tarihte ortaya \u00e7\u0131kan \u2018b\u00fcy\u00fck devlet adamlar\u0131\u2019 profilini kendinde g\u00f6rd\u00fc\u011f\u00fcn\u00fc her haliyle ortaya koyuyor&#8230;<\/p>\n\n\n\n<p>Trump\u2019un bu tutumunu, a\u015fa\u011f\u0131l\u0131k kompleksinden ne\u015fet eden ve bir s\u00fcreli\u011fine varl\u0131k s\u00fcrecek bir geli\u015fme olarak g\u00f6rmek m\u00fcmk\u00fcn.<\/p>\n\n\n\n<p>Ancak, \u00f6n\u00fcm\u00fczdeki s\u00fcre\u00e7te Trump politikalar\u0131n\u0131n ivme kazanarak g\u00fc\u00e7l\u00fc bir zemin tutmas\u0131 kar\u015f\u0131s\u0131nda ve de genel bir k\u00fcresel kabul\u00fcn olu\u015fmas\u0131yla kal\u0131c\u0131 ve belirleyici bir ger\u00e7eklik halini alacak ekonomi politik yap\u0131la\u015fmayla kar\u015f\u0131la\u015f\u0131lmas\u0131 halinde Trump ad\u0131, tarihteki \u2018b\u00fcy\u00fck devlet adamlar\u0131\u2019 s\u0131n\u0131flamas\u0131na dahil edilecektir.<\/p>\n\n\n\n<p><strong>Bir benzerlik! &nbsp;<\/strong><\/p>\n\n\n\n<p>Trump ve y\u00f6netiminin y\u00fcz g\u00fcnl\u00fck icraat\u0131yla ortaya koydu\u011fu geli\u015fme, 2001 Eyl\u00fcl\u2019\u00fcnde sadece, Amerikan devleti ve toplumunu de\u011fil, k\u00fcresel sistemi ve toplumu sarsan geli\u015fmelerin ard\u0131ndan, \u201cd\u00fcnyan\u0131n eskisi gibi olmayaca\u011f\u0131n\u0131\u201d dillendiren o\u011ful Bush\u2019un politikalar\u0131n\u0131n olu\u015fturdu\u011fu siyasal tutum ve eylemleriyle kar\u015f\u0131la\u015ft\u0131rmak m\u00fcmk\u00fcn.<\/p>\n\n\n\n<p>O d\u00f6nem, g\u00fcvenlik eksenli hareket eden Amerikan y\u00f6netimi, bug\u00fcn g\u00fcvenli\u011fi de i\u00e7ine alacak \u015fekilde, \u00e7ok daha b\u00fcy\u00fck bir platformda ekonomi-politi\u011fi yeniden in\u015fa etmeye giri\u015fmi\u015f durumda.<\/p>\n\n\n\n<p>Bush politikalar\u0131 \u2018bizdensiniz ya da de\u011filsiniz\u2019 kutuplulu\u011fuyla k\u00fcresel etkisini a\u00e7\u0131k se\u00e7ik ortaya koymu\u015ftu&#8230;<\/p>\n\n\n\n<p>Aradan ge\u00e7en 24 y\u0131ll\u0131k s\u00fcre sonras\u0131nda, o g\u00fcn \u2018radikal\u2019 kabul edilen Bush politikalar\u0131n\u0131n -hedefine ald\u0131\u011f\u0131, -dini-k\u00fclt\u00fcrel-medeniyetsel toplumlar\u0131n bug\u00fcn geldi\u011fi nokta dikkate al\u0131nacak olursa- sonu\u00e7lar\u0131n\u0131n bug\u00fcn al\u0131nm\u0131\u015f oldu\u011funu s\u00f6ylemek yanl\u0131\u015f olmayacakt\u0131r&#8230;<\/p>\n\n\n\n<p>Bug\u00fcn ise&#8230;<\/p>\n\n\n\n<p>Beyaz Saray\u2019da oturan Trump\u2019\u0131n ticaret politikalar\u0131 hususunda, ABD\u2019nin a\u00e7\u0131k m\u00fcttefiki veya ABD\u2019nin ba\u015f\u0131n\u0131 \u00e7ekti\u011fi Bat\u0131 kapitalist sisteme kas\u0131tl\u0131 ve bilin\u00e7li olarak akredite olmu\u015f Japonya ve Singapur gibi \u00fclkelerin siyasal temsilcileri ve siyasal ak\u0131llar\u0131n\u0131n ortaya koydu\u011fu \u00fczere, yeni bir ekonomi ve de politik yap\u0131lanma kendini ortaya koyuyor.<\/p>\n\n\n\n<p>Bu \u00fclkeleri, Trump y\u00f6netiminin ticaret politikalar\u0131n\u0131n \u00f6zellikle, 2 Nisan\u2019da g\u00fcncellenen boyutuyla sadece, piyasalar\u0131n tedirginli\u011fi vs. gibisinden bug\u00fcnden yar\u0131na de\u011fi\u015febilecek geli\u015fmeler yerine, \u00e7ok daha k\u00f6kl\u00fc de\u011fi\u015fimlerin gelmekte oldu\u011fu d\u00fc\u015f\u00fcncesinin yerle\u015fti\u011fini s\u00f6ylemek abart\u0131 olmayacakt\u0131r.<\/p>\n\n\n\n<p>Japonya ve Singapur\u2019u \u00f6rnek vermemiz s\u0131radan kabul edilmemelidir&#8230;<\/p>\n\n\n\n<p>Bir tekrar olmak \u00fczere, k\u00fcresel kapitalizmin Asya-Pasifik b\u00f6lgesindeki en \u00f6nemli temsilcileri ve kat\u0131l\u0131mc\u0131lar\u0131 olan bu iki \u00fclkenin, -ve bunlara eklemlenebilecek di\u011fer b\u00f6lge \u00fclkelerinin-, ABD\u2019den ba\u011f\u0131ms\u0131z olu\u015fmas\u0131 -en az\u0131ndan bu g\u00fcnk\u00fc ko\u015fullarda, pek de m\u00fcmk\u00fcn olmayan geli\u015fmelerini alg\u0131lamlar\u0131, bu alg\u0131lar\u0131n prati\u011fe ge\u00e7meye ba\u015flayan boyutlar\u0131 \u00fczerinde fikir jimnasti\u011finde bulunmalar\u0131, temelde siyasal bir varolu\u015fsal sorunun ortada oldu\u011funu g\u00f6steriyor.<\/p>\n","protected":false},"excerpt":{"rendered":"<p>Mehmet \u00d6zay &nbsp;&nbsp;&nbsp;&nbsp;&nbsp;&nbsp;&nbsp;&nbsp;&nbsp;&nbsp;&nbsp;&nbsp;&nbsp;&nbsp;&nbsp;&nbsp;&nbsp;&nbsp;&nbsp;&nbsp;&nbsp;&nbsp;&nbsp;&nbsp;&nbsp;&nbsp;&nbsp;&nbsp;&nbsp;&nbsp;&nbsp;&nbsp;&nbsp;&nbsp;&nbsp;&nbsp;&nbsp;&nbsp;&nbsp;&nbsp;&nbsp;&nbsp;&nbsp;&nbsp;&nbsp;&nbsp;&nbsp;&nbsp;&nbsp;&nbsp;&nbsp;&nbsp;&nbsp;&nbsp;&nbsp;&nbsp;&nbsp;&nbsp;&nbsp;&nbsp;&nbsp;&nbsp;&nbsp;&nbsp;&nbsp;&nbsp;&nbsp;&nbsp;&nbsp;&nbsp;&nbsp;&nbsp;&nbsp;&nbsp;&nbsp;&nbsp;&nbsp;&nbsp;&nbsp;&nbsp;&nbsp;&nbsp;&nbsp;&nbsp;&nbsp;&nbsp;&nbsp;&nbsp;&nbsp;&nbsp;&nbsp;&nbsp;&nbsp;&nbsp;&nbsp;&nbsp;&nbsp;&nbsp;&nbsp;&nbsp;&nbsp;&nbsp;&nbsp;&nbsp; &nbsp;&nbsp;&nbsp;29.04.2025 Bug\u00fcn, ABD\u2019de ba\u015fkan Trump\u2019\u0131n ikinci ba\u015fkanl\u0131k s\u00fcrecinin y\u00fcz\u00fcnc\u00fc g\u00fcn\u00fc&#8230; \u2018Y\u00fcz g\u00fcn\u2019 olgusu, ABD\u2019yi y\u00f6neten ba\u015fkan Donald Trump\u2019\u0131n, i\u00e7 ve d\u0131\u015f politikalar\u0131n\u0131n uzmanlarca kapsaml\u0131 olarak ele al\u0131nmas\u0131na vesile oluyor. Ge\u00e7en s\u00fcre zarf\u0131nda, ABD i\u00e7 ve d\u0131\u015f politikas\u0131 \u00f6nemli geli\u015fmeler konu olsa da, herhalde Trump\u2019\u0131n uygulamaya koydu\u011fu politikalarla, daha \u00e7ok k\u00fcresel \u00e7apta olu\u015fturdu\u011fu [&hellip;]<\/p>\n","protected":false},"author":3,"featured_media":5824,"comment_status":"open","ping_status":"open","sticky":false,"template":"","format":"standard","meta":{"footnotes":""},"categories":[9,6],"tags":[],"class_list":["post-5823","post","type-post","status-publish","format-standard","has-post-thumbnail","hentry","category-asya-pasifik","category-gunluk-yazilar"],"_links":{"self":[{"href":"https:\/\/guneydoguasyacalismalari.com\/tr_tr\/wp-json\/wp\/v2\/posts\/5823","targetHints":{"allow":["GET"]}}],"collection":[{"href":"https:\/\/guneydoguasyacalismalari.com\/tr_tr\/wp-json\/wp\/v2\/posts"}],"about":[{"href":"https:\/\/guneydoguasyacalismalari.com\/tr_tr\/wp-json\/wp\/v2\/types\/post"}],"author":[{"embeddable":true,"href":"https:\/\/guneydoguasyacalismalari.com\/tr_tr\/wp-json\/wp\/v2\/users\/3"}],"replies":[{"embeddable":true,"href":"https:\/\/guneydoguasyacalismalari.com\/tr_tr\/wp-json\/wp\/v2\/comments?post=5823"}],"version-history":[{"count":1,"href":"https:\/\/guneydoguasyacalismalari.com\/tr_tr\/wp-json\/wp\/v2\/posts\/5823\/revisions"}],"predecessor-version":[{"id":5825,"href":"https:\/\/guneydoguasyacalismalari.com\/tr_tr\/wp-json\/wp\/v2\/posts\/5823\/revisions\/5825"}],"wp:featuredmedia":[{"embeddable":true,"href":"https:\/\/guneydoguasyacalismalari.com\/tr_tr\/wp-json\/wp\/v2\/media\/5824"}],"wp:attachment":[{"href":"https:\/\/guneydoguasyacalismalari.com\/tr_tr\/wp-json\/wp\/v2\/media?parent=5823"}],"wp:term":[{"taxonomy":"category","embeddable":true,"href":"https:\/\/guneydoguasyacalismalari.com\/tr_tr\/wp-json\/wp\/v2\/categories?post=5823"},{"taxonomy":"post_tag","embeddable":true,"href":"https:\/\/guneydoguasyacalismalari.com\/tr_tr\/wp-json\/wp\/v2\/tags?post=5823"}],"curies":[{"name":"wp","href":"https:\/\/api.w.org\/{rel}","templated":true}]}}