{"id":5630,"date":"2025-01-07T15:35:57","date_gmt":"2025-01-07T15:35:57","guid":{"rendered":"https:\/\/guneydoguasyacalismalari.com\/?p=5630"},"modified":"2025-01-07T15:35:57","modified_gmt":"2025-01-07T15:35:57","slug":"trumpin-si-cinpingi-daveti-ne-anlam-ifade-ediyor-what-does-trumps-invitation-to-xi-jinping-mean","status":"publish","type":"post","link":"https:\/\/guneydoguasyacalismalari.com\/tr_tr\/trumpin-si-cinpingi-daveti-ne-anlam-ifade-ediyor-what-does-trumps-invitation-to-xi-jinping-mean\/","title":{"rendered":"Trump\u2019\u0131n \u015ei Cinping\u2019i daveti ne anlam ifade ediyor? \/ What does Trump&#8217;s invitation to Xi Jinping mean?"},"content":{"rendered":"\n<p><strong>Mehmet \u00d6zay &nbsp;&nbsp;&nbsp;&nbsp;&nbsp;&nbsp;&nbsp;&nbsp;&nbsp;&nbsp;&nbsp;&nbsp;&nbsp;&nbsp;&nbsp;&nbsp;&nbsp;&nbsp;&nbsp;&nbsp;&nbsp;&nbsp;&nbsp;&nbsp;&nbsp;&nbsp;&nbsp;&nbsp;&nbsp;&nbsp;&nbsp;&nbsp;&nbsp;&nbsp;&nbsp;&nbsp;&nbsp;&nbsp;&nbsp;&nbsp;&nbsp;&nbsp;&nbsp;&nbsp;&nbsp;&nbsp;&nbsp;&nbsp;&nbsp;&nbsp;&nbsp;&nbsp;&nbsp;&nbsp;&nbsp;&nbsp;&nbsp;&nbsp;&nbsp;&nbsp;&nbsp;&nbsp;&nbsp;&nbsp;&nbsp;&nbsp;&nbsp;&nbsp;&nbsp;&nbsp;&nbsp;&nbsp;&nbsp;&nbsp;&nbsp;&nbsp;&nbsp;&nbsp;&nbsp;&nbsp;&nbsp;&nbsp;&nbsp;&nbsp;&nbsp;&nbsp;&nbsp;&nbsp;&nbsp;&nbsp;&nbsp;&nbsp;&nbsp;&nbsp;&nbsp;&nbsp;&nbsp;&nbsp;&nbsp;&nbsp;&nbsp;&nbsp;&nbsp;&nbsp;&nbsp;&nbsp; 01.07.2025<\/strong><\/p>\n\n\n\n<p>Donald Trump\u2019\u0131n 20 Ocak t\u00f6renine \u015ei Cinping\u2019i daveti ne denli anlaml\u0131?<\/p>\n\n\n\n<p>Bu husus, bug\u00fcnlerde \u00c7in\u2019de konu\u015fulan konular\u0131n en ba\u015f\u0131nda geliyor ve davetin g\u00fcndeme gelmesinden bu yana tart\u0131\u015f\u0131lan birkonu.<\/p>\n\n\n\n<p>S\u00f6z konusu bu davetin ve vermek istedi\u011fi mesaj\u0131n sadece iki \u00fcke ili\u015fkileri a\u00e7\u0131s\u0131ndan \u00f6nem arz etmekle kalm\u0131yor.<\/p>\n\n\n\n<p>Bunun yan\u0131 s\u0131ra, ba\u015fta Do\u011fu ve G\u00fcney \u00c7in Denizi\u2019ni \u00e7evreleyen \u00fclkeler i\u00e7in dikkate de\u011fer bir geli\u015fme olarak ele al\u0131nmay\u0131 hak ediyor.<\/p>\n\n\n\n<p><strong>Tarihde vard\u0131<\/strong><\/p>\n\n\n\n<p>Tarihin de\u011fi\u015fik evrelerinde farkl\u0131 co\u011frafyalarda, farkl\u0131 dini-k\u00fclt\u00fcrel yap\u0131lar\u0131 temsil eden devletlerin ba\u015f\u0131na ge\u00e7en h\u00fck\u00fcmdarlar bu geli\u015fmeyi, \u2018d\u00fcnya aleme\u2019 il\u00e2n etmeyi, egemenliklerinin tan\u0131nmas\u0131 ve peki\u015fmesi ba\u011flam\u0131nda siyasal bir zorunluluk addederken, kendilerine yak\u0131n bildikleri devletlerden el\u00e7ilerin \u00f6zellikle de, h\u00fck\u00fcmdar ailesine mensup bireylerin davetleri de bir bayram atmosferinin ortaya \u00e7\u0131kmas\u0131na neden olan geli\u015fmelerdi.<\/p>\n\n\n\n<p>Bug\u00fcn, 21. y\u00fczy\u0131l siyasal ger\u00e7ekli\u011finde, benzer geli\u015fmelere nadir de olsa rastlan\u0131rken, b\u00f6ylesi davetler genelde tan\u0131d\u0131k, bildik kom\u015fu devletlerle s\u0131n\u0131rl\u0131 bir yap\u0131 arz etti\u011fini s\u00f6ylemek yanl\u0131\u015f olmayacakt\u0131r.<\/p>\n\n\n\n<p><strong>\u0130kircikli durum<\/strong><\/p>\n\n\n\n<p>Donald Trump, ikinci ba\u015fkanl\u0131k s\u00fcrecine ba\u015flayaca\u011f\u0131 20 Ocak g\u00fcn\u00fc yap\u0131lacak t\u00f6rene, \u00c7in Devlet Ba\u015fkan\u0131 \u015ei Cinping\u2019i daveti, \u2018\u00e7eli\u015fkilerle dolu karakteri ve ifadeleriyle\u2019 tan\u0131nan Trump\u2019\u0131n, bu davetten ne kast etti\u011finin iyi anla\u015f\u0131lmas\u0131n\u0131 gerektiriyor.<\/p>\n\n\n\n<p>Ancak g\u00f6zlenen o ki, temelde \u00f6nemine ku\u015fku olmayan bu davetin, muhatap\u0131 taraf\u0131ndan dikkate al\u0131nabilmesi \u00f6n\u00fcndeki engelleri olu\u015fturan\u0131n da bizatihi Trump\u2019\u0131n kendisi olmas\u0131 ikircikli bir durumun ortaya \u00e7\u0131kmas\u0131na neden oluyor.<\/p>\n\n\n\n<p>Bu \u00e7eli\u015fkinin kronolojik olarak en g\u00f6r\u00fcn\u00fcr yan\u0131nda, Trump\u2019\u0131n, ba\u015fkanl\u0131k se\u00e7imi \u00f6ncesi kampanya s\u00fcrecinde, ABD\u2019nin en \u00f6nemli rakibinin \u00c7in oldu\u011fu ve d\u0131\u015f politika\u2019da \u00f6nceli\u011fin, bunun \u00fczerine in\u015fa edilece\u011fine a\u00e7\u0131k\u00e7a vurgu yapmas\u0131 bulunuyordu.<\/p>\n\n\n\n<p>Bunu, se\u00e7im rekabetini kazanmas\u0131n\u0131n ard\u0131ndan olu\u015fturdu\u011fu h\u00fck\u00fcmet \u00fcyelerini yani, kabine mensuplar\u0131n\u0131 se\u00e7iminde \u00c7in ba\u015fta olmak \u00fczere d\u00fcnyan\u0131n \u00f6nemli g\u00fc\u00e7 odaklar\u0131yla rekabet\u00e7i, hatta \u00e7at\u0131\u015fmac\u0131 bir e\u011filimin ortaya \u00e7\u0131kaca\u011f\u0131 izlenimi uyand\u0131ran isimleri bar\u0131nd\u0131rmas\u0131 ile peki\u015ftirme yoluna gitti.<\/p>\n\n\n\n<p>Trump\u2019un 17 Aral\u0131k\u2019ta yapt\u0131\u011f\u0131 davetin \u015fa\u015fk\u0131nl\u0131k uyand\u0131rmas\u0131 temelde bu sebeplere dayand\u0131\u011f\u0131n\u0131 s\u00f6yleyebiliriz.<\/p>\n\n\n\n<p><strong>Yenilik\u00e7i tutum<\/strong><\/p>\n\n\n\n<p>Yukar\u0131da dikkat \u00e7ekilen durumun d\u0131\u015f\u0131nda ve \u00f6tesinde, Trump\u2019\u0131n ABD\u2019nin en \u00f6nemli rakibi olarak g\u00f6rd\u00fc\u011f\u00fc \u00c7in\u2019in devlet ba\u015fkan\u0131na yapt\u0131\u011f\u0131 daveti, k\u00fcresel siyasette yenilik\u00e7i bir yakla\u015f\u0131m olarak g\u00f6rmek de m\u00fcmk\u00fcn.<\/p>\n\n\n\n<p>Ayn\u0131 davet s\u00f6ylemi i\u00e7erisinde yer alan, \u201c&#8230; d\u00fcnya meselelerini birlikte halledelim\u201d anlam\u0131na gelen ve resmi davetin i\u00e7eri\u011fine do\u011frudan g\u00f6nderme yapan boyutu da, davetin bizatihi kendisi kadar \u015fa\u015f\u0131rt\u0131c\u0131yd\u0131.<\/p>\n\n\n\n<p>Asl\u0131nda, tam da bu durum yani, d\u00fcn\u00fc ve bug\u00fcn\u00fc birbirine uymayan bir Trump siyasal tavr\u0131 ve s\u00f6yleminin \u00f6zellikle, uluslararas\u0131 ili\u015fkilerde d\u00fczen ve istikrar aray\u0131\u015flar\u0131n\u0131n hi\u00e7 ku\u015fku yok ki, \u00f6nce lider oldu\u011fu iddias\u0131ndaki siyaset\u00e7ilerin s\u00f6ylemlerinde ortaya \u00e7\u0131kmas\u0131 gerekti\u011fi konusundaki temel kuralla \u00e7eli\u015fiyor.<\/p>\n\n\n\n<p>D\u00fcnya meselelerinin \u00c7in\u2019le birlikte halli konusunun Trump taraf\u0131ndan seslendirilmesini, asl\u0131nda, olumlu bir geli\u015fme olarak g\u00f6rmek gerekir.<\/p>\n\n\n\n<p><strong>\u0130nsanl\u0131\u011f\u0131n gelece\u011fi<\/strong><\/p>\n\n\n\n<p>Bununla birlikte, Trump\u2019un b\u00f6ylesi bir politikan\u0131n mucidin oldu\u011funu s\u00f6ylemek pek m\u00fcmk\u00fcn g\u00f6z\u00fckm\u00fcyor.<\/p>\n\n\n\n<p>\u00d6rne\u011fin, 2024 y\u0131l\u0131 Eyl\u00fcl ay\u0131nda d\u00f6nemin, \u00c7in Halk Ordusu komuta kadrosunun \u00f6nemli isimlerinden ve Askeri Bilimler Akademisi eski ba\u015fkan yard\u0131mc\u0131s\u0131 General He Lei, yapt\u0131\u011f\u0131 a\u00e7\u0131klamada, \u201crisklerin y\u00f6netimi\u201d kavramsalla\u015ft\u0131rmas\u0131yla tam da, bu konuyu g\u00fcndeme ta\u015f\u0131m\u0131\u015ft\u0131.<\/p>\n\n\n\n<p>Lei, a\u00e7\u0131klamas\u0131nda \u201c\u00c7in ve ABD\u2019nin g\u00fcn\u00fcm\u00fcz d\u00fcnyas\u0131n\u0131n \u00f6nemli g\u00fc\u00e7leri\u201d oldu\u011funu s\u00f6ylemi\u015f ve bu iki g\u00fcc\u00fcn ili\u015fkilerinin, \u201cinsanl\u0131\u011f\u0131n gelece\u011fini belirleyece\u011fini\u201d ifade etmi\u015fti.<\/p>\n\n\n\n<p>Bir t\u00fcr abart\u0131n\u0131n da olmad\u0131\u011f\u0131 s\u00f6ylenemeyecek olan bu ifadenin en az\u0131ndan bug\u00fcnk\u00fc g\u00f6r\u00fcn\u00fcr ve hissedilir tehditlerin ve bunlar\u0131n yak\u0131n gelece\u011fi yapt\u0131\u011f\u0131 projeksiyon noktas\u0131nda bu iki g\u00fcc\u00fcn ili\u015fkilerinin yap\u0131c\u0131l\u0131\u011f\u0131na ku\u015fku bulunmuyor. &nbsp;<\/p>\n\n\n\n<p>Bug\u00fcne geldi\u011fimizde, Trump\u2019\u0131n yukar\u0131da dile getirilen davetten kast\u0131n\u0131n, bu d\u00fc\u015f\u00fcnce yap\u0131s\u0131na denk gelmesi bir tesad\u00fcf olmasa gerek&#8230;<\/p>\n\n\n\n<p>\u00c7inden ge\u00e7en y\u0131l gelen mesaj\u0131n yan\u0131 s\u0131ra, Trump\u2019\u0131n davet konusunda kapsaml\u0131 bir siyaset d\u00fc\u015f\u00fcncesi var ise \u201cAcaba bunun, 2023\u2019de San Francisco\u2019da yap\u0131lan ABD-\u00c7in Zirvesi\u2019nin bir devam\u0131 m\u0131 olacak?\u201d t\u00fcr\u00fcnden bir soru da akla gelmiyor de\u011fil.<\/p>\n\n\n\n<p>Bu hem, Trump\u2019a \u201cco\u011frafi olarak daha yak\u0131n\u201d bir yerden ve \u201crakibi de olsa, i\u00e7erden bir ses yani, Biden\u2019in g\u00fcndemine ald\u0131\u011f\u0131 bir konuydu.<\/p>\n\n\n\n<p>Ya da tarihsel olarak biraz daha geriye giderek, g\u00fcn\u00fcm\u00fcz Amerikan gazetecilik d\u00fcnyas\u0131n\u0131n duayenlerinden Thomas Friedman\u2019\u0131n, \u00c7in ziyareti vesilesiyle iki \u00fclke ili\u015fkilerinde yap\u0131c\u0131l\u0131\u011fa vurgusunu temellendirmede, \u201cNixon d\u00f6nemi i\u015fbirli\u011fi s\u00fcrecine atf\u0131n\u0131n, Trump\u2019da bir yans\u0131mas\u0131 olabilir mi?\u201d diye de sormak gerekiyor.<\/p>\n\n\n\n<p><strong>\u015ei \u00c7inping gider mi?<\/strong><\/p>\n\n\n\n<p>\u00c7in siyasi elinin, \u015fu ana kadar Trump\u2019\u0131n davetine bir cevap vermemi\u015f olmas\u0131, kafalar\u0131n biraz kar\u0131\u015ft\u0131\u011f\u0131n\u0131 g\u00f6steriyor.<\/p>\n\n\n\n<p>Ortada iyi bir hesaplama s\u00fcrecinin oldu\u011funa ku\u015fku yok. &nbsp;<\/p>\n\n\n\n<p>Trump\u2019\u0131n olmad\u0131k s\u00fcrprizlerine yakalanmak m\u0131, yoksa Trump\u2019\u0131n d\u0131\u015f\u0131nda ve \u00f6tesinde k\u00fcresel kamuoyuna verilebilecek olumlu mesaj m\u0131?<\/p>\n\n\n\n<p>B\u00f6ylesi bir ziyaretin, d\u00fcnya kamuoyu ve hatta ekonomisi i\u00e7in ne denli \u00e7arp\u0131c\u0131 sonu\u00e7lar do\u011furabilece\u011fi ihtimali bile bu davetin bizatihi kendisini \u00e7ok \u00f6nemli k\u0131l\u0131yor.<\/p>\n\n\n\n<p>\u015ei \u00c7inping\u2019in bir yanda y\u00fczde 60\u2019l\u0131k tarifle y\u00fczle\u015fmek mi, \u00f6te yanda, b\u00f6ylesi bir geli\u015fmenin ortaya \u00e7\u0131kmas\u0131na kar\u015f\u0131n, \u00c7in\u2019in -en az\u0131ndan ba\u015fta Asya-Pasifik b\u00f6lgesi \u00fclkelerinden ba\u015flayarak &#8211; \u015fimdiden arkas\u0131na ald\u0131\u011f\u0131 d\u00fc\u015f\u00fcn\u00fclebilecek k\u00fcresel deste\u011fin olu\u015fturaca\u011f\u0131 yeni bir eko-politik geli\u015fme kap\u0131 aralamak gibi iki durumla kar\u015f\u0131 kar\u015f\u0131ya kald\u0131\u011f\u0131n\u0131 s\u00f6yleyebiliriz. &nbsp;<\/p>\n\n\n\n<p>\u015ei \u00c7inping\u2019in olas\u0131 ziyareti s\u00fcrecinde, Trump\u2019\u0131n konu\u011funa, \u2018Ho\u015f geldinin. Size yar\u0131n, y\u00fczde 60\u2019l\u0131k tarif uygulamaya ba\u015fl\u0131yoruz mu?\u201d diyecektir yoksa, \u201ciki \u00fclke ekonomik ili\u015fkilerinde s\u00fcrece yay\u0131lan bir yeniden yap\u0131land\u0131rmadan m\u0131?\u201d s\u00f6z edecektir.<\/p>\n\n\n\n<p>Kan\u0131mca -daveti kabul etmesi halinde, her iki halde de kozu eline ge\u00e7irecek olan\u0131n \u015ei Cinping oldu\u011funu s\u00f6ylemek m\u00fcmk\u00fcn&#8230;<\/p>\n\n\n\n<p>\u201c\u0130nsanl\u0131k aleminin gelece\u011fini belirlemesi\u201d g\u00f6z\u00fcyle bak\u0131lan ABD-\u00c7in ili\u015fkilerinin ilk raundunun bu davet vesilesiyle ba\u015flamas\u0131 gayet ilgin\u00e7 bir s\u00fcrecin olaca\u011f\u0131n\u0131 ortaya koyuyor.<\/p>\n","protected":false},"excerpt":{"rendered":"<p>Mehmet \u00d6zay &nbsp;&nbsp;&nbsp;&nbsp;&nbsp;&nbsp;&nbsp;&nbsp;&nbsp;&nbsp;&nbsp;&nbsp;&nbsp;&nbsp;&nbsp;&nbsp;&nbsp;&nbsp;&nbsp;&nbsp;&nbsp;&nbsp;&nbsp;&nbsp;&nbsp;&nbsp;&nbsp;&nbsp;&nbsp;&nbsp;&nbsp;&nbsp;&nbsp;&nbsp;&nbsp;&nbsp;&nbsp;&nbsp;&nbsp;&nbsp;&nbsp;&nbsp;&nbsp;&nbsp;&nbsp;&nbsp;&nbsp;&nbsp;&nbsp;&nbsp;&nbsp;&nbsp;&nbsp;&nbsp;&nbsp;&nbsp;&nbsp;&nbsp;&nbsp;&nbsp;&nbsp;&nbsp;&nbsp;&nbsp;&nbsp;&nbsp;&nbsp;&nbsp;&nbsp;&nbsp;&nbsp;&nbsp;&nbsp;&nbsp;&nbsp;&nbsp;&nbsp;&nbsp;&nbsp;&nbsp;&nbsp;&nbsp;&nbsp;&nbsp;&nbsp;&nbsp;&nbsp;&nbsp;&nbsp;&nbsp;&nbsp;&nbsp;&nbsp;&nbsp;&nbsp;&nbsp;&nbsp;&nbsp;&nbsp;&nbsp;&nbsp;&nbsp;&nbsp;&nbsp;&nbsp;&nbsp; 01.07.2025 Donald Trump\u2019\u0131n 20 Ocak t\u00f6renine \u015ei Cinping\u2019i daveti ne denli anlaml\u0131? Bu husus, bug\u00fcnlerde \u00c7in\u2019de konu\u015fulan konular\u0131n en ba\u015f\u0131nda geliyor ve davetin g\u00fcndeme gelmesinden bu yana tart\u0131\u015f\u0131lan birkonu. S\u00f6z konusu bu davetin ve vermek istedi\u011fi mesaj\u0131n sadece iki \u00fcke ili\u015fkileri a\u00e7\u0131s\u0131ndan \u00f6nem arz etmekle kalm\u0131yor. Bunun yan\u0131 s\u0131ra, ba\u015fta Do\u011fu ve [&hellip;]<\/p>\n","protected":false},"author":3,"featured_media":5631,"comment_status":"open","ping_status":"open","sticky":false,"template":"","format":"standard","meta":{"footnotes":""},"categories":[9,6],"tags":[],"class_list":["post-5630","post","type-post","status-publish","format-standard","has-post-thumbnail","hentry","category-asya-pasifik","category-gunluk-yazilar"],"_links":{"self":[{"href":"https:\/\/guneydoguasyacalismalari.com\/tr_tr\/wp-json\/wp\/v2\/posts\/5630","targetHints":{"allow":["GET"]}}],"collection":[{"href":"https:\/\/guneydoguasyacalismalari.com\/tr_tr\/wp-json\/wp\/v2\/posts"}],"about":[{"href":"https:\/\/guneydoguasyacalismalari.com\/tr_tr\/wp-json\/wp\/v2\/types\/post"}],"author":[{"embeddable":true,"href":"https:\/\/guneydoguasyacalismalari.com\/tr_tr\/wp-json\/wp\/v2\/users\/3"}],"replies":[{"embeddable":true,"href":"https:\/\/guneydoguasyacalismalari.com\/tr_tr\/wp-json\/wp\/v2\/comments?post=5630"}],"version-history":[{"count":1,"href":"https:\/\/guneydoguasyacalismalari.com\/tr_tr\/wp-json\/wp\/v2\/posts\/5630\/revisions"}],"predecessor-version":[{"id":5632,"href":"https:\/\/guneydoguasyacalismalari.com\/tr_tr\/wp-json\/wp\/v2\/posts\/5630\/revisions\/5632"}],"wp:featuredmedia":[{"embeddable":true,"href":"https:\/\/guneydoguasyacalismalari.com\/tr_tr\/wp-json\/wp\/v2\/media\/5631"}],"wp:attachment":[{"href":"https:\/\/guneydoguasyacalismalari.com\/tr_tr\/wp-json\/wp\/v2\/media?parent=5630"}],"wp:term":[{"taxonomy":"category","embeddable":true,"href":"https:\/\/guneydoguasyacalismalari.com\/tr_tr\/wp-json\/wp\/v2\/categories?post=5630"},{"taxonomy":"post_tag","embeddable":true,"href":"https:\/\/guneydoguasyacalismalari.com\/tr_tr\/wp-json\/wp\/v2\/tags?post=5630"}],"curies":[{"name":"wp","href":"https:\/\/api.w.org\/{rel}","templated":true}]}}