{"id":5584,"date":"2024-12-12T15:38:03","date_gmt":"2024-12-12T15:38:03","guid":{"rendered":"https:\/\/guneydoguasyacalismalari.com\/?p=5584"},"modified":"2024-12-13T04:30:15","modified_gmt":"2024-12-13T04:30:15","slug":"guney-kore-siyasetinde-karisikli-confusion-in-south-korean-politics","status":"publish","type":"post","link":"https:\/\/guneydoguasyacalismalari.com\/tr_tr\/guney-kore-siyasetinde-karisikli-confusion-in-south-korean-politics\/","title":{"rendered":"G\u00fcney Kore siyasetinde kar\u0131\u015f\u0131kl\u0131k \/ Confusion in South Korean politics"},"content":{"rendered":"\n<p><strong>Mehmet \u00d6zay &nbsp;&nbsp;&nbsp;&nbsp;&nbsp;&nbsp;&nbsp;&nbsp;&nbsp;&nbsp;&nbsp;&nbsp;&nbsp;&nbsp;&nbsp;&nbsp;&nbsp;&nbsp;&nbsp;&nbsp;&nbsp;&nbsp;&nbsp;&nbsp;&nbsp;&nbsp;&nbsp;&nbsp;&nbsp;&nbsp;&nbsp;&nbsp;&nbsp;&nbsp;&nbsp;&nbsp;&nbsp;&nbsp;&nbsp;&nbsp;&nbsp;&nbsp;&nbsp;&nbsp;&nbsp;&nbsp;&nbsp;&nbsp;&nbsp;&nbsp;&nbsp;&nbsp;&nbsp;&nbsp;&nbsp;&nbsp;&nbsp;&nbsp;&nbsp;&nbsp;&nbsp;&nbsp;&nbsp;&nbsp;&nbsp;&nbsp;&nbsp;&nbsp;&nbsp;&nbsp;&nbsp;&nbsp;&nbsp;&nbsp;&nbsp;&nbsp;&nbsp;&nbsp;&nbsp;&nbsp;&nbsp;&nbsp;&nbsp;&nbsp;&nbsp;&nbsp;&nbsp;&nbsp;&nbsp;&nbsp;&nbsp;&nbsp;&nbsp;&nbsp;&nbsp;&nbsp;&nbsp;&nbsp;&nbsp;&nbsp;&nbsp;&nbsp;&nbsp;&nbsp;&nbsp;&nbsp; 12.12.2024<\/strong><\/p>\n\n\n\n<p>G\u00fcney Kore\u2019de siyasal beklentilerde belirsizlik s\u00fcr\u00fcyor&#8230;<\/p>\n\n\n\n<p>Ba\u015fkan Yoon Suk-yeol\u2019un bug\u00fcn canl\u0131 olarak yay\u0131nlanan ba\u015fkanl\u0131k konu\u015fmas\u0131, \u00fclkede siyasal krizin devam etti\u011fi anlam\u0131na gelen bir i\u00e7eri\u011fe sahip.<\/p>\n\n\n\n<p>Bunun yan\u0131 s\u0131ra, ba\u015fkan\u0131n bug\u00fcnk\u00fc cesurca \u00e7\u0131k\u0131\u015f\u0131, iktidar partisi i\u00e7erisinde, \u201cSun-yeol\u2019le devam m\u0131 ediliyor?\u201d sorusunun sorulmas\u0131na neden oluyor.<\/p>\n\n\n\n<p>Bug\u00fcn, Ba\u015fkan taraf\u0131ndan bu geli\u015fme ya\u015fan\u0131rken, muhalefet \u00f6n\u00fcm\u00fczdeki Cumartesi g\u00fcn\u00fc yap\u0131lacak yeni bir g\u00fcvenoyuna haz\u0131rlan\u0131yor.<\/p>\n\n\n\n<p>\u00d6te yandan, iktidardaki ve ba\u015fkan Suk-yeol\u2019un da mensubu oldu\u011fu Halk G\u00fcc\u00fc Partisi (<em>People Power Party<\/em>-PPP) genel sekreteri Han Dong-hoon\u2019un, bir grup partiliyle yapt\u0131\u011f\u0131 toplant\u0131da, Suk-yeol\u2019un g\u00f6revinden al\u0131nmas\u0131n\u0131n tek yolunun g\u00fcvenoyu yoklamas\u0131nda muhalefete destek oldu\u011funu s\u00f6ylemesi iktidar partisinde de kafalar\u0131n kar\u0131\u015f\u0131k oldu\u011funa i\u015faret ediyor.<\/p>\n\n\n\n<p>Ba\u015fkan Suk-yeol, s\u0131k\u0131y\u00f6netim il\u00e2n\u0131ndaki rol\u00fcnden \u00f6t\u00fcr\u00fc i\u00e7i\u015fleri bakan\u0131 ve s\u0131k\u0131y\u00f6netimden sorumlu ordu generalinin yurt d\u0131\u015f\u0131 yasa\u011f\u0131 konulmas\u0131, \u00fclke siyasetinde \u00f6nemli kopu\u015flara gebe oldu\u011funu akla getiriyor.<\/p>\n\n\n\n<p><strong>Yeni bir s\u0131k\u0131y\u00f6netim mi?<\/strong><\/p>\n\n\n\n<p>Ba\u015fkan Suk-yeol, g\u00f6revini b\u0131rakmak bir yana, siyasi rakiplerine ve de \u00f6zellikle, muhalefete meydan okuyarak, 3 Aral\u0131k\u2019taki s\u0131k\u0131y\u00f6netim karar\u0131n\u0131 destekledi\u011fini il\u00e2n ederken, ayn\u0131 zamanda muhalefeti \u00fclkede siyasal kriz \u00e7\u0131karmakla su\u00e7lamas\u0131, \u201cyeni bir s\u0131k\u0131y\u00f6netim karar\u0131 yolda m\u0131?\u201d sorular\u0131n\u0131 akla getiriyor.<\/p>\n\n\n\n<p>Bu noktada, ge\u00e7en hafta ya\u015fananlar\u0131n ard\u0131ndan, g\u00f6revden al\u0131nmas\u0131 veya g\u00f6revinden istifa etmesi beklenen Devlet ba\u015fkan\u0131 Yoon Suk-yeol\u2019\u00fcn, h\u00e2l\u00e2 koldu\u011funda oturmaya devam etmesi kadar, muhalefete y\u00f6nelik \u2018olumsuz\u2019 s\u00f6ylemlerini devam ettirmesi kafalar\u0131 kar\u0131\u015ft\u0131rmaya devam ediyor.<\/p>\n\n\n\n<p><strong>Muhalefete ver yans\u0131n!<\/strong><\/p>\n\n\n\n<p>Ba\u015fkan Suk-yeol bug\u00fcn yani,12 Aral\u0131k g\u00fcn\u00fc yay\u0131nlanan ba\u015fkanl\u0131k mesaj\u0131nda siyasi rakiplerini \u201cdevlet kar\u015f\u0131t\u0131 g\u00fc\u00e7ler\u201d olarak su\u00e7lamaya ve 3 Aral\u0131k g\u00fcn\u00fc il\u00e2n etti\u011fi \u00fc\u00e7 saatlik s\u0131k\u0131y\u00f6netim karar\u0131n\u0131 savunmaya devam etti\u011fine tan\u0131k olunuyor.<\/p>\n\n\n\n<p>Ba\u015fkan Suk-yeol, 3 Aral\u0131k\u2019taki s\u0131k\u0131y\u00f6netim il\u00e2n\u0131n\u0131, parlamentoda \u00e7o\u011funlu\u011fu olu\u015fturan muhalefetteki Demokratik Parti\u2019yi (<em>Democratic Party<\/em>) \u201ckamu y\u00f6netimini i\u015flevsiz hale getiren\u201d ve \u201chukukun i\u015flerli\u011fini inkitaya u\u011fratan\u201d bir t\u00fcr \u2018su\u00e7 \u00f6rg\u00fct\u00fc\u2019 olarak nitelemesi ge\u00e7ti\u011fimiz Cumartesi g\u00fcn\u00fc yapt\u0131\u011f\u0131 a\u00e7\u0131klamayla taban tabana z\u0131t olmas\u0131, siyasi g\u00fcc\u00fcn\u00fc korumaya devam etti\u011fini ortaya koyuyor.<\/p>\n\n\n\n<p>Suk-yeol, a\u00e7\u0131klamas\u0131n\u0131n devam\u0131nda, ge\u00e7ti\u011fimiz Nisan ay\u0131nda yap\u0131lan parlamento se\u00e7imlerini, \u2018Kuzey Kore\u2019nin siber m\u00fcdahalesi\u2019ne konu oldu\u011funu s\u00f6yleyerek, parlamentonun siyasi varl\u0131\u011f\u0131na g\u00f6lge d\u00fc\u015f\u00fcren a\u00e7\u0131klamas\u0131 yabana at\u0131l\u0131r bir geli\u015fme de\u011fil.<\/p>\n\n\n\n<p>\u00dcst\u00fcne \u00fcstl\u00fck, ba\u015fkan muhalefetin demokratik yollarla se\u00e7ilmi\u015f ba\u015fkan\u0131 g\u00f6revden alma konusunda \u201c\u00e7\u0131lg\u0131nca k\u0131l\u0131\u00e7 dans\u0131 yap\u0131yorlar\u201d ifadesiyle su\u00e7lamas\u0131 ve \u201csonuna kadar m\u00fccadeleye devam edece\u011fim\u201d yolundaki a\u00e7\u0131klamas\u0131, Sun-yoel\u2019in partisi i\u00e7erisinde g\u00fcc\u00fcn\u00fc yeniden tesis etti\u011fi \u015feklinde yorumlanmaya a\u00e7\u0131k g\u00f6z\u00fck\u00fcyor.<\/p>\n\n\n\n<p><strong>Cumartesi karar \u00e7\u0131kar m\u0131?<\/strong><\/p>\n\n\n\n<p>\u0130ktidar kanad\u0131nda bu geli\u015fme ya\u015fan\u0131rken muhalefet, Cumartesi g\u00fcn\u00fc yeni bir g\u00fcven oyu&nbsp; s\u00fcrecine haz\u0131rlan\u0131yor.<\/p>\n\n\n\n<p>Hafta ba\u015f\u0131ndan bu yana, G\u00fcney Kore siyasetinde ortaya \u00e7\u0131kan bu iki geli\u015fme, \u00fclkede kafalar\u0131n epeyce kar\u0131\u015f\u0131k oldu\u011funu ortaya koyuyor.<\/p>\n\n\n\n<p>Yukar\u0131da dile getirdi\u011fim \u00fczere, iktidar partisi i\u00e7erisinde de g\u00f6zlemlenen b\u00f6l\u00fcnm\u00fc\u015fl\u00fck, 14 Aral\u0131k Cumartesi g\u00fcn\u00fc yap\u0131lacak g\u00fcvenoylamas\u0131na yedi oy deste\u011finin kuvvetle muhtemel oldu\u011funu ortaya koyuyor.<\/p>\n\n\n\n<p>Bununla birlikte, iki g\u00fcn sonra yap\u0131lacak g\u00fcvenoylamas\u0131nda, muhalefetin istedi\u011fi karar\u0131n \u00e7\u0131kmas\u0131 halinde, sorun sona ermi\u015f olmayacak.<\/p>\n\n\n\n<p>Aksine, G\u00fcney Kore siyaseti yeni bir bekleme s\u00fcrecine girecek. Parlamentonun olas\u0131 g\u00f6revden alma karar\u0131 Anayasa Mahkemesi\u2019ne intikal ettirilecek.<\/p>\n\n\n\n<p>Karar\u0131n onanmas\u0131n\u0131n alt\u0131 ay\u0131 bulan bir s\u00fcre\u00e7te tamamlanacak olmas\u0131 G\u00fcney Kore\u2019de siyasal t\u0131kan\u0131kl\u0131\u011f\u0131n devam\u0131 anlam\u0131na gelecek&#8230;<\/p>\n\n\n\n<p>Ba\u015fkan Sun-yoel\u2019in eski bir savc\u0131 oldu\u011fu ve yasal s\u00fcre\u00e7leri yak\u0131ndan bildi\u011fi dikkate al\u0131nd\u0131\u011f\u0131nda, alt\u0131 ay\u0131 bulacak onun ad\u0131na s\u00fcrecin, yeni bir m\u00fccadele anlam\u0131na gelece\u011fini s\u00f6ylemek g\u00fc\u00e7 de\u011fil.<\/p>\n\n\n\n<p>Ge\u00e7ti\u011fimiz Cumartesi g\u00fcn\u00fc, hakk\u0131nda parlamentoda g\u00f6revden al\u0131nmas\u0131 konusunda yap\u0131lan oturumun ard\u0131ndan, g\u00f6zler iktidardaki ve ba\u015fkan\u0131n mensup oldu\u011fu Halk G\u00fcc\u00fc Partisi\u2019ne (<em>People Power Party<\/em>-PPP) \u00e7evrilmi\u015f ve parti i\u00e7erisinde Sun-yoel aleyhine bir karar \u00e7\u0131kmas\u0131 beklentisi bulunuyordu.<\/p>\n\n\n\n<p>Ancak, bug\u00fcne kadar kayda parti kurullar\u0131ndan b\u00f6ylesi bir karar\u0131n \u00e7\u0131kmam\u0131\u015f olmas\u0131, parti i\u00e7erisinde Sun-yoel\u2019in halen g\u00fcc\u00fc elinde tuttu\u011fu y\u00f6n\u00fcnde de\u011ferlendirmeler yap\u0131lmas\u0131na neden oluyor.<\/p>\n\n\n\n<p>Bu geli\u015fme, bir anlamda ba\u015fkan Suk-yeol\u2019un g\u00f6revinde devam edece\u011fi konusunda g\u00fc\u00e7l\u00fc bir mesaj veriyor.<\/p>\n\n\n\n<p>Hat\u0131rlanaca\u011f\u0131 \u00fczere 7 Aral\u0131k\u2019ta parlamentoda yap\u0131lan g\u00fcven oylamas\u0131 \u00f6ncesi ba\u015fkan Sun-yeol, ald\u0131\u011f\u0131 s\u0131k\u0131y\u00f6netim karar\u0131ndan dolay\u0131 \u00f6z\u00fcr dilemi\u015f ve siyasi gelece\u011fiyle ilgili karar\u0131 partisine b\u0131rakt\u0131\u011f\u0131n\u0131 ifade etmi\u015fti.<\/p>\n\n\n\n<p>Bunun ard\u0131ndan, parlamentoda yap\u0131lan g\u00fcven oylamas\u0131nda muhalefet, 193 oyla blok olarak ba\u015fkan\u0131n g\u00f6revden al\u0131nmas\u0131 y\u00f6n\u00fcnde oy kullan\u0131rken, karar\u0131n kabul\u00fc i\u00e7in gereken 200 say\u0131s\u0131na ula\u015f\u0131lamam\u0131\u015ft\u0131.<\/p>\n\n\n\n<p>Bunda, iktidar partisinin oylamaya kat\u0131lmamas\u0131 neden olarak g\u00f6steriliyordu.<\/p>\n\n\n\n<p>Son birka\u00e7 haftada G\u00fcney Kore\u2019de ya\u015fanan siyasi krizin, ola\u011fan\u00fcst\u00fc bir geli\u015fme olmamas\u0131 halinde, k\u0131sa s\u00fcrede a\u015f\u0131lmas\u0131 m\u00fcmk\u00fcn g\u00f6z\u00fckm\u00fcyor.<\/p>\n\n\n\n<p>Bu noktada kritik e\u015fik, ba\u015fkan Suk-yeol hakk\u0131nda, Cumartesi g\u00fcn\u00fc ikinci defa yap\u0131lacak olan g\u00fcvenoyu yoklamas\u0131 olacak.<\/p>\n","protected":false},"excerpt":{"rendered":"<p>Mehmet \u00d6zay &nbsp;&nbsp;&nbsp;&nbsp;&nbsp;&nbsp;&nbsp;&nbsp;&nbsp;&nbsp;&nbsp;&nbsp;&nbsp;&nbsp;&nbsp;&nbsp;&nbsp;&nbsp;&nbsp;&nbsp;&nbsp;&nbsp;&nbsp;&nbsp;&nbsp;&nbsp;&nbsp;&nbsp;&nbsp;&nbsp;&nbsp;&nbsp;&nbsp;&nbsp;&nbsp;&nbsp;&nbsp;&nbsp;&nbsp;&nbsp;&nbsp;&nbsp;&nbsp;&nbsp;&nbsp;&nbsp;&nbsp;&nbsp;&nbsp;&nbsp;&nbsp;&nbsp;&nbsp;&nbsp;&nbsp;&nbsp;&nbsp;&nbsp;&nbsp;&nbsp;&nbsp;&nbsp;&nbsp;&nbsp;&nbsp;&nbsp;&nbsp;&nbsp;&nbsp;&nbsp;&nbsp;&nbsp;&nbsp;&nbsp;&nbsp;&nbsp;&nbsp;&nbsp;&nbsp;&nbsp;&nbsp;&nbsp;&nbsp;&nbsp;&nbsp;&nbsp;&nbsp;&nbsp;&nbsp;&nbsp;&nbsp;&nbsp;&nbsp;&nbsp;&nbsp;&nbsp;&nbsp;&nbsp;&nbsp;&nbsp;&nbsp;&nbsp;&nbsp;&nbsp;&nbsp;&nbsp; 12.12.2024 G\u00fcney Kore\u2019de siyasal beklentilerde belirsizlik s\u00fcr\u00fcyor&#8230; Ba\u015fkan Yoon Suk-yeol\u2019un bug\u00fcn canl\u0131 olarak yay\u0131nlanan ba\u015fkanl\u0131k konu\u015fmas\u0131, \u00fclkede siyasal krizin devam etti\u011fi anlam\u0131na gelen bir i\u00e7eri\u011fe sahip. Bunun yan\u0131 s\u0131ra, ba\u015fkan\u0131n bug\u00fcnk\u00fc cesurca \u00e7\u0131k\u0131\u015f\u0131, iktidar partisi i\u00e7erisinde, \u201cSun-yeol\u2019le devam m\u0131 ediliyor?\u201d sorusunun sorulmas\u0131na neden oluyor. Bug\u00fcn, Ba\u015fkan taraf\u0131ndan bu geli\u015fme ya\u015fan\u0131rken, muhalefet \u00f6n\u00fcm\u00fczdeki [&hellip;]<\/p>\n","protected":false},"author":3,"featured_media":5585,"comment_status":"open","ping_status":"open","sticky":false,"template":"","format":"standard","meta":{"footnotes":""},"categories":[9,6],"tags":[],"class_list":["post-5584","post","type-post","status-publish","format-standard","has-post-thumbnail","hentry","category-asya-pasifik","category-gunluk-yazilar"],"_links":{"self":[{"href":"https:\/\/guneydoguasyacalismalari.com\/tr_tr\/wp-json\/wp\/v2\/posts\/5584","targetHints":{"allow":["GET"]}}],"collection":[{"href":"https:\/\/guneydoguasyacalismalari.com\/tr_tr\/wp-json\/wp\/v2\/posts"}],"about":[{"href":"https:\/\/guneydoguasyacalismalari.com\/tr_tr\/wp-json\/wp\/v2\/types\/post"}],"author":[{"embeddable":true,"href":"https:\/\/guneydoguasyacalismalari.com\/tr_tr\/wp-json\/wp\/v2\/users\/3"}],"replies":[{"embeddable":true,"href":"https:\/\/guneydoguasyacalismalari.com\/tr_tr\/wp-json\/wp\/v2\/comments?post=5584"}],"version-history":[{"count":2,"href":"https:\/\/guneydoguasyacalismalari.com\/tr_tr\/wp-json\/wp\/v2\/posts\/5584\/revisions"}],"predecessor-version":[{"id":5588,"href":"https:\/\/guneydoguasyacalismalari.com\/tr_tr\/wp-json\/wp\/v2\/posts\/5584\/revisions\/5588"}],"wp:featuredmedia":[{"embeddable":true,"href":"https:\/\/guneydoguasyacalismalari.com\/tr_tr\/wp-json\/wp\/v2\/media\/5585"}],"wp:attachment":[{"href":"https:\/\/guneydoguasyacalismalari.com\/tr_tr\/wp-json\/wp\/v2\/media?parent=5584"}],"wp:term":[{"taxonomy":"category","embeddable":true,"href":"https:\/\/guneydoguasyacalismalari.com\/tr_tr\/wp-json\/wp\/v2\/categories?post=5584"},{"taxonomy":"post_tag","embeddable":true,"href":"https:\/\/guneydoguasyacalismalari.com\/tr_tr\/wp-json\/wp\/v2\/tags?post=5584"}],"curies":[{"name":"wp","href":"https:\/\/api.w.org\/{rel}","templated":true}]}}