{"id":5552,"date":"2024-11-21T09:26:36","date_gmt":"2024-11-21T09:26:36","guid":{"rendered":"https:\/\/guneydoguasyacalismalari.com\/?p=5552"},"modified":"2024-11-21T09:26:37","modified_gmt":"2024-11-21T09:26:37","slug":"trump-ve-din-trump-and-religion","status":"publish","type":"post","link":"https:\/\/guneydoguasyacalismalari.com\/tr_tr\/trump-ve-din-trump-and-religion\/","title":{"rendered":"Trump ve din \/ Trump and Religion"},"content":{"rendered":"\n<p><strong>Mehmet \u00d6zay &nbsp;&nbsp;&nbsp;&nbsp;&nbsp;&nbsp;&nbsp;&nbsp;&nbsp;&nbsp;&nbsp;&nbsp;&nbsp;&nbsp;&nbsp;&nbsp;&nbsp;&nbsp;&nbsp;&nbsp;&nbsp;&nbsp;&nbsp;&nbsp;&nbsp;&nbsp;&nbsp;&nbsp;&nbsp;&nbsp;&nbsp;&nbsp;&nbsp;&nbsp;&nbsp;&nbsp;&nbsp;&nbsp;&nbsp;&nbsp;&nbsp;&nbsp;&nbsp;&nbsp;&nbsp;&nbsp;&nbsp;&nbsp;&nbsp;&nbsp;&nbsp;&nbsp;&nbsp;&nbsp;&nbsp;&nbsp;&nbsp;&nbsp;&nbsp;&nbsp;&nbsp;&nbsp;&nbsp;&nbsp;&nbsp;&nbsp;&nbsp;&nbsp;&nbsp;&nbsp;&nbsp;&nbsp;&nbsp;&nbsp;&nbsp;&nbsp;&nbsp;&nbsp;&nbsp;&nbsp;&nbsp;&nbsp;&nbsp;&nbsp;&nbsp;&nbsp;&nbsp;&nbsp;&nbsp;&nbsp;&nbsp;&nbsp;&nbsp;&nbsp;&nbsp;&nbsp;&nbsp;&nbsp;&nbsp;&nbsp;&nbsp;&nbsp;&nbsp;&nbsp;&nbsp;&nbsp; 21.11.2024<\/strong><\/p>\n\n\n\n<p>Amerika Birle\u015fik Devletleri\u2019nde, yeni y\u0131lla birlikte ba\u015fkanl\u0131k koltu\u011funa oturacak olan Donald Trump\u2019\u0131n, din\u2019le yani, H\u0131ristiyanl\u0131kla ili\u015fkisine dikkat \u00e7ekmekte yarar var.<\/p>\n\n\n\n<p>Trump\u2019\u0131n bu konudaki yakla\u015f\u0131m\u0131 politika, ekonomi, uluslararas\u0131 ili\u015fkiler, az\u0131nl\u0131klar vb. konulardaki yakla\u015f\u0131m\u0131ndan ba\u011f\u0131ms\u0131z ele al\u0131namayaca\u011f\u0131 gibi, en az bunlar kadar \u00f6nem ta\u015f\u0131d\u0131\u011f\u0131na da ku\u015fku yok.<\/p>\n\n\n\n<p>Dini b\u00fct\u00fcn bir birey olup olmad\u0131\u011f\u0131 tart\u0131\u015fmaya a\u00e7\u0131k olan Trump\u2019\u0131n, en az\u0131ndan, ba\u011fl\u0131 oldu\u011fu toplumsal de\u011ferlerin, Amerikan\u2019\u0131n pek de uzak olmayan tarihsel k\u00f6kleriyle ili\u015fkili onu, \u015fu veya bu \u015fekilde din\u2019le yani, H\u0131ristiyanl\u0131\u011f\u0131n Amerika\u2019da ortaya \u00e7\u0131kan y\u00f6nelimiyle ba\u011flant\u0131l\u0131 k\u0131l\u0131yor.<\/p>\n\n\n\n<p>Birinci ba\u015fkanl\u0131k d\u00f6neminde \u2018evanjelik\u2019 liderlerle yak\u0131n ili\u015fkisi ve bu anlamda, evanjelizmin \u0130srail\u2019le ortak teolojik duru\u015fu, baz\u0131 \u00f6nemli politikalar\u0131 g\u00fcndeme getirmi\u015fti.<\/p>\n\n\n\n<p>Bu politika, Amerikan toplumunun b\u00fcy\u00fck b\u00f6l\u00fcm\u00fcn\u00fc ne kadar ilgilendirip ilgilendirmedi\u011fi bir yana, daha \u00e7ok \u0130srail\u2019in teolojik politikas\u0131na hizmet ediyordu. &nbsp;<\/p>\n\n\n\n<p>Bu anlamda, Trump\u2019\u0131n evanjelizminin, baba George Bush ve o\u011ful Bush y\u00f6netimlerinde ortaya konulan \u00f6zellikle, Ortado\u011fu politikalar\u0131n\u0131n devam\u0131 oldu\u011funu s\u00f6ylemek m\u00fcmk\u00fcn.<\/p>\n\n\n\n<p><strong>Amerika\u2019n\u0131n in\u015fas\u0131 ve din<\/strong><\/p>\n\n\n\n<p>Trump\u2019\u0131n din\u2019i yakla\u015f\u0131m\u0131n\u0131, mensubu bulundu\u011fu ve muhafazak\u00e2r tutumuyla \u00f6ne \u00e7\u0131kan Cumhuriyet\u00e7i Parti ile ili\u015fkilendirmek kadar, onun 2016 y\u0131l\u0131nda oldu\u011fu gibi bug\u00fcn de g\u00fcndeme getirdi\u011fi, \u2018\u00d6nce Amerika\u2019, \u2018B\u00fcy\u00fck Amerika\u2019n\u0131n yeniden in\u015fas\u0131\u2019 vb. sloganlar\u0131 ile yak\u0131ndan ili\u015fkilidir.<\/p>\n\n\n\n<p>Bu ili\u015fkinin, Cumhuriyet\u00e7i Parti\u2019nin ba\u011fl\u0131 oldu\u011fu de\u011ferler kadar, \u00fclkenin yani, Amerika Birle\u015fik Devletleri\u2019nin kurulu\u015funda H\u0131ristiyanl\u0131k \u00f6zellikle de, fundamentalist Protestan y\u00f6nelimlerle yak\u0131nl\u0131\u011f\u0131na ku\u015fku yok.<\/p>\n\n\n\n<p>Bu noktada, Trump, Amerika\u2019y\u0131 yeniden in\u015fa edece\u011fini ifade ederken, hi\u00e7 ku\u015fku yok ki, din\u2019in yani, Protestan H\u0131ristiyanl\u0131\u011f\u0131n Amerikan toplumuyla \u00f6rt\u00fc\u015fen boyutlar\u0131yla, yeniden g\u00fc\u00e7l\u00fc bir \u015fekilde g\u00fcndeme gelece\u011fi tahmin edilebilir.<\/p>\n\n\n\n<p>Bunun ipu\u00e7lar\u0131n\u0131, 5 Kas\u0131m se\u00e7imleri \u00f6ncesinde kampanya s\u00fcrecinde ortaya koyan Trump, muhafazak\u00e2r H\u0131ristiyan aktivistler ve politikac\u0131larla yapt\u0131\u011f\u0131 g\u00f6r\u00fc\u015fmelerde, yeni y\u00f6netim s\u00fcrecinde din\u2019in, nerede ve nas\u0131l i\u015flevsel hale getirilece\u011finin ipu\u00e7lar\u0131n\u0131 vermi\u015fti.<\/p>\n\n\n\n<p><strong>Dini korumak<\/strong><\/p>\n\n\n\n<p>Trump, bu toplant\u0131larda, \u201cBu \u00fclkede, dini korumak zorunday\u0131z.\u201d a\u00e7\u0131klamas\u0131yla da, bunu gayet net bir \u015fekilde ortaya koymu\u015ftu.<\/p>\n\n\n\n<p>\u0130lk etapta kula\u011fa ho\u015f gelen bu c\u00fcmlenin ard\u0131nda, dini b\u00fct\u00fcn ve ahlakl\u0131 bireyler olu\u015fturmakla, evanjelik politikalar\u0131 kamusal alanda, \u00f6tekiler \u00fczerinde hakim k\u0131lma aras\u0131nda temel bir fark olsa gerek.<\/p>\n\n\n\n<p>\u0130kincisinin ger\u00e7ekle\u015fme ihtimaline yap\u0131lan vurguyu, g\u00f6z ard\u0131 etmemek gerekir.<\/p>\n\n\n\n<p>Bu durumda, &nbsp;Demokratlar\u2019\u0131n merkezde yer ald\u0131\u011f\u0131 \u00e7evreler taraf\u0131ndan, din\/H\u0131ristiyanl\u0131k e\u011filimi kamusal alanda, \u2018\u00f6zg\u00fcrl\u00fcklerin\u2019 zedelenmesi, s\u0131n\u0131rland\u0131r\u0131lmas\u0131 ve belki de yitirilmesi \u015feklinde kar\u015f\u0131l\u0131k bulacakt\u0131r s\u00f6ylemine biraz kulak kabartmakta yarar var.<\/p>\n\n\n\n<p>Bu husus, kampanya d\u00f6neminde, Trump\u2019\u0131n olas\u0131 se\u00e7im ba\u015far\u0131s\u0131n\u0131n sonu\u00e7lar\u0131ndan biri olarak g\u00fcndeme gelmi\u015fti. Ve \u2018Kilise ve Devlet Ayr\u0131m\u0131\u2019 adl\u0131 bir hareketin lideri se\u00e7imleri, \u201cdin-devlet ayr\u0131m\u0131n\u0131n tesisi veya bu ayr\u0131m\u0131n ortadan kald\u0131r\u0131lmas\u0131\u201d olarak tan\u0131mlam\u0131\u015ft\u0131.<\/p>\n\n\n\n<p>Bu yakla\u015f\u0131m\u0131n, yani, \u2018kilise ve devlet aras\u0131ndaki ayr\u0131m\u0131n kald\u0131r\u0131lmas\u0131\u2019n\u0131n temelde \u00fclkede var olan ve -yukar\u0131da dikkat \u00e7ekildi\u011fi \u00fczere-, kamusal alan\u0131n demokratik ilkelere dayal\u0131 olarak yap\u0131land\u0131r\u0131lmas\u0131 s\u00fcre\u00e7leriyle \u00e7eli\u015fen bir y\u00f6n\u00fcn\u00fcn oldu\u011funa ku\u015fku yok.<\/p>\n\n\n\n<p><strong>\u2018Kamuoyu\u2019 ne diyor?<\/strong><\/p>\n\n\n\n<p>Her konuda oldu\u011fu \u00fczere bu hususta da, yap\u0131lan kamuoyu yokmalar\u0131n\u0131n, en az\u0131ndan \u015fimdilik bir fikir verece\u011fi d\u00fc\u015f\u00fcn\u00fclebilir.<\/p>\n\n\n\n<p>Pew Ara\u015ft\u0131rma Merkezi\u2019nin bulgular\u0131, Amerikan halk\u0131n\u0131n y\u00fczde 15\u2019inin, \u2018kilise-din ayr\u0131m\u0131 dayatmas\u0131n\u0131n sona ermesi\u2019 y\u00f6n\u00fcnde oldu\u011funu g\u00f6steriyor.<\/p>\n\n\n\n<p>Bir di\u011fer veri ise, \u2018Kutsal Kitap (\u0130ncil) ve halk\u0131n talepleri aras\u0131nda bir \u00e7at\u0131\u015fma has\u0131l oldu\u011funda ba\u015fvurunun, Kitabi bilgiyle ortaya konmas\u0131n\u0131 ileri s\u00fcrenlerin oran\u0131 y\u00fczde 28.<\/p>\n\n\n\n<p>Bu bulgu, aralar\u0131nda baz\u0131 din adamlar\u0131n da oldu\u011fu \u00e7evrelerce dile getirilen, \u201cH\u0131ristiyan Milliyet\u00e7ili\u011finin \u00fclkenin varl\u0131\u011f\u0131n\u0131 tehdit etti\u011fi\u201d yolundaki s\u00f6ylemlerinin ortaya \u00e7\u0131kmas\u0131na neden oluyor.<\/p>\n\n\n\n<p><strong>K\u00fcresel evanjelik y\u00fckseli\u015f<\/strong><\/p>\n\n\n\n<p>Cumhuriyet\u00e7i Parti\u2019nin ve lideri konumundaki Trump\u2019\u0131n, H\u0131ristiyanl\u0131kla ili\u015fkisinin \u00fclke i\u00e7 siyasetine dair belirleyicili\u011finden bahsedilebilece\u011fi gibi, bu tutumun k\u00fcresel politikalar noktas\u0131nda da \u00f6nemli y\u00f6nelimleri olaca\u011f\u0131n\u0131 s\u00f6ylemek m\u00fcmk\u00fcn.<\/p>\n\n\n\n<p>Evanjelik temelli politikalar\u0131, -yukar\u0131da, \u00f6nceki Trump d\u00f6nemine referansla dile getirildi\u011fi \u00fczere, \u0130srail eksenli teolojik politikalar\u0131 geni\u015fletecek \u015fekilde k\u00fcresel ba\u011flama oturtma \u00e7abas\u0131n\u0131n da sadece, H\u0131ristiyanlar i\u00e7in de\u011fil, k\u00fcresel toplumun \u00f6nemli bir b\u00f6l\u00fcm\u00fc i\u00e7in etkileri olacakt\u0131r.<\/p>\n\n\n\n<p>Bu noktada, k\u00fcresel geli\u015fmeler ve tek tek ulus-devletler ve din ili\u015fkilerine bakt\u0131\u011f\u0131m\u0131zda, Amerika\u2019da dindarl\u0131k, Amerikan h\u00fck\u00fcmetinde\/y\u00f6netiminde din\u2019in yeri gibi konular\u0131n, farkl\u0131la\u015fan boyutlarla ve s\u00fcre\u00e7lerle kar\u015f\u0131m\u0131za \u00e7\u0131kaca\u011f\u0131n\u0131 s\u00f6yleyebiliriz.<\/p>\n\n\n\n<p>Bunlar\u0131n ba\u015f\u0131nda, -baz\u0131 ele\u015ftirilere ra\u011fmen-, \u0130srail\u2019in bir din devleti olmas\u0131n\u0131n ve iki \u00fclkenin ili\u015fkilerinin ve yak\u0131nla\u015fmas\u0131n\u0131n, bu dini ba\u011fdan ba\u011f\u0131ms\u0131z olmad\u0131\u011f\u0131d\u0131r.<\/p>\n\n\n\n<p><strong>Nominal H\u0131ristiyan<\/strong><\/p>\n\n\n\n<p>Yukar\u0131da dikkat \u00e7ekmi\u015ftim&#8230;.<\/p>\n\n\n\n<p>Trump\u2019\u0131n bireysel olarak ne kadar dini b\u00fct\u00fcn bir ki\u015fi oldu\u011fu tart\u0131\u015fma g\u00f6t\u00fcr\u00fcr&#8230;<\/p>\n\n\n\n<p>\u00d6yle ki, Trump\u2019\u0131n dindarl\u0131\u011f\u0131 hakk\u0131nda yaz\u0131lanlara dikkat kesilecek olursak, ba\u015fkan se\u00e7ilmeden \u00f6nce \u201ckilise\u2019ye aras\u0131n\u0131n iyi olmad\u0131\u011f\u0131\u201d anla\u015f\u0131l\u0131yor.<\/p>\n\n\n\n<p>Bir ba\u015fka ifadeyle, herhangi bir kiliseye d\u00fczenli olarak giden (<em>church-goer<\/em>) olarak tan\u0131mlanan biri de\u011fil, Trump.<\/p>\n\n\n\n<p>Bu durum, onu \u2018nominal bir H\u0131ristiyan\u2019 yapmaya yetiyor&#8230;<\/p>\n\n\n\n<p>Bunu destekleyecek bir ba\u015fka veri ise, Trump\u2019un, \u201cKendimi, herhangi bir H\u0131ristiyan cemaatine ba\u011fl\u0131 olmayan bir H\u0131ristiyan kabul ediyorum\u201d a\u00e7\u0131klamas\u0131d\u0131r.<\/p>\n\n\n\n<p>Trump\u2019\u0131n bireysel olarak dinle ili\u015fkisini a\u00e7\u0131klayan bu c\u00fcmleye kar\u015f\u0131l\u0131k Trump\u2019\u0131n, dini ve dinin kamusal alandaki yerini, din ve devlet ili\u015fkisinin yak\u0131nla\u015fmas\u0131n\u0131 reddetti\u011fi s\u00f6ylenemez.<\/p>\n\n\n\n<p>Kamuoyu yoklamalar\u0131nda ortaya \u00e7\u0131kan rakamlar\u0131n az\u0131msan\u0131r bir d\u00fczeyde olmamas\u0131, bir sa\u011f siyaset\u00e7i olarak Trump\u2019\u0131n bunu g\u00f6z ard\u0131 edemeyece\u011fini de ortaya koyuyor.<\/p>\n\n\n\n<p>Bir ba\u015fka ifadeyle s\u00f6ylemek gerekirse, dini b\u00fct\u00fcn olmayan Trump siyaset i\u00e7in dini gruplarla biraraya gelmede bir sak\u0131nca g\u00f6rm\u00fcyor.<\/p>\n\n\n\n<p>Kampanya d\u00f6nemindeki s\u00f6ylemler ve \u2018a\u015f\u0131r\u0131 dini\u2019 gruplarla g\u00f6r\u00fc\u015fmeler de, zaten bunu kan\u0131tl\u0131yordu.<\/p>\n\n\n\n<p>Bunun tersini de do\u011fru kabul etmek m\u00fcmk\u00fcn&#8230;<\/p>\n\n\n\n<p>Fundamentalist Protestan gruplar Trump\u2019\u0131, dini b\u00fct\u00fcn kabul etmese de, dini inan\u00e7 bi\u00e7imlerine siyasal ve kamusal alanda hizmet edecek birini bulmu\u015f olmak i\u015ftiyak\u0131yla desteklediklerini de ileri s\u00fcrebiliriz.<\/p>\n\n\n\n<p>Yeni y\u0131lla birlikte Trump y\u00f6netimi politika, ekonomi, uluslararas\u0131 ili\u015fkiler, az\u0131nl\u0131klar gibi alanlar\u0131 \u2018\u00d6nce Amerika\u2019 politikas\u0131 \u00e7er\u00e7evesinde yeniden yap\u0131land\u0131r\u0131rken, bu s\u00fcreci destekleyici mahiyette din\u2019i yani H\u0131ristiyanl\u0131\u011f\u0131 da g\u00fcndeme getirecektir.<\/p>\n\n\n\n<p>Trump h\u00fck\u00fcmetinin, zikredilen politikalar\u0131 kadar, din politikas\u0131n\u0131n da nas\u0131l \u015fekillenece\u011fini bekleyip g\u00f6rmek gerekiyor.<\/p>\n","protected":false},"excerpt":{"rendered":"<p>Mehmet \u00d6zay &nbsp;&nbsp;&nbsp;&nbsp;&nbsp;&nbsp;&nbsp;&nbsp;&nbsp;&nbsp;&nbsp;&nbsp;&nbsp;&nbsp;&nbsp;&nbsp;&nbsp;&nbsp;&nbsp;&nbsp;&nbsp;&nbsp;&nbsp;&nbsp;&nbsp;&nbsp;&nbsp;&nbsp;&nbsp;&nbsp;&nbsp;&nbsp;&nbsp;&nbsp;&nbsp;&nbsp;&nbsp;&nbsp;&nbsp;&nbsp;&nbsp;&nbsp;&nbsp;&nbsp;&nbsp;&nbsp;&nbsp;&nbsp;&nbsp;&nbsp;&nbsp;&nbsp;&nbsp;&nbsp;&nbsp;&nbsp;&nbsp;&nbsp;&nbsp;&nbsp;&nbsp;&nbsp;&nbsp;&nbsp;&nbsp;&nbsp;&nbsp;&nbsp;&nbsp;&nbsp;&nbsp;&nbsp;&nbsp;&nbsp;&nbsp;&nbsp;&nbsp;&nbsp;&nbsp;&nbsp;&nbsp;&nbsp;&nbsp;&nbsp;&nbsp;&nbsp;&nbsp;&nbsp;&nbsp;&nbsp;&nbsp;&nbsp;&nbsp;&nbsp;&nbsp;&nbsp;&nbsp;&nbsp;&nbsp;&nbsp;&nbsp;&nbsp;&nbsp;&nbsp;&nbsp;&nbsp; 21.11.2024 Amerika Birle\u015fik Devletleri\u2019nde, yeni y\u0131lla birlikte ba\u015fkanl\u0131k koltu\u011funa oturacak olan Donald Trump\u2019\u0131n, din\u2019le yani, H\u0131ristiyanl\u0131kla ili\u015fkisine dikkat \u00e7ekmekte yarar var. Trump\u2019\u0131n bu konudaki yakla\u015f\u0131m\u0131 politika, ekonomi, uluslararas\u0131 ili\u015fkiler, az\u0131nl\u0131klar vb. konulardaki yakla\u015f\u0131m\u0131ndan ba\u011f\u0131ms\u0131z ele al\u0131namayaca\u011f\u0131 gibi, en az bunlar kadar \u00f6nem ta\u015f\u0131d\u0131\u011f\u0131na da ku\u015fku yok. Dini b\u00fct\u00fcn bir birey olup olmad\u0131\u011f\u0131 [&hellip;]<\/p>\n","protected":false},"author":3,"featured_media":5554,"comment_status":"open","ping_status":"open","sticky":false,"template":"","format":"standard","meta":{"footnotes":""},"categories":[9,6],"tags":[],"class_list":["post-5552","post","type-post","status-publish","format-standard","has-post-thumbnail","hentry","category-asya-pasifik","category-gunluk-yazilar"],"_links":{"self":[{"href":"https:\/\/guneydoguasyacalismalari.com\/tr_tr\/wp-json\/wp\/v2\/posts\/5552","targetHints":{"allow":["GET"]}}],"collection":[{"href":"https:\/\/guneydoguasyacalismalari.com\/tr_tr\/wp-json\/wp\/v2\/posts"}],"about":[{"href":"https:\/\/guneydoguasyacalismalari.com\/tr_tr\/wp-json\/wp\/v2\/types\/post"}],"author":[{"embeddable":true,"href":"https:\/\/guneydoguasyacalismalari.com\/tr_tr\/wp-json\/wp\/v2\/users\/3"}],"replies":[{"embeddable":true,"href":"https:\/\/guneydoguasyacalismalari.com\/tr_tr\/wp-json\/wp\/v2\/comments?post=5552"}],"version-history":[{"count":1,"href":"https:\/\/guneydoguasyacalismalari.com\/tr_tr\/wp-json\/wp\/v2\/posts\/5552\/revisions"}],"predecessor-version":[{"id":5555,"href":"https:\/\/guneydoguasyacalismalari.com\/tr_tr\/wp-json\/wp\/v2\/posts\/5552\/revisions\/5555"}],"wp:featuredmedia":[{"embeddable":true,"href":"https:\/\/guneydoguasyacalismalari.com\/tr_tr\/wp-json\/wp\/v2\/media\/5554"}],"wp:attachment":[{"href":"https:\/\/guneydoguasyacalismalari.com\/tr_tr\/wp-json\/wp\/v2\/media?parent=5552"}],"wp:term":[{"taxonomy":"category","embeddable":true,"href":"https:\/\/guneydoguasyacalismalari.com\/tr_tr\/wp-json\/wp\/v2\/categories?post=5552"},{"taxonomy":"post_tag","embeddable":true,"href":"https:\/\/guneydoguasyacalismalari.com\/tr_tr\/wp-json\/wp\/v2\/tags?post=5552"}],"curies":[{"name":"wp","href":"https:\/\/api.w.org\/{rel}","templated":true}]}}