{"id":5475,"date":"2024-10-03T15:26:09","date_gmt":"2024-10-03T15:26:09","guid":{"rendered":"https:\/\/guneydoguasyacalismalari.com\/?p=5475"},"modified":"2024-10-03T15:26:10","modified_gmt":"2024-10-03T15:26:10","slug":"endonezyada-siyaset-yeniden-sekilleniyor-politics-being-reshaped-in-indonesia","status":"publish","type":"post","link":"https:\/\/guneydoguasyacalismalari.com\/tr_tr\/endonezyada-siyaset-yeniden-sekilleniyor-politics-being-reshaped-in-indonesia\/","title":{"rendered":"Endonezya\u2019da siyaset yeniden \u015fekilleniyor \/ Politics being reshaped in Indonesia"},"content":{"rendered":"\n<p><strong>Mehmet \u00d6zay &nbsp;&nbsp;&nbsp;&nbsp;&nbsp;&nbsp;&nbsp;&nbsp;&nbsp;&nbsp;&nbsp;&nbsp;&nbsp;&nbsp;&nbsp;&nbsp;&nbsp;&nbsp;&nbsp;&nbsp;&nbsp;&nbsp;&nbsp;&nbsp;&nbsp;&nbsp;&nbsp;&nbsp;&nbsp;&nbsp;&nbsp;&nbsp;&nbsp;&nbsp;&nbsp;&nbsp;&nbsp;&nbsp;&nbsp;&nbsp;&nbsp;&nbsp;&nbsp;&nbsp;&nbsp;&nbsp;&nbsp;&nbsp;&nbsp;&nbsp;&nbsp;&nbsp;&nbsp;&nbsp;&nbsp;&nbsp;&nbsp;&nbsp;&nbsp;&nbsp;&nbsp;&nbsp;&nbsp;&nbsp;&nbsp;&nbsp;&nbsp;&nbsp;&nbsp;&nbsp;&nbsp;&nbsp;&nbsp;&nbsp;&nbsp;&nbsp;&nbsp;&nbsp;&nbsp;&nbsp;&nbsp;&nbsp;&nbsp;&nbsp;&nbsp;&nbsp;&nbsp;&nbsp;&nbsp;&nbsp;&nbsp;&nbsp;&nbsp;&nbsp;&nbsp;&nbsp;&nbsp;&nbsp;&nbsp;&nbsp;&nbsp;&nbsp;&nbsp;&nbsp;&nbsp;&nbsp; 03.10.2024<\/strong><\/p>\n\n\n\n<p>Endonezya\u2019da 20 Ekim\u2019de yap\u0131lacak ba\u015fkanl\u0131k devri yakla\u015f\u0131rken, ayn\u0131 heyecan 1 Ekim\u2019de yap\u0131lan yemin t\u00f6reniyle kendini, ulusal parlamento\u2019da farkl\u0131 boyutta hissettirmeye ba\u015flad\u0131.<\/p>\n\n\n\n<p>Ge\u00e7ti\u011fimiz 14 \u015eubat\u2019da yap\u0131lan ve Gerindra (B\u00fcy\u00fck Endonezya Partisi) lideri ve Joko Widodo kabinesinde savunma bakan\u0131 olarak g\u00f6rev yapan Prabowo Subianto\u2019nun kazand\u0131\u011f\u0131 ba\u015fkanl\u0131k se\u00e7imlerinin ard\u0131ndan, Prabowo 20 Ekim\u2019de ba\u015fkanl\u0131k koltu\u011funa resmen oturacak.<\/p>\n\n\n\n<p>Hat\u0131rlanaca\u011f\u0131 \u00fczere ba\u015fkanl\u0131k se\u00e7imleri, \u00fc\u00e7 aday ve yard\u0131mc\u0131lar\u0131 yani, Prabowo Subianto ve Gibran Rakabuming Raka; Anies Baswedan ve Muhaimin Iskandar; Ganjar Pranowo ve Mahfud MD aras\u0131nda ge\u00e7mi\u015fti.<\/p>\n\n\n\n<p>Se\u00e7im sonu\u00e7lar\u0131n\u0131n Prabowo\u2019nun zaferiyle sonu\u00e7lanmas\u0131nda, ba\u015fkan Jokowi\u2019nin kayda de\u011fer bir deste\u011fi oldu\u011fu herkesce malum&#8230;<\/p>\n\n\n\n<p>Bu durum, 2012 Cakarta Valili\u011fi s\u00fcrecinden itibaren Jokowi\u2019yi s\u00fcrekli desteklemi\u015f olan \u2018Endonezya M\u00fccadeleci Milliyet\u00e7i Partisi (<em>Partai Demokrasi Indonesia-Perjuangan<\/em>-PDI-P) ile Jokowi\u2019nin aras\u0131n\u0131n a\u00e7\u0131lmas\u0131nda \u00f6nemli bir etkendi.<\/p>\n\n\n\n<p>Bununla birlikte, Prabowo\u2019un se\u00e7im zaferine kar\u015f\u0131n, ulusal parlamentoda birinci parti PDI-P\u2019nin olmas\u0131 ilgin\u00e7 bir siyasal diyalo\u011fa zemin haz\u0131rl\u0131yor.<\/p>\n\n\n\n<p><strong>Demokrasi pratikleri<\/strong><\/p>\n\n\n\n<p>Endonezya\u2019ya \u00f6zg\u00fc demokrasi pratiklerinin yans\u0131malar\u0131, bu d\u00f6nemde de, kendini do\u011frudan hissettirece\u011fine dair ipu\u00e7lar\u0131 ortaya \u00e7\u0131kmaya ba\u015flad\u0131.<\/p>\n\n\n\n<p>\u0130ki d\u00f6nem ba\u015fkan Jokowi\u2019ye kar\u015f\u0131 ba\u015fkanl\u0131k yar\u0131\u015f\u0131nda rakip olan Prabowo, rakibinin ikinci d\u00f6nem ba\u015fkanl\u0131\u011f\u0131nda savunma bakan\u0131 olarak kabineye davet edilirken, yak\u0131nda \u00fclkeyi y\u00f6netecek isim olacak.<\/p>\n\n\n\n<p>Prabowo\u2019nun, benzeri bir siyasal yakla\u015f\u0131m takip ederek, rakiplerini ba\u015f\u0131nda bulundu\u011fu \u0130leri Endonezya Koalisyonu\u2019na (<em>Koalisi Indonesia Maju<\/em>-KIM) davet etmesi b\u00fcy\u00fck bir ihtimal kabul ediliyor ve hatta bunun ipu\u00e7lar\u0131 ortaya \u00e7\u0131km\u0131\u015f durumda.<\/p>\n\n\n\n<p>Bununla birlikte, yukar\u0131da dikkat \u00e7ekti\u011fim \u201cEndonezya\u2019ya \u00f6zg\u00fc demokrasi\u201d prati\u011fi sadece, ba\u015fkanl\u0131k se\u00e7im s\u00fcreciyle ba\u011flant\u0131l\u0131 de\u011fil.<\/p>\n\n\n\n<p><strong>Ulusal parlamento<\/strong><\/p>\n\n\n\n<p>En az ba\u015fkanl\u0131k se\u00e7imi kadar \u00f6nem arz eden husus, parlamentoda (<em>Dewan Perwakilan Rakyat<\/em>-DPR) hangi partinin veya partilerin \u00e7o\u011funlu\u011fu sa\u011flad\u0131\u011f\u0131yla ba\u011flant\u0131l\u0131d\u0131r.<\/p>\n\n\n\n<p>T\u0131pk\u0131, Jokowi\u2019nin son iki d\u00f6nem ba\u015fkanl\u0131\u011f\u0131nda oldu\u011fu gibi bu d\u00f6nemde de, ulusal parlamentoda, ya\u015f\u0131 epeyce ilerlemi\u015f ancak, h\u00e2l\u00e2 ulusal siyasette kayda de\u011fer \u00f6l\u00e7\u00fcde s\u00f6z sahibi olan Megawati Sukarnoputri\u2019nin ba\u015f\u0131nda bulundu\u011fu PDI-P \u00e7o\u011funlu\u011fu olu\u015fturuyor.<\/p>\n\n\n\n<p>Bu noktada, PDI-P ile \u00f6ne \u00e7\u0131kan di\u011fer baz\u0131 partilerin parlamentodaki da\u011f\u0131l\u0131mlar\u0131na g\u00f6z att\u0131\u011f\u0131m\u0131zda, tam da, yukar\u0131da k\u0131saca de\u011findi\u011fim, Endonezya demokrasisinin klasi\u011fiyle kar\u015f\u0131la\u015fm\u0131\u015f oluruz.<\/p>\n\n\n\n<p><strong>Partiler ve temsiliyet<\/strong><\/p>\n\n\n\n<p>14 \u015eubat\u2019taki ba\u015fkanl\u0131k ve parlamento se\u00e7imlerinin ard\u0131ndan, 580 sandalyeli parlamentoda PDI-P: 16,7% (110 milletvekili); Golkar: 15,3% (102 milletvekili); Gerindra: 13,2% (86 milletvekili); PKB: 10.6% (68 milletvekili); Nasdem: 9.7% (69 milletvekili) oran\u0131yla ilk d\u00f6rt s\u0131ray\u0131 payla\u015f\u0131yor.<\/p>\n\n\n\n<p>Bu d\u00f6rt partiyi takip eden, di\u011fer \u00fc\u00e7 parti var.<\/p>\n\n\n\n<p>Bunlar s\u0131ras\u0131yla, PKS: 8,4% (53 milletvekili); Demokrat Parti: 7,4% (44 milletvekili); PAN: 7,2% (48 milletvekili).<\/p>\n\n\n\n<p>G\u00f6zlerden ka\u00e7mam\u0131\u015ft\u0131r&#8230;<\/p>\n\n\n\n<p>\u0130ki d\u00f6nemdir devlet ba\u015fkan \u00e7\u0131kartan PDI-P, ana muhalefet partisi konumuna gerilerken, ba\u015fkan Prabowo\u2019nun kurucusu oldu\u011fu ve ba\u015f\u0131nda bulundu\u011fu Gerindra, bu d\u00f6nem parlamentoda ikinci parti konumunda.<\/p>\n\n\n\n<p>Peki, parlamentoda partilerin olu\u015fturdu\u011fu bu tablo, ba\u015fkan Prabowo i\u00e7in ne anlam ifade ediyor?<\/p>\n\n\n\n<p>Bu noktada, Prabowo\u2019yu ve muhtemel kuraca\u011f\u0131 kabineyi g\u00fc\u00e7l\u00fc k\u0131lacak hususun, -yukar\u0131da de\u011finildi\u011fi \u00fczere- \u00f6ne \u00e7\u0131kan t\u00fcm partilerin \u2018b\u00fcy\u00fck koalisyon\u2019 blo\u011fu i\u00e7inde yer almalar\u0131 olaca\u011f\u0131n\u0131 s\u00f6ylemek yanl\u0131\u015f olmayacakt\u0131r.<\/p>\n\n\n\n<p><strong>\u0130ktidar-muhalefet dengesi<\/strong><\/p>\n\n\n\n<p>Milletvekilleri, 1 Ekim\u2019de yap\u0131lan yemin t\u00f6reniyle milletvekilleri resmen g\u00f6revlerine ba\u015flarken, yap\u0131lan ilk resmi oturumda PDI-P\u2019den Maharani parlamento s\u00f6zc\u00fcs\u00fc olarak se\u00e7ildi.<\/p>\n\n\n\n<p>Parlamento s\u00f6zc\u00fcl\u00fc\u011f\u00fc i\u00e7in yap\u0131lan bu se\u00e7im, baz\u0131 \u00e7evreler nezdinde, Prabowo\u2019nun ba\u015fkanl\u0131\u011f\u0131 \u00f6ncesinde, parlamentoda partileraras\u0131 ittifak\u0131, muhalefeti de i\u00e7ine alacak \u015fekilde geni\u015fleti\u011fi \u015feklinde yorumlan\u0131yor&#8230;<\/p>\n\n\n\n<p>Bu yakla\u015f\u0131m\u0131 g\u00fc\u00e7lendiren unsur, se\u00e7im s\u00fcrecinde kendi ba\u015fkan adaylar\u0131yla ve de dolay\u0131s\u0131yla, Prabowo kar\u015f\u0131tl\u0131\u011f\u0131yla ortaya \u00e7\u0131kan Nasdem, PKB, PKS\u2019in Prabowo liderli\u011findeki <a>\u0130leri Endonezya Koalisyonu\u2019na<\/a> kat\u0131lmalar\u0131n\u0131n da \u00f6nemli etkisi var.<\/p>\n\n\n\n<p>Bu anlamda, Jokowi\u2019nin iki d\u00f6nem ba\u015fkanl\u0131\u011f\u0131nda oldu\u011fu gibi, Prabowo d\u00f6neminin de ba\u015fkan ve kabinenin a\u011f\u0131rl\u0131\u011f\u0131 g\u00fcndeme gelirken, muhalefetin gayet c\u0131l\u0131z kalaca\u011f\u0131 bir meclisle kar\u015f\u0131la\u015f\u0131laca\u011f\u0131 anla\u015f\u0131l\u0131yor.<\/p>\n\n\n\n<p>S\u00f6z konusu bu parlamento yap\u0131lanmas\u0131, h\u00fck\u00fcmet-muhalefet dengesizli\u011fiyle a\u00e7\u0131klanabilece\u011fi gibi, klasik demokrasi tan\u0131mlar\u0131nda bir norm olarak yer alan, parlamento kontrol mekanizmas\u0131n\u0131n i\u015flerli\u011finin \u00f6nemli \u00f6l\u00e7\u00fcde s\u0131n\u0131rland\u0131r\u0131laca\u011f\u0131 anlam\u0131na geliyor.<\/p>\n\n\n\n<p>Bu hususu da, \u201cEndonezya demokrasi pratiklerine\u201d son on y\u0131l boyunca tan\u0131k olunan bir boyut olarak eklemek m\u00fcmk\u00fcn&#8230;<\/p>\n\n\n\n<p><strong>PDI-P, b\u00fcy\u00fck koalisyona m\u0131?<\/strong><\/p>\n\n\n\n<p>Megawati\u2019nin k\u0131z\u0131 ve -\u015fimdiden- siyasi miras\u00e7\u0131s\u0131 olarak g\u00f6r\u00fclen Maharani\u2019nin parlamento s\u00f6zc\u00fcl\u00fc\u011f\u00fc oy birli\u011fiyle kabul edilmesi, siyasi partiler aras\u0131nda ilk g\u00fcnden olumlu bir atmosferin olu\u015ftu\u011fu izlenimini ortaya koyuyor.<\/p>\n\n\n\n<p>Bu durum, hi\u00e7 ku\u015fku yok ki, bir s\u00fcredir g\u00f6zlerin Prabowo ve Megawati aras\u0131nda nas\u0131l bir diyalog s\u00fcrecinin ba\u015flayaca\u011f\u0131 sorusunu g\u00fcndeme getiriyordu.<\/p>\n\n\n\n<p>Ve bu sorunun, ba\u015fkanl\u0131k de\u011fi\u015fimine \u00fc\u00e7 hafta kala cevab\u0131n\u0131 buldu\u011fu s\u00f6ylenebilir.<\/p>\n\n\n\n<p>Yap\u0131lan resmi a\u00e7\u0131klamaya g\u00f6re iki lider, \u00f6n\u00fcm\u00fczdeki g\u00fcnlerde biraraya gelecek.<\/p>\n\n\n\n<p>Bu toplant\u0131ya, ilk \u00f6nemli tepkinin ba\u015fkanl\u0131\u011fa veda etmeye haz\u0131rlanan Jokowi\u2019den gelmesi de \u00f6nemli.<\/p>\n\n\n\n<p>Jokowi t\u0131pk\u0131, \u00f6zellikle, ikinci d\u00f6nem ba\u015fkanl\u0131\u011f\u0131 s\u00fcrecinde oldu\u011fu gibi pragmatik bir yakla\u015f\u0131m sergiliyor. Ve iki farkl\u0131 siyasi parti ve iki farkl\u0131 siyaset\u00e7inin biraraya gelmesini, ulusal siyasetin ve toplumsal bar\u0131\u015f\u0131n tesisi noktas\u0131nda olumlu buluyor.<\/p>\n\n\n\n<p>Evet, bu tutum pragmatik oldu\u011fu kadar, Endonezya siyasal atmosferi dikkate al\u0131nd\u0131\u011f\u0131nda, ayn\u0131 zamanda rasyonel bir tutumu da i\u00e7eriyor.<\/p>\n\n\n\n<p>Nihayetinde, PDI-P\u2019nin \u00f6nemli deste\u011fiyle on y\u0131ld\u0131r \u00fclkeyi y\u00f6neten Jokowi\u2019nin, son birka\u00e7 y\u0131ld\u0131r Megawati aras\u0131nda ortaya \u00e7\u0131kan siyasi gerilim yerini belki de, dostane bir ayr\u0131l\u0131\u015fa terk edecek gibi g\u00f6z\u00fck\u00fcyor.<\/p>\n\n\n\n<p>\u0130ki lider aras\u0131nda ya\u015fanan ayr\u0131\u015fman\u0131n temel nedeni, ba\u015fkanl\u0131k se\u00e7imlerinde Jokowi ve Megawati\u2019nin farkl\u0131 adaylar\u0131 desteklemeleriydi.<\/p>\n\n\n\n<p>Bu hususu, daha \u00f6nceki yaz\u0131larda dile getirmi\u015ftim.<\/p>\n\n\n\n<p>Jokowi\u2019nin se\u00e7imlerde Prabowo\u2019nun \u00f6n\u00fcn\u00fc a\u00e7an bir siyaset izlemesinin, hi\u00e7 ku\u015fku yok ki, son be\u015f y\u0131ll\u0131k s\u00fcrede, Prabowo\u2019nun kabine yer almas\u0131n\u0131n \u00f6tesinde anlamlar i\u00e7eriyor.<\/p>\n\n\n\n<p>Bunlardan biri, 2016 y\u0131l\u0131nda Cakarta valilik s\u00fcrecinde ya\u015fanan siyasal ve toplumsal kaosta lider konumunda yer alan Prabowo\u2019nun, Jokowi h\u00fck\u00fcmetinde bakan olarak yer almas\u0131yla, Jokowi\u2019nin ulusal siyasette bir kez daha a\u011f\u0131rl\u0131\u011f\u0131n\u0131n ortaya \u00e7\u0131kmas\u0131na yol a\u00e7m\u0131\u015ft\u0131.<\/p>\n\n\n\n<p>Jokowi, bir anlamda, bu yak\u0131n ge\u00e7mi\u015f tecr\u00fcbesinden \u00f6t\u00fcr\u00fc, Prabowo\u2019ya besledi\u011fi \u201c\u015f\u00fckran\u201d\u0131 bu se\u00e7imlerde, -PDI-P\u2019yi ve de lideri Megawati\u2019ye ra\u011fmen, gizli-a\u00e7\u0131k Prabowo\u2019yu desteklemekle ortaya koydu.<\/p>\n\n\n\n<p>Bug\u00fcn gelinen noktada, Prabowo, \u015eubat ay\u0131ndaki ba\u015fkanl\u0131k se\u00e7imleri \u00f6ncesinde rakibi konumundaki PDI-P ve lideri Megawati ile ayn\u0131 safta yer alman\u0131n hesaplar\u0131n\u0131 yap\u0131yor.<\/p>\n\n\n\n<p>B\u00f6ylece, \u00f6n\u00fcm\u00fczdeki be\u015f y\u0131lda, parlamentoda ciddi bir muhalefetle kar\u015f\u0131la\u015fmadan ba\u015fkanl\u0131\u011f\u0131n\u0131 g\u00fc\u00e7lendirmeyi hedefliyor.<\/p>\n\n\n\n<p>\u00d6n\u00fcm\u00fczdeki g\u00fcnlerde ger\u00e7ekle\u015fmesi beklenen Prabowo-Megawati zirvesini, bu \u015fekilde de\u011ferlendirmek gerekiyor.<\/p>\n","protected":false},"excerpt":{"rendered":"<p>Mehmet \u00d6zay &nbsp;&nbsp;&nbsp;&nbsp;&nbsp;&nbsp;&nbsp;&nbsp;&nbsp;&nbsp;&nbsp;&nbsp;&nbsp;&nbsp;&nbsp;&nbsp;&nbsp;&nbsp;&nbsp;&nbsp;&nbsp;&nbsp;&nbsp;&nbsp;&nbsp;&nbsp;&nbsp;&nbsp;&nbsp;&nbsp;&nbsp;&nbsp;&nbsp;&nbsp;&nbsp;&nbsp;&nbsp;&nbsp;&nbsp;&nbsp;&nbsp;&nbsp;&nbsp;&nbsp;&nbsp;&nbsp;&nbsp;&nbsp;&nbsp;&nbsp;&nbsp;&nbsp;&nbsp;&nbsp;&nbsp;&nbsp;&nbsp;&nbsp;&nbsp;&nbsp;&nbsp;&nbsp;&nbsp;&nbsp;&nbsp;&nbsp;&nbsp;&nbsp;&nbsp;&nbsp;&nbsp;&nbsp;&nbsp;&nbsp;&nbsp;&nbsp;&nbsp;&nbsp;&nbsp;&nbsp;&nbsp;&nbsp;&nbsp;&nbsp;&nbsp;&nbsp;&nbsp;&nbsp;&nbsp;&nbsp;&nbsp;&nbsp;&nbsp;&nbsp;&nbsp;&nbsp;&nbsp;&nbsp;&nbsp;&nbsp;&nbsp;&nbsp;&nbsp;&nbsp;&nbsp;&nbsp; 03.10.2024 Endonezya\u2019da 20 Ekim\u2019de yap\u0131lacak ba\u015fkanl\u0131k devri yakla\u015f\u0131rken, ayn\u0131 heyecan 1 Ekim\u2019de yap\u0131lan yemin t\u00f6reniyle kendini, ulusal parlamento\u2019da farkl\u0131 boyutta hissettirmeye ba\u015flad\u0131. Ge\u00e7ti\u011fimiz 14 \u015eubat\u2019da yap\u0131lan ve Gerindra (B\u00fcy\u00fck Endonezya Partisi) lideri ve Joko Widodo kabinesinde savunma bakan\u0131 olarak g\u00f6rev yapan Prabowo Subianto\u2019nun kazand\u0131\u011f\u0131 ba\u015fkanl\u0131k se\u00e7imlerinin ard\u0131ndan, Prabowo 20 Ekim\u2019de ba\u015fkanl\u0131k koltu\u011funa [&hellip;]<\/p>\n","protected":false},"author":3,"featured_media":5476,"comment_status":"open","ping_status":"open","sticky":false,"template":"","format":"standard","meta":{"footnotes":""},"categories":[21,6],"tags":[],"class_list":["post-5475","post","type-post","status-publish","format-standard","has-post-thumbnail","hentry","category-endonezya","category-gunluk-yazilar"],"_links":{"self":[{"href":"https:\/\/guneydoguasyacalismalari.com\/tr_tr\/wp-json\/wp\/v2\/posts\/5475","targetHints":{"allow":["GET"]}}],"collection":[{"href":"https:\/\/guneydoguasyacalismalari.com\/tr_tr\/wp-json\/wp\/v2\/posts"}],"about":[{"href":"https:\/\/guneydoguasyacalismalari.com\/tr_tr\/wp-json\/wp\/v2\/types\/post"}],"author":[{"embeddable":true,"href":"https:\/\/guneydoguasyacalismalari.com\/tr_tr\/wp-json\/wp\/v2\/users\/3"}],"replies":[{"embeddable":true,"href":"https:\/\/guneydoguasyacalismalari.com\/tr_tr\/wp-json\/wp\/v2\/comments?post=5475"}],"version-history":[{"count":1,"href":"https:\/\/guneydoguasyacalismalari.com\/tr_tr\/wp-json\/wp\/v2\/posts\/5475\/revisions"}],"predecessor-version":[{"id":5477,"href":"https:\/\/guneydoguasyacalismalari.com\/tr_tr\/wp-json\/wp\/v2\/posts\/5475\/revisions\/5477"}],"wp:featuredmedia":[{"embeddable":true,"href":"https:\/\/guneydoguasyacalismalari.com\/tr_tr\/wp-json\/wp\/v2\/media\/5476"}],"wp:attachment":[{"href":"https:\/\/guneydoguasyacalismalari.com\/tr_tr\/wp-json\/wp\/v2\/media?parent=5475"}],"wp:term":[{"taxonomy":"category","embeddable":true,"href":"https:\/\/guneydoguasyacalismalari.com\/tr_tr\/wp-json\/wp\/v2\/categories?post=5475"},{"taxonomy":"post_tag","embeddable":true,"href":"https:\/\/guneydoguasyacalismalari.com\/tr_tr\/wp-json\/wp\/v2\/tags?post=5475"}],"curies":[{"name":"wp","href":"https:\/\/api.w.org\/{rel}","templated":true}]}}