{"id":5412,"date":"2024-09-03T16:56:25","date_gmt":"2024-09-03T16:56:25","guid":{"rendered":"https:\/\/guneydoguasyacalismalari.com\/?p=5412"},"modified":"2024-09-04T02:55:40","modified_gmt":"2024-09-04T02:55:40","slug":"ve-papa-francis-endonezyada","status":"publish","type":"post","link":"https:\/\/guneydoguasyacalismalari.com\/tr_tr\/ve-papa-francis-endonezyada\/","title":{"rendered":"Ve Papa Francis Endonezya\u2019da \/ Pope Francis in Indonesia"},"content":{"rendered":"\n<p><strong>Mehmet \u00d6zay &nbsp;&nbsp;&nbsp;&nbsp;&nbsp;&nbsp;&nbsp;&nbsp;&nbsp;&nbsp;&nbsp;&nbsp;&nbsp;&nbsp;&nbsp;&nbsp;&nbsp;&nbsp;&nbsp;&nbsp;&nbsp;&nbsp;&nbsp;&nbsp;&nbsp;&nbsp;&nbsp;&nbsp;&nbsp;&nbsp;&nbsp;&nbsp;&nbsp;&nbsp;&nbsp;&nbsp;&nbsp;&nbsp;&nbsp;&nbsp;&nbsp;&nbsp;&nbsp;&nbsp;&nbsp;&nbsp;&nbsp;&nbsp;&nbsp;&nbsp;&nbsp;&nbsp;&nbsp;&nbsp;&nbsp;&nbsp;&nbsp;&nbsp;&nbsp;&nbsp;&nbsp;&nbsp;&nbsp;&nbsp;&nbsp;&nbsp;&nbsp;&nbsp;&nbsp;&nbsp;&nbsp;&nbsp;&nbsp;&nbsp;&nbsp;&nbsp;&nbsp;&nbsp;&nbsp;&nbsp;&nbsp;&nbsp;&nbsp;&nbsp;&nbsp;&nbsp;&nbsp;&nbsp;&nbsp;&nbsp;&nbsp;&nbsp;&nbsp;&nbsp;&nbsp;&nbsp;&nbsp;&nbsp;&nbsp;&nbsp;&nbsp;&nbsp;&nbsp;&nbsp;&nbsp;&nbsp; 03.09.2024<\/strong><\/p>\n\n\n\n<p>Katolik d\u00fcnyas\u0131n\u0131n manevi lideri Papa Francis, \u0130slam d\u00fcnyas\u0131n\u0131n \u00f6nemli \u00fclkelerinden Endonezya\u2019da.<\/p>\n\n\n\n<p>87 ya\u015f\u0131ndaki Papa Francis, on \u00fc\u00e7 saatlik u\u00e7u\u015fun ard\u0131ndan, Asya-Pasifik b\u00f6lgesi ziyaretinin ilk dura\u011f\u0131 Cakarta\u2019ya geldi. Kar\u015f\u0131lama t\u00f6reninde resmi makamlar ad\u0131na temsil g\u00f6revini din i\u015fleri bakan\u0131 &#8230; yapt\u0131.<\/p>\n\n\n\n<p>\u00dc\u00e7 g\u00fcn s\u00fcreyle Endonezya\u2019da bulunacak olan Papa Francis, daha sonra Do\u011fu Timor, Papua New Gine ve Singapur\u2019a ge\u00e7ecek.<\/p>\n\n\n\n<p>Papa\u2019n\u0131n a\u00e7\u0131klanan program\u0131nda devlet ba\u015fkan\u0131 Joko Widodo ile yar\u0131n yani, \u00c7ar\u015famba g\u00fcn\u00fc g\u00f6r\u00fc\u015fmesi, Cakarta\u2019daki me\u015fhur \u0130stiklal Camii\u2019nde, \u00fclkedeki alt\u0131 dinin temsilcileriyle \u2018dinleraras\u0131\u2019 program \u00e7er\u00e7evesinde biraraya gelmesi ve -Endonezya kardinali Ignatius Suharyo Hardjoatmodjo ile birlikte- 80 bin ki\u015filik stadyumda Katolik toplumuna y\u00f6nelik ayini bulunuyor.<\/p>\n\n\n\n<p><strong>Ziyaret gerek\u00e7esi<\/strong><\/p>\n\n\n\n<p>Papa\u2019n\u0131n, g\u00f6rev s\u00fcresi boyunca ger\u00e7ekle\u015ftirdi\u011fi en uzun seyahat olarak tarihe ge\u00e7ecek olan bu Asya-Pasifik gezisi, temelde \u00fc\u00e7 farkl\u0131 a\u00e7\u0131dan \u00f6nem ta\u015f\u0131yor.<\/p>\n\n\n\n<p>Bunlar, Resmi olarak g\u00fcndeme getirilen \u2018iklim de\u011fi\u015fikli\u011fi\u2019 konusu, kendisi d\u00f6neminde olu\u015fturulan kardinallikler ve dinleraras\u0131 diyalog.<\/p>\n\n\n\n<p>Her \u00fc\u00e7 alan\u0131, s\u0131radan ve g\u00fcnlelik kullan\u0131mlar\u0131n\u0131n d\u0131\u015f\u0131nda ve ucuz k\u00fcresel politikalar\u0131n oda\u011f\u0131ndan \u00e7ekip olarak, birer medeniyet unsuru \u015feklinde de\u011ferlendirmek m\u00fcmk\u00fcn.<\/p>\n\n\n\n<p><strong>\u0130klim de\u011fi\u015fikli\u011fi-sorumlu kim?<\/strong><\/p>\n\n\n\n<p>Papa Francis\u2019in bu ziyaretine dair yap\u0131lan resmi a\u00e7\u0131klamalarda temel amac\u0131, \u201ciklim de\u011fi\u015fikli\u011fi\u201d konusu olu\u015ftursa da, ziyaret edece\u011fi \u00fclkelerin iklim de\u011fi\u015fikli\u011fi sorununu ortaya \u00e7\u0131karan de\u011fil, belki do\u011frudan bunun ma\u011fduru olan \u00fclkeler kategorisinde yer almas\u0131 bu ba\u015fl\u0131\u011f\u0131n ziyaretin kapsam\u0131yla ilgisi sorgulanmaya de\u011fer.<\/p>\n\n\n\n<p>\u00d6rne\u011fin, Cava Adas\u0131\u2019n\u0131n bat\u0131s\u0131ndaki ba\u015fkent Jakarta\u2019n\u0131n Kalimantan Adas\u0131\u2019na ta\u015f\u0131nmas\u0131n\u0131n ba\u015fl\u0131ca nedeni ba\u015fkentin -insan fakt\u00f6r\u00fcyle ortaya \u00e7\u0131kan nedenler d\u0131\u015f\u0131nda- iklim de\u011fi\u015fikli\u011finin do\u011frudan bir g\u00f6stergesi olarak deniz seviyesinin alt\u0131nda kalma riskini, bu ma\u011fduriyetin bir ifadesi olarak de\u011ferlendirmek gerekir.<\/p>\n\n\n\n<p>Veya bir ba\u015fka a\u00e7\u0131dan de\u011ferlendirilecek olursa&#8230;<\/p>\n\n\n\n<p>\u0130klim de\u011fi\u015fikli\u011fi sorununu ortaya \u00e7\u0131karan tarihsel olarak Bat\u0131l\u0131 end\u00fcstrile\u015fmi\u015f \u00fclkeler olurken, bug\u00fcn ihtiya\u00e7 duyulan i\u015fbirli\u011finde \u00f6rne\u011fin, Endonezya gibi bir \u00fclkenin katk\u0131s\u0131n\u0131n g\u00f6zard\u0131 edilemezli\u011fi g\u00fcndeme ta\u015f\u0131nabilir.<\/p>\n\n\n\n<p>Her iki halde de, ma\u011fdur ve destek istenen tarafta yer alan Endonezya\u2019n\u0131n, manip\u00fcle edilmekte oldu\u011funu s\u00f6ylemek yanl\u0131\u015f olmayacakt\u0131r.<\/p>\n\n\n\n<p>Bu noktada, end\u00fcstrile\u015fmemi\u015f bir \u00fclke olan Endonezya\u2019n\u0131n bug\u00fcn bat\u0131s\u0131ndan do\u011fusuna do\u011fal zenginlikleri ile an\u0131l\u0131yor olu\u015fu tam da, iklim de\u011fi\u015fikli\u011fi ile Bat\u0131 \u00fclkelerinde apokaliptik s\u00f6ylemler kar\u015f\u0131s\u0131nda bir alternatif oldu\u011funu bize g\u00f6steriyor.<\/p>\n\n\n\n<p>Bu s\u00f6ylemi, \u2018\u0130yi ki, Endonezya end\u00fcstrile\u015fmemi\u015f\u2019 olarak de\u011ferlendirmek yerine, end\u00fcstrile\u015fmenin entellekt\u00fcel kaynaklar\u0131na y\u00f6nelik bir ele\u015ftirinin, ba\u015flang\u0131c\u0131 olarak ele almak gerekir.<\/p>\n\n\n\n<p><strong>Diyalog<\/strong><\/p>\n\n\n\n<p>Ziyaretin, ikinci nedeni olarak dikkat \u00e7eken \u2018dinleraras\u0131 diyalog\u2019&#8230;<\/p>\n\n\n\n<p>Giri\u015fte ifade etti\u011fim \u00fczere bu ba\u015fl\u0131k alt\u0131ndaki etkinlik \u0130stiklal Camii\u2019nde yap\u0131lacak. \u00dclkede resmen tan\u0131nan alt\u0131 dinin temsilcilerinin yer alaca\u011f\u0131 diyalog s\u00fcrecinde, Papa Francis\u2019in, \u0130stiklal Camii imam\u0131yla k\u00fcresel olarak ya\u015fanan \u2018insanl\u0131k d\u0131\u015f\u0131 geli\u015fmelere\u2019 (<em>dehumanization<\/em>) kar\u015f\u0131 bir deklarasyona imza atmas\u0131 bekleniyor.<\/p>\n\n\n\n<p>Endonezya, t\u0131pk\u0131 b\u00f6lgedeki di\u011fer \u00fclkeler gibi \u00e7ok etnikli, \u00e7ok dinli bir yap\u0131 arz ediyor.<\/p>\n\n\n\n<p>Her ne kadar antropolojik ve sosyolojik olarak \u2018geni\u015f Malay d\u00fcnyas\u0131\u2019 kavram\u0131 i\u00e7eresinde yer alsa da, k\u00fclt\u00fcrel ve dini yap\u0131lanmalar noktas\u0131nda farkl\u0131l\u0131klar\u0131 i\u00e7inde bar\u0131nd\u0131r\u0131yor.<\/p>\n\n\n\n<p>Bu durum, d\u00fcnyan\u0131n farkl\u0131 k\u00f6\u015felerinde, \u00f6zellikle de, halk\u0131n\u0131n \u00f6nemli bir b\u00f6l\u00fcm\u00fc M\u00fcsl\u00fcman olan \u00fclkelerde tan\u0131k olunan \u00e7at\u0131\u015fmac\u0131 bir toplumsal yap\u0131y\u0131 burada g\u00f6rmek m\u00fcmk\u00fcn de\u011fil.<\/p>\n\n\n\n<p>Endonezya\u2019y\u0131 bunun aksi bir tan\u0131mlamayla resmettirmeye dair e\u011filimlere ve bunun malzemesi olacak unsurlar\u0131 ortaya \u00e7\u0131karmaya dair \u00e7abalar olsa da, sadece bug\u00fcn de\u011fil, tarihsel olarak b\u00f6lge toplumlar\u0131n\u0131n farkl\u0131l\u0131klar\u0131yla birarada ya\u015fama gelene\u011fi taktire \u015fayan kabul edilmelidir.<\/p>\n\n\n\n<p>Endonezya\u2019di bu toplumsal ger\u00e7ekli\u011fi daha \u00f6nce fark etmi\u015f oldu\u011fu anla\u015f\u0131lan Papa Francis\u2019un, Fratelli tutti\u2019sine bunu yazd\u0131\u011f\u0131 ve b\u00f6lgedeki ger\u00e7ekli\u011fin devam edece\u011fini \u00f6ng\u00f6rd\u00fc\u011f\u00fc belirtiliyor.<\/p>\n\n\n\n<p>Evet, Endonezya ad\u0131na g\u00fczel bir nokta&#8230;<\/p>\n\n\n\n<p>Zaten bu nedenle de ziyaretin motto\u2019sunu \u201cinan\u00e7, karde\u015flik ve merhamet\u201d kavramlar\u0131 te\u015fkil ediyor.<\/p>\n\n\n\n<p>Bununla birlikte, ger\u00e7ekli\u011fi hakk\u0131yla koymak ad\u0131na \u015fu yakla\u015f\u0131m\u0131n da, k\u00fcresel kamuoyuyla payla\u015f\u0131lmas\u0131 gerekiyor.<\/p>\n\n\n\n<p>\u015eayet ortada, farkl\u0131 dini ve k\u00fclt\u00fcrel toplumsal yap\u0131lar aras\u0131nda bir diyalog\u2019dan s\u00f6z ediliyor ise bunun, Bat\u0131l\u0131 geli\u015fmi\u015f \u00fclkeler veya bu \u00fclkelerin ortaya koyduklar\u0131 modern d\u00fcnya g\u00f6r\u00fc\u015f\u00fcyle ve bunun felsefi ve entellekt\u00fcel temellerini olu\u015fturan Ayd\u0131nlanma d\u00fc\u015f\u00fcncesiyle (<em>Enlightenment thought<\/em>), uzaktan yak\u0131ndan al\u00e2kas\u0131 bulunmuyor.<\/p>\n\n\n\n<p>Aksine, ve de temelde, s\u00f6z konusu farkl\u0131 dini ve k\u00fclt\u00fcrel toplumsal yap\u0131lar aras\u0131ndakibu diyalogun, bug\u00fcn ad\u0131 Endonezya olan, tarihte ise Malay Tak\u0131madalar\u0131 (<em>Malay Archipelago<\/em>) olarak bilinen co\u011frafyan\u0131n \u00fcretti\u011fi de\u011ferlerle anla\u015f\u0131lmas\u0131 gerekir.<\/p>\n\n\n\n<p>\u015eayet Papa, \u2018diyalog\u2019 konusunu ele almak istiyorsa, bu tarihsel ger\u00e7ekli\u011fi g\u00fcndeme ta\u015f\u0131mal\u0131 ve \u00f6zellikle, sorgulamas\u0131n\u0131 Bat\u0131 d\u00fcnyas\u0131n\u0131n \u00fcretti\u011fi ve bug\u00fcn k\u00fcresel toplumu yanl\u0131\u015fa s\u00fcr\u00fckleyen de\u011ferleri a\u00e7\u0131k\u00e7a payla\u015fmal\u0131d\u0131r. &nbsp;<\/p>\n\n\n\n<p>Bununla birlikte, her hal\u00fck\u00e2rda, Papa\u2019n\u0131n&nbsp; dinleraras\u0131 diyalog ba\u011flam\u0131n\u0131 g\u00fcndeme ta\u015f\u0131mas\u0131n\u0131n mahsuru bulunmuyor.<\/p>\n\n\n\n<p>Ancak, toplumsal, k\u00fclt\u00fcrel ve dini ger\u00e7eklikleri hakk\u0131yla ortaya koymak \u015fart\u0131yla.<\/p>\n\n\n\n<p><strong>Jokowi\u2019den final<\/strong><\/p>\n\n\n\n<p>Kan\u0131mca, ziyaretle ilgili olarak yukar\u0131da dile getirilen \u00fc\u00e7 temel nedenin \u00f6tesinde, ba\u015fka baz\u0131 nedenleri de g\u00f6rmek m\u00fcmk\u00fcn.<\/p>\n\n\n\n<p>Resmi a\u00e7\u0131klamalara bak\u0131ld\u0131\u011f\u0131nda ziyaretin, kovid-19 s\u00fcreci \u00f6ncesinde pl\u00e2nland\u0131\u011f\u0131 belirtiliyor.<\/p>\n\n\n\n<p>Her ne olursa olsun, Papa\u2019n\u0131n Endonezya\u2019ya ziyareti, g\u00f6rev s\u00fcresi Ekim ay\u0131nda sona erecek olan devlet ba\u015fkan\u0131 Joko Widodo\u2019nun, on y\u0131ll\u0131k iktidar\u0131n\u0131 d\u00fcnya bar\u0131\u015f\u0131na \u00f6nemli bir miras b\u0131rakarak sonland\u0131rma arzusunun bir g\u00f6stergesi olarak de\u011ferlendirmek yanl\u0131\u015f olmayacakt\u0131r.<\/p>\n\n\n\n<p>Jokowi\u2019nin, insanl\u0131k i\u00e7in k\u00fcresel \u00f6neme sahip Papa\u2019n\u0131n bu ziyaretine ev sahipli\u011fi yapmak suretiyle, hem kendisi hem de \u00fclkesi ad\u0131na, uluslararas\u0131 ili\u015fkilere g\u00fczel bir son nokta koymak istedi\u011fini s\u00f6yleyebiliriz.<\/p>\n\n\n\n<p>Endonezya\u2019da Katolik n\u00fcfusun y\u00fczde 8 civar\u0131nda oldu\u011fu ve bu oran\u0131n, 280 milyonluk n\u00fcfus i\u00e7erisinde 8 milyona tekab\u00fcl etti\u011fi d\u00fc\u015f\u00fcn\u00fcl\u00fcrse, \u00fclkedeki b\u00f6lgedeki ifadeyle dile getirmek gerekirse, \u2018Katolik \u00fcmmeti\u2019 i\u00e7in Papa\u2019n\u0131n ziyareti manevi olarak b\u00fcy\u00fck \u00f6nem ta\u015f\u0131yor.<\/p>\n\n\n\n<p><strong>Baz\u0131 veriler<\/strong><\/p>\n\n\n\n<p>2022 verilerine g\u00f6re halk\u0131n\u0131n y\u00fczde 87\u2019si M\u00fcsl\u00fcman, y\u00fczde 11\u2019i H\u0131ristiyan olan Endonezya\u2019da ulusal s\u0131n\u0131rlar i\u00e7erisinde, dinler aras\u0131nda \u00f6nemli bir bar\u0131\u015f s\u00fcreci oldu\u011funu s\u00f6ylemeliyiz.<\/p>\n\n\n\n<p>Bununla birlikte, M\u00fcsl\u00fcman n\u00fcfus aras\u0131nda \u00e7o\u011funlu\u011fun \u015eafi Mezhebi\u2019ne ba\u011fl\u0131l\u0131\u011f\u0131 kar\u015f\u0131s\u0131nda H\u0131ristiyan n\u00fcfusun kendi aras\u0131nda Katolik, Protestan kiliselerini -ki bu noktada, Metodistler ba\u015f\u0131 \u00e7ekiyor- belli ba\u015fl\u0131 alt birimlerine ayr\u0131l\u0131yor.<\/p>\n\n\n\n<p>Bunun yan\u0131 s\u0131ra, yerel kiliselerin varl\u0131\u011f\u0131n\u0131 da, k\u00fclt\u00fcrel ve sosyolojik bak\u0131m\u0131ndan \u00f6nemlerine binaen dikkate almak gerekir.<\/p>\n\n\n\n<p>\u00d6rne\u011fin, Kuzey Sumatra\u2019n\u0131n da\u011fl\u0131k b\u00f6lgelerinde ya\u015fam s\u00fcren Batak toplumunun baz\u0131 alt gruplar\u0131n\u0131n mensubu bulundu\u011fu Batak H\u0131ristiyan Protestan Kilisesi (<em>Huria Kristen Batak Protestan<\/em>-HKBP) bunlar\u0131n \u00f6ne \u00e7\u0131kan\u0131d\u0131r.<\/p>\n\n\n\n<p>Bu rakamlar\u0131n ulusal siyasetteki kar\u015f\u0131l\u0131\u011f\u0131 nedir diye sorulacak olursa, 2023 verileri bize ulusal parlamentoda temsilcilerin y\u00fczde 15\u2019lik b\u00f6l\u00fcm\u00fc H\u0131ristiyan siyaset\u00e7ilerden olu\u015fuyor.<\/p>\n\n\n\n<p>Katolik d\u00fcnyas\u0131n\u0131n manevi lideri Papa Francis\u2019in Endonezya\u2019ya yapmakta oldu\u011fu ziyareti ayn\u0131 zamanda Endonezya \u0130slam\u0131\u2019n\u0131n k\u00fcresel toplumu sundu\u011fu Nusantara \u0130slam\u2019\u0131 (<em>\u0130slam Nusantara<\/em>) kavram\u0131n\u0131n da anla\u015f\u0131labilmesine vesile olaca\u011f\u0131n\u0131 umuyorum.<\/p>\n\n\n\n<p>Halk\u0131n\u0131n kahir ekseriyeti M\u00fcsl\u00fcman olan Endonezya\u2019n\u0131n d\u00fcnyan\u0131n farkl\u0131 b\u00f6lgelerinde a\u011f\u0131r toplumsal ve siyasal sorunlar alt\u0131nda ya\u015fayan M\u00fcsl\u00fcman toplumlar\u0131na gizli-a\u00e7\u0131k sundu\u011fu bir alternatif yakla\u015f\u0131m olarak Nusantara \u0130slam\u2019\u0131 anlamak ve bunu k\u00fcresel \u00e7apta toplumsal ve kurumsal boyutlar\u0131yla \u00f6ne \u00e7\u0131karmak hem dinleraras\u0131 diyalog hem de k\u00fcresel bar\u0131\u015fa \u00f6nemli bir katk\u0131 olacakt\u0131r.<\/p>\n","protected":false},"excerpt":{"rendered":"<p>Mehmet \u00d6zay &nbsp;&nbsp;&nbsp;&nbsp;&nbsp;&nbsp;&nbsp;&nbsp;&nbsp;&nbsp;&nbsp;&nbsp;&nbsp;&nbsp;&nbsp;&nbsp;&nbsp;&nbsp;&nbsp;&nbsp;&nbsp;&nbsp;&nbsp;&nbsp;&nbsp;&nbsp;&nbsp;&nbsp;&nbsp;&nbsp;&nbsp;&nbsp;&nbsp;&nbsp;&nbsp;&nbsp;&nbsp;&nbsp;&nbsp;&nbsp;&nbsp;&nbsp;&nbsp;&nbsp;&nbsp;&nbsp;&nbsp;&nbsp;&nbsp;&nbsp;&nbsp;&nbsp;&nbsp;&nbsp;&nbsp;&nbsp;&nbsp;&nbsp;&nbsp;&nbsp;&nbsp;&nbsp;&nbsp;&nbsp;&nbsp;&nbsp;&nbsp;&nbsp;&nbsp;&nbsp;&nbsp;&nbsp;&nbsp;&nbsp;&nbsp;&nbsp;&nbsp;&nbsp;&nbsp;&nbsp;&nbsp;&nbsp;&nbsp;&nbsp;&nbsp;&nbsp;&nbsp;&nbsp;&nbsp;&nbsp;&nbsp;&nbsp;&nbsp;&nbsp;&nbsp;&nbsp;&nbsp;&nbsp;&nbsp;&nbsp;&nbsp;&nbsp;&nbsp;&nbsp;&nbsp;&nbsp; 03.09.2024 Katolik d\u00fcnyas\u0131n\u0131n manevi lideri Papa Francis, \u0130slam d\u00fcnyas\u0131n\u0131n \u00f6nemli \u00fclkelerinden Endonezya\u2019da. 87 ya\u015f\u0131ndaki Papa Francis, on \u00fc\u00e7 saatlik u\u00e7u\u015fun ard\u0131ndan, Asya-Pasifik b\u00f6lgesi ziyaretinin ilk dura\u011f\u0131 Cakarta\u2019ya geldi. Kar\u015f\u0131lama t\u00f6reninde resmi makamlar ad\u0131na temsil g\u00f6revini din i\u015fleri bakan\u0131 &#8230; yapt\u0131. \u00dc\u00e7 g\u00fcn s\u00fcreyle Endonezya\u2019da bulunacak olan Papa Francis, daha sonra Do\u011fu Timor, [&hellip;]<\/p>\n","protected":false},"author":3,"featured_media":5415,"comment_status":"open","ping_status":"open","sticky":false,"template":"","format":"standard","meta":{"footnotes":""},"categories":[21,6],"tags":[],"class_list":["post-5412","post","type-post","status-publish","format-standard","has-post-thumbnail","hentry","category-endonezya","category-gunluk-yazilar"],"_links":{"self":[{"href":"https:\/\/guneydoguasyacalismalari.com\/tr_tr\/wp-json\/wp\/v2\/posts\/5412","targetHints":{"allow":["GET"]}}],"collection":[{"href":"https:\/\/guneydoguasyacalismalari.com\/tr_tr\/wp-json\/wp\/v2\/posts"}],"about":[{"href":"https:\/\/guneydoguasyacalismalari.com\/tr_tr\/wp-json\/wp\/v2\/types\/post"}],"author":[{"embeddable":true,"href":"https:\/\/guneydoguasyacalismalari.com\/tr_tr\/wp-json\/wp\/v2\/users\/3"}],"replies":[{"embeddable":true,"href":"https:\/\/guneydoguasyacalismalari.com\/tr_tr\/wp-json\/wp\/v2\/comments?post=5412"}],"version-history":[{"count":2,"href":"https:\/\/guneydoguasyacalismalari.com\/tr_tr\/wp-json\/wp\/v2\/posts\/5412\/revisions"}],"predecessor-version":[{"id":5416,"href":"https:\/\/guneydoguasyacalismalari.com\/tr_tr\/wp-json\/wp\/v2\/posts\/5412\/revisions\/5416"}],"wp:featuredmedia":[{"embeddable":true,"href":"https:\/\/guneydoguasyacalismalari.com\/tr_tr\/wp-json\/wp\/v2\/media\/5415"}],"wp:attachment":[{"href":"https:\/\/guneydoguasyacalismalari.com\/tr_tr\/wp-json\/wp\/v2\/media?parent=5412"}],"wp:term":[{"taxonomy":"category","embeddable":true,"href":"https:\/\/guneydoguasyacalismalari.com\/tr_tr\/wp-json\/wp\/v2\/categories?post=5412"},{"taxonomy":"post_tag","embeddable":true,"href":"https:\/\/guneydoguasyacalismalari.com\/tr_tr\/wp-json\/wp\/v2\/tags?post=5412"}],"curies":[{"name":"wp","href":"https:\/\/api.w.org\/{rel}","templated":true}]}}