{"id":5222,"date":"2024-05-09T14:31:49","date_gmt":"2024-05-09T14:31:49","guid":{"rendered":"https:\/\/guneydoguasyacalismalari.com\/?p=5222"},"modified":"2024-05-09T14:31:50","modified_gmt":"2024-05-09T14:31:50","slug":"si-cinpingin-ziyareti-ve-cin-ab-iliskileri-xi-jinping-visit-to-france-and-china-eu-relations","status":"publish","type":"post","link":"https:\/\/guneydoguasyacalismalari.com\/tr_tr\/si-cinpingin-ziyareti-ve-cin-ab-iliskileri-xi-jinping-visit-to-france-and-china-eu-relations\/","title":{"rendered":"\u015ei Cinping\u2019in ziyareti ve \u00c7in \u2013 AB ili\u015fkileri \/ Xi Jinping\u2019 visit to France and China \u2013 EU relations"},"content":{"rendered":"\n<p><strong>Mehmet \u00d6zay &nbsp;&nbsp;&nbsp;&nbsp;&nbsp;&nbsp;&nbsp;&nbsp;&nbsp;&nbsp;&nbsp;&nbsp;&nbsp;&nbsp;&nbsp;&nbsp;&nbsp;&nbsp;&nbsp;&nbsp;&nbsp;&nbsp;&nbsp;&nbsp;&nbsp;&nbsp;&nbsp;&nbsp;&nbsp;&nbsp;&nbsp;&nbsp;&nbsp;&nbsp;&nbsp;&nbsp;&nbsp;&nbsp;&nbsp;&nbsp;&nbsp;&nbsp;&nbsp;&nbsp;&nbsp;&nbsp;&nbsp;&nbsp;&nbsp;&nbsp;&nbsp;&nbsp;&nbsp;&nbsp;&nbsp;&nbsp;&nbsp;&nbsp;&nbsp;&nbsp;&nbsp;&nbsp;&nbsp;&nbsp;&nbsp;&nbsp;&nbsp;&nbsp;&nbsp;&nbsp;&nbsp;&nbsp;&nbsp;&nbsp;&nbsp;&nbsp;&nbsp;&nbsp;&nbsp;&nbsp;&nbsp;&nbsp;&nbsp;&nbsp;&nbsp;&nbsp;&nbsp;&nbsp;&nbsp;&nbsp;&nbsp;&nbsp;&nbsp;&nbsp;&nbsp;&nbsp;&nbsp;&nbsp;&nbsp;&nbsp;&nbsp;&nbsp;&nbsp;&nbsp;&nbsp;&nbsp; 05.09.2024<\/strong><\/p>\n\n\n\n<p>\u00c7in devlet ba\u015fkan\u0131 \u015ei Cinping\u2019in hafta ba\u015f\u0131nda Fransa ile ba\u015flayan ve Macaristan ve S\u0131rbistan ile devam eden ziyareti, Bat\u0131 ile \u00c7in aras\u0131ndaki ili\u015fkilerin seyri a\u00e7\u0131s\u0131ndan gayet \u00f6nemli bir anlam ta\u015f\u0131yor.<\/p>\n\n\n\n<p>Cinping\u2019in Fransa ziyareti iki \u00fclke ili\u015fkilerinin 60. y\u0131l\u0131 vesilesiyle ger\u00e7ekle\u015firken, Avrupa Birli\u011fi (AB) d\u00f6nem ba\u015fkanl\u0131\u011f\u0131n\u0131 devr alacak olan Macaristan ziyareti ise ikili ili\u015fkiler kadar, \u00c7in-AB ili\u015fkileri ba\u011flam\u0131nda da \u00f6nem arz ediyor.<\/p>\n\n\n\n<p>Cinping\u2019in Avrupa \u00fclkelerine y\u00f6nelik bu ziyaretleri, ge\u00e7ti\u011fimiz birka\u00e7 y\u0131l i\u00e7erisinde Alman Fransa devlet ba\u015fkan\u0131 Macron ile Alman \u015fany\u00f6lyesi Olaf Scholz\u2019\u0131n \u00c7in ziyaretlerinin ard\u0131ndan, AB ile \u00c7in aras\u0131nda geli\u015fmekte olan olumlu etkile\u015fimin devaml\u0131l\u0131\u011f\u0131 anlam\u0131 ta\u015f\u0131yor.<\/p>\n\n\n\n<p>AB \u00fclkeleri ile \u00c7in aras\u0131nda son d\u00f6nemde geli\u015fmekte olan ili\u015fkiler, k\u00fcresel g\u00fc\u00e7 payla\u015f\u0131m\u0131nda ABD d\u0131\u015f\u0131nda, AB ile \u00c7in\u2019in yeni bir s\u00f6ylem ve politika ile g\u00fcndeme geldiklerini ortaya koyuyor.<\/p>\n\n\n\n<p>Bu geli\u015fmenin hem, AB a\u00e7\u0131s\u0131ndan hem de, \u00c7in a\u00e7\u0131s\u0131ndan siyasal ve ekonomik kazan\u0131m\u0131 y\u00fcksek bir a\u00e7\u0131l\u0131m oldu\u011funa ku\u015fku yok.<\/p>\n\n\n\n<p><strong>Fransa\u2019da s\u0131cak kar\u015f\u0131la\u015fma<\/strong><\/p>\n\n\n\n<p>\u0130ki \u00fclke devlet ba\u015fkan\u0131 ve heyetler aras\u0131 g\u00f6r\u00fc\u015fmelerin oda\u011f\u0131nda ticari ili\u015fkiler belirledi.<\/p>\n\n\n\n<p>Baz\u0131 \u00fcr\u00fcnlerin kar\u015f\u0131l\u0131kl\u0131 olarak, ilgili \u00fclke pazarlar\u0131na girmesi konusunda var\u0131lan anla\u015fma ve\/ya yak\u0131n d\u00f6nemde \u00e7\u00f6z\u00fcme kavu\u015fturulmas\u0131 beklenen giri\u015fimler s\u00fcre\u00e7 a\u00e7\u0131s\u0131ndan \u00f6nemli geli\u015fmeler olarak yorumlamak gerekir.<\/p>\n\n\n\n<p>Bu \u00e7er\u00e7evede, \u00f6zellikle \u00c7in \u00fcretimi elektrikli ara\u00e7lar\u0131n ithaline AB b\u00fcnyesinde onay verilmesi konusunda Macron\u2019un \u00e7aba sergileyece\u011fini a\u00e7\u0131klamas\u0131, Fransa ile s\u0131n\u0131rl\u0131 olmayan aksine, Avrupa k\u0131tas\u0131 boyutunda bir geli\u015fme olarak de\u011ferlendirilmelidir.<\/p>\n\n\n\n<p>G\u00f6r\u00fc\u015fmelerde dikkat \u00e7eken nokta, Fransa taraf\u0131n\u0131n ticari ili\u015fkilerde duru\u015funun \u00f6rne\u011fin ABD\u2019nin yakla\u015f\u0131m\u0131yla benzerlik ta\u015f\u0131mas\u0131yd\u0131. Bir ba\u015fka ifadeyle s\u00f6ylemek gerekirse, \u00c7in\u2019in uluslararas\u0131 ticaret ili\u015fkilerine ve var olan normlara ba\u011fl\u0131l\u0131\u011f\u0131na dikkat \u00e7ekmesiydi.<\/p>\n\n\n\n<p>Yap\u0131lan g\u00f6r\u00fc\u015fmeler ve anla\u015fmalar temelinde, \u00c7in y\u00f6netiminin uluslararas\u0131 normlara tabi olup olmayaca\u011f\u0131n\u0131, iki \u00fclke ile AB-\u00c7in aras\u0131nda ger\u00e7ekle\u015fece\u011fi \u00fcmit edilen ticaret ili\u015fkilerinin ger\u00e7ekle\u015fip ger\u00e7ekle\u015fmedi\u011finde test edilecektir.<\/p>\n\n\n\n<p><strong>\u00c7at\u0131\u015fma b\u00f6lgeleri<\/strong><\/p>\n\n\n\n<p>Cinping\u2019in Fransa\u2019daki temaslar\u0131nda k\u00fcresel \u00e7at\u0131\u015fma b\u00f6lgeleri konusu da g\u00fcndeme geldi.<\/p>\n\n\n\n<p>Avrupa\u2019n\u0131n ortas\u0131nda devam eden Rusya\u2019n\u0131n Ukrayna i\u015fgal s\u00fcreci ile Ortado\u011fu\u2019da \u0130srail\u2019in Filistin\u2019e y\u00f6nelik soyk\u0131r\u0131m\u0131 g\u00f6r\u00fc\u015fmelerde ele al\u0131nd\u0131.<\/p>\n\n\n\n<p>Cinping, Ukrayna konusunda Avrupa liderlerini ve toplumunu memnun eden a\u00e7\u0131klama yaparken, Filistin\u2019e dair de uluslararas\u0131 camiada yanl\u0131\u015fla\u015fmad\u0131\u011f\u0131n\u0131 kan\u0131tlayacak bir tutum sergiledi.<\/p>\n\n\n\n<p>\u00c7in devlet ba\u015fkan\u0131n\u0131n sergiledi\u011fi bu yakla\u015f\u0131m, kendi b\u00f6lgesinde tehdit alg\u0131s\u0131 olu\u015fturan \u00c7in\u2019in, k\u00fcresel bar\u0131\u015fa dair yakla\u015f\u0131m\u0131n\u0131 netle\u015ftirmesi a\u00e7\u0131s\u0131ndan \u00f6nemlidir.<\/p>\n\n\n\n<p>Bu iki temel uluslararas\u0131 sorunda, Fransa ve AB\u2019nin katk\u0131lar\u0131yla \u00c7in\u2019in uluslararas\u0131 antla\u015fmalar ve konsens\u00fcslere verilen deme\u00e7lerle yak\u0131nla\u015fma arzusunu yabana atmamak gerekir.<\/p>\n\n\n\n<p>Bu \u00e7er\u00e7evede, Ukrayna sorununda taraf olmad\u0131\u011f\u0131n\u0131 belirten Cinping, sorunun \u00e7\u00f6z\u00fcm\u00fc i\u00e7in uluslararas\u0131 toplumla hareket edece\u011fini s\u00f6ylemesi \u00f6nemliydi.<\/p>\n\n\n\n<p>ABD ve AB\u2019den ge\u00e7ti\u011fimiz d\u00f6nemde Rusya\u2019ya verilen askeri yard\u0131mla ele\u015ftirelere hedef olan \u00c7in\u2019in \u2018bar\u0131\u015f konusunda\u2019 kararl\u0131 s\u00f6ylemini \u00f6n\u00fcm\u00fczdeki d\u00f6nemde dikkatle takip etmek gerekir.<\/p>\n\n\n\n<p>Ukrayna sorununun AB i\u00e7erisinde hayati \u00f6neme sahip olmas\u0131, Fransa ba\u015fta olmak \u00fczere, AB ile \u00c7in aras\u0131ndaki ticari ili\u015fkilerin yeniden yap\u0131land\u0131r\u0131lmas\u0131nda bu konunun bir \u2018baraj\u2019 niteli\u011fi ta\u015f\u0131d\u0131\u011f\u0131n\u0131 s\u00f6yleyebiliriz.<\/p>\n\n\n\n<p>ABD y\u00f6netiminin Ortado\u011fu politikas\u0131ndaki \u0130srail ba\u011f\u0131ml\u0131l\u0131\u011f\u0131n\u0131n do\u011furdu\u011fu t\u0131kanm\u0131\u015fl\u0131\u011f\u0131n Fransa \u00f6zelinde, Avrupa \u00fclkelerinde g\u00f6r\u00fclmemesinin ve \u00c7in\u2019in de benzer bir s\u00f6ylemle g\u00fcndemi belirleme \u00e7abas\u0131n\u0131n, ABD\u2019nin Ortado\u011fu ile ilgili yakla\u015f\u0131m\u0131nda yanl\u0131zla\u015fmas\u0131 anlam\u0131 ta\u015f\u0131yor.<\/p>\n\n\n\n<p><strong>AB-\u00c7in ili\u015fkilerinde geni\u015fleme<\/strong><\/p>\n\n\n\n<p>Bu noktada, Almanya ve Fransa\u2019n\u0131n AB i\u00e7erisindeki belirleyiciliklerinin hem, AB-\u00c7in hem de, genel anlamda, Bat\u0131 ve \u00c7in ili\u015fkilerinin yeniden yap\u0131land\u0131r\u0131lmas\u0131 s\u00fcrecinde, kayda de\u011fer \u00f6nemi oldu\u011funu s\u00f6ylemek yanl\u0131\u015f olmayacakt\u0131r.<\/p>\n\n\n\n<p>AB \u00fclkelerinin \u00c7in ile \u2018yak\u0131nla\u015fma politikalar\u0131\u2019n\u0131n temelde, ABD ile kar\u015f\u0131la\u015ft\u0131r\u0131ld\u0131\u011f\u0131nda \u2018muhafazak\u00e2r\u2019 d\u0131\u015f politikalara sahip oldu\u011fu s\u00f6ylenebilecek AB \u00fclkelerinin asl\u0131nda, i\u00e7inde bulundu\u011fumuz d\u00f6nemde, ABD\u2019ye alternatif bir k\u00fcresel g\u00fc\u00e7 yap\u0131la\u015fmas\u0131 sergilemektedir.<\/p>\n\n\n\n<p>Burada ABD ve AB aras\u0131nda geni\u015f anlamda bir kopu\u015ftan s\u00f6z edilemese de, \u00f6zellikle, 2016 y\u0131l\u0131ndan itibaren sab\u0131k ba\u015fkan Donald Trump politikalar\u0131yla gerginle\u015fen ABD-AB ili\u015fkilerinde, AB\u2019nin k\u00fcresel politikalar noktas\u0131nda kendi rotas\u0131n\u0131 \u00e7izme karar\u0131n\u0131 ald\u0131\u011f\u0131 ortadad\u0131r.<\/p>\n\n\n\n<p>Bunun en a\u00e7\u0131k g\u00f6stergesi ise, hi\u00e7 ku\u015fku yok ki, k\u00fcresel liderlik yar\u0131\u015f\u0131nda \u00f6ne ge\u00e7meye namzet \u00c7in\u2019le ili\u015fkileri So\u011fuk Sava\u015f formu ve normundan e\u015fit ve s\u00fcrd\u00fcr\u00fclebilir boyuta ta\u015f\u0131ma niteyidir.<\/p>\n\n\n\n<p><strong>Macaristan\u2019dan kataliz\u00f6r g\u00f6revi<\/strong><\/p>\n\n\n\n<p>Cinping\u2019in Macaristan ziyaretine k\u0131saca de\u011finelim&#8230;<\/p>\n\n\n\n<p>Bu ziyaret iki \u00fclke ili\u015fkilerinin 75. y\u0131l\u0131 vesilesiyle g\u00fcndeme gelse de, bu Bat\u0131 Avrupa \u00fclkesinin genelde Bat\u0131 ve \u00f6zelde Avrupa Birli\u011fi (AB) i\u00e7erisindeki konumu \u00c7in\u2019le var olan sorunlu ili\u015fkilerin y\u00f6netilebilirli\u011fine ve s\u00fcrd\u00fcr\u00fclebilirli\u011fine dair ipu\u00e7lar\u0131 ta\u015f\u0131yor.<\/p>\n\n\n\n<p>Bu noktada, \u015ei Cinping\u2019in \u00fc\u00e7 g\u00fcn s\u00fcren Fransa ziyaretinin ard\u0131ndan, AB d\u00f6nem ba\u015fkanl\u0131\u011f\u0131n\u0131 devralacak olan Macaristan\u2019\u0131 ziyaretini, asl\u0131nda yukar\u0131da dikkat \u00e7ekti\u011fim \u00f6zelli\u011fin bir devam\u0131 mahiyetinde de\u011ferlendirmek gerekir.<\/p>\n\n\n\n<p>Fransa ve Almanya gibi Birlik\u2019in iki g\u00fc\u00e7l\u00fc \u00fcyesinin deste\u011fini alan bir Macaristan\u2019\u0131n AB d\u00f6nem ba\u015fkanl\u0131\u011f\u0131 s\u00fcrecinde AB-\u00c7in ili\u015fkilerini yeniden yap\u0131land\u0131r\u0131lmasda kayda de\u011fer rol oynayacakt\u0131r.<\/p>\n\n\n\n<p>\u015ei Cinping\u2019in Fransa, Macaristan ziyaretlerinde g\u00f6zlemlendi\u011fi kadar\u0131yla AB b\u00fcnyesinde olu\u015fturdu\u011fu olumlu bir atmosfer bulunuyor.<\/p>\n\n\n\n<p>Bu durum, yak\u0131n ge\u00e7mi\u015fte Fransa ve Almanya devlet ba\u015fkanlar\u0131n\u0131n \u00c7in\u2019e yapt\u0131klar\u0131 ziyaretle \u00f6nemli bir evreye ge\u00e7erken, bug\u00fcn \u00c7in Devlet Ba\u015fkan\u0131\u2019n\u0131n Avrupa\u2019ya ziyareti taraflar\u0131n birbirlerini anlama konusunda siyasal niyetlerini ortaya koyuyor.<\/p>\n\n\n\n<p>Bu geli\u015fmenin, k\u00fcresel a\u00e7\u0131l\u0131mlar\u0131 noktas\u0131nda ABD\u2019nin belirleyici oldu\u011fu s\u00f6ylenebilecek politikalar\u0131na en az\u0131ndan alternatif s\u00fcre\u00e7lerin g\u00fcndeme &nbsp;gelmesine hizmet etti\u011fi a\u00e7\u0131kt\u0131r.<\/p>\n\n\n\n<p>K\u00fcresel bar\u0131\u015f a\u00e7\u0131s\u0131ndan gayet \u00f6nemli olan bu s\u00fcreci, yeni d\u00f6nemde ABD taraf\u0131n\u0131n da destekleyici politikalar geli\u015ftirmesinin son d\u00f6nemde Do\u011fu-Bat\u0131 ili\u015fkileri kadar, k\u00fcresel politikada da egemen olan \u00e7at\u0131\u015fmac\u0131 s\u00f6ylem ve s\u00fcre\u00e7lerin yerini, daha rasyonel ve yap\u0131c\u0131 ili\u015fkilerin alaca\u011f\u0131n\u0131 ileri s\u00fcrebiliriz.<\/p>\n","protected":false},"excerpt":{"rendered":"<p>Mehmet \u00d6zay &nbsp;&nbsp;&nbsp;&nbsp;&nbsp;&nbsp;&nbsp;&nbsp;&nbsp;&nbsp;&nbsp;&nbsp;&nbsp;&nbsp;&nbsp;&nbsp;&nbsp;&nbsp;&nbsp;&nbsp;&nbsp;&nbsp;&nbsp;&nbsp;&nbsp;&nbsp;&nbsp;&nbsp;&nbsp;&nbsp;&nbsp;&nbsp;&nbsp;&nbsp;&nbsp;&nbsp;&nbsp;&nbsp;&nbsp;&nbsp;&nbsp;&nbsp;&nbsp;&nbsp;&nbsp;&nbsp;&nbsp;&nbsp;&nbsp;&nbsp;&nbsp;&nbsp;&nbsp;&nbsp;&nbsp;&nbsp;&nbsp;&nbsp;&nbsp;&nbsp;&nbsp;&nbsp;&nbsp;&nbsp;&nbsp;&nbsp;&nbsp;&nbsp;&nbsp;&nbsp;&nbsp;&nbsp;&nbsp;&nbsp;&nbsp;&nbsp;&nbsp;&nbsp;&nbsp;&nbsp;&nbsp;&nbsp;&nbsp;&nbsp;&nbsp;&nbsp;&nbsp;&nbsp;&nbsp;&nbsp;&nbsp;&nbsp;&nbsp;&nbsp;&nbsp;&nbsp;&nbsp;&nbsp;&nbsp;&nbsp;&nbsp;&nbsp;&nbsp;&nbsp;&nbsp;&nbsp; 05.09.2024 \u00c7in devlet ba\u015fkan\u0131 \u015ei Cinping\u2019in hafta ba\u015f\u0131nda Fransa ile ba\u015flayan ve Macaristan ve S\u0131rbistan ile devam eden ziyareti, Bat\u0131 ile \u00c7in aras\u0131ndaki ili\u015fkilerin seyri a\u00e7\u0131s\u0131ndan gayet \u00f6nemli bir anlam ta\u015f\u0131yor. Cinping\u2019in Fransa ziyareti iki \u00fclke ili\u015fkilerinin 60. y\u0131l\u0131 vesilesiyle ger\u00e7ekle\u015firken, Avrupa Birli\u011fi (AB) d\u00f6nem ba\u015fkanl\u0131\u011f\u0131n\u0131 devr alacak olan Macaristan ziyareti ise [&hellip;]<\/p>\n","protected":false},"author":3,"featured_media":5223,"comment_status":"open","ping_status":"open","sticky":false,"template":"","format":"standard","meta":{"footnotes":""},"categories":[9,6],"tags":[],"class_list":["post-5222","post","type-post","status-publish","format-standard","has-post-thumbnail","hentry","category-asya-pasifik","category-gunluk-yazilar"],"_links":{"self":[{"href":"https:\/\/guneydoguasyacalismalari.com\/tr_tr\/wp-json\/wp\/v2\/posts\/5222","targetHints":{"allow":["GET"]}}],"collection":[{"href":"https:\/\/guneydoguasyacalismalari.com\/tr_tr\/wp-json\/wp\/v2\/posts"}],"about":[{"href":"https:\/\/guneydoguasyacalismalari.com\/tr_tr\/wp-json\/wp\/v2\/types\/post"}],"author":[{"embeddable":true,"href":"https:\/\/guneydoguasyacalismalari.com\/tr_tr\/wp-json\/wp\/v2\/users\/3"}],"replies":[{"embeddable":true,"href":"https:\/\/guneydoguasyacalismalari.com\/tr_tr\/wp-json\/wp\/v2\/comments?post=5222"}],"version-history":[{"count":1,"href":"https:\/\/guneydoguasyacalismalari.com\/tr_tr\/wp-json\/wp\/v2\/posts\/5222\/revisions"}],"predecessor-version":[{"id":5224,"href":"https:\/\/guneydoguasyacalismalari.com\/tr_tr\/wp-json\/wp\/v2\/posts\/5222\/revisions\/5224"}],"wp:featuredmedia":[{"embeddable":true,"href":"https:\/\/guneydoguasyacalismalari.com\/tr_tr\/wp-json\/wp\/v2\/media\/5223"}],"wp:attachment":[{"href":"https:\/\/guneydoguasyacalismalari.com\/tr_tr\/wp-json\/wp\/v2\/media?parent=5222"}],"wp:term":[{"taxonomy":"category","embeddable":true,"href":"https:\/\/guneydoguasyacalismalari.com\/tr_tr\/wp-json\/wp\/v2\/categories?post=5222"},{"taxonomy":"post_tag","embeddable":true,"href":"https:\/\/guneydoguasyacalismalari.com\/tr_tr\/wp-json\/wp\/v2\/tags?post=5222"}],"curies":[{"name":"wp","href":"https:\/\/api.w.org\/{rel}","templated":true}]}}