{"id":5195,"date":"2024-04-19T00:50:55","date_gmt":"2024-04-19T00:50:55","guid":{"rendered":"https:\/\/guneydoguasyacalismalari.com\/?p=5195"},"modified":"2024-04-19T00:50:56","modified_gmt":"2024-04-19T00:50:56","slug":"enver-ibrahimin-ziyareti-ve-malezya-almanya-iliskilerinde-yeni-donem-enver-ibrahims-visit-and-a-new-era-in-malaysia-germany-relations","status":"publish","type":"post","link":"https:\/\/guneydoguasyacalismalari.com\/tr_tr\/enver-ibrahimin-ziyareti-ve-malezya-almanya-iliskilerinde-yeni-donem-enver-ibrahims-visit-and-a-new-era-in-malaysia-germany-relations\/","title":{"rendered":"Enver \u0130brahim\u2019in ziyareti ve Malezya-Almanya ili\u015fkilerinde yeni d\u00f6nem \/ Enver Ibrahim&#8217;s visit and a new era in Malaysia-Germany relations"},"content":{"rendered":"\n<p><strong>Mehmet \u00d6zay &nbsp;&nbsp;&nbsp;&nbsp;&nbsp;&nbsp;&nbsp;&nbsp;&nbsp;&nbsp;&nbsp;&nbsp;&nbsp;&nbsp;&nbsp;&nbsp;&nbsp;&nbsp;&nbsp;&nbsp;&nbsp;&nbsp;&nbsp;&nbsp;&nbsp;&nbsp;&nbsp;&nbsp;&nbsp;&nbsp;&nbsp;&nbsp;&nbsp;&nbsp;&nbsp;&nbsp;&nbsp;&nbsp;&nbsp;&nbsp;&nbsp;&nbsp;&nbsp;&nbsp;&nbsp;&nbsp;&nbsp;&nbsp;&nbsp;&nbsp;&nbsp;&nbsp;&nbsp;&nbsp;&nbsp;&nbsp;&nbsp;&nbsp;&nbsp;&nbsp;&nbsp;&nbsp;&nbsp;&nbsp;&nbsp;&nbsp;&nbsp;&nbsp;&nbsp;&nbsp;&nbsp;&nbsp;&nbsp;&nbsp;&nbsp;&nbsp;&nbsp;&nbsp;&nbsp;&nbsp;&nbsp;&nbsp;&nbsp;&nbsp;&nbsp;&nbsp;&nbsp;&nbsp;&nbsp;&nbsp;&nbsp;&nbsp;&nbsp;&nbsp;&nbsp;&nbsp;&nbsp;&nbsp;&nbsp;&nbsp;&nbsp;&nbsp;&nbsp;&nbsp;&nbsp;&nbsp; 19.04.2024<\/strong><\/p>\n\n\n\n<p>Malezya Ba\u015fbakan\u0131 Enver \u0130brahim\u2019in, 10-15 Mart g\u00fcnlerinde Almanya\u2019ya yapt\u0131\u011f\u0131 resmi ziyaret, Avrupa\u2019n\u0131n \u00f6nc\u00fc ekonomi g\u00fcc\u00fc Almanya\u2019n\u0131n \u00f6n\u00fcm\u00fczdeki d\u00f6nemde Malezya\u2019ya yapaca\u011f\u0131 potansiyel ekonomik yat\u0131r\u0131mlar ba\u011flam\u0131nda b\u00fcy\u00fck \u00f6nem ta\u015f\u0131yor.<\/p>\n\n\n\n<p>Malezya ba\u015fbakan\u0131 Enver \u0130brahim\u2019in resmi ziyaret \u00e7er\u00e7evesinde, Alman Cumhurba\u015fkan\u0131 Frank Walter Steinmeier ve Alman \u015fans\u00f6lyesi Olaf Scholz ile ayr\u0131 ayr\u0131 g\u00f6r\u00fc\u015fmesi ve heyetler aras\u0131ndaki toplant\u0131lar, iki \u00fclke aras\u0131ndaki ili\u015fkilerin yeni bir ivme kazanaca\u011f\u0131n\u0131n i\u015fareti olarak de\u011ferlendirilmelidir.<\/p>\n\n\n\n<p>Liderler aras\u0131 \u00fcst d\u00fczey g\u00f6r\u00fc\u015fmeler, Malezya ba\u015fbakan\u0131na siyasi destek olarak yorumlan\u0131yor&#8230;<\/p>\n\n\n\n<p>Bu destek, hi\u00e7 ku\u015fku yok ki, ba\u015fta Avrupa olmak \u00fczere uluslararas\u0131 \u00e7evrelerin ekonomik ve ticari i\u015fbirliklerinde siyasi istikrar aray\u0131\u015flar\u0131n\u0131n temel bir parametre olmas\u0131ndan kaynaklan\u0131yor.<\/p>\n\n\n\n<p><strong>Siyasi istikrar<\/strong><\/p>\n\n\n\n<p>Malezya\u2019da 2022 y\u0131l\u0131 sonlar\u0131nda yap\u0131lan se\u00e7imlerin ard\u0131ndan, Birlik H\u00fck\u00fcmeti ba\u015fbakan\u0131 olarak \u00fclkeyi y\u00f6netmeye ba\u015flayan Enver \u0130brahim\u2019in karizmatik ve entellekt\u00fcel ki\u015fili\u011finin de, hem Do\u011fu ve hem Bat\u0131 \u00fclkelerinde olumlu yank\u0131 buldu\u011funu s\u00f6ylemek yerinde olur.<\/p>\n\n\n\n<p>Enver \u0130brahim\u2019in, Almanya ziyareti s\u00fcrecinde devlet ve h\u00fck\u00fcmet yetkilileri kadar, \u00f6zel sekt\u00f6r ve sivil toplum kurulu\u015flar\u0131 ile g\u00f6r\u00fc\u015fmeleri ve bu toplant\u0131larda yapt\u0131\u011f\u0131 konu\u015fmalarla asl\u0131nda, entellekt\u00fcel duru\u015fun ve bu \u00e7evreler nezdinde ne denli kabul g\u00f6rd\u00fc\u011f\u00fcn\u00fcn bir ifadesidir.<\/p>\n\n\n\n<p>Malezya ba\u015fbakan\u0131, h\u00fck\u00fcmet ve \u00f6zel sekt\u00f6r temsilcileriyle yapt\u0131\u011f\u0131 g\u00f6r\u00fc\u015fmelerde ana vurgusu siyasi istikrar ve s\u00fcrd\u00fcr\u00fclebilir ekonomik kalk\u0131nmayd\u0131.<\/p>\n\n\n\n<p>Bu anlamda, Enver \u0130brahim\u2019in Malezya\u2019da 2022 se\u00e7imleri ard\u0131ndan olu\u015fan siyasal istikrar\u0131n varl\u0131\u011f\u0131na, \u00fclkenin neredeyse her b\u00f6lgesinde dikkat \u00e7eken zengin alt yap\u0131s\u0131na, G\u00fcneydo\u011fu Asya\u2019n\u0131n k\u00fcresel ekonominin dinamosu olmas\u0131 ile bu s\u00fcrecin, \u00f6n\u00fcm\u00fczdeki d\u00f6nemde de devam edece\u011fine dair vurgusu, sadece Alman i\u015f \u00e7evrelerinin de\u011fil, asl\u0131nda k\u00fcresel i\u015f \u00e7evrelerinin de duymak istedikleri konulard\u0131r.&nbsp;<\/p>\n\n\n\n<p>Enver \u0130brahim\u2019in, konu\u015fmalar\u0131nda sadece Malezya\u2019ya de\u011fil, G\u00fcneydo\u011fu Asya \u00dclkeleri \u0130\u015fbirli\u011fi\u2019ne de (ASEAN) vurgu yapmas\u0131 dikkat \u00e7ekiciydi.<\/p>\n\n\n\n<p>ASEAN\u2019\u0131n \u00fczerinde y\u00fckseldi\u011fi co\u011frafyan\u0131n Do\u011fu ve Bat\u0131 \u00fclkeleri i\u00e7in ekonomik yat\u0131r\u0131mlar ve ticaret ba\u011flam\u0131nda cazibe merkezi olmas\u0131, b\u00f6lgenin jeo-politik ve jeo-ekonomik \u00f6nemine dayan\u0131yor.<\/p>\n\n\n\n<p>Enver \u0130brahim\u2019in, bu anlamda Bat\u0131\u2019dan&nbsp; ABD\u2019nin ve Do\u011fu\u2019dan \u00c7in, Japonya ve G\u00fcney Kore\u2019nin b\u00f6lge \u00fclkelerindeki ekonomik ve ticari i\u015fbirliklerindeki rol\u00fcne dikkat \u00e7ekmesi, ASEAN\u2019\u0131n gizli\/a\u00e7\u0131k bir b\u00f6lgesel g\u00fc\u00e7 oldu\u011funun ifadesidir.<\/p>\n\n\n\n<p>Bu durumun, hi\u00e7 ku\u015fku yok ki, b\u00f6lge \u00fclkeleri kadar Malezya\u2019n\u0131n da k\u00fcresel yat\u0131r\u0131mc\u0131lar nezdinde, cazibe merkezi oldu\u011fu \u015feklinde yorumlamak ger\u00e7ek\u00e7i bir g\u00f6r\u00fc\u015f olacakt\u0131r.<\/p>\n\n\n\n<p><strong>Yeni yat\u0131r\u0131mlar<\/strong><\/p>\n\n\n\n<p>Malezya ba\u015fbakan\u0131n\u0131n Alman devleti \u00fcst d\u00fczey y\u00f6neticileri ve i\u015f \u00e7evreleriyle yapt\u0131\u011f\u0131 toplant\u0131lar, Almanya\u2019n\u0131n G\u00fcneydo\u011fu Asya\u2019n\u0131n alt yap\u0131s\u0131 ve i\u015fg\u00fcc\u00fc kapasitesi geli\u015fmi\u015f \u00fclkesi Malezya\u2019ya yeni yat\u0131r\u0131mlar\u0131 g\u00fcndeme getirmesi anlam\u0131na geliyor.<\/p>\n\n\n\n<p>Enver \u0130brahim\u2019in bu ziyareti, 2000\u2019lerin ba\u015f\u0131ndan bu yana, Malezya\u2019n\u0131n Avrupa Birli\u011fi i\u00e7inde birinci ticaret orta\u011f\u0131 olan Almanya ile i\u015fbirli\u011fini peki\u015ftirmesi ve geli\u015ftirmesi olarak yorumlamak yanl\u0131\u015f olmayacakt\u0131r.<\/p>\n\n\n\n<p>\u0130ki \u00fclke aras\u0131ndaki ge\u00e7en y\u0131lk\u0131 verilere g\u00f6re, ekonomik ve ticari ili\u015fkilere g\u00f6z at\u0131ld\u0131\u011f\u0131nda, Malezya\u2019n\u0131n Almanya ile olan toplam ticareti 13.9 milyar Dolar\u2019a ula\u015ft\u0131.<\/p>\n\n\n\n<p>Ge\u00e7ti\u011fimiz ay ger\u00e7ekle\u015fen ziyaretin ard\u0131ndan \u00f6zellikle, palmiye ya\u011f\u0131, yar\u0131 iletken gibi olduk\u00e7a stratejik ve k\u00fcresel planda ses getiren alanlarda yap\u0131lacak yat\u0131r\u0131mlarla ticaret hacminin artmas\u0131 bekleniyor.<\/p>\n\n\n\n<p><strong>\u0130stikrar ve g\u00fcven<\/strong><\/p>\n\n\n\n<p>Enver \u0130brahim\u2019in be\u015f g\u00fcn s\u00fcren ve devlet, h\u00fck\u00fcmet ve \u00f6zel sekt\u00f6rle ger\u00e7ekle\u015ftirilen \u00fcst d\u00fczey g\u00f6r\u00fc\u015fmeleri, Malezya\u2019da siyasi istikrar\u0131n bir yans\u0131mas\u0131 olarak de\u011ferlendiriliyor.<\/p>\n\n\n\n<p>Alman taraf\u0131n\u0131n bu konuda \u00f6zellikle, Enver \u0130brahim\u2019e deste\u011finin olmas\u0131, ayn\u0131 zamanda i\u015f \u00e7evrelerinin de, bu G\u00fcneydo\u011fu Asya \u00fclkesine yat\u0131r\u0131mlara a\u011f\u0131rl\u0131k vermesindeki en \u00f6nemli neden olarak g\u00f6r\u00fclmelidir.<\/p>\n\n\n\n<p>Bu \u00e7er\u00e7evede, s\u00f6z konusu bu ziyaretin somut sonucu olarak Alman i\u015f \u00e7evrelerinden Malezya\u2019ya toplam 9 milyar Dolar yat\u0131r\u0131m imk\u00e2n\u0131 do\u011fmu\u015f g\u00f6z\u00fck\u00fcyor.<\/p>\n\n\n\n<p>Bu yat\u0131r\u0131m s\u00fcreci, halen Malezya\u2019da faaliyet g\u00f6steren 700 civar\u0131ndaki Alman \u015firketinin varl\u0131\u011f\u0131n\u0131n peki\u015fmesi ve artmas\u0131 hi\u00e7 ku\u015fku yok ki, \u00fclkede yeni istihdam ve \u00fclke ekonomisinin prestiji a\u00e7\u0131s\u0131ndan gayet \u00f6nemli.<\/p>\n\n\n\n<p><strong>K\u00f6kl\u00fc e\u011fitim-k\u00fclt\u00fcr i\u015fbirli\u011fi<\/strong><\/p>\n\n\n\n<p>Almanya h\u00fck\u00fcmet ve i\u015f \u00e7evrelerinin \u00f6n\u00fcm\u00fczdeki d\u00f6nemde Malezya ile ili\u015fkilerde \u00f6zellikle, e\u011fitim ve \u00e7evre gibi konularda i\u015fbirli\u011fi geli\u015ftirilmesi \u00f6ng\u00f6r\u00fcl\u00fcrken \u00f6zellikle, son d\u00f6nemde Avrupa\u2019n\u0131n bir t\u00fcr ambargosuna konu olan palmiye ya\u011f\u0131 ba\u015fta olmak \u00fczere yar\u0131 iletken, hava ta\u015f\u0131mac\u0131l\u0131\u011f\u0131, s\u00fcrd\u00fcr\u00fclebilir enerji, t\u0131bbi cihazlar ve kimsayallar gibi sekt\u00f6rlerde de i\u015fbirli\u011finin g\u00fcndeme gelmesi Malezya a\u00e7\u0131s\u0131ndan gayet olumlu olarak de\u011ferlendirmek gerekiyor.<\/p>\n\n\n\n<p>Almanya\u2019da \u00f6\u011frenim g\u00f6ren 1500 civran\u0131daki Malezya \u00f6\u011frencinin varl\u0131\u011f\u0131 hi\u00e7 ku\u015fku yok ki, ilerleyen y\u0131llarda iki \u00fclke ili\u015fkilerinde e\u011fitimle s\u0131n\u0131rl\u0131 olmayacak yak\u0131nla\u015fmalar olarak anlamak gerekiyor. Almanya\u2019n\u0131n \u00f6nce k\u00fclt\u00fcr kurulu\u015fu Goethe Enstit\u00fcs\u00fc\u2019n\u00fcn 1952 y\u0131l\u0131ndan bu yana Kuala Lumpur\u2019da faaliyet g\u00f6stermesi asl\u0131nda, iki \u00fclke e\u011fitim ve k\u00fclt\u00fcr ili\u015fkilerinin varl\u0131\u011f\u0131n\u0131n gayet k\u00f6kl\u00fc oldu\u011funun kan\u0131t\u0131 h\u00fckm\u00fcndedir.<\/p>\n\n\n\n<p>Alman \u015firketlerinin Malezya\u2019ya yat\u0131r\u0131mlar\u0131n\u0131n bir di\u011fer getirisi ise hi\u00e7 ku\u015fku yok ki, teknoloji transferine olanak tan\u0131mas\u0131d\u0131r.<\/p>\n\n\n\n<p>Enver \u0130brahim\u2019in Almanya ziyareti, \u00fclkede siyasi istikrar\u0131n bir g\u00f6stergesi olurken, ABD ve \u00c7in\u2019in d\u0131\u015f\u0131nda, Avrupa Birli\u011fi \u00fcyesi \u00fclkeler ile de yeni ekonomi ve yat\u0131r\u0131m i\u015fbirliklerine kap\u0131 aralamada ba\u015far\u0131l\u0131 oldu\u011funa i\u015faret ediyor.<\/p>\n\n\n\n<p>\u0130ki \u00fclke aras\u0131ndaki ekonomik ve ticari i\u015fbirli\u011finin geli\u015fmesinde, 1991 y\u0131l\u0131nda kurulan Malezya-Almanya Ticaret ve End\u00fcstri Odas\u0131\u2019n\u0131n kayda de\u011fer bir rol\u00fc bulunuyor.<\/p>\n\n\n\n<p>Malezya\u2019n\u0131n se\u00e7imler sonras\u0131nda siyasi istikrar\u0131n sa\u011flanmas\u0131nda katetti\u011fi a\u015fama, hem ASEAN i\u00e7erisinde hem de k\u00fcresel yat\u0131r\u0131m \u00e7evreleri i\u00e7in cazip bir yat\u0131r\u0131m b\u00f6lgesi olmas\u0131nda \u00f6nemli pay sahibi.<\/p>\n\n\n\n<p>Bunun yan\u0131 s\u0131ra, \u00fclkenin nitelikli alt yap\u0131s\u0131 ve bunun \u00fclkenin farkl\u0131 b\u00f6lgelerine yay\u0131lm\u0131\u015f olmas\u0131n\u0131n getirdi\u011fi bir avantajdan da s\u00f6z etmek m\u00fcmk\u00fcn.<\/p>\n\n\n\n<p>\u00c7in, Hindistan gibi geleneksel olarak b\u00f6lgeyle ili\u015fkileri olan \u00fclkelerin yan\u0131 s\u0131ra, Japonya, G\u00fcney Kore, ABD ve Avustralya gibi \u00fclkelerin yan\u0131 s\u0131ra Avrupa Birli\u011fi\u2019nden Almanya\u2019n\u0131n da bu s\u00fcre\u00e7te \u00f6nemli bir rol sahibi oldu\u011fu g\u00f6zlemleniyor. &nbsp; Enver \u0130brahim\u2019in ge\u00e7en ay Almanya\u2019ya yapt\u0131\u011f\u0131 resmi ziyaret \u00e7er\u00e7evesinde ger\u00e7ekle\u015ftirilen g\u00f6r\u00fc\u015fmeler Alman i\u015f \u00e7evrelerinin yeni yat\u0131r\u0131m s\u00fcrecinde Malezya\u2019y\u0131 \u00f6ncelleyeceklerine dair g\u00fc\u00e7l\u00fc i\u015faretler veriyor.<\/p>\n","protected":false},"excerpt":{"rendered":"<p>Mehmet \u00d6zay &nbsp;&nbsp;&nbsp;&nbsp;&nbsp;&nbsp;&nbsp;&nbsp;&nbsp;&nbsp;&nbsp;&nbsp;&nbsp;&nbsp;&nbsp;&nbsp;&nbsp;&nbsp;&nbsp;&nbsp;&nbsp;&nbsp;&nbsp;&nbsp;&nbsp;&nbsp;&nbsp;&nbsp;&nbsp;&nbsp;&nbsp;&nbsp;&nbsp;&nbsp;&nbsp;&nbsp;&nbsp;&nbsp;&nbsp;&nbsp;&nbsp;&nbsp;&nbsp;&nbsp;&nbsp;&nbsp;&nbsp;&nbsp;&nbsp;&nbsp;&nbsp;&nbsp;&nbsp;&nbsp;&nbsp;&nbsp;&nbsp;&nbsp;&nbsp;&nbsp;&nbsp;&nbsp;&nbsp;&nbsp;&nbsp;&nbsp;&nbsp;&nbsp;&nbsp;&nbsp;&nbsp;&nbsp;&nbsp;&nbsp;&nbsp;&nbsp;&nbsp;&nbsp;&nbsp;&nbsp;&nbsp;&nbsp;&nbsp;&nbsp;&nbsp;&nbsp;&nbsp;&nbsp;&nbsp;&nbsp;&nbsp;&nbsp;&nbsp;&nbsp;&nbsp;&nbsp;&nbsp;&nbsp;&nbsp;&nbsp;&nbsp;&nbsp;&nbsp;&nbsp;&nbsp;&nbsp; 19.04.2024 Malezya Ba\u015fbakan\u0131 Enver \u0130brahim\u2019in, 10-15 Mart g\u00fcnlerinde Almanya\u2019ya yapt\u0131\u011f\u0131 resmi ziyaret, Avrupa\u2019n\u0131n \u00f6nc\u00fc ekonomi g\u00fcc\u00fc Almanya\u2019n\u0131n \u00f6n\u00fcm\u00fczdeki d\u00f6nemde Malezya\u2019ya yapaca\u011f\u0131 potansiyel ekonomik yat\u0131r\u0131mlar ba\u011flam\u0131nda b\u00fcy\u00fck \u00f6nem ta\u015f\u0131yor. Malezya ba\u015fbakan\u0131 Enver \u0130brahim\u2019in resmi ziyaret \u00e7er\u00e7evesinde, Alman Cumhurba\u015fkan\u0131 Frank Walter Steinmeier ve Alman \u015fans\u00f6lyesi Olaf Scholz ile ayr\u0131 ayr\u0131 g\u00f6r\u00fc\u015fmesi ve heyetler aras\u0131ndaki [&hellip;]<\/p>\n","protected":false},"author":3,"featured_media":5196,"comment_status":"open","ping_status":"open","sticky":false,"template":"","format":"standard","meta":{"footnotes":""},"categories":[6,27],"tags":[],"class_list":["post-5195","post","type-post","status-publish","format-standard","has-post-thumbnail","hentry","category-gunluk-yazilar","category-malezya"],"_links":{"self":[{"href":"https:\/\/guneydoguasyacalismalari.com\/tr_tr\/wp-json\/wp\/v2\/posts\/5195","targetHints":{"allow":["GET"]}}],"collection":[{"href":"https:\/\/guneydoguasyacalismalari.com\/tr_tr\/wp-json\/wp\/v2\/posts"}],"about":[{"href":"https:\/\/guneydoguasyacalismalari.com\/tr_tr\/wp-json\/wp\/v2\/types\/post"}],"author":[{"embeddable":true,"href":"https:\/\/guneydoguasyacalismalari.com\/tr_tr\/wp-json\/wp\/v2\/users\/3"}],"replies":[{"embeddable":true,"href":"https:\/\/guneydoguasyacalismalari.com\/tr_tr\/wp-json\/wp\/v2\/comments?post=5195"}],"version-history":[{"count":1,"href":"https:\/\/guneydoguasyacalismalari.com\/tr_tr\/wp-json\/wp\/v2\/posts\/5195\/revisions"}],"predecessor-version":[{"id":5197,"href":"https:\/\/guneydoguasyacalismalari.com\/tr_tr\/wp-json\/wp\/v2\/posts\/5195\/revisions\/5197"}],"wp:featuredmedia":[{"embeddable":true,"href":"https:\/\/guneydoguasyacalismalari.com\/tr_tr\/wp-json\/wp\/v2\/media\/5196"}],"wp:attachment":[{"href":"https:\/\/guneydoguasyacalismalari.com\/tr_tr\/wp-json\/wp\/v2\/media?parent=5195"}],"wp:term":[{"taxonomy":"category","embeddable":true,"href":"https:\/\/guneydoguasyacalismalari.com\/tr_tr\/wp-json\/wp\/v2\/categories?post=5195"},{"taxonomy":"post_tag","embeddable":true,"href":"https:\/\/guneydoguasyacalismalari.com\/tr_tr\/wp-json\/wp\/v2\/tags?post=5195"}],"curies":[{"name":"wp","href":"https:\/\/api.w.org\/{rel}","templated":true}]}}