{"id":5067,"date":"2024-02-03T14:43:36","date_gmt":"2024-02-03T14:43:36","guid":{"rendered":"https:\/\/guneydoguasyacalismalari.com\/?p=5067"},"modified":"2024-02-03T14:43:37","modified_gmt":"2024-02-03T14:43:37","slug":"musluman-toplumlar-yeniden-dusunce-uretim-ve-ummeti-kurtarma-sureci-muslim-societies-the-process-of-reproduction-of-thought-and-saving-the-ummah","status":"publish","type":"post","link":"https:\/\/guneydoguasyacalismalari.com\/tr_tr\/musluman-toplumlar-yeniden-dusunce-uretim-ve-ummeti-kurtarma-sureci-muslim-societies-the-process-of-reproduction-of-thought-and-saving-the-ummah\/","title":{"rendered":"M\u00fcsl\u00fcman toplumlar, yeniden d\u00fc\u015f\u00fcnce \u00fcretim ve \u00fcmmeti kurtarma s\u00fcreci\u00a0 \/ Muslim societies, the process of reproduction of thought and saving the ummah"},"content":{"rendered":"\n<p><strong>Mehmet \u00d6zay &nbsp;&nbsp;&nbsp;&nbsp;&nbsp;&nbsp;&nbsp;&nbsp;&nbsp;&nbsp;&nbsp;&nbsp;&nbsp;&nbsp;&nbsp;&nbsp;&nbsp;&nbsp;&nbsp;&nbsp;&nbsp;&nbsp;&nbsp;&nbsp;&nbsp;&nbsp;&nbsp;&nbsp;&nbsp;&nbsp;&nbsp;&nbsp;&nbsp;&nbsp;&nbsp;&nbsp;&nbsp;&nbsp;&nbsp;&nbsp;&nbsp;&nbsp;&nbsp;&nbsp;&nbsp;&nbsp;&nbsp;&nbsp;&nbsp;&nbsp;&nbsp;&nbsp;&nbsp;&nbsp;&nbsp;&nbsp;&nbsp;&nbsp;&nbsp;&nbsp;&nbsp;&nbsp;&nbsp;&nbsp;&nbsp;&nbsp;&nbsp;&nbsp;&nbsp;&nbsp;&nbsp;&nbsp;&nbsp;&nbsp;&nbsp;&nbsp;&nbsp;&nbsp;&nbsp;&nbsp;&nbsp;&nbsp;&nbsp;&nbsp;&nbsp;&nbsp;&nbsp;&nbsp;&nbsp;&nbsp;&nbsp;&nbsp;&nbsp;&nbsp;&nbsp;&nbsp;&nbsp;&nbsp;&nbsp;&nbsp;&nbsp;&nbsp;&nbsp;&nbsp;&nbsp;&nbsp; 03.02.2024<\/strong><\/p>\n\n\n\n<p>M\u00fcsl\u00fcman toplumlar\u0131n, ya\u015famakta olduklar\u0131 \u00e7e\u015fitli sorunlar\u0131n \u00fcstesinden gelme konusundaki \u00e7abalar, -adlar\u0131, y\u00f6nelimleri, y\u00f6ntemleri farkl\u0131la\u015fmakla birlikte-, yerel, b\u00f6lgesel ve k\u00fcresel d\u00fczeyde varl\u0131\u011f\u0131n\u0131 s\u00fcrd\u00fcr\u00fcyor.<\/p>\n\n\n\n<p>Var olan bu insani ve sosyal durum a\u00e7\u0131k\u00e7as\u0131, \u2018\u0130slam teolojisi\u2019 ile t\u00fcm vechesiyle toplumsal ya\u015fam aras\u0131nda s\u0131k\u0131 bir ba\u011f oldu\u011funu ortaya koyuyor. Buna ku\u015fku yok&#8230;<\/p>\n\n\n\n<p>Bununla birlikte, \u0130slam teolojisinin inananlara sundu\u011fu alanlar\u0131n, ne denli dikkatli ve \u00f6zenle anla\u015f\u0131labildi\u011fi ve bunun prati\u011fe konulabildi\u011fi hususu, her d\u00f6nem oldu\u011fu gibi, bug\u00fcn\u00fcn de \u00f6nemli tart\u0131\u015fma alan\u0131n\u0131 olu\u015fturuyor.<\/p>\n\n\n\n<p>Belki de, tart\u0131\u015fma alanlar\u0131n\u0131n ba\u015f\u0131nda geldi\u011fini s\u00f6ylememiz yanl\u0131\u015f olmayacakt\u0131r&#8230;<\/p>\n\n\n\n<p>Bu yakla\u015f\u0131m\u0131, ge\u00e7mi\u015fin bir konusu olarak kabul edip orada b\u0131rakmak yerine, bug\u00fcne gelindi\u011finde, ya\u015fanan t\u00fcm toplumsal ve siyasal de\u011fi\u015fimlerin d\u0131\u015f\u0131nda ve \u00f6tesinde, s\u00f6z konusu \u0130slam teolojisi ve toplumsal ya\u015fam\u0131 anlamland\u0131rma ili\u015fkisinin M\u00fcsl\u00fcmanlar\u0131n i\u00e7 sorunu olmad\u0131\u011f\u0131 da a\u015fik\u00e2r.<\/p>\n\n\n\n<p><strong>\u0130yilik ve k\u00f6t\u00fcl\u00fck olgusu<\/strong><\/p>\n\n\n\n<p>Temelde, k\u00fcresel \u00e7apta M\u00fcsl\u00fcman kitleleri de\u011fi\u015fik boyutlarda temsil makam\u0131nda olan hocalar\u0131n, alimlerin, d\u00fc\u015f\u00fcn\u00fcrlerin, entellekt\u00fcellerin, akademisyenlerin, politikac\u0131lar\u0131n ve hatta s\u0131radan diyebilece\u011fimiz ancak, ufku gayet geni\u015f bireylerin de \u015fu ya da bu \u015fekilde, M\u00fcsl\u00fcman toplumu yeniden ve yeniden in\u015fa s\u00fcre\u00e7lerine katk\u0131s\u0131, \u0130slam\u2019\u0131n \u2018iyiyi s\u00f6yleyip k\u00f6t\u00fcl\u00fckten sak\u0131nd\u0131rma\u2019 ilkesiyle ortaya \u00e7\u0131kan duruma tekab\u00fcl etmektedir.<\/p>\n\n\n\n<p>Asl\u0131nda, tam da bu durum, M\u00fcsl\u00fcman toplumlar\u0131n -\u00f6teki\u2019lerden ne\u015fet edenler bir yana- bizatihi, kendilerinden kaynaklanan sorunlar\u0131n\u0131n, \u00f6ncelikle kendilerince \u00fcstesinden gelinmesi ve ard\u0131ndan, \u2018\u00f6teki\u2019 toplumlar\u0131n sorunlar\u0131na \u00e7areler bulma konusunda da, en az benzeri bir \u00e7abay\u0131 sarf etmeleri gerekiyor d\u00fc\u015f\u00fcncesini yabana atmamak gerekir.<\/p>\n\n\n\n<p>Ancak, M\u00fcsl\u00fcman toplumlar\u0131n kendi i\u00e7 sorunlar\u0131n\u0131 hakk\u0131yla \u00e7\u00f6zememi\u015f ve hatta, \u00e7\u00f6zme konusunda kafalar\u0131n kar\u0131\u015f\u0131k olmas\u0131, var olan toplumsal yap\u0131larda dengesizliklerin gizli\/a\u00e7\u0131k artarak s\u00fcrmesine yol a\u00e7t\u0131\u011f\u0131 gibi, \u2018\u00f6teki\u2019 toplumlara ula\u015fmay\u0131 ve onlar\u0131n sorunlar\u0131n\u0131 \u00e7\u00f6zmeyi bir \u015fekilde zorla\u015ft\u0131r\u0131yor.<\/p>\n\n\n\n<p><strong>Temelde \u2018adalet\u2019<\/strong><\/p>\n\n\n\n<p>Bu yakla\u015f\u0131mlar\u0131n, bir di\u011fer boyutunun yine, \u0130slam\u2019\u0131n \u2018adalet\u2019 (<em>justice<\/em>) kavram\u0131na y\u00fckledi\u011fi gayet \u00f6nemli bir i\u00e7erikle ilintili oldu\u011funun da alt\u0131n\u0131n kal\u0131nca \u00e7izilmesi gerekiyor.<\/p>\n\n\n\n<p>Adalet, yani, tekil M\u00fcsl\u00fcmandan ba\u015flayarak, geni\u015fleyen bir evreyle \u00fcniversal bir boyuta ta\u015f\u0131nan yakla\u015f\u0131m.<\/p>\n\n\n\n<p>Adalet kavram\u0131n\u0131 salt ekonomik, sosyal ve siyasal boyutlarda ezilmi\u015f addedilen M\u00fcsl\u00fcman kitlelere de\u011fil, yery\u00fcz\u00fcnde ya\u015fam bulan t\u00fcm insan toplumlar\u0131na ve bu toplumlardaki t\u00fcm fertleri i\u00e7ine alan boyutu ile insan d\u0131\u015f\u0131 (<em>non-human<\/em>) alemi de b\u00fct\u00fcn\u00fcyle kapsad\u0131\u011f\u0131n\u0131 bilmek ve tekrarlamak gerekiyor.<\/p>\n\n\n\n<p>En az\u0131ndan, Ghazali\u2019den bu yana g\u00fcncelli\u011fini koruyarak bug\u00fcnlere gelen, \u0130slam\u2019\u0131n t\u00fcm toplumlara sundu\u011fu ve ger\u00e7ekle\u015ftirilmesi \u00f6ncelikli olan ilkeler b\u00fct\u00fcn\u00fc yani, <em>Maqas\u0131d al-shar<\/em>\u2019\u0131 nas\u0131l ve hangi metodlarla ve kurumsal yap\u0131larla g\u00fcncellemek gerekti\u011fi \u00fczerinde hassaten durmakta yarar var.<\/p>\n\n\n\n<p><strong>Tarihi okuma<\/strong><\/p>\n\n\n\n<p>\u0130slam dininin Arap Yar\u0131madas\u0131\u2019nda ortaya \u00e7\u0131k\u0131\u015f\u0131 ve yay\u0131l\u0131\u015f\u0131, p\u00fcr dini bir eylem oldu\u011fu kadar, \u2018din\u2019in insan toplumlar\u0131na tekab\u00fcl eden boyutuyla siyasi, k\u00fclt\u00fcrel, ekonomik vb. boyutlar\u0131yla g\u00fcndemde yer almaya ba\u015flad\u0131\u011f\u0131 konusu gayet yayg\u0131n bir \u015fekilde bilinir.<\/p>\n\n\n\n<p>S\u00f6z konusu bu \u2018boyutlar\u0131n\u2019, sadece \u0130slam dini ve yay\u0131l\u0131\u015f\u0131 ile de s\u0131n\u0131rl\u0131 olmad\u0131\u011f\u0131 yine, insan toplumlar\u0131n\u0131n sahip olduklar\u0131 karakteristikler ve tarihsel ger\u00e7eklikler ile ortadad\u0131r.<\/p>\n\n\n\n<p>S\u00f6z konusu bu ger\u00e7eklikler, \u0130slam\u2019\u0131n kitab\u0131 Kur\u2019an-\u0131 Kerim\u2019de zikredildi\u011fi \u00fczere, Yahudiler ve k\u0131smen H\u0131ristiyanlar ve adlar\u0131, bir \u015fekilde ilgili ba\u011flamlarda zikredilen milletlerin varl\u0131\u011f\u0131na referansla ortadad\u0131r.<\/p>\n\n\n\n<p>Bunun yan\u0131 s\u0131ra, insanl\u0131k tarihinin yaz\u0131l\u0131 denilen d\u00f6neminin ba\u015flang\u0131c\u0131ndan bu yana, ortaya konulan irili ufakl\u0131 metinler de bize, bu anlamda katk\u0131da bulunaca\u011f\u0131n\u0131 dikkate almakta fayda var.<\/p>\n\n\n\n<p>Bu s\u00fcre\u00e7lerin, \u00f6zellikle de, \u0130slam\u2019\u0131n bir din olarak, inanan M\u00fcsl\u00fcman toplumlar vas\u0131tas\u0131yla yay\u0131lmas\u0131n\u0131n, buna konu olan s\u00fcre\u00e7ler boyunca kar\u015f\u0131la\u015f\u0131lan sosyal, k\u00fclt\u00fcrel, siyasal ve askeri ger\u00e7eklikler ile birlikte ele al\u0131nd\u0131\u011f\u0131n\u0131 g\u00f6rmek ve bunun \u00fczerine bir tarih anlay\u0131\u015f\u0131 geli\u015ftirmek gerekiyor.<\/p>\n\n\n\n<p>Bunun yap\u0131lmad\u0131\u011f\u0131n\u0131 s\u00f6ylemek istemiyoruz&#8230;<\/p>\n\n\n\n<p>Ancak, \u00f6rne\u011fin klasik tarih \u00e7al\u0131\u015fmalar\u0131na bak\u0131ld\u0131\u011f\u0131nda veya tarihi p\u00fcr dini perspektiften anlama \u00e7abas\u0131 sergileyen s\u00f6ylemlere dikkat \u00e7ekildi\u011finde, \u2018insan ve toplum ger\u00e7ekli\u011fi\u2019ni izafi k\u0131lan bir y\u00f6nelimin ve bunun d\u00fc\u015f\u00fcnceye evrilmi\u015f halinin hakim oldu\u011fu da bir vak\u0131ad\u0131r.<\/p>\n\n\n\n<p>\u0130slam toplumlar\u0131n\u0131n, diyelim ki, Arap Yar\u0131madas\u0131\u2019n\u0131n yan\u0131 ba\u015f\u0131ndaki Bizans, Pers, Hint gibi k\u00fclt\u00fcr ve medeniyet unsurlar\u0131 gibi, zamanla kar\u015f\u0131la\u015ft\u0131klar\u0131 yeni toplumlar ve toplumsal d\u00fczenler kar\u015f\u0131s\u0131nda kendini, yeniden ve yeniden konumland\u0131rma durumunda kalmas\u0131, temelde do\u011fal bir s\u00fcrece tekab\u00fcl eder.<\/p>\n\n\n\n<p>Bu derin ve uzun kar\u015f\u0131la\u015fmalar, \u00f6tekini \u2018\u0130slama davet\u2019 anlam\u0131 ta\u015f\u0131d\u0131\u011f\u0131 kadar, \u00f6tekinden al\u0131nmaya matuf alanlar\u0131n da, kendini M\u00fcsl\u00fcman toplumlara a\u00e7t\u0131\u011f\u0131n\u0131 g\u00f6sterir.<\/p>\n\n\n\n<p>Salt ve basit anlam\u0131yla, \u2018meydan okuma\u2019 ve \u2018sava\u015fc\u0131\u2019 m\u00fccadelenin \u00f6tesindeki, bu kar\u015f\u0131la\u015fmalar ve bunlar\u0131n somut ifadeleri olan dil, bilim, din, felsefe, k\u00fclt\u00fcr, mimari, edebiyat vb. alanlarda tan\u0131ma, anlama, analiz, yorumlama ve \u00fcr\u00fcn ortaya koyma \u00e7abalar\u0131 bu uzun y\u00fczy\u0131llardaki M\u00fcsl\u00fcman d\u00fc\u015f\u00fcn\u00fcr, alim, edebiyat\u00e7\u0131, tarih\u00e7i vb. -gayet<em> modern <\/em>ba\u015fl\u0131klar olmakla birlikte-, s\u0131n\u0131flamalara tabi tutuldu\u011funu s\u00f6ylemek yanl\u0131\u015f olmayacakt\u0131r.<\/p>\n\n\n\n<p>Bu s\u00fcrecin belki de, en ba\u015f\u0131nda bir Hadis\u2019te bahsi ge\u00e7ti\u011fi \u00fczere Hz. Peygamber\u2019in bir sahabeye \u2018Hebrew\u2019 dilini \u00f6\u011frenmesi tavsiyesidir&#8230;<\/p>\n\n\n\n<p>Ya da, \u00e7ok\u00e7a zikredildi\u011fi \u00fczere \u2018\u0130lim\u2019in \u00c7in gibi uzak bir belde de dahi olsa, gidip \u00f6\u011frenilmesi\u2019 y\u00f6n\u00fcndeki dikkat \u00e7ekici vurgudur&#8230;<\/p>\n\n\n\n<p>Tabii, bu ilgili Hadislerin \u2018tan\u0131ma, \u00f6\u011frenme\u2019 odakl\u0131 yakla\u015f\u0131m\u0131n\u0131n \u00f6tesinde geli\u015fmelerin ne y\u00f6nde seyredece\u011fine dair bir veri sunup sunmad\u0131\u011f\u0131n\u0131 ilgili \u00e7evrelere sorup a\u00e7\u0131klamalar\u0131n\u0131 da bekleyebiliriz.<\/p>\n\n\n\n<p>Bu \u00e7er\u00e7evede, mesel\u00e2, \u0130slam\u2019\u0131n ilk asr\u0131 ile ve de \u00f6zellikle, onu takip eden ikinci, \u00fc\u00e7\u00fcnc\u00fc ve d\u00f6rd\u00fcnc\u00fc as\u0131rlar\u0131nda olan biten t\u00fcm geli\u015fmeler bize, \u0130slam\u2019\u0131n bir din olarak de\u011fil ancak, M\u00fcsl\u00fcmanlar\u0131n inand\u0131klar\u0131 olgular\u0131 yerli yerine oturtma konusunda bir konsolidasyon s\u00fcrecini tecr\u00fcbe ettiklerini g\u00f6steriyor.<\/p>\n\n\n\n<p>Haddimizi a\u015fmadan s\u00f6ylemek gerekirse, \u2018akl\u0131 kar\u0131\u015f\u0131klar\u2019\u0131n veya \u2018akl\u0131 kar\u0131\u015fmaya ba\u015flayanlar\u2019\u0131n \u00e7\u00f6z\u00fcm aray\u0131\u015flar\u0131nda, s\u00f6z konusu bu konsolidasyon s\u00fcrecinin kritik bir \u00f6nemi bulunuyor.<\/p>\n\n\n\n<p>Bu nedenle, bu konsolidasyon s\u00fcrecinde olan biteni anlamaya ba\u015flamak, kan\u0131mca, ilerleyen y\u00fczy\u0131llar boyunca ortaya konulan \u00e7\u00f6z\u00fcm veya \u00e7\u00f6z\u00fcms\u00fczl\u00fckleri de\u011ferlendirebilmeye imk\u00e2n tan\u0131yacakt\u0131r.<\/p>\n\n\n\n<p>Gayet manidard\u0131r ki, s\u00f6z konusu bu y\u00fczy\u0131llar, ayn\u0131 zamanda -Emeviler ve Abbasiler gibi- iki \u00f6nemli \u2018hanedanl\u0131k\u2019 s\u00fcrecinin, yerle\u015fik ve -birbirini takiben- devaml\u0131l\u0131\u011f\u0131n\u0131 ortaya koyuyor.<\/p>\n\n\n\n<p>Bu y\u00fczy\u0131llarda olan biteni, M\u00fcsl\u00fcman toplumun \u00f6rne\u011fin, Bizans\u2019a, Pers\u2019e, G\u00fcney Avrupa\u2019ya kar\u015f\u0131 sadece, bir \u2018g\u00fc\u00e7 temerk\u00fcz\u00fc\u2019 olarak de\u011ferlendirmek tarihi ve tarihi geli\u015fmeleri, toplumlar\u0131 hak etti\u011fi \u015fekilde ele alamama anlam\u0131na geldi\u011fini hat\u0131rlatmakta yarar var.<\/p>\n\n\n\n<p>M\u00fcsl\u00fcman toplumlar\u0131n, \u00fc\u00e7 farkl\u0131 co\u011frafya \u00fczerinde a\u00e7\u0131l\u0131m sergilemesi diyebilece\u011fimiz bu uzun d\u00f6rt y\u00fczy\u0131l\u0131 de\u011ferlendirmenin \u0130slam teolojisinden hareketle yeniden de\u011ferlendirmek gerekiyor.<\/p>\n\n\n\n<p>Bu durum, ad\u0131na hanedanl\u0131k denilen yap\u0131la\u015fmalar\u0131n konsolidasyon s\u00fcrecine katk\u0131lar\u0131 olmakla birlikte, bu yap\u0131lar\u0131n \u2018g\u00fc\u00e7\u2019 \u00fczerinden te\u015fekk\u00fcl ettirdikleri siyasal yap\u0131la\u015fman\u0131n ve bunun do\u011frudan-organik uzant\u0131s\u0131 olan \u2018ordu\u2019 kurumunun ne t\u00fcr y\u00f6nelimlere yol a\u00e7t\u0131klar\u0131n\u0131 da unutulmamal\u0131d\u0131r.<\/p>\n\n\n\n<p>Ve bu anlamda, s\u00f6z konusu ortaya \u00e7\u0131kan yap\u0131n\u0131n, \u0130slam teolojisinin \u00f6z\u00fcnde yer alan ilkeleri nereye ta\u015f\u0131d\u0131\u011f\u0131n\u0131 tart\u0131\u015fmak hi\u00e7 ku\u015fku yok ki, d\u00fcn\u00fc anlama \u00e7abas\u0131 kadar, kan\u0131mca bug\u00fcn ya\u015fanan sorunlara da \u015fu ya da bu \u00f6l\u00e7\u00fcde bir a\u00e7\u0131l\u0131m sa\u011flayacakt\u0131r.<\/p>\n","protected":false},"excerpt":{"rendered":"<p>Mehmet \u00d6zay &nbsp;&nbsp;&nbsp;&nbsp;&nbsp;&nbsp;&nbsp;&nbsp;&nbsp;&nbsp;&nbsp;&nbsp;&nbsp;&nbsp;&nbsp;&nbsp;&nbsp;&nbsp;&nbsp;&nbsp;&nbsp;&nbsp;&nbsp;&nbsp;&nbsp;&nbsp;&nbsp;&nbsp;&nbsp;&nbsp;&nbsp;&nbsp;&nbsp;&nbsp;&nbsp;&nbsp;&nbsp;&nbsp;&nbsp;&nbsp;&nbsp;&nbsp;&nbsp;&nbsp;&nbsp;&nbsp;&nbsp;&nbsp;&nbsp;&nbsp;&nbsp;&nbsp;&nbsp;&nbsp;&nbsp;&nbsp;&nbsp;&nbsp;&nbsp;&nbsp;&nbsp;&nbsp;&nbsp;&nbsp;&nbsp;&nbsp;&nbsp;&nbsp;&nbsp;&nbsp;&nbsp;&nbsp;&nbsp;&nbsp;&nbsp;&nbsp;&nbsp;&nbsp;&nbsp;&nbsp;&nbsp;&nbsp;&nbsp;&nbsp;&nbsp;&nbsp;&nbsp;&nbsp;&nbsp;&nbsp;&nbsp;&nbsp;&nbsp;&nbsp;&nbsp;&nbsp;&nbsp;&nbsp;&nbsp;&nbsp;&nbsp;&nbsp;&nbsp;&nbsp;&nbsp;&nbsp; 03.02.2024 M\u00fcsl\u00fcman toplumlar\u0131n, ya\u015famakta olduklar\u0131 \u00e7e\u015fitli sorunlar\u0131n \u00fcstesinden gelme konusundaki \u00e7abalar, -adlar\u0131, y\u00f6nelimleri, y\u00f6ntemleri farkl\u0131la\u015fmakla birlikte-, yerel, b\u00f6lgesel ve k\u00fcresel d\u00fczeyde varl\u0131\u011f\u0131n\u0131 s\u00fcrd\u00fcr\u00fcyor. Var olan bu insani ve sosyal durum a\u00e7\u0131k\u00e7as\u0131, \u2018\u0130slam teolojisi\u2019 ile t\u00fcm vechesiyle toplumsal ya\u015fam aras\u0131nda s\u0131k\u0131 bir ba\u011f oldu\u011funu ortaya koyuyor. Buna ku\u015fku yok&#8230; Bununla birlikte, \u0130slam teolojisinin [&hellip;]<\/p>\n","protected":false},"author":3,"featured_media":5069,"comment_status":"open","ping_status":"open","sticky":false,"template":"","format":"standard","meta":{"footnotes":""},"categories":[6,75],"tags":[],"class_list":["post-5067","post","type-post","status-publish","format-standard","has-post-thumbnail","hentry","category-gunluk-yazilar","category-sosyoloji-tarih"],"_links":{"self":[{"href":"https:\/\/guneydoguasyacalismalari.com\/tr_tr\/wp-json\/wp\/v2\/posts\/5067","targetHints":{"allow":["GET"]}}],"collection":[{"href":"https:\/\/guneydoguasyacalismalari.com\/tr_tr\/wp-json\/wp\/v2\/posts"}],"about":[{"href":"https:\/\/guneydoguasyacalismalari.com\/tr_tr\/wp-json\/wp\/v2\/types\/post"}],"author":[{"embeddable":true,"href":"https:\/\/guneydoguasyacalismalari.com\/tr_tr\/wp-json\/wp\/v2\/users\/3"}],"replies":[{"embeddable":true,"href":"https:\/\/guneydoguasyacalismalari.com\/tr_tr\/wp-json\/wp\/v2\/comments?post=5067"}],"version-history":[{"count":1,"href":"https:\/\/guneydoguasyacalismalari.com\/tr_tr\/wp-json\/wp\/v2\/posts\/5067\/revisions"}],"predecessor-version":[{"id":5070,"href":"https:\/\/guneydoguasyacalismalari.com\/tr_tr\/wp-json\/wp\/v2\/posts\/5067\/revisions\/5070"}],"wp:featuredmedia":[{"embeddable":true,"href":"https:\/\/guneydoguasyacalismalari.com\/tr_tr\/wp-json\/wp\/v2\/media\/5069"}],"wp:attachment":[{"href":"https:\/\/guneydoguasyacalismalari.com\/tr_tr\/wp-json\/wp\/v2\/media?parent=5067"}],"wp:term":[{"taxonomy":"category","embeddable":true,"href":"https:\/\/guneydoguasyacalismalari.com\/tr_tr\/wp-json\/wp\/v2\/categories?post=5067"},{"taxonomy":"post_tag","embeddable":true,"href":"https:\/\/guneydoguasyacalismalari.com\/tr_tr\/wp-json\/wp\/v2\/tags?post=5067"}],"curies":[{"name":"wp","href":"https:\/\/api.w.org\/{rel}","templated":true}]}}