{"id":5048,"date":"2024-01-19T15:24:48","date_gmt":"2024-01-19T15:24:48","guid":{"rendered":"https:\/\/guneydoguasyacalismalari.com\/?p=5048"},"modified":"2024-01-19T15:25:45","modified_gmt":"2024-01-19T15:25:45","slug":"endonezyada-baskanlik-secimleri-ve-demokrasi-pratikleri-presidential-elections-and-democratic-practices-in-indonesia","status":"publish","type":"post","link":"https:\/\/guneydoguasyacalismalari.com\/tr_tr\/endonezyada-baskanlik-secimleri-ve-demokrasi-pratikleri-presidential-elections-and-democratic-practices-in-indonesia\/","title":{"rendered":"Endonezya\u2019da ba\u015fkanl\u0131k se\u00e7imleri ve demokrasi pratikleri \/ Presidential elections and democratic practices in Indonesia"},"content":{"rendered":"\n<p><strong>Mehmet \u00d6zay &nbsp;&nbsp;&nbsp;&nbsp;&nbsp;&nbsp;&nbsp;&nbsp;&nbsp;&nbsp;&nbsp;&nbsp;&nbsp;&nbsp;&nbsp;&nbsp;&nbsp;&nbsp;&nbsp;&nbsp;&nbsp;&nbsp;&nbsp;&nbsp;&nbsp;&nbsp;&nbsp;&nbsp;&nbsp;&nbsp;&nbsp;&nbsp;&nbsp;&nbsp;&nbsp;&nbsp;&nbsp;&nbsp;&nbsp;&nbsp;&nbsp;&nbsp;&nbsp;&nbsp;&nbsp;&nbsp;&nbsp;&nbsp;&nbsp;&nbsp;&nbsp;&nbsp;&nbsp;&nbsp;&nbsp;&nbsp;&nbsp;&nbsp;&nbsp;&nbsp;&nbsp;&nbsp;&nbsp;&nbsp;&nbsp;&nbsp;&nbsp;&nbsp;&nbsp;&nbsp;&nbsp;&nbsp;&nbsp;&nbsp;&nbsp;&nbsp;&nbsp;&nbsp;&nbsp;&nbsp;&nbsp;&nbsp;&nbsp;&nbsp;&nbsp;&nbsp;&nbsp;&nbsp;&nbsp;&nbsp;&nbsp;&nbsp;&nbsp;&nbsp;&nbsp;&nbsp;&nbsp;&nbsp;&nbsp;&nbsp;&nbsp;&nbsp;&nbsp;&nbsp;&nbsp;&nbsp; 19.01.2024<\/strong><\/p>\n\n\n\n<p>Endonezya, 14 \u015eubat\u2019ta yap\u0131lacak ba\u015fkanl\u0131k ve parlamento se\u00e7imlerine haz\u0131rlan\u0131yor&#8230;<\/p>\n\n\n\n<p>\u00c7e\u015fitli partilerin olu\u015fturdu\u011fu koalisyonlar\u0131n ba\u015fkan adaylar\u0131 olarak Prabowo Subianto, Ganjar Pranowo ve Anis Baswedan ba\u015fkanl\u0131k i\u00e7in yar\u0131\u015facak.<\/p>\n\n\n\n<p>S\u00f6z konusu bu adaylar, ulusal siyasete ve se\u00e7mene yabanc\u0131 isimler de\u011fil&#8230; Aksine, kamusal g\u00f6r\u00fcn\u00fcrl\u00fckleri gayet y\u00fcksek politikac\u0131lar&#8230;<\/p>\n\n\n\n<p>Eski general ve son d\u00f6nem kabinede savunma bakan\u0131 olan Prabowo, Orta Cava Eyaleti eski valisi Ganjar ve bir d\u00f6nem k\u0131sa s\u00fcreli\u011fine de olsa E\u011fitim Bakan\u0131 olarak g\u00f6rev yapan ve ard\u0131ndan 2017-2022 y\u0131llar\u0131 aras\u0131nda Jakarta valisi olarak se\u00e7ilen Anis, hem kendi se\u00e7im b\u00f6lgeleri, hem de ulusal \u00e7apta se\u00e7men kitlelerini etkileyebilecek \u00f6zellikleriyle dikkat \u00e7ekiyor.<\/p>\n\n\n\n<p>Bu anlamda, asker-ekonomi-b\u00fcrokrasi ili\u015fkisi Prabowo\u2019yu \u00f6ne \u00e7\u0131kart\u0131yor&#8230; Dinamizm, temiz ve \u015feffaf yerel y\u00f6netim ve halka yak\u0131nl\u0131k gibi hususiyetler Ganjar\u2019\u0131 belki de, d\u00f6neminin adam\u0131 olarak an\u0131lmas\u0131n\u0131 sa\u011fl\u0131yor.<\/p>\n\n\n\n<p>Ve, bir d\u00f6nem \u00f6zel bir \u00fcniversite rekt\u00f6rl\u00fck yapan ve akademisyen kimli\u011fiyle dikkat \u00e7eken Anis\u2019in bir d\u00f6nem k\u0131sa s\u00fcreli\u011fine de olsa, E\u011fitim Bakan\u0131 olarak atanmas\u0131nda bu kimli\u011fi ile ger\u00e7ekle\u015ftirdi\u011fi ve sivil bir hareket olarak ortaya koydu\u011fu e\u011fitim politikas\u0131 onu gen\u00e7 kitlelere yakla\u015ft\u0131ran \u00f6zelliktir.<\/p>\n\n\n\n<p>K\u0131saca ifade edecek olursak, Endonezya\u2019da geni\u015f ve farkl\u0131 sosyal, ekonomik ve k\u00fclt\u00fcrel yap\u0131ya mensup se\u00e7menler asker mi, yerel y\u00f6netimci mi yoksa entellekt\u00fcel mi sorusuna kendi bulunduklar\u0131 vecheden cevap verecekler&#8230;<\/p>\n\n\n\n<p>\u201cSiz olsan\u0131z hangisine oy verirsiniz?\u201d sorusu y\u00f6netildi\u011finde, se\u00e7menlerin sadece asker k\u00f6kenli; sadece yerel y\u00f6netimci ve sadece entellekt\u00fcel olmalar\u0131yla s\u0131n\u0131rl\u0131 olmayan bu \u00fc\u00e7 aday\u0131 nas\u0131l de\u011ferlendirecekleri gayet komplike ba\u011flamlar i\u00e7eriyor. Bunu bir ba\u015fka yaz\u0131n\u0131n konusu yapabiliriz.<\/p>\n\n\n\n<p><strong>Ba\u015fkan yard\u0131mc\u0131lar\u0131 ve \u2018Kad\u0131 k\u0131z\u0131\u2019 olgusu<\/strong><\/p>\n\n\n\n<p>Ba\u015fkan yard\u0131mc\u0131l\u0131klar\u0131na bakt\u0131\u011f\u0131m\u0131zda da, ilgin\u00e7 bir durum oldu\u011funu s\u00f6ylemek m\u00fcmk\u00fcn.<\/p>\n\n\n\n<p>\u00d6yle ki, \u015fu anki ba\u015fkan Jokowi\u2019nin o\u011flu Gibran Rakabuming Raka, Prabowo\u2019nun yard\u0131mc\u0131s\u0131 olarak se\u00e7ime giriyor. \u00dclkede baz\u0131 kesimler, bu geli\u015fmeyi Jokowi\u2019nin on y\u0131l\u0131 a\u015fk\u0131n bir s\u00fcredir ulusal siyasette olu\u015fturdu\u011fu me\u015fruiyetinin zedelenmesi olarak de\u011ferlendiriyor.<\/p>\n\n\n\n<p>Bu s\u00fcreci, Jokowi\u2019nin mi yoksa ondan ba\u011f\u0131ms\u0131z bir \u015fekilde ba\u015fkalar\u0131n\u0131n m\u0131 y\u00fcr\u00fctt\u00fc\u011f\u00fc konusu, bu noktada pek bir \u00f6nem arz etmiyor&#8230;<\/p>\n\n\n\n<p>Siyasette \u2018hanedanl\u0131k te\u015fkili\u2019 kavram\u0131n\u0131n Jokowi\u2019ye s\u0131\u00e7ramas\u0131n\u0131 iyimser bir bak\u0131\u015fya de\u011ferlendirecek olursa, gayet \u00f6nemli siyaset\u00e7i kimli\u011fi ve politikalar\u0131na kar\u015f\u0131n, Jokowi\u2019nin -hem de siyasetle ve siyaset dili ve kavram\u0131yla pek de uyu\u015fmayan- bir aile ferdinin ba\u015fka yard\u0131mc\u0131s\u0131 olarak se\u00e7imlere kat\u0131lacak olmas\u0131, \u201ckad\u0131 k\u0131z\u0131nda da olur\u201d dedirtecek bir geli\u015fme olarak de\u011ferlendirmek m\u00fcmk\u00fcn.<\/p>\n\n\n\n<p>\u201cKad\u0131 k\u0131z\u0131na\u201d eklenecek bir di\u011fer husus, Gibran\u2019\u0131n ba\u015fkan yard\u0131mc\u0131l\u0131\u011f\u0131 karar\u0131n\u0131 onaylayan\u0131n, ba\u015fkan Jokowi\u2019nin Anayasa Ba\u015fkan\u0131 olan kay\u0131nbiraderinin yapm\u0131\u015f olmas\u0131&#8230;<\/p>\n\n\n\n<p>\u201cKad\u0131 k\u0131z\u0131\u201d hesab\u0131n\u0131n d\u0131\u015f\u0131nda, kan\u0131mca daha \u00f6nemlisi, 2016 y\u0131l\u0131 A\u011fustos ay\u0131ndan ba\u015flayarak \u00fclkede, Jokowi ve yak\u0131n siyasi arkada\u015f\u0131 Jakarta valisini hedef alan ve ba\u015fkenti ve \u00fclkeyi neredeyse kaos ve anar\u015fi ortam\u0131n\u0131n s\u00fcr\u00fcklenmesine neden olan geli\u015fmenin akt\u00f6rlerinin ba\u015f\u0131nda Prabowo\u2019nun gelmesiydi.<\/p>\n\n\n\n<p>Prabowo\u2019nun \u00f6nce Savunma Bakan\u0131 ve ard\u0131ndan, Jokowi\u2019nin o\u011fluyla ba\u015fkanl\u0131k yar\u0131\u015f\u0131na giren ikiliyi olu\u015fturmas\u0131 ve bu anlamda Jokowi siyasi me\u015fruiyetinin, gizli\/a\u00e7\u0131k devam ettiricisi konumunda olmas\u0131 Endonezya ve benzeri \u00fclkelerde siyasetin ald\u0131\u011f\u0131 hali g\u00f6stermesi a\u00e7\u0131s\u0131ndan gayet \u00f6\u011fretici bir \u00f6zellik ta\u015f\u0131yor.<\/p>\n\n\n\n<p><strong>Ganjar ve Anies<\/strong><\/p>\n\n\n\n<p>Birka\u00e7 on y\u0131ld\u0131r, ulusal siyasette ba\u015fat bir unsur olarak ortaya \u00e7\u0131kan, \u2018Endonezya M\u00fccadeleci Milliyet\u00e7i Partisi\u2019 (<em>Partai Demokrasi Indopenia-Perjuangan<\/em>-PDI-P), son iki d\u00f6nemde Jokowi gibi bir ba\u015fkan aday\u0131 \u00e7\u0131karma ba\u015far\u0131s\u0131n\u0131 ve bu ba\u011flamda siyasi g\u00fcc\u00fcn\u00fc bu se\u00e7imlerde de g\u00f6stermek arzusunda.<\/p>\n\n\n\n<p>Bu \u00e7er\u00e7evede, PDI-P bayra\u011f\u0131 alt\u0131nda se\u00e7imlere ba\u015fkan aday\u0131 Ganjar Pranomo girerken, yard\u0131mc\u0131s\u0131 olarak, anayasa mahkemesi eski ba\u015fkan\u0131 ve Jokowi h\u00fck\u00fcmetinde Siyasal, Yasal ve G\u00fcvenlik \u0130\u015fleri Koordinasyon Bakan\u0131 olan Mahfuz MD belirlendi.<\/p>\n\n\n\n<p>Anies Baswedan\u2019\u0131n yard\u0131mc\u0131s\u0131 Ulusal Uyan\u0131\u015f Partisi (<em>Partai Kebangkitan Bangsa<\/em>-PKB) ba\u015fkan\u0131 Muhaimin Iskandar. Alimlerin Uyan\u0131\u015f\u0131 (<em>Nahdlatul Ulama<\/em>-UN) yak\u0131nl\u0131\u011f\u0131yla bilinen PKB\u2019nin se\u00e7ilmesi, \u00f6nemli bir se\u00e7men potansiyeline sahip UN ile i\u015fbirli\u011fi d\u00fc\u015f\u00fcncesine dayan\u0131yor.<\/p>\n\n\n\n<p>Hat\u0131rlanaca\u011f\u0131 \u00fczere, Jokowi de 2019 se\u00e7imlerine Mahmud MD ile girmeye haz\u0131rlan\u0131rken, ola\u011fan\u00fcst\u00fc geli\u015fmeler sonras\u0131nda, ba\u015fkan yard\u0131mc\u0131l\u0131\u011f\u0131 i\u00e7in karar\u0131 NU\u2019nun \u00f6nemli isimlerinden Ma\u2019ruf Amin\u2019den yana kullanmak zorunda kalm\u0131\u015ft\u0131!<\/p>\n\n\n\n<p>\u00d6te yandan bu durum, hi\u00e7 ku\u015fku yok ki, NU\u2019nun son d\u00f6nemde ulusla siyasette gayet stratejik bir \u015fekilde yer ald\u0131\u011f\u0131n\u0131 g\u00f6steriyor.<\/p>\n\n\n\n<p>Anies Baswedan\u2019\u0131n ve onu ba\u015fkan aday\u0131 olarak g\u00f6steren Ulusal Demokrat (<em>Nasional-Demokrat<\/em>\/Nas-Dem) ba\u015fkan\u0131 A\u00e7eli Surya Palo\u2019nun da bu sivil-dini organizasyonunun sahip oldu\u011fu stratejik yap\u0131n\u0131n gayet fark\u0131nda bir isim oldu\u011funa ku\u015fku yok&#8230;<\/p>\n\n\n\n<p><strong>Koalisyon s\u00fcreci<\/strong><\/p>\n\n\n\n<p>Endonezya siyasetinin \u00e7ok renkli ve gayet dinamik atmosferi kendini ge\u00e7ti\u011fimiz y\u0131ldan itibaren g\u00f6stermeye ba\u015flad\u0131.<\/p>\n\n\n\n<p>Kamusal alanlarda adaylar\u0131n ve partilerin posterlerini, amblemlerini, bayraklar\u0131n\u0131 g\u00f6rsel kirlilik olarak de\u011ferlendirmek m\u00fcmk\u00fcn. Bununla birlikte, giderek artan oranda sosyal medyan\u0131n merkezlerde g\u00fc\u00e7l\u00fc bir \u015fekilde kullan\u0131ld\u0131\u011f\u0131n\u0131 da s\u00f6ylemek gerekiyor.<\/p>\n\n\n\n<p>Temelde benzerlikler sergilemelerine ra\u011fmen, \u00e7e\u015fitli a\u00e7\u0131lardan birbirinden farkl\u0131la\u015fan siyasi partiler \u00f6zellikle, ba\u015fkan ve ba\u015fkan yard\u0131mc\u0131s\u0131 aday g\u00f6sterme s\u00fcreci nedeniyle, gayet dinamik koalisyon g\u00f6r\u00fc\u015fmelerine sahne oldu.<\/p>\n\n\n\n<p>Bu s\u00fcrecin ard\u0131ndan, olu\u015fan koalisyon bloklar\u0131 \u00fc\u00e7 ba\u015fkan ve ba\u015fkan yard\u0131mc\u0131s\u0131n\u0131 belirlerken, be\u015f y\u0131l boyunca \u00fclkeyi y\u00f6netecek ba\u015fkan ve ba\u015fkan adaylar\u0131 \u00fclkenin farkl\u0131 b\u00f6lgelerinde se\u00e7im kampanyalar\u0131n\u0131 s\u00fcrd\u00fcr\u00fcyorlar. Koalisyon bloklar\u0131na bir ba\u015fka yaz\u0131da de\u011finece\u011fim&#8230;<\/p>\n\n\n\n<p>Ve s\u00f6z konusu dinamizmin etkisi, hem fiziki ve hem de sanal platformlarda se\u00e7im kampanyas\u0131 boyunca 14 \u015eubat\u2019a kadar da etkisi h\u0131zland\u0131rarak devam ettirece\u011fini s\u00f6ylemek yanl\u0131\u015f olmaz.<\/p>\n\n\n\n<p><strong>Kim kazan\u0131r?<\/strong><\/p>\n\n\n\n<p>Ba\u015fkanl\u0131k se\u00e7imlerinde ba\u015fkan ve ba\u015fkan adaylar\u0131n\u0131n genel oylar\u0131n en az y\u00fczde 20\u2019sini ve 38 Eyalet\u2019in yar\u0131s\u0131ndan bir fazlas\u0131nda oylar\u0131n \u00e7o\u011funu almalar\u0131 gerekiyor. Aksi halde, se\u00e7im ikinci tura kal\u0131rken,<\/p>\n\n\n\n<p>Endonezya se\u00e7imlerinde bu sorunun cevab\u0131n\u0131 bug\u00fcnk\u00fc geli\u015fmeler bakarak net bir \u015fekilde s\u00f6ylemek yanl\u0131\u015f. Kamuoyu yoklamalar\u0131 Prabowo\u2019yu \u00f6nde g\u00f6sterse de, g\u00f6r\u00fcner o ki, se\u00e7imler ikinci tura kalacak&#8230;<\/p>\n\n\n\n<p><strong>D\u0131\u015f fakt\u00f6rler<\/strong><\/p>\n\n\n\n<p>Endonezya\u2019n\u0131n geli\u015fmekte olan \u00fclkeler aras\u0131nda yer almas\u0131, bu \u00fclkede yap\u0131lacak se\u00e7imleri sadece ulusal se\u00e7menler ve konularla s\u0131n\u0131rl\u0131 olmayan&nbsp; boyutlar\u0131 oldu\u011funa i\u015faret ediyor.<\/p>\n\n\n\n<p>Bundan kast\u0131m\u0131z b\u00f6lgesel ve k\u00fcresel geli\u015fmelerle Endonezya\u2019n\u0131n bu s\u00fcre\u00e7lerde ald\u0131\u011f\u0131, alabilece\u011fi rollerle ba\u011flant\u0131l\u0131.<\/p>\n\n\n\n<p>\u00d6rne\u011fin, neredeyse ilgili her yaz\u0131m\u0131zda dikkat \u00e7ekti\u011fimiz \u00fczere, G\u00fcneydo\u011fu Asya \u00dclkeleri Birli\u011fi\u2019nin (ASEAN) merkezi\u2019nin Cakarta\u2019da olmas\u0131 ve birli\u011fin n\u00fcfus ve ekonomik b\u00fcy\u00fckl\u00fck gibi ba\u011flamlar\u0131 kadar, g\u00f6rece olgun siyaseti ASEAN\u2019\u0131n gizli bir lideri oldu\u011funnu s\u00f6ylememiz gayet yerinde olacakt\u0131r.<\/p>\n\n\n\n<p>Geni\u015f bir co\u011frafyaya yay\u0131lan Endonezya\u2019n\u0131n, Pasifik ve Hint Okyanusu\u2019nu ba\u011flayan suyollar\u0131 g\u00fczerg\u00e2h\u0131nda olu\u015fu ve bu anlamda, \u00c7in Halk Cumhuriyeti, Hindistan ve Avustrayla gibi b\u00f6lgenin g\u00fc\u00e7l\u00fc siyasal, ekonomik ve k\u00fclt\u00fcrel yap\u0131lar\u0131yla \u00e7evrili olu\u015fu hi\u00e7 ku\u015fku yok ki, Endonezya\u2019y\u0131 bu b\u00f6lgedeki her t\u00fcrl\u00fc geli\u015fmeden etkilenmeye a\u00e7\u0131k ve ayn\u0131 zamanda bu geli\u015fmeleri gizli\/a\u00e7\u0131k y\u00f6nlendirebilme kabiliyitende olmas\u0131na neden oluyor.<\/p>\n\n\n\n<p>Bat\u0131 \u00fclkelerinin tarihsel olarak geli\u015fim ve de\u011fi\u015fimlerinde rol oynayan bu zikretti\u011fimiz suyollar\u0131n\u0131n \u00f6nemi bug\u00fcn artarak devam etmesinin, Endonezya ile Bat\u0131l\u0131 \u00fclkeler \u00f6zellikle de, Amerika Birle\u015fik Devletleri ve Avrupa Birli\u011fi ile do\u011frudan ili\u015fkiler geli\u015ftirmesini m\u00fcmk\u00fcn ve de zorunlu k\u0131l\u0131yor.<\/p>\n\n\n\n<p>Bununla birlikte, farkl\u0131 siyasi partilerin yeni ba\u015fkan adaylar\u0131yla ulusal siyasete yeni bir ses ve soluk getirme \u00e7abas\u0131 da az\u0131msanmayacak bir \u00f6neme sahip. 2014 ve 2019 se\u00e7imlerini kaybeden ve Jokowi\u2019nin ikinci ba\u015fkanl\u0131k d\u00f6neminde kabinede Savunma Bakan\u0131 olarak yer alan eski general Prabowo Subianto ilerleyen ya\u015f\u0131na ra\u011fmen \u00fc\u00e7\u00fcnc\u00fc kez ba\u015fkanl\u0131k yar\u0131\u015f\u0131na giriyor.<\/p>\n\n\n\n<p>Bu s\u00fcre\u00e7, Prabowo i\u00e7in oldu\u011fu kadar, kendi kurdu\u011fu partisi Gerindra (B\u00fcy\u00fck Endonezya Partisi) i\u00e7in de bir anlamda devam m\u0131 tamam m\u0131 anlam\u0131 ta\u015f\u0131yor.<\/p>\n\n\n\n<p>Prabowo\u2019nun partisinde yer alan \u2018b\u00fcy\u00fck Endonezya\u2019 ba\u011flam\u0131na ra\u011fmen, ne t\u00fcr bir siyasi ve ekonomik modele sahip olu\u011fu veya yeni bir siyasal ve ekonomik dil ve y\u00f6nteme sahip olup olmad\u0131\u011f\u0131 tart\u0131\u015fmaya a\u00e7\u0131k. Bununla birlikte, son d\u00f6nemde savunma bakanl\u0131\u011f\u0131, onu -bir d\u00f6nem rakibi olan Jokowi\u2019ye yakla\u015ft\u0131rmakla kalmam\u0131\u015f g\u00f6z\u00fck\u00fcyor. \u00d6yle ki, ba\u015fkan yard\u0131mc\u0131s\u0131 olarak Jokowi\u2019nin o\u011flunun yan\u0131nda bulunmas\u0131 \u00fclke siyasi ya\u015fam\u0131na yeni bir olgu olarak damgas\u0131n\u0131 \u00e7oktan vurmu\u015f durumda.<\/p>\n\n\n\n<p><strong>Jokowi d\u00f6nemi biterken<\/strong><\/p>\n\n\n\n<p>2014 ve 2019 se\u00e7imlerini kazanan ve on y\u0131ld\u0131r \u00fclkeyi y\u00f6neten Ba\u015fkan Joko Widodo anayasadaki iki d\u00f6nem \u015fart\u0131na tak\u0131lmas\u0131, \u00fclke siyaset g\u00fcndeminde yer alan konular aras\u0131ndayd\u0131.<\/p>\n\n\n\n<p>2012 y\u0131l\u0131nda Jakarta Valilik koltu\u011funa oturan ve d\u00f6nemi sona ermeden 2014 y\u0131l\u0131ndaki ba\u015fkanl\u0131k se\u00e7imlerini kazanan Jokowi\u2019nin ulusal siyasete getirdi\u011fi renk, dinginlik, d\u00fczen ortam\u0131 hi\u00e7 ku\u015fku yok ki, \u00fczerinde durulmaya de\u011fer bir husus.<\/p>\n\n\n\n<p>Bu durumu, sadece bir siyaset\u00e7i olarak Jokowi\u2019nin de\u011fil, Endonezya i\u00e7in de bir \u015fans olarak de\u011ferlendirmek gerekir.<\/p>\n\n\n\n<p>Bunun yan\u0131 s\u0131ra, niceliksel olarak bir yandan, d\u00fcnyan\u0131n d\u00f6rd\u00fcnc\u00fc b\u00fcy\u00fck demokrasisi ve en \u00e7ok say\u0131da M\u00fcsl\u00fcman n\u00fcfusu b\u00fcnyesinde bar\u0131nd\u0131ran bir \u00fclke olmas\u0131, Jokowi d\u00f6nemini tan\u0131mlamak i\u00e7in kulland\u0131\u011f\u0131m\u0131z niteliklerin neredeyse t\u00fcm M\u00fcsl\u00fcman co\u011frafyas\u0131 taraf\u0131ndan da anla\u015f\u0131lmaya, \u00f6\u011frenilmeye ve kar\u015f\u0131la\u015ft\u0131r\u0131lmaya de\u011fer y\u00f6nleri bulunuyor.<\/p>\n","protected":false},"excerpt":{"rendered":"<p>Mehmet \u00d6zay &nbsp;&nbsp;&nbsp;&nbsp;&nbsp;&nbsp;&nbsp;&nbsp;&nbsp;&nbsp;&nbsp;&nbsp;&nbsp;&nbsp;&nbsp;&nbsp;&nbsp;&nbsp;&nbsp;&nbsp;&nbsp;&nbsp;&nbsp;&nbsp;&nbsp;&nbsp;&nbsp;&nbsp;&nbsp;&nbsp;&nbsp;&nbsp;&nbsp;&nbsp;&nbsp;&nbsp;&nbsp;&nbsp;&nbsp;&nbsp;&nbsp;&nbsp;&nbsp;&nbsp;&nbsp;&nbsp;&nbsp;&nbsp;&nbsp;&nbsp;&nbsp;&nbsp;&nbsp;&nbsp;&nbsp;&nbsp;&nbsp;&nbsp;&nbsp;&nbsp;&nbsp;&nbsp;&nbsp;&nbsp;&nbsp;&nbsp;&nbsp;&nbsp;&nbsp;&nbsp;&nbsp;&nbsp;&nbsp;&nbsp;&nbsp;&nbsp;&nbsp;&nbsp;&nbsp;&nbsp;&nbsp;&nbsp;&nbsp;&nbsp;&nbsp;&nbsp;&nbsp;&nbsp;&nbsp;&nbsp;&nbsp;&nbsp;&nbsp;&nbsp;&nbsp;&nbsp;&nbsp;&nbsp;&nbsp;&nbsp;&nbsp;&nbsp;&nbsp;&nbsp;&nbsp;&nbsp; 19.01.2024 Endonezya, 14 \u015eubat\u2019ta yap\u0131lacak ba\u015fkanl\u0131k ve parlamento se\u00e7imlerine haz\u0131rlan\u0131yor&#8230; \u00c7e\u015fitli partilerin olu\u015fturdu\u011fu koalisyonlar\u0131n ba\u015fkan adaylar\u0131 olarak Prabowo Subianto, Ganjar Pranowo ve Anis Baswedan ba\u015fkanl\u0131k i\u00e7in yar\u0131\u015facak. S\u00f6z konusu bu adaylar, ulusal siyasete ve se\u00e7mene yabanc\u0131 isimler de\u011fil&#8230; Aksine, kamusal g\u00f6r\u00fcn\u00fcrl\u00fckleri gayet y\u00fcksek politikac\u0131lar&#8230; Eski general ve son d\u00f6nem kabinede savunma bakan\u0131 [&hellip;]<\/p>\n","protected":false},"author":3,"featured_media":5049,"comment_status":"open","ping_status":"open","sticky":false,"template":"","format":"standard","meta":{"footnotes":""},"categories":[21,6],"tags":[],"class_list":["post-5048","post","type-post","status-publish","format-standard","has-post-thumbnail","hentry","category-endonezya","category-gunluk-yazilar"],"_links":{"self":[{"href":"https:\/\/guneydoguasyacalismalari.com\/tr_tr\/wp-json\/wp\/v2\/posts\/5048","targetHints":{"allow":["GET"]}}],"collection":[{"href":"https:\/\/guneydoguasyacalismalari.com\/tr_tr\/wp-json\/wp\/v2\/posts"}],"about":[{"href":"https:\/\/guneydoguasyacalismalari.com\/tr_tr\/wp-json\/wp\/v2\/types\/post"}],"author":[{"embeddable":true,"href":"https:\/\/guneydoguasyacalismalari.com\/tr_tr\/wp-json\/wp\/v2\/users\/3"}],"replies":[{"embeddable":true,"href":"https:\/\/guneydoguasyacalismalari.com\/tr_tr\/wp-json\/wp\/v2\/comments?post=5048"}],"version-history":[{"count":1,"href":"https:\/\/guneydoguasyacalismalari.com\/tr_tr\/wp-json\/wp\/v2\/posts\/5048\/revisions"}],"predecessor-version":[{"id":5050,"href":"https:\/\/guneydoguasyacalismalari.com\/tr_tr\/wp-json\/wp\/v2\/posts\/5048\/revisions\/5050"}],"wp:featuredmedia":[{"embeddable":true,"href":"https:\/\/guneydoguasyacalismalari.com\/tr_tr\/wp-json\/wp\/v2\/media\/5049"}],"wp:attachment":[{"href":"https:\/\/guneydoguasyacalismalari.com\/tr_tr\/wp-json\/wp\/v2\/media?parent=5048"}],"wp:term":[{"taxonomy":"category","embeddable":true,"href":"https:\/\/guneydoguasyacalismalari.com\/tr_tr\/wp-json\/wp\/v2\/categories?post=5048"},{"taxonomy":"post_tag","embeddable":true,"href":"https:\/\/guneydoguasyacalismalari.com\/tr_tr\/wp-json\/wp\/v2\/tags?post=5048"}],"curies":[{"name":"wp","href":"https:\/\/api.w.org\/{rel}","templated":true}]}}