{"id":4910,"date":"2023-02-12T10:03:58","date_gmt":"2023-02-12T10:03:58","guid":{"rendered":"https:\/\/guneydoguasyacalismalari.com\/?p=4910"},"modified":"2023-02-12T10:04:20","modified_gmt":"2023-02-12T10:04:20","slug":"george-town-penang-yatay-ve-dikey-duzlemde-toplumsal-yapi-george-town-penang-social-structure-on-the-horizontal-and-vertical-planes","status":"publish","type":"post","link":"https:\/\/guneydoguasyacalismalari.com\/tr_tr\/george-town-penang-yatay-ve-dikey-duzlemde-toplumsal-yapi-george-town-penang-social-structure-on-the-horizontal-and-vertical-planes\/","title":{"rendered":"<strong>George Town, Penang: yatay ve dikey d\u00fczlemde toplumsal yap\u0131 \/ George Town, Penang: social structure on the horizontal and vertical planes<\/strong>"},"content":{"rendered":"\n<p><strong>Mehmet \u00d6zay &nbsp;&nbsp;&nbsp;&nbsp;&nbsp;&nbsp;&nbsp;&nbsp;&nbsp;&nbsp;&nbsp;&nbsp;&nbsp;&nbsp;&nbsp;&nbsp;&nbsp;&nbsp;&nbsp;&nbsp;&nbsp;&nbsp;&nbsp;&nbsp;&nbsp;&nbsp;&nbsp;&nbsp;&nbsp;&nbsp;&nbsp;&nbsp;&nbsp;&nbsp;&nbsp;&nbsp;&nbsp;&nbsp;&nbsp;&nbsp;&nbsp;&nbsp;&nbsp;&nbsp;&nbsp;&nbsp;&nbsp;&nbsp;&nbsp;&nbsp;&nbsp;&nbsp;&nbsp;&nbsp;&nbsp;&nbsp;&nbsp;&nbsp;&nbsp;&nbsp;&nbsp;&nbsp;&nbsp;&nbsp;&nbsp;&nbsp;&nbsp;&nbsp;&nbsp;&nbsp;&nbsp;&nbsp;&nbsp;&nbsp;&nbsp;&nbsp;&nbsp;&nbsp;&nbsp;&nbsp;&nbsp;&nbsp;&nbsp;&nbsp;&nbsp;&nbsp;&nbsp;&nbsp;&nbsp;&nbsp;&nbsp;&nbsp;&nbsp;&nbsp;&nbsp;&nbsp;&nbsp;&nbsp;&nbsp;&nbsp;&nbsp;&nbsp;&nbsp;&nbsp;&nbsp;&nbsp; 12.02.2023<\/strong><\/p>\n\n\n\n<p>Penang Adas\u0131 ve\/ya Ada\u2019daki \u015fehir yani, bilinen ismiyle <em>George Town<\/em>, do\u011fu ve bat\u0131\u2019n\u0131n \u00e7e\u015fitli k\u00fclt\u00fcrlerinin biraradal\u0131\u011f\u0131na sahip yap\u0131sal bir \u00f6zellik sergiliyor.<\/p>\n\n\n\n<p>Bir ba\u015fka ifadeyle s\u00f6ylemek gerekirse, George Town, s\u00f6m\u00fcrge d\u00f6neminde <em>Wellesley<\/em> ad\u0131yla an\u0131lan, bug\u00fcn anakara par\u00e7as\u0131nda kalan b\u00f6lgeyi de i\u00e7ine alacak \u015fekilde idare yap\u0131y\u0131 olu\u015fturan Penang Eyaleti\u2019nin ba\u015fkenti.<\/p>\n\n\n\n<p>\u015eehrin \u00f6zellikle, Malaya Yar\u0131madas\u0131 b\u00f6lgesi i\u00e7in uzun denilebilecek tarihini, mek\u00e2nlar ve yap\u0131lar ve bu yap\u0131lar\u0131 ortaya koyan farkl\u0131 toplum kesimleri \u00fczerinden okumak ve anlamland\u0131rmak m\u00fcmk\u00fcn.<\/p>\n\n\n\n<p>Bu durum kendini, \u015fehrin tarihi mek\u00e2n\u0131n\u0131 olu\u015fturan ve 1786 y\u0131l\u0131nda in\u015fa edilen ve \u0130ngiltere s\u00f6m\u00fcrgesi Hindistan\u2019\u0131n genel valisi Charles Cornwallis\u2019in ad\u0131n\u0131 ta\u015f\u0131yan kaleden (<em>Fort Cornwallis<\/em>), 1882\u2019de in\u015fa edilen denizfenerinden (<em>Rumah Api<\/em>), \u0130ngiliz s\u00f6m\u00fcrge y\u00f6netiminin merkezi konumundaki binalar\u0131ndan ve \u015fehri denizle ba\u011f\u0131n\u0131 a\u00e7\u0131k\u00e7a ortaya koyan eski hangarlar b\u00f6lgesinden ba\u015flay\u0131p, i\u00e7erilere do\u011fru geni\u015fleyen alanlar\u0131nda g\u00f6steriyor.<\/p>\n\n\n\n<p>Bu k\u0131sa ancak, gayet a\u00e7\u0131klay\u0131c\u0131 tasvirin, \u015fehrin siyasi ve k\u00fclt\u00fcrel k\u00f6kenine dair bir i\u015faret niteli\u011fi ta\u015f\u0131d\u0131\u011f\u0131na ku\u015fku yok.<\/p>\n\n\n\n<p>\u00d6yle ki, \u015fehrin kurucusu unvan\u0131n\u0131 da ta\u015f\u0131yan d\u00f6nemin, yani 18. y\u00fczy\u0131l\u0131n son \u00e7eyre\u011finde, &nbsp;\u0130ngiliz s\u00f6m\u00fcrge y\u00f6netiminin, Hint Alt K\u0131tas\u0131\u2019nda Bat\u0131 Bengal s\u0131n\u0131rlar\u0131ndaki Kalk\u00fcta\u2019daki (<em>Kolkata<\/em>) y\u00f6neticilerinden William Farquhar ad\u0131n\u0131n g\u00f6nderme yapt\u0131\u011f\u0131 bir siyasi ve k\u00fclt\u00fcrel bilincin a\u011f\u0131rl\u0131\u011f\u0131 hakim. &nbsp;<\/p>\n\n\n\n<p>Bu durum, \u015fehrin -a\u015fa\u011f\u0131da k\u0131saca de\u011finilecek olan-, \u2018di\u011fer\/\u00f6teki\u2019 k\u00fclt\u00fcrel yap\u0131lar\u0131n\u0131n \u00f6nemsizli\u011fine i\u015faret etmiyor.<\/p>\n\n\n\n<p>Aksine, Ada \u00f6zelinde zamanla do\u011fudan ve bat\u0131dan gelen g\u00f6\u00e7lerle geli\u015fme kaydeden demografik yap\u0131dan ba\u015flayarak, siyasal ve k\u00fclt\u00fcrel zeminin hangi anlam d\u00fcnyas\u0131 \u00fczerine in\u015fa edildi\u011fine dair bir fikir veriyor.<\/p>\n\n\n\n<p><strong>Hiyerar\u015fik yap\u0131<\/strong><\/p>\n\n\n\n<p>Ada tarihinde, siyasi ve ekonomik y\u00f6netim ile k\u00fclt\u00fcrel yap\u0131 ba\u011flam\u0131nda, \u0130ngiliz varl\u0131\u011f\u0131n\u0131n hiyerar\u015fik (<em>vertical<\/em>) bir belirleyicili\u011fi s\u00f6z konusudur.<\/p>\n\n\n\n<p>Bu durum, Bat\u0131 ve Do\u011fu\u2019nun gizli\/a\u00e7\u0131k bir ayr\u0131\u015fmas\u0131n\u0131 g\u00fcndeme getirirken, t\u00fcm \u2018\u00f6teki\u2019 unsurlar\u0131n -yani yerli, Do\u011fu\u2019lunun- kendi i\u00e7lerinde, yatay (<em>horizontal<\/em>) geli\u015fimine konu oluyor.<\/p>\n\n\n\n<p>G\u00fccerat\u2019tan Hong Kong\u2019a kadar uzanan geni\u015f suyollar\u0131 \u00fczerindeki belli ba\u015fl\u0131 liman \u015fehirlerinde s\u00f6m\u00fcrge egemenli\u011fini sergileyen \u0130ngilizlerin \u201cserbest ticaret\u201d nosyonunu g\u00fcndeme getirmeleri ve bununla an\u0131lmalar\u0131na kar\u015f\u0131l\u0131k, bu ekonomik sistemi zorunlu olarak destekleyen ise, bizatihi sahip olduklar\u0131 denizci askeri g\u00fc\u00e7leridir.<\/p>\n\n\n\n<p>Bu durum, \u0130ngilizleri, -tarihte- b\u00f6lgede belirleyici konuma getiren ve\/ya yukar\u0131da dikkat \u00e7ekilen hiyerar\u015fide \u00f6ne \u00e7\u0131karan sembolik unsur, <em>Cornwallis Kalesi<\/em> ile burada sergilenen toplarda kar\u015f\u0131l\u0131\u011f\u0131n\u0131 buluyor.<\/p>\n\n\n\n<p>Siyasal ve k\u00fclt\u00fcrel ba\u011flamdasi g\u00f6sterge ise, Krali\u00e7e Victoria\u2019n\u0131n 60. y\u0131l\u0131 m\u00fcnasebetiyle 1897 y\u0131l\u0131nda, servetini kalay madencili\u011finden elde etmi\u015f olan \u00c7in k\u00f6kenli Cheah Chen Eok taraf\u0131ndan, 35.000 <em>Straits Dollar<\/em>\u2019\u0131na in\u015fa ettirilmi\u015f olan saat kulesidir.<\/p>\n\n\n\n<p>Bir \u0130ngiliz\u2019in de\u011fil de bir \u00c7inli\u2019nin b\u00f6yle bir an\u0131t projeyi \u00fcstlenmesi, \u0130ngiliz y\u00f6netimine beslenen gayet m\u00fcte\u015fekkirane bir duygunun ifadesi olsa gerek!<\/p>\n\n\n\n<p>Detaylar\u0131n\u0131 bir ba\u015fka yaz\u0131da ele almay\u0131 d\u00fc\u015f\u00fcnd\u00fc\u011f\u00fcm, Ada\u2019daki \u00f6ne \u00e7\u0131kan H\u0131ristiyan mezheplerine ait kilise ve misyoner okullar\u0131n\u0131n varl\u0131\u011f\u0131n\u0131 da burada zikretmek gerekir\u2026<\/p>\n\n\n\n<p><strong>\u00d6tekiler!<\/strong><\/p>\n\n\n\n<p>Yukar\u0131da dikkat \u00e7ekilen ve \u00f6tekiler aras\u0131nda var olan yatay geli\u015fme ise kendisini, mek\u00e2nsal tasar\u0131m ve yay\u0131l\u0131mda ortaya koyuyor.<\/p>\n\n\n\n<p>\u00d6rne\u011fin, <em>Lebuh<\/em> (Cadde) ve <em>Kampung<\/em> (K\u00f6y) adlar\u0131n\u0131 ta\u015f\u0131yan t\u00fcm di\u011fer\/\u00f6teki Do\u011fu\u2019yu temsil eden yap\u0131lar Java, Tamil, Malabar, Aceh, Melayu, Chulia, China, Penang vb. ile sokak ve cadde isimlerine yans\u0131yor.<\/p>\n\n\n\n<p>Her biri Do\u011fu\u2019nun farkl\u0131 b\u00f6lgelerinde ya\u015fam s\u00fcren etnik unsurlar\u0131n veya genelle\u015ftirici bir ifadeyle dile getirmek gerekirse, Hint, Malay ve \u00c7in gibi gibi \u00fc\u00e7 temel co\u011frafya ve toplum yap\u0131s\u0131n\u0131n egemen oldu\u011fu bu sokak ve caddeler, insan prototipi ba\u011flam\u0131nda d\u00fcnk\u00fc zenginli\u011fini ve dinamizmini b\u00fcy\u00fck \u00f6l\u00e7\u00fcde kaybetmi\u015f gibi g\u00f6z\u00fck\u00fcyor.<\/p>\n\n\n\n<p>Bununla birlikte, ev, i\u015fyeri ve mabed gibi mek\u00e2nlar\u0131n mimari nitelikleriyle kar\u015f\u0131m\u0131za \u00e7\u0131kan yap\u0131lar, ayn\u0131 zamanda var olan \u2018i\u00e7 toplum\u2019 ba\u011flam\u0131nda yerel\/etnik dil \u00f6zelli\u011fi, yemek k\u00fclt\u00fcr\u00fc vb. ile varl\u0131\u011f\u0131n\u0131 s\u00fcrd\u00fcr\u00fcyor.<\/p>\n\n\n\n<p>Ah\u015fap, ta\u015f ve neoklasik mimari yap\u0131sal unsurlar ve \u00f6zellikle, bu yap\u0131lar \u00fczerindeki detay fig\u00fcrler bir anlamda Ada yerle\u015fiminin, Bat\u0131 Avrupa\u2019dan \u00c7in\u2019e de\u011fin uzanan co\u011frafyalardan b\u00f6lgeye ta\u015f\u0131nan ve farkl\u0131l\u0131klar\u0131n biraradal\u0131\u011f\u0131 noktas\u0131nda, mimari zanaatk\u00e2rl\u0131ktaki zenginli\u011fine g\u00f6nderme yap\u0131yor.<\/p>\n\n\n\n<p><strong>Zaman ve demografik de\u011fi\u015fim<\/strong><\/p>\n\n\n\n<p>\u201cAda ve \u015fehir bize ne s\u00f6yl\u00fcyor?\u201d sorusunun cevab\u0131n\u0131 herhalde bir ufka bak\u0131\u015fla izah etmek m\u00fcmk\u00fcn.<\/p>\n\n\n\n<p>\u00d6yle ki, anakara par\u00e7as\u0131nda, Bukit Bentejam\u2019dan Ada\u2019ya ula\u015f\u0131m\u0131 sa\u011flayan birinci k\u00f6pr\u00fcde yol ald\u0131k\u00e7a, ilk etapta \u015fehrin genel bir do\u011fa panaromas\u0131na tan\u0131k olunuyor.<\/p>\n\n\n\n<p>Bu g\u00f6r\u00fcn\u00fcm i\u00e7erisinde Ada\u2019n\u0131n, h\u00e2l\u00e2 b\u00fcy\u00fck bir k\u0131sm\u0131n\u0131n do\u011fal tabiat\u0131n\u0131 korudu\u011funu s\u00f6ylemek gerekiyor. \u015eehir yerle\u015fimi, sahil b\u00f6lgelerinde ve zamanla, i\u00e7erilere do\u011fru orman alanlar\u0131n\u0131n kullan\u0131ma a\u00e7\u0131lmas\u0131yla olu\u015ftu\u011fu anla\u015f\u0131l\u0131yor.<\/p>\n\n\n\n<p>K\u00f6pr\u00fcden bak\u0131\u015fta dikkat \u00e7eken bir di\u011fer y\u00f6n ise, \u015fehrin daha \u00e7ok modern y\u00fcz\u00fc oluyor. \u00d6zellikle, Ada\u2019n\u0131n ba\u015fta sa\u011f b\u00f6lgesi olmak \u00fczere merkezden d\u0131\u015far\u0131ya do\u011fru a\u00e7\u0131lan alanlarda dev konutlar (<em>condominium<\/em>) dikkat \u00e7ekiyor.<\/p>\n\n\n\n<p>Bu durum, 1980\u2019lerden ba\u015flayarak \u015fehrin, zamanla g\u00fcney ve bat\u0131 b\u00f6l\u00fcmlerinde geli\u015fme g\u00f6sterdi\u011finin ortaya koyuyor. S\u00f6z konusu bu mek\u00e2nsal yerle\u015fimlerin yeni bir demografik yap\u0131ya tekab\u00fcl ediyor.<\/p>\n\n\n\n<p>Bu dev konutlar, son d\u00f6nemin orta s\u0131n\u0131fla\u015fan toplum kesimlerinin bir anlamda, zorunlu tercihi ve se\u00e7imi asl\u0131nda\u2026<\/p>\n\n\n\n<p>\u015eehrin eski yerle\u015fim alanlar\u0131ndaki iki katl\u0131 kendine \u00f6zg\u00fc mimarileri ile dikkat \u00e7eken konutlar\/binalar ba\u011f\u0131ms\u0131zl\u0131k \u00f6ncesi ya\u015fam\u0131n izlerini ve an\u0131lar\u0131n\u0131 belleklerinde ya\u015fatan ya\u015fl\u0131lar ve\/ya onlar\u0131n \u00e7ocuklar\u0131 ve torunlar\u0131na ev sahipli\u011fi yap\u0131yor.<\/p>\n\n\n\n<p>Dar ve uzun sokaklar boyunca uzanan bu yerle\u015fim alanlar\u0131n\u0131n \u015fehir y\u00f6netimi ve bir b\u00f6l\u00fcm\u00fcn\u00fcn de UNESCO taraf\u0131ndan k\u00fclt\u00fcrel koruma alt\u0131nda olmas\u0131n\u0131n da getirdi\u011fi bir zorlukla, yeni g\u00f6\u00e7 edenlerin ya\u015fam alanlar\u0131 bulmas\u0131na el vermedi\u011fi ortada.<\/p>\n\n\n\n<p>\u015eehrin bu kadim b\u00f6lgesindeki zamanla ortaya konulan s\u00f6m\u00fcrge y\u00f6netim binalar\u0131 ise g\u00fcn\u00fcm\u00fczde bir k\u0131sm\u0131 yerel y\u00f6netimlere ev sahipli\u011fi yaparken, \u00f6nemli bir b\u00f6l\u00fcm\u00fc ise, bankalara ve otel mek\u00e2nlar\u0131na d\u00f6n\u00fc\u015ft\u00fcr\u00fclm\u00fc\u015f durumda.<\/p>\n\n\n\n<p>S\u00f6z konusu <em>condominium<\/em>\u2019lar\u0131n yan\u0131 s\u0131ra, yine \u015fehrin bu d\u0131\u015f b\u00f6lgelerini \u00e7evreleyen b\u00f6l\u00fcmlerinde \u00f6rne\u011fin, Sumatra ve Java Adas\u0131\u2019ndan g\u00f6\u00e7 edenlerin, kendi asli k\u00fclt\u00fcrel unsurlar\u0131n\u0131 devam ettirdi\u011fi izlenimi uyand\u0131ran tek veya iki katl\u0131 mek\u00e2nlar\u0131 g\u00f6zlemlemek m\u00fcmk\u00fcn.<\/p>\n\n\n\n<p>Penang Adas\u0131, sadece bir Ada olarak de\u011fil, sahip oldu\u011fu toplum kesimleri \u00e7e\u015fitlili\u011fi ile yakla\u015f\u0131k iki y\u00fcz elli y\u0131ld\u0131r b\u00f6lge toplumlar\u0131n\u0131n u\u011frak yeri olma \u00f6zelli\u011fi ta\u015f\u0131yor.<\/p>\n\n\n\n<p>Ada\u2019n\u0131n \u00f6nemli suyollar\u0131 \u00fczerinde bulunu\u015fu, \u00fc\u00e7 farkl\u0131 k\u00fclt\u00fcr ve medeniyeti yani Hint, \u00c7in ve geni\u015f Malay d\u00fcnyas\u0131n\u0131n farkl\u0131 unsurlar\u0131n\u0131n bulu\u015fturuyor. Her ne kadar, bu yerli unsurlar\u0131n demografik olarak varl\u0131\u011f\u0131 dikkat \u00e7ekici olsa da, Ada\u2019y\u0131 ve George Town \u015fehrini kuran ve b\u00f6lgeye hiyerar\u015fik bir yap\u0131 \u00fczerine kuran \u0130ngiliz s\u00f6m\u00fcrge y\u00f6netimi oluyor.<\/p>\n\n\n\n<p>\u015eehrin 18. y\u00fczy\u0131l sonlar\u0131nda ba\u015flayan kurulu\u015f s\u00fcrecinden bug\u00fcne ge\u00e7irdi\u011fi evreleri, cadde ve sokaklar ile bunlara anlam kazand\u0131ran ve her bir etnik ve k\u00fclt\u00fcrel yap\u0131n\u0131n izlerini ta\u015f\u0131yan unsurlar b\u00f6lgeyi canl\u0131 bir m\u00fcze haline d\u00f6n\u00fc\u015ft\u00fcr\u00fcyor.<\/p>\n","protected":false},"excerpt":{"rendered":"<p>Mehmet \u00d6zay &nbsp;&nbsp;&nbsp;&nbsp;&nbsp;&nbsp;&nbsp;&nbsp;&nbsp;&nbsp;&nbsp;&nbsp;&nbsp;&nbsp;&nbsp;&nbsp;&nbsp;&nbsp;&nbsp;&nbsp;&nbsp;&nbsp;&nbsp;&nbsp;&nbsp;&nbsp;&nbsp;&nbsp;&nbsp;&nbsp;&nbsp;&nbsp;&nbsp;&nbsp;&nbsp;&nbsp;&nbsp;&nbsp;&nbsp;&nbsp;&nbsp;&nbsp;&nbsp;&nbsp;&nbsp;&nbsp;&nbsp;&nbsp;&nbsp;&nbsp;&nbsp;&nbsp;&nbsp;&nbsp;&nbsp;&nbsp;&nbsp;&nbsp;&nbsp;&nbsp;&nbsp;&nbsp;&nbsp;&nbsp;&nbsp;&nbsp;&nbsp;&nbsp;&nbsp;&nbsp;&nbsp;&nbsp;&nbsp;&nbsp;&nbsp;&nbsp;&nbsp;&nbsp;&nbsp;&nbsp;&nbsp;&nbsp;&nbsp;&nbsp;&nbsp;&nbsp;&nbsp;&nbsp;&nbsp;&nbsp;&nbsp;&nbsp;&nbsp;&nbsp;&nbsp;&nbsp;&nbsp;&nbsp;&nbsp;&nbsp;&nbsp;&nbsp;&nbsp;&nbsp;&nbsp;&nbsp; 12.02.2023 Penang Adas\u0131 ve\/ya Ada\u2019daki \u015fehir yani, bilinen ismiyle George Town, do\u011fu ve bat\u0131\u2019n\u0131n \u00e7e\u015fitli k\u00fclt\u00fcrlerinin biraradal\u0131\u011f\u0131na sahip yap\u0131sal bir \u00f6zellik sergiliyor. Bir ba\u015fka ifadeyle s\u00f6ylemek gerekirse, George Town, s\u00f6m\u00fcrge d\u00f6neminde Wellesley ad\u0131yla an\u0131lan, bug\u00fcn anakara par\u00e7as\u0131nda kalan b\u00f6lgeyi de i\u00e7ine alacak \u015fekilde idare yap\u0131y\u0131 olu\u015fturan Penang Eyaleti\u2019nin ba\u015fkenti. \u015eehrin \u00f6zellikle, Malaya [&hellip;]<\/p>\n","protected":false},"author":1,"featured_media":4911,"comment_status":"open","ping_status":"open","sticky":true,"template":"","format":"standard","meta":{"footnotes":""},"categories":[6,27],"tags":[],"class_list":["post-4910","post","type-post","status-publish","format-standard","has-post-thumbnail","hentry","category-gunluk-yazilar","category-malezya"],"_links":{"self":[{"href":"https:\/\/guneydoguasyacalismalari.com\/tr_tr\/wp-json\/wp\/v2\/posts\/4910","targetHints":{"allow":["GET"]}}],"collection":[{"href":"https:\/\/guneydoguasyacalismalari.com\/tr_tr\/wp-json\/wp\/v2\/posts"}],"about":[{"href":"https:\/\/guneydoguasyacalismalari.com\/tr_tr\/wp-json\/wp\/v2\/types\/post"}],"author":[{"embeddable":true,"href":"https:\/\/guneydoguasyacalismalari.com\/tr_tr\/wp-json\/wp\/v2\/users\/1"}],"replies":[{"embeddable":true,"href":"https:\/\/guneydoguasyacalismalari.com\/tr_tr\/wp-json\/wp\/v2\/comments?post=4910"}],"version-history":[{"count":1,"href":"https:\/\/guneydoguasyacalismalari.com\/tr_tr\/wp-json\/wp\/v2\/posts\/4910\/revisions"}],"predecessor-version":[{"id":4912,"href":"https:\/\/guneydoguasyacalismalari.com\/tr_tr\/wp-json\/wp\/v2\/posts\/4910\/revisions\/4912"}],"wp:featuredmedia":[{"embeddable":true,"href":"https:\/\/guneydoguasyacalismalari.com\/tr_tr\/wp-json\/wp\/v2\/media\/4911"}],"wp:attachment":[{"href":"https:\/\/guneydoguasyacalismalari.com\/tr_tr\/wp-json\/wp\/v2\/media?parent=4910"}],"wp:term":[{"taxonomy":"category","embeddable":true,"href":"https:\/\/guneydoguasyacalismalari.com\/tr_tr\/wp-json\/wp\/v2\/categories?post=4910"},{"taxonomy":"post_tag","embeddable":true,"href":"https:\/\/guneydoguasyacalismalari.com\/tr_tr\/wp-json\/wp\/v2\/tags?post=4910"}],"curies":[{"name":"wp","href":"https:\/\/api.w.org\/{rel}","templated":true}]}}