{"id":4685,"date":"2022-07-17T09:20:41","date_gmt":"2022-07-17T09:20:41","guid":{"rendered":"http:\/\/guneydoguasyacalismalari.com\/?p=4685"},"modified":"2022-07-17T09:20:41","modified_gmt":"2022-07-17T09:20:41","slug":"acede-yeni-vali-atamasi-ve-anlami-a-new-governors-appointment-and-its-meaning-in-aceh","status":"publish","type":"post","link":"https:\/\/guneydoguasyacalismalari.com\/tr_tr\/acede-yeni-vali-atamasi-ve-anlami-a-new-governors-appointment-and-its-meaning-in-aceh\/","title":{"rendered":"A\u00e7e\u2019de yeni vali atamas\u0131 ve anlam\u0131 \/  A new governor\u2019s appointment and its meaning in Aceh"},"content":{"rendered":"<p style=\"text-align: justify;\"><strong>Mehmet \u00d6zay\u00a0 \u00a0 \u00a0 \u00a0 \u00a0 \u00a0 \u00a0 \u00a0 \u00a0 \u00a0 \u00a0 \u00a0 \u00a0 \u00a0 \u00a0 \u00a0 \u00a0 \u00a0 \u00a0 \u00a0 \u00a0 \u00a0 \u00a0 \u00a017.07.2022<\/strong><\/p>\n<p style=\"text-align: justify;\">A\u00e7e\u2019ye yeni vali\u2026<\/p>\n<p style=\"text-align: justify;\">\u0130\u00e7i\u015fleri bakanl\u0131\u011f\u0131 A\u00e7e Eyalet valili\u011fi makam\u0131na eski komutan Achmad Marzuki\u2019yi atad\u0131. 2022-2024 y\u0131llar\u0131 aras\u0131nda g\u00f6rev yapacak olan yeni vali Achmad Marzuki, atama s\u00fcreci ve hemen sonras\u0131nda eyaletteki \u00e7e\u015fitli resmi, yar\u0131 resmi ve sivil \u00e7evrelerle yapt\u0131\u011f\u0131 g\u00f6r\u00fc\u015fmelerde A\u00e7e\u2019nin kalk\u0131nd\u0131r\u0131lmas\u0131 konusunu g\u00fcndeme ta\u015f\u0131yor.<\/p>\n<p style=\"text-align: justify;\">Yeni vali, bu konuda herhangi somut bir \u00f6neriyi en az\u0131ndan bas\u0131nla payla\u015fmasa da, A\u00e7e\u2019nin sorunlar\u0131n\u0131n ne kadar b\u00fcy\u00fck oldu\u011funu ortaya koyacak bir s\u00f6ylemin var oldu\u011funa tan\u0131k olunuyor.<\/p>\n<p style=\"text-align: justify;\">Her ne kadar A\u00e7e\u2019de yerel sorunlar kendi ba\u015f\u0131na anlam ifade etti\u011fi ve \u00e7\u00f6z\u00fcm\u00fcn yerelde ger\u00e7ekle\u015ftirilmesi gerekti\u011fini ortaya koysa da, ulusal s\u00fcre\u00e7lerle kar\u015f\u0131la\u015ft\u0131r\u0131lmal\u0131 olarak da ele al\u0131nmay\u0131 hak ediyor.<\/p>\n<p style=\"text-align: justify;\">Bu \u00e7er\u00e7evede, dikkatleri sadece A\u00e7e \u00f6zelinde ele almak, var olan sorunlar\u0131n boyutlar\u0131n\u0131 belirlemeye yetmeyece\u011fi gibi sorun \u00fcretme s\u00fcre\u00e7lerinin de daha en ba\u015ftan t\u0131kanmas\u0131 anlam\u0131 ta\u015f\u0131yor.<\/p>\n<p style=\"text-align: justify;\">Bu nedenle, bug\u00fcn A\u00e7e\u2019de yeni vali ve sorunlar\u0131n \u00e7\u00f6z\u00fcm\u00fc konusunu, Endonezya\u2019n\u0131n ana ak\u0131m medyas\u0131nda ulusal politikaya dair bir s\u00fcredir var olan ve giderek geli\u015fmekte olan s\u00f6ylemle birlikte de\u011ferlendirmek gerekir.<\/p>\n<p style=\"text-align: justify;\">A\u00e7e\u2019de yeni vali atanmas\u0131yla ba\u015flayan \u201cA\u00e7e\u2019nin kalk\u0131nd\u0131r\u0131lmas\u0131\u201d s\u00f6ylemi ile \u00fclkenin merkezi konumundaki Jakarta\u2019da, aralar\u0131nda Azyumardi Azra gibi akademisyenlerin de bulundu\u011fu \u00e7e\u015fitli entelekt\u00fcel \u00e7evreler taraf\u0131ndan g\u00fcndeme getirilen \u201cDemokrasi reformunda ikinci d\u00f6nem\u201d s\u00f6ylemi aras\u0131nda benzerlikler oldu\u011funu s\u00f6ylemek m\u00fcmk\u00fcn.<\/p>\n<p style=\"text-align: justify;\">S\u00f6z konusu bu \u00e7evrelerin \u00fclkede demokratikle\u015fmenin ge\u00e7mi\u015fini son yirmi y\u0131lla s\u0131n\u0131rland\u0131r\u0131rken, bu k\u0131sa s\u00fcrede kat edilen yolun zorluklar\u0131 ve kat edilmesi gereken daha epeyce yol oldu\u011fu konusu \u201cdemokratik reformda ikinci d\u00f6nem\u201d s\u00f6yleminin g\u00fcndeme getirilmesine neden oluyor.<\/p>\n<p style=\"text-align: justify;\">Baz\u0131 k\u00f6\u015fe yaz\u0131lar\u0131nda, demokratikle\u015fmenin k\u00f6kl\u00fc bir zemin bulmas\u0131nda, toplumun t\u00fcm kesimlerine ula\u015fmas\u0131nda \u2018samimiyet\u2019 ve \u2018s\u00fcrd\u00fcr\u00fclebilirlik\u2019 kavramlar\u0131na g\u00f6nderme yap\u0131l\u0131yor.<\/p>\n<p style=\"text-align: justify;\">Benzer \u015fekilde, A\u00e7e\u2019de var olan sorunlar\u0131n -a\u015fa\u011f\u0131da g\u00f6r\u00fclece\u011fi \u00fczere- sadece eski sava\u015f\u00e7\u0131larla ilgili maddi sorun olmad\u0131\u011f\u0131, bunun \u00f6tesinde yap\u0131sal sorunlar\u0131n \u00f6nemine do\u011frudan dikkat \u00e7ekilmesi gerekiyor.<\/p>\n<p style=\"text-align: justify;\"><strong>\u0130rwandi Yusuf sonras\u0131 <\/strong><\/p>\n<p style=\"text-align: justify;\">Bu atama, 2019 y\u0131l\u0131nda valilik se\u00e7imini kazanan \u0130rwandi Yusuf\u2019un, yolsuzluk su\u00e7lamas\u0131yla yarg\u0131lan\u0131p hapsedilmesinin ard\u0131ndan ikinci vali atamas\u0131 anlam\u0131na geliyor.<\/p>\n<p style=\"text-align: justify;\">Daha \u00f6nce, A\u00e7e Milli Partisi (<em>Partai Nasional Aceh<\/em>-PNA) \u0130rwandi Yusuf\u2019un yard\u0131mc\u0131s\u0131, Demokrat Parti\u2019den Nova Iriansyah s\u00fcre\u00e7 gere\u011fi valilik makam\u0131na atam\u0131\u015ft\u0131. S\u00fcresi dolan Nova Iriansyah yerine atama karar\u0131, A\u00e7e parlamentosunca belirlenen \u00fc\u00e7 isim aras\u0131ndan i\u00e7 i\u015fleri bakan\u0131 taraf\u0131ndan yap\u0131ld\u0131.<\/p>\n<p style=\"text-align: justify;\"><strong>Parlamento\u2019da t\u00f6ren<\/strong><\/p>\n<p style=\"text-align: justify;\">A\u00e7e Eyalet Parlamentosu\u2019nca \u0130\u00e7i\u015fleri bakanl\u0131\u011f\u0131\u2019na sunulan \u00fc\u00e7 isimden biri olan eski komutan Achmad Marzuki 6 Temmuz g\u00fcn\u00fc, parlamentoda yap\u0131lan t\u00f6renle yeni vali olarak atand\u0131.<\/p>\n<p style=\"text-align: justify;\">Achmad Marzuki\u2019nin ordudan emekli olmas\u0131n\u0131n ard\u0131ndan, en son i\u00e7i\u015fleri bakanl\u0131\u011f\u0131\u2019nda \u2018adalet ve ulusal birlik\u2019 birimi ba\u015fkan\u0131 olarak g\u00f6rev yap\u0131yordu.<\/p>\n<p style=\"text-align: justify;\">Bunu hat\u0131rlatmakta yarar var, \u00e7\u00fcnk\u00fc a\u015fa\u011f\u0131da dile getirece\u011fimiz \u00fczere Achmad Marzuki A\u00e7e\u2019nin kalk\u0131nmas\u0131 konusunda hangi politikalar\u0131 ve bunlar\u0131 nas\u0131l uygulayaca\u011f\u0131 konusu gayet \u00f6nem arz ediyor.<\/p>\n<p style=\"text-align: justify;\"><strong>Yeni vali ve A\u00e7e<\/strong><\/p>\n<p style=\"text-align: justify;\">S\u00f6z konusu atamayla ilgili olarak iki temel hususa dikkat \u00e7ekmekte yarar var. \u0130lki, eski komutan\u0131n isminin \u00f6nerilmesi ve se\u00e7ilmesindeki fakt\u00f6rler.<\/p>\n<p style=\"text-align: justify;\">\u0130kincisi, yeni vali Achmad Marzuki\u2019nin A\u00e7e bas\u0131n\u0131ndan \u00f6nemli isimlerle yapt\u0131\u011f\u0131 toplant\u0131da, A\u00e7e\u2019nin kalk\u0131nmas\u0131 konusunda -detaylar\u0131 ortaya koymamakla birlikte- \u00fcmitvar s\u00f6zler sarf etmesinin nas\u0131l yorumlanaca\u011f\u0131d\u0131r.<\/p>\n<p style=\"text-align: justify;\">Sumatra Adas\u0131\u2019n\u0131n g\u00fcneyinde Palembang Eyaleti as\u0131ll\u0131 olan Achmad Marzuki, 2020 y\u0131l\u0131nda A\u00e7e eyalet komutan\u0131 olarak g\u00f6rev yapm\u0131\u015ft\u0131.<\/p>\n<p style=\"text-align: justify;\">Bu noktada, akla ilk gelen husus hi\u00e7 ku\u015fku yok ki, \u201cA\u00e7e\u2019ye ni\u00e7in asker k\u00f6kenli bir valinin atand\u0131\u011f\u0131?\u201d konusudur. Bu soru, sadece A\u00e7e\u2019deki geli\u015fmeleri yak\u0131ndan izleyen uluslararas\u0131 \u00e7evrelerde de\u011fil, A\u00e7e toplumunda da g\u00fcndeme geldi.<\/p>\n<p style=\"text-align: justify;\">Bunun \u00fczerine ge\u00e7mi\u015fte, GAM\u2019\u0131n \u00f6nemli isimlerinden olan ve 2005 y\u0131l\u0131ndaki Helsinki Bar\u0131\u015f Antla\u015fmas\u0131 sonras\u0131nda, eyaletteki siyasette sahne arkas\u0131 akt\u00f6rlerden biri olan Sofyan Davud\u2019un, s\u00f6z konusu yeni vali atamas\u0131nda dahli oldu\u011fu konusu kamuoyunun g\u00fcndemine geldi.<\/p>\n<p style=\"text-align: justify;\"><strong>Sofyan Davud\u2019un n\u00fcfuzu<\/strong><\/p>\n<p style=\"text-align: justify;\">Parlamentoda yap\u0131lan valilik atama t\u00f6reni sonras\u0131nda Sofyan Davud\u2019un yeni vali Achmad Marzuki ile ayn\u0131 araca binmesi oldu. Bunun \u00fczerine, bir gazetecinin Sofyan Davud ile yapt\u0131\u011f\u0131 m\u00fcl\u00e2kat, a\u00e7\u0131k\u00e7as\u0131 olan bitene dair gayet \u015feffaf bir durum olarak dikkat \u00e7ekiyor.<\/p>\n<p style=\"text-align: justify;\">Sofyan Davud, \u00f6nerilen \u00fc\u00e7 isimden Achmad Marzuki\u2019nin desteklenmesi i\u00e7in A\u00e7e Parlamentosu\u2019ndaki vekiller aras\u0131nda lobi faaliyeti yapt\u0131\u011f\u0131n\u0131 anlamak m\u00fcmk\u00fcn. Bunun temel sebebi A\u00e7e\u2019yi kimin nas\u0131l y\u00f6netece\u011fi meselesiyle yak\u0131ndan ilgilidir.<\/p>\n<p style=\"text-align: justify;\">Sofyan Davud\u2019un arg\u00fcmanlar\u0131ndan biri, eski komutan Achmad Marzuki\u2019nin A\u00e7e\u2019yi ve A\u00e7e\u2019nin sorunlar\u0131n\u0131 yak\u0131ndan bildi\u011fini ve k\u0131sa s\u00fcrede kalk\u0131nmas\u0131nda rol oynayabilece\u011fine olan inanc\u0131ndan \u00f6t\u00fcr\u00fc destekledi\u011fi y\u00f6n\u00fcnde.<\/p>\n<p style=\"text-align: justify;\"><strong>Achmad Marzuki A\u00e7e\u2019yi dinliyor <\/strong><\/p>\n<p style=\"text-align: justify;\">A\u00e7e\u2019nin var olan ve giderek akut hale gelen sorunlar\u0131n\u0131 anlama noktas\u0131nda yeni vali Achmad Marzuki, ge\u00e7ti\u011fimiz g\u00fcnlerde \u00e7e\u015fitli kurum temsilcileriyle g\u00f6r\u00fc\u015fmeler yapt\u0131.<\/p>\n<p style=\"text-align: justify;\">Bu durum, A\u00e7e\u2019deki sorunlar\u0131n tek bir ki\u015finin \u00e7\u00f6zemeyece\u011fi aksine, bir \u00f6ncelikler listesinin olu\u015fturulmas\u0131 ve \u00e7\u00f6z\u00fcm yollar\u0131 konusunda ortak kararlara var\u0131lmas\u0131n\u0131 \u015fart ko\u015fuyor.<\/p>\n<p style=\"text-align: justify;\">Bu \u00e7er\u00e7evede Achmad Marzuki, valilik atamas\u0131 s\u00fcrecinde \u00f6nce parlamento ba\u015fkan\u0131, \u00fcniversite rekt\u00f6rleri, Wali Nanggroe unvan\u0131n\u0131 ta\u015f\u0131yan Malik Mahmud gibi a\u00e7e\u2019nin \u00f6nemli kurum temsilcileriyle biraraya geldi.<\/p>\n<p style=\"text-align: justify;\">Bunun ard\u0131ndan 12 Temmuz\u2019da, A\u00e7e Eyaleti\u2019ndeki yerel ve ulusal parti temsilcileriyle toplant\u0131 ger\u00e7ekle\u015ftirdi. Son olarak ise, eyalette yay\u0131n yapan bas\u0131n mensuplar\u0131yla 13 Temmuz\u2019da yapt\u0131\u011f\u0131 k\u0131sa yemekli toplant\u0131 yapt\u0131.<\/p>\n<p style=\"text-align: justify;\">T\u00fcm bu s\u00fcre\u00e7lerden yeni valinin eyaletteki farkl\u0131 sesleri ve kurumlar\u0131 \u00f6ncelikle dinlemek istedi\u011fi anla\u015f\u0131l\u0131yor. Bununla birlikte, ne ilgili kurumlardan ne de valilikten A\u00e7e\u2019nin sorunlar\u0131n\u0131 k\u0131sa s\u00fcrede nas\u0131l ve ne \u015fekilde \u00e7\u00f6z\u00fclece\u011fi y\u00f6n\u00fcnde \u015fu ana kadar, kamuoyuyla bir payla\u015f\u0131m yap\u0131lm\u0131\u015f de\u011fil.<\/p>\n<p style=\"text-align: justify;\"><strong>Yeni vali \u00e7\u00f6z\u00fcm olabilir mi?<\/strong><\/p>\n<p style=\"text-align: justify;\">Bu \u00e7er\u00e7evede, yerel partilerden SIRA\u2019n\u0131 ba\u015fkan\u0131 ve eski vali yard\u0131mc\u0131s\u0131 Muhammed Nazar yapt\u0131\u011f\u0131 a\u00e7\u0131klamada, yeni vali ile parti temsilcileri aras\u0131nda toplant\u0131n\u0131n her ay d\u00fczenlenece\u011fini a\u00e7\u0131klamas\u0131, A\u00e7e siyasi ya\u015fam\u0131 i\u00e7in yeni bir olgu oldu\u011funa ku\u015fku yok.<\/p>\n<p style=\"text-align: justify;\">Muhammad Nazar ayr\u0131ca, son \u00fc\u00e7 y\u0131ld\u0131r valilik ve siyasi parti temsilcileri aras\u0131nda b\u00fcy\u00fck bir ileti\u015fimsizli\u011fe dikkat \u00e7ekmesi, a\u00e7\u0131k\u00e7as\u0131 A\u00e7e\u2019de son d\u00f6nemde hissedilen siyasi ve toplumsal huzursuzlu\u011fun nedenlerinden biri olarak kabul etmek gerekir.<\/p>\n<p style=\"text-align: justify;\">Bu noktada, yeni vali Achmad Marzuki\u2019nin A\u00e7e\u2019deki yar\u0131 resmi ve sivil kurum temsilcileriyle g\u00f6r\u00fc\u015fmesi, bir tan\u0131\u015fma toplant\u0131s\u0131 d\u0131\u015f\u0131nda anlam ta\u015f\u0131d\u0131\u011f\u0131n\u0131, Muhammed Nazar\u2019\u0131n dile getirdi\u011fi \u00fczere \u201cbir sinerji olu\u015fturmaya y\u00f6nelik\u201d oldu\u011funu s\u00f6ylemek m\u00fcmk\u00fcn.<\/p>\n<p style=\"text-align: justify;\">Bununla birlikte, bug\u00fcne kadar bu t\u00fcr g\u00f6r\u00fc\u015fmelerin s\u00fcrd\u00fcr\u00fclebilir bir \u015fekilde ortaya konmam\u0131\u015f olmas\u0131n\u0131n art\u0131k, artt\u0131\u011f\u0131 konusunda \u015f\u00fcphe olmayan sorunlar\u0131n temeli olup olmad\u0131\u011f\u0131 da tart\u0131\u015fmaya a\u00e7\u0131labilir.<\/p>\n<p style=\"text-align: justify;\">Bununla birlikte, g\u00f6r\u00fc\u015fmelerde yer alan kurumlar\u0131n A\u00e7e\u2019deki siyasi, toplumsal, k\u00fclt\u00fcrel sorunlar\u0131n kayna\u011f\u0131 olup olmad\u0131klar\u0131n\u0131 da bu noktada hesaba katmakta yarar var.<\/p>\n<p style=\"text-align: justify;\"><strong>Sorunlar\u0131 anlamak<\/strong><\/p>\n<p style=\"text-align: justify;\">A\u00e7e\u2019nin sorunlar\u0131 konusu ba\u015fl\u0131 ba\u015f\u0131na ele al\u0131nmas\u0131 gereken bir konu. Yaz\u0131n\u0131n konusu bu olmamakla birlikte, bu sorunun k\u0131saca iki d\u00f6nemde ele al\u0131naca\u011f\u0131n\u0131 s\u00f6yleyebiliriz.<\/p>\n<p style=\"text-align: justify;\">\u0130lki, \u00e7at\u0131\u015fma d\u00f6nemi (1976-2004) sorunlar\u0131; ikincisi, Helsinki Bar\u0131\u015f Antla\u015fmas\u0131\u2019ndan (15 A\u011fustos 2005) bug\u00fcne kadarki sorunlar. Bu iki d\u00f6nem sorunlar\u0131 aras\u0131nda baz\u0131 benzerlikler ve devaml\u0131l\u0131klar olmas\u0131 kadar, ayr\u0131\u015fan noktalar da mevcut.<\/p>\n<p style=\"text-align: justify;\">Sofyan Davud\u2019un yukar\u0131da de\u011finilen m\u00fcl\u00e2katta da vurgulad\u0131\u011f\u0131 \u00fczere, GAM mensuplar\u0131n\u0131n bir t\u00fcrl\u00fc sona erdirilemeyen ekonomik sorunlar\u0131\u2026<\/p>\n<p style=\"text-align: justify;\">Bu sorunun \u00fcstesinden gelinebilmesi ad\u0131na, 2006 y\u0131l\u0131nda kurulan bir yap\u0131 vard\u0131. Ba\u015f\u0131nda da GAM\u2019\u0131n sivil kanad\u0131n\u0131n \u00f6nemli isimlerinden Muhammed Nur Djuli yer al\u0131yordu. Ancak bu yap\u0131 i\u015flevini yitirdi\u011fi gibi, mevcut oldu\u011fu s\u00fcre\u00e7te neler ortaya koydu\u011fu konusu ba\u015fl\u0131 ba\u015f\u0131na bir \u00e7al\u0131\u015fmay\u0131 gerektiriyor.<\/p>\n<p style=\"text-align: justify;\">Y\u0131llarca sava\u015f ortam\u0131nda yer alm\u0131\u015f olanlar\u0131, topluma kazand\u0131rma ad\u0131 da verilen program\u0131n sadece, ayl\u0131k belirli bir mebla\u011f verilerek ge\u00e7i\u015ftirilmi\u015f oldu\u011fu y\u00f6n\u00fcndeki kan\u0131, hi\u00e7 ku\u015fku yok ki, bug\u00fcn gelinen noktada bu sorunun halen mevcut oldu\u011funun kan\u0131t\u0131 h\u00fckm\u00fcndedir.<\/p>\n<p style=\"text-align: justify;\">Kald\u0131 ki, bar\u0131\u015f s\u00fcrecini h\u0131zland\u0131rma ad\u0131na, merkezi h\u00fck\u00fcmet taraf\u0131ndan A\u00e7e\u2019ye her y\u0131l aktar\u0131lan ve i\u00e7inde eski sava\u015f\u00e7\u0131lar\u0131n sosyo-ekonomik kalk\u0131nmas\u0131n\u0131 da i\u00e7eren -20 y\u0131l devam edecek olan- \u2018\u00f6zerk y\u00f6netim fonu\u2019nun (<em>otsus-fund<\/em>), ne kadar i\u015fe yarad\u0131\u011f\u0131 ancak yap\u0131lacak ara\u015ft\u0131rmalardan sonra anla\u015f\u0131labilri.<\/p>\n<p style=\"text-align: justify;\">\u00d6te yandan, belirli ya\u015fa gelmi\u015f bu kitlenin mesleki e\u011fitim vb. s\u00fcre\u00e7lere tabi olmalar\u0131 s\u00f6z konusu olmayaca\u011f\u0131na g\u00f6re, daha pragmatik \u00e7\u00f6z\u00fcm \u00f6nerileri g\u00fcndeme getirilmelidir. \u00d6rne\u011fin e\u015fleri, karde\u015fleri, \u00e7ocuklar\u0131 gibi birincil derecede aile bireylerinin formel e\u011fitim, mesleki e\u011fitim imkanlar\u0131ndan \u00f6ncelikli olarak yararland\u0131r\u0131lmalar\u0131d\u0131r.<\/p>\n<p style=\"text-align: justify;\">Bu konuda, 2005 y\u0131l\u0131ndan sonra A\u00e7e Valili\u011fince ba\u015flat\u0131lan yurt i\u00e7i-yurt d\u0131\u015f\u0131 e\u011fitim burslar\u0131nda kimlerin ne t\u00fcr kay\u0131rmalar yapt\u0131\u011f\u0131 ve b\u00f6ylece geni\u015f toplum kesimlerine ne t\u00fcr haks\u0131zl\u0131klar yap\u0131ld\u0131\u011f\u0131 konusu \u00fczerinde \u00f6zenle durulmal\u0131d\u0131r.<\/p>\n<p style=\"text-align: justify;\">Bu noktada, uzun y\u0131llar ordu ile m\u00fccadele etmi\u015f bir hareketin bar\u0131\u015f antla\u015fmas\u0131 sonras\u0131 eyalet y\u00f6netiminin A\u00e7elilerin ve \u00f6zellikle de, askeri varl\u0131\u011f\u0131 ortadan kalkan GAM\u2019\u0131n sivil kanad\u0131 olan A\u00e7e Partisi\u2019nce y\u00f6netilmesi konusundaki yakla\u015f\u0131mdan uzakla\u015f\u0131p uzakla\u015f\u0131lmad\u0131\u011f\u0131 sorusunu da beraberinde getiriyor.<\/p>\n<p style=\"text-align: justify;\"><strong>Sorunlar\u0131 tespit <\/strong><\/p>\n<p style=\"text-align: justify;\">Burada hat\u0131rlat\u0131lmas\u0131 gereken \u00f6nemli bir husus o ki, A\u00e7e\u2019deki sorunlar\u0131n eski sava\u015f\u00e7\u0131lar\u0131n maruz kald\u0131klar\u0131 zorluklar\u0131n \u00f6tesinde oldu\u011fudur.<\/p>\n<p style=\"text-align: justify;\">Bug\u00fcn A\u00e7e\u2019de var olan sorunlar\u0131n uzun d\u00f6nemli ge\u00e7mi\u015fe y\u00f6nelik olarak analiz edilmesi gerekiyor.<\/p>\n<p style=\"text-align: justify;\">A\u00e7e\u2019yi y\u00f6netme makam\u0131ndaki valilik ile bu kuruma i\u015flerlik kazand\u0131ran devlet kurumlar\u0131n\u0131n eyalet m\u00fcd\u00fcrl\u00fcklerinin nas\u0131l bir b\u00fcrokratik eti\u011fe sahip olduklar\u0131; yat\u0131r\u0131m, verimlilik, s\u00fcrd\u00fcr\u00fclebilirlik ili\u015fkileri ve ilkelerini nas\u0131l hayata ge\u00e7irdikleri; ehliyet sahibi ki\u015filerin ilgili makamlara atan\u0131p atanmad\u0131\u011f\u0131; \u00fcniversitelerin bu s\u00fcre\u00e7te ilgili kurumlarla ara\u015ft\u0131rma-geli\u015ftirme ba\u015fta olmak \u00fczere ne t\u00fcr i\u015fbirlikleri yapt\u0131klar\u0131 ve t\u00fcr projeleri \u00f6nerip hayata ge\u00e7irdikleri gibi d\u00fczinelerce soruyu s\u0131ralamak m\u00fcmk\u00fcn.<\/p>\n<p style=\"text-align: justify;\">A\u00e7e\u2019ye atanan yeni valinin iki y\u0131ll\u0131k g\u00f6rev s\u00fcrecinde \u00f6nemli sorunlar\u0131 \u00e7\u00f6zebilmesi maddi olarak m\u00fcmk\u00fcn de\u011fil. Ancak b\u00f6ylesi bir s\u00fcrecin ba\u015flat\u0131labilmesi i\u00e7in \u00f6n ayak olabilece\u011fine ku\u015fku yok.<\/p>\n<p style=\"text-align: justify;\">Bunun i\u00e7in, s\u00fcrecin do\u011fru isimlerle do\u011fru politikalarla y\u00f6netilmesi gerekiyor. Aksi halde her be\u015f y\u0131lda bir yap\u0131lan se\u00e7imler \u00f6ncesi geri kalm\u0131\u015fl\u0131k merkezli ele\u015ftiriler devam edecek demektir.<\/p>\n","protected":false},"excerpt":{"rendered":"<p>Mehmet \u00d6zay\u00a0 \u00a0 \u00a0 \u00a0 \u00a0 \u00a0 \u00a0 \u00a0 \u00a0 \u00a0 \u00a0 \u00a0 \u00a0 \u00a0 \u00a0 \u00a0 \u00a0 \u00a0 \u00a0 \u00a0 \u00a0 \u00a0 \u00a0 \u00a017.07.2022 A\u00e7e\u2019ye yeni vali\u2026 \u0130\u00e7i\u015fleri bakanl\u0131\u011f\u0131 A\u00e7e Eyalet valili\u011fi makam\u0131na eski komutan Achmad Marzuki\u2019yi atad\u0131. 2022-2024 y\u0131llar\u0131 aras\u0131nda g\u00f6rev yapacak olan yeni vali Achmad Marzuki, atama s\u00fcreci ve hemen sonras\u0131nda eyaletteki [&hellip;]<\/p>\n","protected":false},"author":1,"featured_media":4686,"comment_status":"open","ping_status":"open","sticky":false,"template":"","format":"standard","meta":{"footnotes":""},"categories":[10,6],"tags":[],"class_list":["post-4685","post","type-post","status-publish","format-standard","has-post-thumbnail","hentry","category-ace","category-gunluk-yazilar"],"_links":{"self":[{"href":"https:\/\/guneydoguasyacalismalari.com\/tr_tr\/wp-json\/wp\/v2\/posts\/4685","targetHints":{"allow":["GET"]}}],"collection":[{"href":"https:\/\/guneydoguasyacalismalari.com\/tr_tr\/wp-json\/wp\/v2\/posts"}],"about":[{"href":"https:\/\/guneydoguasyacalismalari.com\/tr_tr\/wp-json\/wp\/v2\/types\/post"}],"author":[{"embeddable":true,"href":"https:\/\/guneydoguasyacalismalari.com\/tr_tr\/wp-json\/wp\/v2\/users\/1"}],"replies":[{"embeddable":true,"href":"https:\/\/guneydoguasyacalismalari.com\/tr_tr\/wp-json\/wp\/v2\/comments?post=4685"}],"version-history":[{"count":1,"href":"https:\/\/guneydoguasyacalismalari.com\/tr_tr\/wp-json\/wp\/v2\/posts\/4685\/revisions"}],"predecessor-version":[{"id":4687,"href":"https:\/\/guneydoguasyacalismalari.com\/tr_tr\/wp-json\/wp\/v2\/posts\/4685\/revisions\/4687"}],"wp:featuredmedia":[{"embeddable":true,"href":"https:\/\/guneydoguasyacalismalari.com\/tr_tr\/wp-json\/wp\/v2\/media\/4686"}],"wp:attachment":[{"href":"https:\/\/guneydoguasyacalismalari.com\/tr_tr\/wp-json\/wp\/v2\/media?parent=4685"}],"wp:term":[{"taxonomy":"category","embeddable":true,"href":"https:\/\/guneydoguasyacalismalari.com\/tr_tr\/wp-json\/wp\/v2\/categories?post=4685"},{"taxonomy":"post_tag","embeddable":true,"href":"https:\/\/guneydoguasyacalismalari.com\/tr_tr\/wp-json\/wp\/v2\/tags?post=4685"}],"curies":[{"name":"wp","href":"https:\/\/api.w.org\/{rel}","templated":true}]}}