{"id":467,"date":"2015-11-06T02:52:17","date_gmt":"2015-11-06T02:52:17","guid":{"rendered":"http:\/\/guneydoguasyacalismalari.com\/?p=467"},"modified":"2016-10-03T02:53:13","modified_gmt":"2016-10-03T02:53:13","slug":"myanmarda-secim-viraji","status":"publish","type":"post","link":"https:\/\/guneydoguasyacalismalari.com\/tr_tr\/myanmarda-secim-viraji\/","title":{"rendered":"Myanmar\u2019da Se\u00e7im Viraj\u0131"},"content":{"rendered":"<p>Myanmar\u2019da Pazar g\u00fcn\u00fc genel se\u00e7imler var. Bu se\u00e7imler sadece 55 milyonluk Myanmar\u0131n gelece\u011fini belirleme ba\u011flam\u0131nda \u00f6nem ta\u015f\u0131m\u0131yor. Bunun \u00f6tesinde b\u00f6lgesel bar\u0131\u015f ve g\u00fcvenlik ile k\u00fcresel ekonomik yap\u0131la\u015fma a\u00e7\u0131s\u0131ndan da olduk\u00e7a kayda de\u011fer bir olay. Ony\u0131llarca s\u00fcren askeri rejimler ve uzant\u0131lar\u0131 yar\u0131 sivil g\u00f6r\u00fcn\u00fcml\u00fc y\u00f6netimler sonras\u0131nda bug\u00fcn Myanmar \u00f6nemli bir d\u00f6neme\u00e7te. 1998\u2019de kaybedilen \u015fans bu sefer Myanmar\u2019a g\u00fclecek mi? Bu anlamda Pazar g\u00fcnk\u00fc se\u00e7imler geni\u015f kitleler i\u00e7in yirmi be\u015f y\u0131l \u00f6ncesinin r\u00f6van\u015f\u0131 anlam\u0131 ta\u015f\u0131yor. M\u00fccadele, iktidardaki Birle\u015fik Dayan\u0131\u015fma ve Kalk\u0131nma Partisi (USDP) ile bir umut olarak g\u00f6r\u00fclen Ulusal Demokrasi Birli\u011fi (NLD) aras\u0131nda ge\u00e7ecek. Tabii, \u00fclkenin d\u00f6rt bir yan\u0131ndaki \u00e7e\u015fitli etnik yap\u0131lar da eyalet parlamentolar\u0131nda kendilerini temsil etmelerini sa\u011flayacak partileriyle yar\u0131\u015fta yerini al\u0131yor. Bat\u0131l\u0131 \u00fclkelerin destek verdiklerini gizlemedikleri Suu Kyi, yeni bir zafere haz\u0131rlan\u0131yor. Her ne kadar, \u00fclkedeki yasalar\u0131n yabanc\u0131 biriyle evli bir Myanmar vatanda\u015f\u0131n\u0131n ba\u015fkan olamayaca\u011f\u0131 maddesi halen y\u00fcr\u00fcrl\u00fckte olmas\u0131 nedeniyle olas\u0131 zafer sonras\u0131 ba\u015fkanl\u0131k koltu\u011funa oturamasa da, h\u00fck\u00fcmeti parti ba\u015fkan\u0131 olarak y\u00f6netece\u011fini il\u00e2n etti bile. Muhtemelen Pazartesi g\u00fcn\u00fc 70 ya\u015f\u0131ndaki Suu Kyi, Myanmar\u2019\u0131n yeni lideri olarak d\u00fcnya demokrasi sahnesinde yerini alacak. \u0130\u015fler bu y\u00f6nde giderse, Myanmar\u2019da 1948 y\u0131l\u0131nda ba\u015flayan \u00e7ok uzun bir d\u00f6nem kapanm\u0131\u015f olacak. Tabii bu d\u00f6nemin kapanmas\u0131 demek her \u015feyin g\u00fcll\u00fck g\u00fclistanl\u0131k olaca\u011f\u0131 anlam\u0131 da ta\u015f\u0131m\u0131yor. Anayasa de\u011fi\u015fikli\u011fi, etnik yap\u0131larla siyasi ve k\u00fclt\u00fcrel ili\u015fkiler, ekonomik geri kalm\u0131\u015fl\u0131k, e\u011fitim-sa\u011fl\u0131k- vb. \u00e7ok temel alt yap\u0131 sorunlar\u0131, kom\u015fularla ili\u015fkiler gibi pek \u00e7ok sorun kap\u0131da bekliyor. Myanmar i\u00e7in bu konular birer sorun te\u015fkil etti\u011fi kadar, yan\u0131 ba\u015f\u0131ndaki \u00c7in\u2019den Pasifik\u2019in \u00f6te yakas\u0131ndaki ABD\u2019ye kadar pek \u00e7ok \u00fclke i\u00e7in de f\u0131rsatlar anlam\u0131na geliyor. 70\u2019indeki Suu Kyi t\u00fcm bu sorunlara \u00e7are olacak m\u0131 hep birlikte g\u00f6rece\u011fiz. Ancak NLD\u2019nin kazanmas\u0131n\u0131n ard\u0131ndan parlamentoda %25\u2019lik ordu kontenjan\u0131ndan dev\u015firilecek birka\u00e7 oyla onun ba\u015fkanl\u0131k yapmas\u0131n\u0131n \u00f6n\u00fcn\u00fc t\u0131kayan yasan\u0131n de\u011fi\u015ftirilmesi ilk ad\u0131m olaca\u011f\u0131na ku\u015fku yok.<\/p>\n<p>Myanmar se\u00e7imleri b\u00f6lgesel g\u00fcvenlik ba\u011flam\u0131nda da \u00f6nem ta\u015f\u0131yor. 55 milyonluk \u00fclkede \u00e7ok \u00e7e\u015fitli etnik yap\u0131lar\u0131n ulusal h\u00fck\u00fcmet \u00e7at\u0131s\u0131 alt\u0131nda birle\u015fmesi ihtimali kadar se\u00e7im sonras\u0131 geli\u015fmeler, Myanmar\u2019I G\u00fcney \u00c7in Denizi \u00f6zelinde ortaya \u00e7\u0131kan b\u00f6lgesel g\u00fcvenlik sorununun \u00e7\u00f6z\u00fcm\u00fc kadar, b\u00f6lgesel konulara \u015fu veya bu \u015fekilde katk\u0131 sa\u011flayabilece\u011fini akla getiriyor. ASEAN\u2019\u0131n kurulmas\u0131ndan \u00e7ok \u00f6nce, b\u00f6lgenin umut vaad eden \u00fclkesi g\u00f6r\u00fcn\u00fcm\u00fcndeki Myanmar, bug\u00fcne kadar b\u00f6lgede ekonomi, g\u00fcvenlik vb. alanlarda inisiyatif alabilmi\u015f de\u011fil. Aksine, on y\u0131llarca askeri rejim ve uzant\u0131lar\u0131na konu olan \u00fclke kendi i\u00e7 sorunlar\u0131n\u0131 \u015fu veya bu \u015fekilde ASEAN\u2019a ta\u015f\u0131makla ASEAN\u2019\u0131 s\u0131n\u0131rland\u0131rd\u0131\u011f\u0131n\u0131 s\u00f6ylemek bile m\u00fcmk\u00fcn. B\u00f6lgesel g\u00fcvenli\u011fin \u00f6nemli bir aya\u011f\u0131n\u0131 ise, ticari, ekonomik ve yat\u0131r\u0131m i\u015fbirlikleri al\u0131yor. Singapur ve Malezya\u2019n\u0131n bir \u00f6l\u00e7\u00fcde Myanmar\u2019a yat\u0131r\u0131mlar\u0131 mevcut.<\/p>\n<p>\u00d6te yandan, \u00c7in, Japonya, G\u00fcney Kore gibi di\u011fer b\u00f6lge \u00fclkelerinin de yat\u0131r\u0131mlar noktas\u0131nda Myanmar\u2019a \u00e7ok yak\u0131n durduklar\u0131 ve belli \u00f6l\u00e7\u00fclerde bu alanda yer ald\u0131klar\u0131 biliniyor. Se\u00e7imlerin sa\u011fl\u0131kl\u0131 bir \u015fekilde ger\u00e7ekle\u015fmesi, sivil bir h\u00fck\u00fcmetin ard\u0131ndan sivil anayasa \u00e7al\u0131\u015fmalar\u0131, etnik yap\u0131larla haklar ve sorumluluklar noktas\u0131nda etkile\u015fimler Myanmar\u2019\u0131 b\u00f6lgede giderek \u00f6ne \u00e7\u0131kartacak bir s\u00fcre\u00e7 anlam\u0131 ta\u015f\u0131yor. Myanmar\u2019da bug\u00fcne kadarki siyasi yap\u0131ya bak\u0131ld\u0131\u011f\u0131nda, t\u00fcm bunlar\u0131n bo\u015f bir umut oldu\u011fu da ileri s\u00fcr\u00fclebilir. Ancak Myanmar\u2019\u0131n giderek k\u00fcresel \u00f6nemi ortaya \u00e7\u0131kan bir b\u00f6lgede art\u0131k kendi i\u00e7ine kapal\u0131 kalabilece\u011fini d\u00fc\u015f\u00fcnmek biraz g\u00fc\u00e7. Bu ba\u011flamda, se\u00e7im s\u00fcreci ya i\u00e7erden ya da d\u0131\u015fardan veya her iki s\u00fcrecin etkile\u015fimi ile Myanmar\u2019\u0131n \u00f6n\u00fcn\u00fc a\u00e7acak bir geli\u015fmeye matuf olacak.<\/p>\n<p>Myanmar\u2019da bar\u0131\u015f ve g\u00fcvenin hakim olmas\u0131 ne anlama gelir sorusuna cevap olarak \u015funlar\u0131 s\u00f6yleyebiliriz. \u00d6ncelikle \u00c7in\u2019in s\u0131n\u0131r kom\u015fusu olmas\u0131, \u00c7in\u2019in Hint Okyanusu\u2019na inme amac\u0131na matuf olarak kara ve demir yolu ba\u011flant\u0131s\u0131 g\u00fcndeme getiriyor. Karadan Okyanus\u2019a ula\u015fmada \u00c7in\u2019i daha da agresif k\u0131lan bir di\u011fer husus Myanmar\u2019\u0131n Bat\u0131 eyaleti Arakan a\u00e7\u0131klar\u0131nda \u00f6nemli petrol ve do\u011fal gaz rezervlerinin bulunmas\u0131. \u00c7in\u2019in burada liman in\u015faat\u0131 dahil olmak \u00fczere \u00f6nemli yat\u0131r\u0131mlar\u0131 g\u00fcndemde. Kald\u0131 ki, \u00c7in\u2019in G\u00fcney Eyaleti Yunan\u2019\u0131n ba\u015fkenti Kunming\u2019i merkez alacak \u015fekilde Singapur\u2019a ve di\u011fer ASEAN ba\u015fkentlerine ba\u011flayacak dev demiryolu a\u011f\u0131n\u0131n Myanmar aya\u011f\u0131n\u0131 unutmamak gerekir. \u00c7in Myanmar\u2019\u0131n bat\u0131s\u0131ndaki petrol rezervleri \u00fczerinde \u00e7al\u0131\u015f\u0131rken, elbette Bengal K\u00f6rfezi\u2019nde deniz ticaret ve g\u00fcvenli\u011fini de g\u00fcndemine alacakt\u0131r. Myanmar-\u00c7in s\u0131n\u0131r g\u00fcvenli\u011finin tesisi noktas\u0131nda iki \u00fclke ordusunun i\u015fbirli\u011fi, \u00c7in\u2019i bir \u015fekilde Myanmar ordusu ile ili\u015fkilerinin devam\u0131 anlam\u0131 ta\u015f\u0131yacakt\u0131r.<\/p>\n<p>Myanmar\u2019\u0131n d\u0131\u015fa kapal\u0131 oldu\u011fu y\u0131llarda \u00c7in \u00f6ncelikli i\u015fbirlik\u00e7isi konumundayd\u0131. Ancak, 2010 y\u0131l\u0131ndaki se\u00e7imin ard\u0131ndan g\u00f6rece d\u00fcnyaya a\u00e7\u0131lma ad\u0131mlar\u0131 atan Myanmar\u2019\u0131n aradan ge\u00e7en d\u00f6rt y\u0131lda da tan\u0131k olundu\u011fu \u00fczere -yukar\u0131da de\u011finilen \u00c7in a\u00e7\u0131l\u0131m\u0131na ra\u011fmen- art\u0131k \u00c7in\u2019e ba\u011f\u0131ml\u0131l\u0131\u011f\u0131 azalm\u0131\u015f durumda. Bu s\u00fcre\u00e7 biraz da Myanmar y\u00f6netiminin birbiriyle rekabet halindeki b\u00f6lge ve k\u00fcresel g\u00fc\u00e7ler aras\u0131nda nas\u0131l bir denge izleyece\u011fiyle de ilgili. Ya da bu rekabeti kendi hanesine daha \u00e7ok kazan\u0131m olarak yazd\u0131rabilecek politikalara imza atabilecek mi bunu zamanla g\u00f6rece\u011fiz. Bu anlamda, se\u00e7imin olas\u0131 galibi g\u00f6z\u00fcken Ulusal Demokrasi Birli\u011fi (NLD) lideri Suu Kyi, uzun y\u0131llar sonra biten ev hapsinden kurtulmas\u0131yla tek tek bat\u0131 ba\u015fkentlerini ziyaret ederken, se\u00e7imlere aylar kala ge\u00e7en Haziran ay\u0131nda \u00c7in\u2019i ziyaretiyle bu y\u00f6nde bir a\u00e7\u0131l\u0131m\u0131n ipu\u00e7lar\u0131n\u0131 da veriyordu. Ancak yukar\u0131da bahsi ge\u00e7en \u00c7in\u2019in Myanmar\u2019daki yat\u0131r\u0131mlar\u0131 hi\u00e7 ku\u015fku yok ki, ABD ve Hindistan ba\u015fta olmak \u00fczere bu denize kom\u015fu Tayland-Malezya gibi \u00fclkeleri de alternatifler aramaya sevk edece\u011fini d\u00fc\u015f\u00fcnebiliriz.<\/p>\n<p>Pek \u00e7ok \u00e7evre taraf\u0131ndan en adil en serbest se\u00e7imler g\u00f6z\u00fcyle bak\u0131lan Pazar g\u00fcnk\u00fc se\u00e7im M\u00fcsl\u00fcmanlar i\u00e7in pek de bir anlam ifade etmiyor. Daha da \u00f6tesi, bug\u00fcne kadar u\u011frad\u0131klar\u0131 en zorba ve bask\u0131 ile kar\u015f\u0131 kar\u015f\u0131yalar. Bir zamanlar Bengal K\u00f6rfezi\u2019ne a\u00e7\u0131lan \u00fclkenin Bat\u0131s\u0131ndaki Arakan Eyaleti\u2019nde \u00f6nemli bir demografi sahip ve co\u011frafi alana h\u00fckmeden M\u00fcsl\u00fcman Arakan toplumu bug\u00fcn eyaletin neredeyse \u00fc\u00e7te birlik b\u00f6l\u00fcm\u00fcne s\u0131k\u0131\u015ft\u0131r\u0131lm\u0131\u015f durumda. Kuzeybat\u0131\u2019daki Banglade\u015f eyaletine yak\u0131n b\u00f6lgelerde k\u00fcmele\u015fen Arakanl\u0131lar\u0131n kendi aralar\u0131nda birlikten bahsetmek m\u00fcmk\u00fcn de\u011fil. Bir t\u00fcr k\u0131rsal sosyal ba\u011fl\u0131l\u0131k ile birbirine kenetlenen k\u00fc\u00e7\u00fck gruplar\u0131 b\u00fcy\u00fck bir siyasi ve sosyal hareket i\u00e7erisinde eritecek lider veya ideoloji ortada yok ve pek de g\u00f6r\u00fcn\u00fcrde olaca\u011f\u0131na dair emarelerde bulunmuyor.<\/p>\n<p>Bu par\u00e7alanm\u0131\u015fl\u0131k haliyle Arakanl\u0131 M\u00fcsl\u00fcmanlar, bir de merkezde siyasi yap\u0131ya hakim Burma Budist milliyet\u00e7ileri ile Arakan Eyaleti\u2019ndeki Budist Arakanl\u0131lar\u0131n siyasi ve toplumsal bask\u0131lar\u0131yla kar\u015f\u0131 kar\u015f\u0131ya kalmaya devam ediyorlar. \u201cMa Ba Tha\u201d adl\u0131 radikal Budist milliyet\u00e7i grub ve lideri Ashin Wirathu, \u00fclkede sadece sosyo-dini harekete \u00f6nc\u00fcl\u00fck etmekle kalm\u0131yor, siyasi bir hareket ederek siyasi partileri y\u00f6nlendirici a\u00e7\u0131klama ve eylemlerde bulunuyor. \u2018Bu ultra radikal Budist \u00e7\u0131k\u0131\u015f nedir?\u2019 diye soruldu\u011funda, ilgin\u00e7 bir \u015fekilde Bat\u0131l\u0131 \u00fclkelerdeki \u0130slamifobia\u2019n\u0131n do\u011fulula\u015fm\u0131\u015f halini g\u00f6r\u00fcyoruz. Yani \u00fclkede M\u00fcsl\u00fcmanlar \u00fclke g\u00fcvenli\u011fi ve Budist de\u011ferleri \u00f6n\u00fcnde en b\u00fcy\u00fck tehlike addediliyor. Ancak bug\u00fcne kadar \u00fclkede M\u00fcsl\u00fcmanlar\u0131n kime ne \u015fekilde zarar verdi\u011fine dair ortada hi\u00e7bir delil bulunmuyor. Kald\u0131 ki, y\u00fczy\u0131llarca bu b\u00f6lgede ya\u015fam\u0131\u015f bu insanlar\u0131n nas\u0131l bir tehlike unsuru olduklar\u0131na dair ne Myanmar h\u00fck\u00fcmeti veya ara\u015ft\u0131rma kurumlar\u0131 ne de uluslararas\u0131 ba\u011f\u0131ms\u0131z ara\u015ft\u0131rmac\u0131lar\u0131n ortada koyduklar\u0131 bir veriden s\u00f6z etmek m\u00fcmk\u00fcn. Bu noktada vehimler \u00fczerine in\u015fa edilmi\u015f ve bu vehimleri ger\u00e7ek k\u0131lmakta \u0131srarc\u0131 k\u00f6r bir bak\u0131\u015f\u0131n hakim oldu\u011funa tan\u0131k olunuyor.<\/p>\n<p>\u00dclkeye, Suu Kyi eliyle demokrasi gelecek s\u00f6yleminin d\u0131\u015f\u0131nda Myanmar toplumunun k\u0131rsal\u0131ndan \u015fehrine, Karenlisinden Chanl\u0131s\u0131na, Monlusundan, Arakanl\u0131s\u0131na nas\u0131l bir ulusal b\u00fct\u00fcnl\u00fck ve birlik tesis edilecek bir c\u00fcmle duyabilmi\u015f de\u011filiz. Suu Kyi\u2019nin ev hapsine son vermekle, birka\u00e7 siyasi partiye mensup onlarca veya y\u00fczlerce mahkumu hapishaneden sal\u0131vermekle t\u00fcm \u00fclkenin bir anda demokrasi cennetine d\u00f6n\u00fc\u015ft\u00fcr\u00fcl\u00fc\u011f\u00fc imaj\u0131 \u00e7ok kolayc\u0131 ve o denli de ger\u00e7ek d\u0131\u015f\u0131. Elbette son yetmi\u015f y\u0131l\u0131n\u0131 askeri rejimlerle ge\u00e7iren bir \u00fclkenin bir anda de\u011fi\u015fimini \u00f6n g\u00f6rmek sosyal ger\u00e7ekliklerle ba\u011fda\u015fm\u0131yor. Ancak bu s\u00fcrece matuf\u00a0 bir yap\u0131lanman\u0131n hakiki ad\u0131mlar\u0131na da tan\u0131k olunam\u0131yor. Bakal\u0131m Pazar g\u00fcnk\u00fc se\u00e7im sonunda sadece Myanmar toplumuna de\u011fil, d\u00fcnya kamuoyuna nas\u0131l bir mesaj \u00e7\u0131kacak.<\/p>\n<p>Bunun \u00f6n\u00fcm\u00fczdeki Pazar g\u00fcnk\u00fc se\u00e7ime yans\u0131yan boyutu ise \u00fclkede sadece Arakanl\u0131 M\u00fcsl\u00fcmanlara de\u011fil, neredeyse t\u00fcm M\u00fcsl\u00fcman az\u0131nl\u0131klara y\u00f6nelik bir bask\u0131 ve ayr\u0131mc\u0131l\u0131k ortam\u0131n\u0131n doru\u011fa \u00e7\u0131kmas\u0131 \u015feklinde zuhur ediyor. \u0130ktidardaki Birle\u015fik Dayan\u0131\u015fma ve Kalk\u0131nma Partisi (USDP) ile se\u00e7imlerin muhtemel galibi olarak g\u00f6r\u00fclen Ulusal Demokrasi Birli\u011fi (NLD)\u2019nin milletvekili adaylar\u0131 aras\u0131nda M\u00fcsl\u00fcman isimlere yer vermemeleri \u015feklinde tezah\u00fcr etti.<\/p>\n<p>Bu durum, sadece bug\u00fcne kadar d\u00fcnya g\u00fcndemine giren Arakanl\u0131 M\u00fcsl\u00fcmanlar\u0131n durumunu de\u011fil, \u00fclkedeki t\u00fcm\u00a0 M\u00fcsl\u00fcmanlar\u0131 kapsayan ultra milliyet\u00e7ili\u011fin kurban\u0131 olduklar\u0131n\u0131 ortaya koyuyor. Bu anlamda, se\u00e7ime giderken, her toplumsal kesim ve etnik yap\u0131 kendi gelece\u011fini belirleme pl\u00e2nlar\u0131 yaparken, M\u00fcsl\u00fcman kitleler se\u00e7im sonras\u0131nda neyle kar\u015f\u0131la\u015fabileceklerini bilemememin \u015fa\u015fk\u0131nl\u0131\u011f\u0131 i\u00e7erisindeler. Aylar \u00f6ncesinden merkezi h\u00fck\u00fcmetin n\u00fcfus yasas\u0131n\u0131 g\u00fcndeme getirerek vatanda\u015fl\u0131k haklar\u0131n\u0131 reddetti\u011fini a\u00e7\u0131klad\u0131\u011f\u0131 Arakanl\u0131lar\u0131n se\u00e7me ve se\u00e7ilme hakk\u0131n\u0131n olmad\u0131\u011f\u0131 art\u0131k ortada. Bat\u0131l\u0131 \u00fclke ve STK\u2019lar\u0131ndan onca ele\u015ftiriye ve rapora ra\u011fmen merkezi h\u00fck\u00fcmetin geri ad\u0131m atmamas\u0131 da, \u00fclkenin 2011\u2019den bu yana konu oldu\u011fu reformun, M\u00fcsl\u00fcman kitlere y\u00f6nelik ayr\u0131mc\u0131l\u0131k ve d\u0131\u015flay\u0131c\u0131l\u0131k politikalar\u0131n\u0131n \u00f6tesine ge\u00e7emedi\u011finin kan\u0131t\u0131 olarak, ortada duruyor. Arakanl\u0131 M\u00fcsl\u00fcmanlar\u0131n ba\u015fkenti olarak bilinen Sittwe\u2019de bug\u00fcn -o da insanl\u0131\u011fa yak\u0131\u015fmayan ko\u015fullarda ya\u015fam s\u00fcrmeye zorlanan, yakla\u015f\u0131k be\u015f bin ki\u015filik bir grubun kalm\u0131\u015f olmas\u0131. Ne hareket serbestiyeti, ne dini ibadetlerini \u00f6zg\u00fcrce ve rahat\u00e7a yerine getirebilme ne de i\u015f ve e\u011fitim olanaklar\u0131ndan faydalanabilme imk\u00e2n ve ihtimali var. Son g\u00fcnlerde Yale Hukuk Okulu Uluslararas\u0131 \u0130nsan Haklar\u0131 Klini\u011fi ile Matthew Smith\u2019in ba\u015f\u0131nda oldu\u011fu Fortify Rights adl\u0131 kurulu\u015fun ortak \u00e7al\u0131\u015fmas\u0131 sonucu Arakanl\u0131 M\u00fcsl\u00fcmanlar\u0131n maruz kald\u0131klar\u0131 zul\u00fcm kay\u0131tlara ge\u00e7ti. Raporu tek c\u00fcmleyle \u00f6zetlemek gerekirse M\u00fcsl\u00fcmanlar\u0131n \u2018var olup olmama a\u015famas\u0131na kadar getirmi\u015f bir tehdit alt\u0131nda olduklar\u0131d\u0131r\u2019.<\/p>\n<p>&nbsp;<\/p>\n<p>Arakan Eyaleti\u2019ndeki M\u00fcsl\u00fcmanlar\u0131n bunca zulme maruz kalmalar\u0131 Burma etnik \u00e7o\u011funlu\u011fu y\u00f6netimindeki merkezi h\u00fck\u00fcmetle, Arakan Budist y\u00f6netiminin hakimiyetindeki Arakan Eyalet y\u00f6netiminin ortak \u00e7\u0131kar ve hedeflerde bulu\u015fmas\u0131d\u0131r. Di\u011fer etnik yap\u0131lar gibi d\u00fcne kadar merkezi h\u00fck\u00fcmetle \u00e7at\u0131\u015fma s\u00fcre\u00e7leri ya\u015fayan Arakanl\u0131 Budist toplum, 2010\u2019dan itibaren de\u011fi\u015fen ulusal y\u00f6netimin sa\u011flad\u0131\u011f\u0131 imk\u00e2nlar\u0131 M\u00fcsl\u00fcmanlar\u0131 k\u00f6\u015feye s\u0131k\u0131\u015ft\u0131rma ve tedrici olarak b\u00f6lgeden \u00e7\u0131karma projesinde piyon rol\u00fc oynuyor. Ev hapsinin sona ermesiyle birlikte k\u00fcresel demokrasi ikonu olarak sahneye \u00e7\u0131kan Suu Kyi de zaman i\u00e7erisinde kendini M\u00fcsl\u00fcman kitlelerin maruz kald\u0131klar\u0131 zulme sessiz ve seyirci kalma pozisyonunda direnmenin d\u0131\u015f\u0131nda bir eylemi olmad\u0131. \u00d6yle ki, daha bug\u00fcn \u201cArakanl\u0131 M\u00fcsl\u00fcmanlar\u0131n i\u00e7inde bulunduklar\u0131 durum abart\u0131lmamal\u0131\u201d anlam\u0131na gelecek bir a\u00e7\u0131klama yapmas\u0131 s\u00f6z\u00fcn bitti\u011fi noktay\u0131 i\u015faret ediyordu. Kimileri i\u00e7in umut, kimileri i\u00e7in kahr\u0131n devam\u0131 anlam\u0131na gelen se\u00e7imleri izlemeye devam edece\u011fiz.<\/p>\n","protected":false},"excerpt":{"rendered":"<p>Myanmar\u2019da Pazar g\u00fcn\u00fc genel se\u00e7imler var. Bu se\u00e7imler sadece 55 milyonluk Myanmar\u0131n gelece\u011fini belirleme ba\u011flam\u0131nda \u00f6nem ta\u015f\u0131m\u0131yor. Bunun \u00f6tesinde b\u00f6lgesel bar\u0131\u015f ve g\u00fcvenlik ile k\u00fcresel ekonomik yap\u0131la\u015fma a\u00e7\u0131s\u0131ndan da olduk\u00e7a kayda de\u011fer bir olay. Ony\u0131llarca s\u00fcren askeri rejimler ve uzant\u0131lar\u0131 yar\u0131 sivil g\u00f6r\u00fcn\u00fcml\u00fc y\u00f6netimler sonras\u0131nda bug\u00fcn Myanmar \u00f6nemli bir d\u00f6neme\u00e7te. 1998\u2019de kaybedilen \u015fans bu sefer [&hellip;]<\/p>\n","protected":false},"author":1,"featured_media":468,"comment_status":"open","ping_status":"open","sticky":false,"template":"","format":"standard","meta":{"footnotes":""},"categories":[6,28],"tags":[],"class_list":["post-467","post","type-post","status-publish","format-standard","has-post-thumbnail","hentry","category-gunluk-yazilar","category-myanmar"],"_links":{"self":[{"href":"https:\/\/guneydoguasyacalismalari.com\/tr_tr\/wp-json\/wp\/v2\/posts\/467","targetHints":{"allow":["GET"]}}],"collection":[{"href":"https:\/\/guneydoguasyacalismalari.com\/tr_tr\/wp-json\/wp\/v2\/posts"}],"about":[{"href":"https:\/\/guneydoguasyacalismalari.com\/tr_tr\/wp-json\/wp\/v2\/types\/post"}],"author":[{"embeddable":true,"href":"https:\/\/guneydoguasyacalismalari.com\/tr_tr\/wp-json\/wp\/v2\/users\/1"}],"replies":[{"embeddable":true,"href":"https:\/\/guneydoguasyacalismalari.com\/tr_tr\/wp-json\/wp\/v2\/comments?post=467"}],"version-history":[{"count":1,"href":"https:\/\/guneydoguasyacalismalari.com\/tr_tr\/wp-json\/wp\/v2\/posts\/467\/revisions"}],"predecessor-version":[{"id":469,"href":"https:\/\/guneydoguasyacalismalari.com\/tr_tr\/wp-json\/wp\/v2\/posts\/467\/revisions\/469"}],"wp:featuredmedia":[{"embeddable":true,"href":"https:\/\/guneydoguasyacalismalari.com\/tr_tr\/wp-json\/wp\/v2\/media\/468"}],"wp:attachment":[{"href":"https:\/\/guneydoguasyacalismalari.com\/tr_tr\/wp-json\/wp\/v2\/media?parent=467"}],"wp:term":[{"taxonomy":"category","embeddable":true,"href":"https:\/\/guneydoguasyacalismalari.com\/tr_tr\/wp-json\/wp\/v2\/categories?post=467"},{"taxonomy":"post_tag","embeddable":true,"href":"https:\/\/guneydoguasyacalismalari.com\/tr_tr\/wp-json\/wp\/v2\/tags?post=467"}],"curies":[{"name":"wp","href":"https:\/\/api.w.org\/{rel}","templated":true}]}}