{"id":4455,"date":"2022-03-20T19:41:09","date_gmt":"2022-03-20T19:41:09","guid":{"rendered":"http:\/\/guneydoguasyacalismalari.com\/?p=4455"},"modified":"2022-03-20T19:41:09","modified_gmt":"2022-03-20T19:41:09","slug":"dogu-avrupa-krizi-ve-son-elli-yilda-batininabdnin-ideolojiklestirme-perspektifi-the-political-crisis-in-eastern-europe-and-ideologizing-perspective-of-the-westthe-u-s-in-the-las","status":"publish","type":"post","link":"https:\/\/guneydoguasyacalismalari.com\/tr_tr\/dogu-avrupa-krizi-ve-son-elli-yilda-batininabdnin-ideolojiklestirme-perspektifi-the-political-crisis-in-eastern-europe-and-ideologizing-perspective-of-the-westthe-u-s-in-the-las\/","title":{"rendered":"Do\u011fu Avrupa krizi ve son elli y\u0131lda Bat\u0131\u2019n\u0131n\/ABD\u2019nin ideolojikle\u015ftirme perspektifi \/ The political crisis in Eastern Europe and ideologizing perspective of the West\/the U.S. in the last fifty years"},"content":{"rendered":"<p><strong>Mehmet \u00d6zay\u00a0 \u00a0 \u00a0 \u00a0 \u00a0 \u00a0 \u00a0 \u00a0 \u00a0 \u00a0 \u00a0 \u00a0 \u00a0 \u00a0 \u00a0 \u00a0 \u00a0 \u00a0 \u00a0 \u00a0 \u00a0 \u00a0 \u00a0 \u00a0 \u00a0 \u00a0 \u00a0 \u00a0 \u00a0 \u00a0 \u00a0 \u00a0 \u00a0 \u00a0 \u00a0 \u00a0 \u00a0 \u00a0 \u00a0 \u00a0 \u00a0 \u00a0 \u00a0 \u00a0 \u00a0 \u00a0 \u00a0 20.03.2022<\/strong><\/p>\n<p style=\"text-align: justify;\">Do\u011fu Avrupa\u2019da, Rusya\u2019n\u0131n Ukrayna\u2019y\u0131 i\u015fgaliyle birlikte ya\u015fanmakta olan kriz, kar\u015f\u0131m\u0131za sadece ve s\u0131radan bir ABD-Rusya \u00e7eki\u015fmesini \u00e7\u0131karm\u0131\u015f de\u011fil.<\/p>\n<p style=\"text-align: justify;\">Aksine bu durum, genelde Bat\u0131\u2019n\u0131n ve \u00f6zelde ABD\u2019nin, uluslararas\u0131 ekonomi-politik pl\u00e2nlamalar\u0131 noktas\u0131nda var olan ve salt bununla s\u0131n\u0131rl\u0131 olmay\u0131p, \u00e7e\u015fitli geli\u015fmelerle \u015fekillenen bir yap\u0131 arz eden, liberal demokratik de\u011ferler temelinden hareketle, yeni bir k\u00fcresel yap\u0131 in\u015fa s\u00fcreciyle ba\u011flant\u0131l\u0131d\u0131r.<\/p>\n<p style=\"text-align: justify;\">Bu noktada, Do\u011fu Avrupa\u2019da ya\u015fanmakta olan kriz, konuya taraf olan \u00fclkeler aras\u0131ndaki ikili ili\u015fkiler veya b\u00f6lgesel geli\u015fmeler \u00fczerinden anla\u015f\u0131lmak yerine, daha derli toplu ve b\u00fct\u00fcnc\u00fcl olmas\u0131 hasebiyle, yakla\u015f\u0131k son elli y\u0131ll\u0131k d\u00f6nemi k\u0131saca g\u00f6zden ge\u00e7irmemiz anlam\u0131nda, bir yak\u0131n tarih ve bug\u00fcn ili\u015fkisini de\u011ferlendirmemizi gerekli k\u0131l\u0131yor.<\/p>\n<p style=\"text-align: justify;\">S\u00f6z konusu bu s\u00fcreci anlamland\u0131rmak amac\u0131yla, son d\u00f6nem geli\u015fmelerine k\u0131saca g\u00f6z atmakta yarar var.<\/p>\n<p style=\"text-align: justify;\">Bu noktada, Do\u011fu Avrupa krizinin \u00f6nc\u00fc akt\u00f6rlerinden Rusya ile bu \u00fclkenin ili\u015fkileri noktas\u0131nda \u00c7in\u2019in konumu ve ayn\u0131 \u00c7in\u2019in, ABD ile ili\u015fkisi bize olan biteni anlamaya bir kap\u0131 aralatacak t\u00fcrdendir. \u0130lk etapta, Donald Trump d\u00f6neminde ABD-\u00c7in ticari ili\u015fkileri \u00e7er\u00e7evesinde ya\u015fanan \u00e7eki\u015fme ve \u00e7at\u0131\u015fma akla gelmektedir. Oysa, Do\u011fu Avrupa\u2019da ya\u015fananlar\u0131n bundan \u00f6te bir anlam\u0131 i\u00e7ermekte oldu\u011funu da g\u00f6rmek gerekir.<\/p>\n<p style=\"text-align: justify;\">A\u00e7\u0131k\u00e7as\u0131 var olan durum, Berlin Duvar\u0131\u2019n\u0131n y\u0131k\u0131lmas\u0131yla sembolle\u015fen Do\u011fu Bloku\u2019nun siyasi varl\u0131\u011f\u0131n\u0131 ve b\u00fct\u00fcnl\u00fc\u011f\u00fcn\u00fc yitirmesinin ve So\u011fuk Sava\u015f d\u00f6nemini sonland\u0131r\u0131lmas\u0131n\u0131n ard\u0131ndan ortaya \u00e7\u0131kan s\u00fcre\u00e7te, Bat\u0131 d\u00fc\u015f\u00fcncesinin yeni \u00e7at\u0131\u015fma alanlar\u0131 in\u015fas\u0131yla ba\u011flant\u0131l\u0131 bir y\u00f6n ve a\u00e7\u0131klama olarak de\u011ferlendirilmeyi hak ediyor.<\/p>\n<p style=\"text-align: justify;\"><strong>1989 ya da So\u011fuk Sava\u015f sonras\u0131<\/strong><\/p>\n<p style=\"text-align: justify;\">Bu noktada, So\u011fuk Sava\u015f ve sonras\u0131ndaki geli\u015fmelere k\u0131saca g\u00f6z atmakta yarar var\u2026<\/p>\n<p style=\"text-align: justify;\">1989 sonras\u0131 yani, So\u011fuk-Sava\u015f sonras\u0131 d\u00f6nem, art\u0131k ortada SSCB ba\u011flam\u0131nda kom\u00fcnizm diye bir ideolojinin y\u00f6netim ve ekonomi kurumlar\u0131 ile bu yap\u0131n\u0131n askeri boyuta yans\u0131yan ba\u011flam\u0131nda var olmamas\u0131ndan hareketle, ortaya \u00e7\u0131kan durum kimi akademisyenlerce ideolojiksizle\u015f(tir)me olarak de\u011ferlendiriliyordu.<\/p>\n<p style=\"text-align: justify;\">Oysa, o d\u00f6nem yani, 1990\u2019larla birlikte Balkanlar\u2019da ortaya \u00e7\u0131kan\/\u00e7\u0131kart\u0131lan Bosna-S\u0131rbistan ba\u011flam\u0131nda bir M\u00fcsl\u00fcman-Ortodoks H\u0131ristiyanl\u0131\u011f\u0131 ayr\u0131\u015ft\u0131rmas\u0131 \u00f6zelinde, So\u011fuk Sava\u015f sonras\u0131 ba\u011flam\u0131yla, din eksenli ideolojik ve tarihsel \u00e7at\u0131\u015fma, yeni bir ideolojik ayr\u0131\u015fma alan \u00f6rne\u011fi olarak ortaya \u00e7\u0131kt\u0131\/\u00e7\u0131kart\u0131ld\u0131.<\/p>\n<p style=\"text-align: justify;\"><strong>Geni\u015f Ortado\u011fu politikas\u0131: Irak ve Afganistan<\/strong><\/p>\n<p style=\"text-align: justify;\">Bu d\u00f6nem, ayn\u0131 zamanda kadim Mezopotamya co\u011frafyas\u0131n\u0131n tam da ortas\u0131nda, ABD \u00f6ncelikli NATO g\u00fc\u00e7lerinin Irak \u00fczerinde tecr\u00fcbe ettikleri d\u00f6n\u00fc\u015f\u00fcm ve de\u011fi\u015fim s\u00fcre\u00e7lerini do\u011furdu. Bug\u00fcn\u00fcn \u00e7a\u011fda\u015f Mezopotamya\u2019s\u0131n\u0131 tarihsel, k\u00fclt\u00fcrel anlamda ili\u015fkilendirilmesine yol a\u00e7acak \u015fekilde, Bat\u0131 Asya-G\u00fcney Asya kesi\u015fim noktas\u0131ndaki Afganistan\u2019\u0131 da i\u00e7ine alan bir mek\u00e2nsal \u00a0geni\u015fleme olarak zuhur etti.<\/p>\n<p style=\"text-align: justify;\">ABD ve NATO\u2019nun Irak i\u015fgali, me\u015fru bir ulus devleti \u00fc\u00e7e ay\u0131rmak suretiyle, b\u00f6lgede uygulayabilece\u011fi politik s\u00fcre\u00e7leri ve bunun etnik yap\u0131lar-askeri ili\u015fkiler \u00fczerinden s\u00fcrece yaymas\u0131na neden oldu. \u00d6te yandan, belki de bundan daha \u00e7ok ABD ve Nato\u2019nun, Afganistan yani, Bat\u0131 Asya-G\u00fcney Asya kesi\u015fim noktas\u0131na odaklanmas\u0131 gayet \u00f6nemliydi.<\/p>\n<p style=\"text-align: justify;\">Afganistan\u2019daki ABD merkezli NATO varl\u0131\u011f\u0131n\u0131n, aradan ge\u00e7en yakla\u015f\u0131k yirmi y\u0131l\u0131n ard\u0131ndan, 31 A\u011fustos 2021 tarihinde sona erdirilmesinin karar s\u00fcreci, temelde Joe Biden y\u00f6netiminin de\u011fil, onun ba\u015fkan yard\u0131mc\u0131l\u0131\u011f\u0131n\u0131 yapt\u0131\u011f\u0131, Barack Obama d\u00f6nemi kararlar\u0131n\u0131n bir gere\u011fi olarak g\u00fcndeme geldi.<\/p>\n<p style=\"text-align: justify;\"><strong>Obama d\u00f6nemi: yeni bir k\u00fcresel jeo-politik in\u015fas\u0131<\/strong><\/p>\n<p style=\"text-align: justify;\">Barack Obama\u2019n\u0131n ikinci d\u00f6neminde, bu iki co\u011frafyadan \u00e7\u0131k\u0131lmas\u0131 karar\u0131n\u0131n asl\u0131nda biraz da, gecikmi\u015f bir s\u00fcrece tekab\u00fcl etti\u011fini s\u00f6ylemek gerekir. Al\u0131nan bu karar\u0131n ard\u0131nda, iki temel neden bulunmaktad\u0131r.<\/p>\n<p style=\"text-align: justify;\">\u0130lki, Irak-Afganistan\u2019da gelinen noktan\u0131n ABD politikalar\u0131 a\u00e7\u0131s\u0131ndan bir t\u0131kan\u0131kl\u0131\u011fa yol a\u00e7mas\u0131d\u0131r. Bir ba\u015fka ifadeyle s\u00f6ylemek gerekirse, ABD\u2019nin \u00e7\u0131karlar\u0131 ba\u011flam\u0131nda art\u0131k tatmink\u00e2r olmamas\u0131d\u0131r. \u0130kincisi de, \u201c21. Y\u00fczy\u0131l Asya \u00c7a\u011f\u0131 olgusu\u201dnun varl\u0131\u011f\u0131d\u0131r\u2026<\/p>\n<p style=\"text-align: justify;\">\u0130lk nokta olarak\u2026 Barack Obama\u2019n\u0131n bir yandan Irak\/Ortado\u011fu \u00f6te yandan, Afganistan\/Bat\u0131 Asya\u2019dan \u00e7ekilme karar ve gerek\u00e7esi, bu co\u011frafyalarda ABD\u2019nin arzu etti\u011fi varsay\u0131labilecek bir Bat\u0131 eksenli siyasal ve politik-ekonominin yap\u0131la\u015fman\u0131n ortaya konulmas\u0131ndan ve bu anlamda sergilenmi\u015f bir ba\u015far\u0131dan kaynaklanm\u0131yordu.<\/p>\n<p style=\"text-align: justify;\">Kald\u0131 ki, \u015fayet b\u00f6yle bir politika vizyonu var olsa(yd\u0131) bile, bunun ne tarihsel ve siyasal alt yap\u0131s\u0131 ne de toplumsal ve dini unsurlar\u0131 b\u00f6ylesi bir de\u011fi\u015fimi ger\u00e7ekle\u015ftirmeye yeterli\/y\/di.<\/p>\n<p style=\"text-align: justify;\">Bunu teyit mahiyetinde d\u00fc\u015f\u00fcn\u00fclecek \u015fekilde, ba\u015fkan Joe Biden yak\u0131n ge\u00e7mi\u015fte yapt\u0131\u011f\u0131 bir a\u00e7\u0131klamada dile getirdi\u011fi \u00fczere, ABD\u2019nin Afganistan\u2019daki varl\u0131\u011f\u0131 gayet maliyetli ve uzun bir s\u00fcreci i\u00e7ermesiyle birlikte, Amerikan y\u00f6netiminin bu \u00fclkede kendine do\u011frudan hedef olabilecek unsurlar\u0131 engellemesiyle\/bertaraf etmesiyle s\u0131n\u0131rl\u0131 bir niyeti s\u00f6z konusuydu.<\/p>\n<p style=\"text-align: justify;\">Bununla birlikte, ABD ordusunun verdi\u011fi insan kay\u0131plar\u0131, askeri harcamalar gibi hakl\u0131 ve maddi nedenlerle Amerikan kamuoyunda olu\u015fan bask\u0131y\u0131 hissetti\u011fi anla\u015f\u0131lan ve bu \u00e7er\u00e7evede, olu\u015fturulan resmi g\u00f6r\u00fc\u015f, ABD\u2019nin Irak ve Afganistan topraklar\u0131nda -art\u0131k- do\u011frudan elde edebilece\u011fi kazan\u0131mlar\u0131n olmad\u0131\u011f\u0131 kanaatinin ortaya \u00e7\u0131kmas\u0131n\u0131n bir ba\u015fka g\u00f6r\u00fcn\u00fcm\u00fcyd\u00fc.<\/p>\n<p style=\"text-align: justify;\">Asl\u0131nda ABD a\u00e7\u0131s\u0131ndan, ideolojik olarak kar\u015f\u0131s\u0131na ald\u0131\u011f\u0131 Irak ve Afganistan topraklar\u0131n\u0131n gelinen noktada, iki farkl\u0131 rejim de\u011fi\u015fikli\u011fi ile yani, Irak\u2019\u0131n fiili olarak \u00fc\u00e7 farkl\u0131 etnik\/dini yap\u0131ya b\u00f6l\u00fcnm\u00fc\u015f olmas\u0131; Afganistan\u2019\u0131n ise, do\u011frudan ABD g\u00fcd\u00fcml\u00fc bir y\u00f6netime ve kurumsal yap\u0131ya kavu\u015fturulmas\u0131yla bir \u015fekilde, ABD\u2019ye ba\u011f\u0131ml\u0131l\u0131\u011f\u0131n devam ettirilebilece\u011fi y\u00f6n\u00fcnde bir kanaatin has\u0131l oldu\u011fu s\u00f6ylenebilir.<\/p>\n<p style=\"text-align: justify;\">Bir di\u011fer dikkat \u00e7eken husus, s\u00f6z konusu bu her iki co\u011frafyada var olan siyasal ve toplumsal ger\u00e7ekli\u011fin, -i\u00e7 ve d\u0131\u015f olmak \u00fczere-, farkl\u0131 toplumsal ve siyasal nedenlerin yol a\u00e7t\u0131\u011f\u0131 kaotik yap\u0131dan beslenen ve bu anlamda, ayn\u0131\/benzer toplumsal\/etnik-dini gruplar\u0131n \u00e7at\u0131\u015fmac\u0131 varl\u0131\u011f\u0131yla s\u00fcreklilik kazanan ve bu suretle, Bat\u0131\u2019n\u0131n gizli\/a\u00e7\u0131k varl\u0131\u011f\u0131na meydan oku\/ya\/mayacak bir d\u00fczeyde oldu\u011fudur.<\/p>\n<p style=\"text-align: justify;\">Bu durumun ortaya \u00e7\u0131kmas\u0131nda, bir d\u0131\u015f fakt\u00f6r olarak yani, Bat\u0131\u2019n\u0131n tekil-hiyerar\u015fik bir \u00fcst y\u00f6nlendirmesi kadar, bir i\u00e7 fakt\u00f6r olarak b\u00f6lge toplumlar\u0131n\u0131n ve siyasal yap\u0131lar\u0131n\u0131n uzak-yak\u0131n tarihsel d\u00f6nemlerinin \u00fcr\u00fcn\u00fc olan sorunlar\u0131n\u0131n da, katk\u0131da bulundu\u011funu unutmamak gerekir.<\/p>\n<p style=\"text-align: justify;\"><strong>Y\u00fczy\u0131l de\u011fi\u015fimi, Asya \u00c7a\u011f\u0131 vurgusu ve \u00c7in <\/strong><\/p>\n<p style=\"text-align: justify;\">\u0130kinci nokta, \u201c21. Y\u00fczy\u0131l Asya \u00c7a\u011f\u0131 olgusu\u201ddur\u2026<\/p>\n<p style=\"text-align: justify;\">Burada dikkat \u00e7eken nokta, Asya \u00c7a\u011f\u0131 nosyonunun b\u00fct\u00fcn bir Asya k\u0131tas\u0131na de\u011fil, \u00f6zellikle, Asya-Pasifik ya da ABD y\u00f6netiminin son d\u00f6nemde g\u00fcncelleme ihtiyac\u0131 hissederek, Hint-Pasifik b\u00f6lgesine yapt\u0131\u011f\u0131 vurgudur.<\/p>\n<p style=\"text-align: justify;\">Bu olgunun \u00f6z\u00fcnde ise, \u00c7in\u2019in ekonomik geli\u015fmi\u015fli\u011fi ile bunun, -t\u0131pk\u0131 Bat\u0131\u2019daki \u00f6rnekleri gibi- zorunlu olarak yol a\u00e7t\u0131\u011f\u0131 siyasi ve askeri hegemonya tesisi yer al\u0131yor. Asl\u0131nda tam da bu nokta, ABD\u2019nin \u201cgeni\u015f Ortado\u011fu\u2019dan\u201d Asya-Pasifik\/Hint-Pasifik co\u011frafyas\u0131na konu\u015flanmas\u0131na temel te\u015fkil ediyor.<\/p>\n<p style=\"text-align: justify;\">Bir ekonomik g\u00fc\u00e7 ba\u011flam\u0131nda, \u201c21. Y\u00fczy\u0131l Asya \u00c7a\u011f\u0131\u201d nosyonunun Bat\u0131\u2019da, 1990\u2019larda g\u00fcndeme getirilmi\u015f olmas\u0131na kar\u015f\u0131n, ABD y\u00f6netiminin Asya-Pasifik\/Hint-Pasifik b\u00f6lgesine siyasal, ekonomik ve insani ili\u015fkiler noktas\u0131nda konu\u015flanmas\u0131nda zaman\u0131nda hareket etmemesi, bir ba\u015fka deyi\u015fle gecikmesi s\u00f6z konusudur.<\/p>\n<p style=\"text-align: justify;\">\u00c7in\u2019in, -diyelim ki, 1980\u2019lerin sonu ile ve bug\u00fcn- neye tekab\u00fcl ediyor diye bakt\u0131\u011f\u0131m\u0131zda kar\u015f\u0131m\u0131za \u015f\u00f6yle bir tablo \u00e7\u0131kar: \u00c7in\u2019in sahip oldu\u011fu n\u00fcfus yap\u0131s\u0131 ve ucuz i\u015fg\u00fcc\u00fc; denizler ve kara yollar\u0131 erimi\u015fi noktas\u0131nda jeo-stratejik konumu; 2. D\u00fcnya Sava\u015f\u0131 sonras\u0131n\u0131n geli\u015fimci ekonomilerinin yani, ilki Japonya ikincisi Asya Kaplanlar\u0131 ve \u00fc\u00e7\u00fcnc\u00fc a\u015fama olarak da, ASEAN ile co\u011frafi yak\u0131nl\u0131\u011f\u0131n\u0131n\/kom\u015fulu\u011funun do\u011furdu\u011fu avantajlard\u0131r.<\/p>\n<p style=\"text-align: justify;\">\u00c7in\u2019in sahip oldu\u011fu, bu kendi \u00f6zel ve \u00e7evre fakt\u00f6rlerine ra\u011fmen, dikkat \u00e7eken en \u00f6nemli husus, siyasal ideolojik ba\u011flam\u0131n\u0131n -yani, kom\u00fcnizmin- bir engel te\u015fkil edebilece\u011fi d\u00fc\u015f\u00fcncesine kar\u015f\u0131n, \u00c7in siyasi akl\u0131n\u0131n, bug\u00fcne kadar liberal ekonomik kalk\u0131nmaya duydu\u011fu inan\u00e7 ve bu y\u00f6nde att\u0131\u011f\u0131 ad\u0131mlard\u0131r.<\/p>\n<p style=\"text-align: justify;\">\u00c7in\u2019i bug\u00fcn, sadece k\u00fcresel ekonominin ikinci s\u0131ras\u0131na ula\u015ft\u0131rmakla kalmayan aksine, Bat\u0131\u2019n\u0131n liberal ekonomi sistemi kar\u015f\u0131s\u0131nda t\u00fcm ba\u011flamlar\u0131 ile -yani, uluslararas\u0131 ticaret, hukuk ile b\u00f6lgesel ve k\u00fcresel askeri yap\u0131la\u015fmas\u0131yla- bir t\u00fcr alternatif olma \u00e7abas\u0131 veya b\u00f6yle bir alg\u0131n\u0131n olu\u015fmas\u0131na yol a\u00e7an icraatlar\u0131 ABD\u2019yi harekete ge\u00e7iren unsurlard\u0131r.<\/p>\n<p style=\"text-align: justify;\">Bu karar\u0131n pratik g\u00f6r\u00fcn\u00fcmlerini ise ABD\u2019de Biden y\u00f6netiminin ge\u00e7ti\u011fimiz y\u0131l, Japonya, Avustralya ve Hindistan\u2019\u0131 yan\u0131na alarak olu\u015fturdu\u011fu d\u00f6rtl\u00fc ittifak (<em>Quad<\/em>) ile i\u00e7inde \u0130ngiltere ve Avusturalya\u2019n\u0131n bulundu\u011fu -bir t\u00fcr post-modern d\u00f6nemin Anglo-Sakson in\u015fas\u0131 olan- (<em>Aukus<\/em>) yap\u0131la\u015fmalar\u0131d\u0131r.<\/p>\n<p style=\"text-align: justify;\">\u00c7in\u2019le do\u011frudan kar\u015f\u0131la\u015fma haz\u0131rl\u0131\u011f\u0131 olarak an\u0131lmay\u0131 hak eden ve yine \u00c7in y\u00f6netimince NATO\u2019nun gizli\/a\u00e7\u0131k uzant\u0131s\u0131 \u015feklinde yorumlanan bu geli\u015fmelerin yerini, -belki de, bug\u00fcn d\u00fcnya kamuoyunda sanki birdenbire geli\u015fti\u011fi izlenimi olu\u015fturmu\u015f olsa da- Do\u011fu Avrupa krizi asl\u0131nda, genelde Bat\u0131\u2019n\u0131n ve \u00f6zelde ABD\u2019nin ideolojikle\u015ftirme \u00e7abas\u0131n\u0131n devaml\u0131l\u0131\u011f\u0131 olarak de\u011ferlendirilmeyi hak etmektedir.<\/p>\n<p style=\"text-align: justify;\">Rusya\u2019n\u0131n Ukrayna topraklar\u0131ndaki varl\u0131\u011f\u0131n\u0131n haks\u0131zl\u0131\u011f\u0131na \u015f\u00fcphe olmamakla birlikte, bu geli\u015fmenin bug\u00fcn geldi\u011fi nokta, Bat\u0131\u2019n\u0131n\/ABD\u2019nin biz-\u00f6teki ayr\u0131m\u0131n\u0131 bir ba\u015fka deyi\u015fle, So\u011fuk Sava\u015f d\u00f6neminin devam\u0131 mahiyetindeki ideolojikle\u015ftirme \u00e7abalar\u0131n\u0131n bir y\u00f6nelimi olarak anla\u015f\u0131lmal\u0131d\u0131r.<\/p>\n","protected":false},"excerpt":{"rendered":"<p>Mehmet \u00d6zay\u00a0 \u00a0 \u00a0 \u00a0 \u00a0 \u00a0 \u00a0 \u00a0 \u00a0 \u00a0 \u00a0 \u00a0 \u00a0 \u00a0 \u00a0 \u00a0 \u00a0 \u00a0 \u00a0 \u00a0 \u00a0 \u00a0 \u00a0 \u00a0 \u00a0 \u00a0 \u00a0 \u00a0 \u00a0 \u00a0 \u00a0 \u00a0 \u00a0 \u00a0 \u00a0 \u00a0 \u00a0 \u00a0 \u00a0 \u00a0 \u00a0 \u00a0 \u00a0 \u00a0 \u00a0 \u00a0 \u00a0 20.03.2022 Do\u011fu Avrupa\u2019da, Rusya\u2019n\u0131n Ukrayna\u2019y\u0131 i\u015fgaliyle birlikte [&hellip;]<\/p>\n","protected":false},"author":1,"featured_media":4456,"comment_status":"open","ping_status":"open","sticky":false,"template":"","format":"standard","meta":{"footnotes":""},"categories":[9,6],"tags":[],"class_list":["post-4455","post","type-post","status-publish","format-standard","has-post-thumbnail","hentry","category-asya-pasifik","category-gunluk-yazilar"],"_links":{"self":[{"href":"https:\/\/guneydoguasyacalismalari.com\/tr_tr\/wp-json\/wp\/v2\/posts\/4455","targetHints":{"allow":["GET"]}}],"collection":[{"href":"https:\/\/guneydoguasyacalismalari.com\/tr_tr\/wp-json\/wp\/v2\/posts"}],"about":[{"href":"https:\/\/guneydoguasyacalismalari.com\/tr_tr\/wp-json\/wp\/v2\/types\/post"}],"author":[{"embeddable":true,"href":"https:\/\/guneydoguasyacalismalari.com\/tr_tr\/wp-json\/wp\/v2\/users\/1"}],"replies":[{"embeddable":true,"href":"https:\/\/guneydoguasyacalismalari.com\/tr_tr\/wp-json\/wp\/v2\/comments?post=4455"}],"version-history":[{"count":1,"href":"https:\/\/guneydoguasyacalismalari.com\/tr_tr\/wp-json\/wp\/v2\/posts\/4455\/revisions"}],"predecessor-version":[{"id":4457,"href":"https:\/\/guneydoguasyacalismalari.com\/tr_tr\/wp-json\/wp\/v2\/posts\/4455\/revisions\/4457"}],"wp:featuredmedia":[{"embeddable":true,"href":"https:\/\/guneydoguasyacalismalari.com\/tr_tr\/wp-json\/wp\/v2\/media\/4456"}],"wp:attachment":[{"href":"https:\/\/guneydoguasyacalismalari.com\/tr_tr\/wp-json\/wp\/v2\/media?parent=4455"}],"wp:term":[{"taxonomy":"category","embeddable":true,"href":"https:\/\/guneydoguasyacalismalari.com\/tr_tr\/wp-json\/wp\/v2\/categories?post=4455"},{"taxonomy":"post_tag","embeddable":true,"href":"https:\/\/guneydoguasyacalismalari.com\/tr_tr\/wp-json\/wp\/v2\/tags?post=4455"}],"curies":[{"name":"wp","href":"https:\/\/api.w.org\/{rel}","templated":true}]}}