{"id":4452,"date":"2022-03-18T09:56:58","date_gmt":"2022-03-18T09:56:58","guid":{"rendered":"http:\/\/guneydoguasyacalismalari.com\/?p=4452"},"modified":"2022-03-18T09:56:58","modified_gmt":"2022-03-18T09:56:58","slug":"almanyada-siyasi-iktidar-dogu-avrupa-krizi-ve-feminist-cozum-german-government-eastern-european-crisis-and-feminist-solution","status":"publish","type":"post","link":"https:\/\/guneydoguasyacalismalari.com\/tr_tr\/almanyada-siyasi-iktidar-dogu-avrupa-krizi-ve-feminist-cozum-german-government-eastern-european-crisis-and-feminist-solution\/","title":{"rendered":"Almanya\u2019da siyasi iktidar, Do\u011fu Avrupa krizi ve feminist \u00e7\u00f6z\u00fcm \/ German government, Eastern European crisis and feminist solution"},"content":{"rendered":"<p><strong>Mehmet \u00d6zay\u00a0 \u00a0 \u00a0 \u00a0 \u00a0 \u00a0 \u00a0 \u00a0 \u00a0 \u00a0 \u00a0 \u00a0 \u00a0 \u00a0 \u00a0 \u00a0 \u00a0 \u00a0 \u00a0 \u00a0 \u00a0 \u00a0 \u00a0 \u00a0 \u00a0 \u00a0 \u00a0 \u00a0 \u00a0 \u00a0 \u00a0 \u00a0 \u00a0 \u00a0 \u00a0 \u00a0 \u00a0 \u00a0 \u00a0 \u00a0 \u00a0 \u00a0 \u00a0 \u00a0 \u00a0 \u00a0 \u00a0 18.03.2022<\/strong><\/p>\n<p style=\"text-align: justify;\">Almanya\u2019da sosyal demokratlar\u0131n \u00f6nc\u00fcl\u00fc\u011f\u00fcnde kurulan ve 8 Aral\u0131k 2021\u2019de g\u00f6reve ba\u015flayan koalisyon h\u00fck\u00fcmetinin varl\u0131\u011f\u0131, sadece Almanya s\u0131n\u0131rlar\u0131 i\u00e7erisinde de\u011fil, Avrupa Birli\u011fi (AB) ba\u011flam\u0131nda da \u00f6nem arz ediyor.<\/p>\n<p style=\"text-align: justify;\">Bu \u00f6nem, iktidar\u0131n sosyal demokrat yap\u0131s\u0131 kadar, i\u00e7inde bar\u0131nd\u0131rd\u0131\u011f\u0131 kad\u0131n bakanlar\u0131n varl\u0131\u011f\u0131na dikkat \u00e7ekilerek, feminist politikalarla gizli\/a\u00e7\u0131k bir yeni bir bar\u0131\u015f\u00e7\u0131l s\u00fcrecin hem Avrupa, hem de k\u00fcresel \u00e7apta uygulamaya ge\u00e7irilebilece\u011fi y\u00f6n\u00fcnde d\u00fc\u015f\u00fcnceleri g\u00fcndeme getiriyor(du).<\/p>\n<p style=\"text-align: justify;\">Oysa, Almanya\u2019da 2021 Eyl\u00fcl\u2019\u00fcndeki se\u00e7imlerin ard\u0131ndan, sosyal demokrat iktidar\u0131 olu\u015fturmaya ba\u015fland\u0131\u011f\u0131 d\u00f6nemde, Do\u011fu Avrupa krizinin varl\u0131\u011f\u0131 bilinmesine ve giderek t\u0131rmanmas\u0131na kar\u015f\u0131n, Almanya\u2019dan beklenen feminist bar\u0131\u015f\u00e7\u0131l politikalar yerine, \u015eans\u00f6lye Olaf Scholz taraf\u0131ndan 27 \u015eubat\u2019ta a\u00e7\u0131klanan, silahlanmay\u0131 \u00f6ncelleyen bir karar\u0131n \u00e7\u0131kmas\u0131 gayet dikkat \u00e7ekicidir.<\/p>\n<p style=\"text-align: justify;\">\u00c7ok k\u0131sa bir s\u00fcre de, al\u0131nan s\u00fcrpriz kararlarla, Almanya\u2019n\u0131n yeniden askeri unsurlar\u0131n\u0131 aktif hale getirmesiyle, Avrupa\u2019da askeri ve siyasi g\u00fc\u00e7 yap\u0131lanmas\u0131n\u0131n ne \u015fekilde seyredece\u011fi konusunun da tart\u0131\u015f\u0131lmas\u0131na yol a\u00e7t\u0131\u011f\u0131na ku\u015fku yok.<\/p>\n<p style=\"text-align: justify;\">Bu durum, 1945\u2019den bu yana ordusu \u201cpasifize edilmi\u015f\u201d Almanya\u2019n\u0131n yan\u0131 ba\u015f\u0131ndaki \u00e7at\u0131\u015fman\u0131n giderek b\u00fcy\u00fcyen tehdidi ve kendi ulusal g\u00fcvenli\u011fini tehdit etmesi kar\u015f\u0131s\u0131nda silahlanmakla kalm\u0131yor, kendi askeri g\u00fcc\u00fcn\u00fc Ukrayna \u00f6rne\u011finde oldu\u011fu gibi, bir ba\u015fka \u00fclkeye ta\u015f\u0131ma olana\u011f\u0131na da kavu\u015fmu\u015f oluyor.<\/p>\n<p style=\"text-align: justify;\"><strong>Sosyal demokrasi ve post-modern politikalar<\/strong><\/p>\n<p style=\"text-align: justify;\">Almanya\u2019da ge\u00e7en y\u0131l 26 Eyl\u00fcl\u2019deki se\u00e7imin ard\u0131ndan uzun g\u00f6r\u00fc\u015fmeler yap\u0131lm\u0131\u015f ve nihayetinde, \u00fc\u00e7 partinin olu\u015fturdu\u011fu ve \u201ctrafik \u0131\u015f\u0131\u011f\u0131\u201d ad\u0131yla an\u0131lan \u00fc\u00e7 partili koalisyon, Aral\u0131k ay\u0131n\u0131n ba\u015flar\u0131nda il\u00e2n edilmi\u015fti.<\/p>\n<p style=\"text-align: justify;\">B\u00f6ylece, 8 Aral\u0131k 2021\u2019de nihayet ger\u00e7ekle\u015fen iktidar de\u011fi\u015fikli\u011fi, hi\u00e7 ku\u015fku yok ki, hem Almanya ve hem de AB i\u00e7in \u00f6nemli bir d\u00f6n\u00fcm noktas\u0131. Buna a\u015fa\u011f\u0131da de\u011finece\u011fim.<\/p>\n<p style=\"text-align: justify;\">Ancak, s\u00f6z konusu iktidar de\u011fi\u015fikli\u011finin Almanya ve AB i\u00e7in ortaya ne getirdi\u011fini hat\u0131rlamakta yarar var. Daha kampanya d\u00f6neminden ba\u015flayarak, muhalefet partilerinin g\u00fcndeme getirdikleri konular bir anlamda, post-modern zamanlar\u0131n ka\u00e7\u0131n\u0131lmaz sorunlar\u0131 ile kar\u015f\u0131 kar\u015f\u0131ya kal\u0131nd\u0131\u011f\u0131n\u0131 ortaya koyuyordu.<\/p>\n<p style=\"text-align: justify;\">Kovid-19 gibi s\u00fcrpriz bir sorunun yan\u0131 s\u0131ra, 20. y\u00fczy\u0131l\u0131n \u00f6zellikle son \u00e7eyre\u011finde giderek kendini hissettiren \u00e7evre ve iklim de\u011fi\u015fikli\u011fi sorunlar\u0131; kapitalizmin kurumsal yap\u0131s\u0131ndan do\u011fan \u00fcst gelir grubu ile alt gelir gruplar\u0131 aras\u0131nda olu\u015fturdu\u011fu \u00e7ok daha b\u00fcy\u00fck e\u015fitsizlik\u00e7ilik durumu; orta s\u0131n\u0131flar\u0131n bir b\u00f6l\u00fcm\u00fcn\u00fc de vuran konut sorunu; \u2018asgari \u00fccretin\u2019 art\u0131r\u0131lmas\u0131 talebi; ya\u015fl\u0131 nesil olgusu vs. yer al\u0131yordu.<\/p>\n<p style=\"text-align: justify;\"><strong>Yeni akt\u00f6rler ve feminist politika olas\u0131l\u0131\u011f\u0131<\/strong><\/p>\n<p style=\"text-align: justify;\">Bu d\u00f6n\u00fcm noktas\u0131n\u0131, Merkel gibi 16 y\u0131l boyunca iktidarda kalm\u0131\u015f bir H\u0131ristiyan Demokrat liderin yerini Sosyal Demokratlar (SPD), Ye\u015filler ve \u00d6zg\u00fcr Demokratlar\u2019\u0131n (<em>Free Democratic Party<\/em>-FDP) olu\u015fturdu\u011fu, sosyal demokrat a\u011f\u0131rl\u0131kl\u0131 bir iktidar\u0131n almas\u0131 ile \u2018de\u011ferler\u2019 ve \u2018alternatif politikalar\u2019 kar\u015f\u0131la\u015ft\u0131rmas\u0131ndan, Avrupa Birli\u011fi\u2019nde bar\u0131\u015f ve istikrar\u0131n temini konusuna kadar geni\u015f bir alanda ele almak m\u00fcmk\u00fcn g\u00f6z\u00fck\u00fcyor.<\/p>\n<p style=\"text-align: justify;\">\u00d6rne\u011fin, bunun ipucu Olaf Scholz taraf\u0131ndan Alman Parlamentosu\u2019nda (<em>Bundestag<\/em>), daha yemin t\u00f6reninde tercihe kalm\u0131\u015f, \u201cTanr\u0131 ad\u0131na\u201d ifadesini kullanmamas\u0131yla ortaya koydu.<\/p>\n<p style=\"text-align: justify;\">Bununla birlikte, uzun bir aradan sonra AB\u2019ye ba\u015fta ekonomi olmak \u00fczere y\u00f6n verme g\u00fcc\u00fcne sahip bir Almanya\u2019da, H\u0131ristiyan Demokratlar\u2019\u0131n yerine Sosyal Demokratlar\u2019\u0131n iktidar\u0131n\u0131n baz\u0131 \u00e7evrelerde, sosyalizmin yeniden dirili\u015fi olarak yorumland\u0131\u011f\u0131na tan\u0131k olunuyor(du).<\/p>\n<p style=\"text-align: justify;\">Bu durum, \u00f6zelikle 2010\u2019lu y\u0131llarda Avrupa K\u0131tas\u0131\u2019ndan Kuzey Amerika\u2019ya de\u011fin sa\u011f ve\/ya a\u015f\u0131r\u0131 sa\u011f partilerin e\u011filimindeki bir Bat\u0131 siyasetinde d\u00f6n\u00fc\u015f\u00fcme yol a\u00e7acak, bir iz olarak da b\u00fcy\u00fck bir iddiaya konu edilmektedir.<\/p>\n<p style=\"text-align: justify;\">Hatta, Almanya \u00f6zelinde ya\u015fanan siyasal iktidar de\u011fi\u015fiminin, s\u0131radan bir iktidar de\u011fi\u015fimi olmad\u0131\u011f\u0131 vurgusu \u00f6ne \u00e7\u0131kart\u0131l\u0131yor.<\/p>\n<p style=\"text-align: justify;\">Bu noktada, mevcut koalisyon iktidar\u0131na ruhunu veren siyasi yap\u0131lar kadar, toplumsal cinsiyet\u00e7i yakla\u015f\u0131m\u0131n siyaset arenas\u0131na nas\u0131l yans\u0131t\u0131ld\u0131\u011f\u0131n\u0131 da a\u00e7\u0131k\u00e7a g\u00f6sterecek \u015fekilde, h\u00fck\u00fcmette d\u0131\u015fi\u015fleri bakanl\u0131\u011f\u0131n\u0131n Ye\u015filler Partisi\u2019n\u0131n kad\u0131n ba\u015fkan\u0131 Annalena Baerbock\u2019a tevdi edilmesinde kendini ortaya koyuyordu.<\/p>\n<p style=\"text-align: justify;\">Ye\u015filleri i\u00e7inde bir di\u011fer kayda de\u011fer politikac\u0131 olarak lanse edilen Robert Habeck\u2019in de, hem Almanya hem de AB i\u00e7in gayet \u00f6nemli olan ekonomi ve iklim de\u011fi\u015fikli\u011fi politikalar\u0131ndan sorumlu bakan olarak atanmas\u0131 h\u00fck\u00fcmet i\u00e7erisinde \u2018kad\u0131n\u2019 olgusunu ve duru\u015funu simgelemesi bak\u0131m\u0131ndan \u00f6nemli. Hi\u00e7 ku\u015fku yok ki, bu tutumun anla\u015f\u0131labilir yanlar\u0131 olmad\u0131\u011f\u0131 s\u00f6ylenemez.<\/p>\n<p style=\"text-align: justify;\"><strong>Sava\u015f s\u00fcreci ve feminist politikalar bi\u00e7ilen rol ikilemi<\/strong><\/p>\n<p style=\"text-align: justify;\">Almanya\u2019da yeni koalisyon h\u00fck\u00fcmetinin kilit bakanl\u0131klar\u0131 ile AB merkez bankas\u0131 ba\u015fkan\u0131n\u0131n kad\u0131n olmalar\u0131ndan ve hatta birbirlerine gayet yak\u0131ndan tan\u0131malar\u0131ndan hareketle, hem AB hem de k\u00fcresel ortamda var olan g\u00fcvenlik ve ekonomi sorunlar\u0131n \u00fcstesinden \u2018kad\u0131n eliyle ve d\u00fc\u015f\u00fcncesiyle\u2019 a\u015f\u0131lmas\u0131n\u0131n olas\u0131l\u0131\u011f\u0131 \u00fczerinde g\u00f6r\u00fc\u015fler g\u00fcndeme gelmi\u015fti.<\/p>\n<p style=\"text-align: justify;\">Ancak aradan fazla bir zaman ge\u00e7meden, 24 \u015eubat\u2019ta Rusya y\u00f6netiminin, \u00f6nce Ukrayna\u2019n\u0131n do\u011fusunda Donetsk and Luhansk\u2019da destekledi\u011fi ayr\u0131l\u0131k\u00e7\u0131lar\u0131n Ukrayna\u2019dan ba\u011f\u0131ms\u0131zl\u0131\u011f\u0131n\u0131 sa\u011flamas\u0131n\u0131n ve desteklemesinin ard\u0131ndan Ukrayna\u2019y\u0131 i\u015fgali ile kar\u015f\u0131 kar\u015f\u0131ya kal\u0131nd\u0131.<\/p>\n<p style=\"text-align: justify;\">Bu durum, her ne kadar ABD \u00f6nc\u00fcl\u00fc\u011f\u00fcnde NATO taraf\u0131ndan \u00f6n\u00fc al\u0131nmaya \u00e7al\u0131\u015f\u0131lm\u0131\u015f ve s\u00fcre\u00e7te Rusya\u2019n\u0131n kar\u015f\u0131s\u0131nda s\u00fcrekli \u00e7\u0131km\u0131\u015f olsa da, asl\u0131nda tehlike daha \u00e7ok b\u00fct\u00fcn bir Avrupa yani, Avrupa Birli\u011fi i\u00e7in ge\u00e7erlilik ta\u015f\u0131yor.<\/p>\n<p style=\"text-align: justify;\">Feminist\/sosyalist sath\u0131ndan meseleye bakarak Almanya, AB ve hatta k\u00fcresel \u00f6l\u00e7ekte ya\u015fanan g\u00fcvenlik, ekonomi ve \u00e7evre sorunlar\u0131n\u0131n \u00e7\u00f6z\u00fcm\u00fcn\u00fcn m\u00fcmk\u00fcn olabilece\u011fi s\u00f6yleminin bug\u00fcn sava\u015f krizi engeline tak\u0131ld\u0131\u011f\u0131 gayet a\u00e7\u0131k se\u00e7ik ortada.<\/p>\n<p style=\"text-align: justify;\">Almanya\u2019da se\u00e7imlerin yap\u0131ld\u0131\u011f\u0131 Eyl\u00fcl ay\u0131 ve ard\u0131ndan iktidar\u0131n nas\u0131l belirlenece\u011fi sorununun konu\u015fuldu\u011fu Kas\u0131m ay\u0131nda Rusya-Ukrayna aras\u0131nda kriz g\u00fcndeme \u00e7oktan gelmi\u015fti. Ya da asl\u0131nda zaten, 2014\u2019den sonraki s\u00fcre\u00e7te b\u00f6ylesi bir krizin gizli-a\u00e7\u0131k varl\u0131\u011f\u0131 Alman siyasetinde yak\u0131ndan hissediliyor ve takip ediliyor olsa gerektir.<\/p>\n<p style=\"text-align: justify;\">Bununla birlikte, s\u00f6z konusu kriz \u00e7er\u00e7evesinde uluslararas\u0131 \u00e7abalar\u0131n ABD\u2019den \u00c7in\u2019e kadar uzanan boyutlar\u0131 s\u00f6z konusu olsa da, Almanya\u2019da \u00f6zellikle feministlerin bar\u0131\u015f tezlerini veya potansiyel politikalar\u0131n\u0131 do\u011frulatacak ciddi bir giri\u015fimin olup olmad\u0131\u011f\u0131 ya da en az\u0131ndan varsa bile, uluslararas\u0131 medyaya d\u00fc\u015fmedi\u011fi g\u00f6r\u00fcl\u00fcyor.<\/p>\n<p style=\"text-align: justify;\">Belki istisnai olarak, Rusya\u2019n\u0131n Ukrayna i\u015fgalinden \u00fc\u00e7 g\u00fcn sonra Alman d\u0131\u015fi\u015fleri bakan\u0131 Annalena Baerbock\u2019un \u00c7in d\u0131\u015fi\u015fleri bakan\u0131 Wang Yi\u2019yle telefon konu\u015fmas\u0131nda, \u00c7in y\u00f6netimine ya\u015fananlar kar\u015f\u0131s\u0131nda \u201c\u00f6zel sorumlulu\u011fu\u201dnu hat\u0131rlatmas\u0131 oldu.<\/p>\n<p style=\"text-align: justify;\">Bununla birlikte, kom\u00fcnist \u00c7in y\u00f6netiminin Do\u011fu Avrupa krizinde -uluslararas\u0131 yasalara ayk\u0131r\u0131l\u0131k iddias\u0131yla- yapt\u0131r\u0131mlara kar\u015f\u0131 \u00e7\u0131karken, Alman sosyal demokrat iktidar\u0131n yapt\u0131r\u0131mlarla soruna kar\u015f\u0131l\u0131k vermesi aras\u0131nda gayet \u00f6nemli bir fark oldu\u011fu g\u00f6zlerden ka\u00e7m\u0131yor. Bu durum bile, asl\u0131nda Alman Ye\u015filler\u2019in \u00c7in y\u00f6netimine y\u00f6nelik ciddi ele\u015ftirileri olaca\u011f\u0131 y\u00f6n\u00fcndeki \u00f6n kanaatin yerini, \u00c7in\u2019in Alman h\u00fck\u00fcmetine ders vermesi \u015feklinde bile anla\u015f\u0131lmas\u0131na imk\u00e2n tan\u0131yor.<\/p>\n<p style=\"text-align: justify;\">\u00d6te yandan, Do\u011fu Avrupa krizi derinle\u015fmeye y\u00fcz tuttuk\u00e7a Almanya\u2019n\u0131n sosyal demokrat a\u011f\u0131rl\u0131kl\u0131 koalisyon iktidar\u0131, ABD\u2019nin takviye askeri g\u00fc\u00e7lerine ev sahipli\u011fi yapan \u00fclkeler aras\u0131na girdi. \u00dcst\u00fcne \u00fcstl\u00fck, 2. D\u00fcnya Sava\u015f\u0131\u2019ndan sonra Almanya\u2019da ya\u015fanan en \u00f6nemli askeri ve savunma alan\u0131ndaki geli\u015fme olarak \u015eans\u00f6yle Scholz\u2019un ald\u0131\u011f\u0131 ulusal ordunun g\u00fc\u00e7lendirilmesi ve askeri te\u00e7hizat ihrac\u0131 karar\u0131, en az Putin\u2019in Ukrayna\u2019y\u0131 istilas\u0131 kadar pek \u00e7ok \u00e7evreyi \u015fa\u015f\u0131rtt\u0131\u011f\u0131n\u0131 s\u00f6yleyebiliriz.<\/p>\n<p style=\"text-align: justify;\">Bu durum, bar\u0131\u015f g\u00fcden ve mevcut iktidarla bar\u0131\u015fa y\u00f6nelimli bir Almanya yerine, sadece ulusal g\u00fcvenli\u011fini d\u00fc\u015f\u00fcnmekle kalmayan, ayn\u0131 zamanda AB g\u00fcvenli\u011fini de i\u00e7erecek bir askeri a\u00e7\u0131l\u0131m\u0131 yapmak zorunda kalan ve -belki de b\u00f6ylece bar\u0131\u015fa hizmet edebilece\u011fini d\u00fc\u015f\u00fcnen- bir Almanya\u2019ya terk etmi\u015f durumda.<\/p>\n<p style=\"text-align: justify;\"><strong>Feminizm ve politik egemen g\u00fc\u00e7<\/strong><\/p>\n<p style=\"text-align: justify;\">Almanya\u2019da ya\u015fanan iktidar de\u011fi\u015fikli\u011finin AB b\u00fcnyesinde ve k\u00fcresel \u00e7apta g\u00fcvenlik ve ekonomi sorunlar\u0131na \u00e7\u00f6z\u00fcm aray\u0131\u015f\u0131nda feminist siyasi akt\u00f6rlerin \u00f6nemli katk\u0131lar\u0131yla \u00e7\u00f6z\u00fcme kavu\u015fturulabilece\u011fi d\u00fc\u015f\u00fcncesi \u015fu ana kadar kendine bir ger\u00e7eklik bulabilmi\u015f de\u011fil.<\/p>\n<p style=\"text-align: justify;\">Bununla birlikte, s\u00f6z konusu bu feminist\/sosyalist s\u00f6ylemin sanki Almanya\u2019da, Avrupa\u2019da t\u00fcm\u00fcyle belirsizlikler ve \u00e7\u00f6z\u00fcms\u00fczl\u00fckler varm\u0131\u015f gibi bir alg\u0131n\u0131n olu\u015fturulmaya \u00e7al\u0131\u015f\u0131lmas\u0131 da kayda de\u011fer bir yanl\u0131\u015fl\u0131k olarak ortada duruyor.<\/p>\n<p style=\"text-align: justify;\">En az\u0131ndan, son on alt\u0131 y\u0131ld\u0131r Almanya\u2019y\u0131 ve Brexit s\u00fcrecinde de AB\u2019yi y\u00f6netmeye aday \u00fclke Almanya\u2019n\u0131n ba\u015f\u0131nda bir kad\u0131n \u015eans\u00f6lye\u2019nin (<em>Chancelor<\/em>) bulundu\u011fu unutulmamal\u0131d\u0131r. Ki, bu kad\u0131n politikac\u0131 yani Merkel, 2004-2014 d\u00f6nemi AB komisyonu ba\u015fkan\u0131 Joe Manuel Barroso taraf\u0131ndan Avrupa\u2019n\u0131n en etkili ulusal lideri olarak adland\u0131r\u0131l\u0131yordu.<\/p>\n<p style=\"text-align: justify;\">Feminist\/sosyalist blo\u011fun medyadaki s\u00f6zc\u00fclerinin H\u0131ristiyan Demokrat Parti \u00fcyesi olmas\u0131 nedeniyle Merkel\u2019i d\u0131\u015flama gibi bir konumda iseler, bu ba\u015fl\u0131 ba\u015f\u0131na bir sorun demektir.<\/p>\n<p style=\"text-align: justify;\">Bir ba\u015fka \u00f6rne\u011fi, yine Almanya\u2019n\u0131n ve Avrupa\u2019n\u0131n yak\u0131n tarihinden vermek m\u00fcmk\u00fcn. 1980\u2019li y\u0131llar\u0131n ikinci yar\u0131s\u0131ndan itibaren, Sovyet Sosyalist Cumhuriyetler Birli\u011fi\u2019nin (<em>Union of Soviet Socialst Republic<\/em> -USSR) \u00e7\u00f6kme s\u00fcrecinin sembol\u00fc iki Almanya\u2019y\u0131 yani, Do\u011fu ve Bat\u0131 Almanya\u2019y\u0131 ay\u0131ran Berlin duvar\u0131n\u0131n y\u0131k\u0131m\u0131yla ger\u00e7ekle\u015fen birle\u015fmedir.<\/p>\n<p style=\"text-align: justify;\">Bu birle\u015fme, 1870\u2019lerden itibaren Alman birli\u011finin tesisi kadar \u00f6nemli bir siyasi geli\u015fmedir. S\u00f6z konusu bu birle\u015fmenin ard\u0131ndaki isim ise yine, H\u0131ristiyan Demokrat Parti\u2019nin ba\u015f\u0131nda bulunan ve d\u00f6nemin \u015eans\u00f6lyesi ve uzun d\u00f6nem ba\u015fbakanl\u0131k yapm\u0131\u015f olan (1982-1998) Helmuth Kohl\u2019d\u00fc.<\/p>\n<p style=\"text-align: justify;\">Almanya\u2019da yak\u0131n siyasi d\u00f6neme bak\u0131ld\u0131\u011f\u0131nda 1980\u2019lerden bug\u00fcne de\u011fin -birka\u00e7 y\u0131ll\u0131k d\u00f6nem hari\u00e7 olmak \u00fczere- iktidar yap\u0131s\u0131 ile hem Almanya i\u00e7 siyaseti hem de AB ili\u015fkilerinde sergilenen siyaset yapma bi\u00e7iminin belirli alanlarda getirdi\u011fi kazan\u0131mlar ortada.<\/p>\n<p style=\"text-align: justify;\">Bug\u00fcn iktidar olan sosyal demokratlar\u0131n ve bu iktidar ayg\u0131t\u0131n\u0131n i\u00e7inde yer alan feminist politika temsilcilerinin ve destek\u00e7ilerinin s\u00f6ylem yerine eylemle ba\u015far\u0131lar\u0131 ortaya koymalar\u0131 gerekmektedir. Bu y\u00f6nde, bug\u00fcn ortaya konulacak politikalar ise Do\u011fu Avrupa krizinin bar\u0131\u015f\u00e7\u0131l bir s\u00fcrece kavu\u015fturulmas\u0131 olacakt\u0131r.<\/p>\n","protected":false},"excerpt":{"rendered":"<p>Mehmet \u00d6zay\u00a0 \u00a0 \u00a0 \u00a0 \u00a0 \u00a0 \u00a0 \u00a0 \u00a0 \u00a0 \u00a0 \u00a0 \u00a0 \u00a0 \u00a0 \u00a0 \u00a0 \u00a0 \u00a0 \u00a0 \u00a0 \u00a0 \u00a0 \u00a0 \u00a0 \u00a0 \u00a0 \u00a0 \u00a0 \u00a0 \u00a0 \u00a0 \u00a0 \u00a0 \u00a0 \u00a0 \u00a0 \u00a0 \u00a0 \u00a0 \u00a0 \u00a0 \u00a0 \u00a0 \u00a0 \u00a0 \u00a0 18.03.2022 Almanya\u2019da sosyal demokratlar\u0131n \u00f6nc\u00fcl\u00fc\u011f\u00fcnde kurulan ve [&hellip;]<\/p>\n","protected":false},"author":1,"featured_media":4453,"comment_status":"open","ping_status":"open","sticky":false,"template":"","format":"standard","meta":{"footnotes":""},"categories":[9,6],"tags":[],"class_list":["post-4452","post","type-post","status-publish","format-standard","has-post-thumbnail","hentry","category-asya-pasifik","category-gunluk-yazilar"],"_links":{"self":[{"href":"https:\/\/guneydoguasyacalismalari.com\/tr_tr\/wp-json\/wp\/v2\/posts\/4452","targetHints":{"allow":["GET"]}}],"collection":[{"href":"https:\/\/guneydoguasyacalismalari.com\/tr_tr\/wp-json\/wp\/v2\/posts"}],"about":[{"href":"https:\/\/guneydoguasyacalismalari.com\/tr_tr\/wp-json\/wp\/v2\/types\/post"}],"author":[{"embeddable":true,"href":"https:\/\/guneydoguasyacalismalari.com\/tr_tr\/wp-json\/wp\/v2\/users\/1"}],"replies":[{"embeddable":true,"href":"https:\/\/guneydoguasyacalismalari.com\/tr_tr\/wp-json\/wp\/v2\/comments?post=4452"}],"version-history":[{"count":1,"href":"https:\/\/guneydoguasyacalismalari.com\/tr_tr\/wp-json\/wp\/v2\/posts\/4452\/revisions"}],"predecessor-version":[{"id":4454,"href":"https:\/\/guneydoguasyacalismalari.com\/tr_tr\/wp-json\/wp\/v2\/posts\/4452\/revisions\/4454"}],"wp:featuredmedia":[{"embeddable":true,"href":"https:\/\/guneydoguasyacalismalari.com\/tr_tr\/wp-json\/wp\/v2\/media\/4453"}],"wp:attachment":[{"href":"https:\/\/guneydoguasyacalismalari.com\/tr_tr\/wp-json\/wp\/v2\/media?parent=4452"}],"wp:term":[{"taxonomy":"category","embeddable":true,"href":"https:\/\/guneydoguasyacalismalari.com\/tr_tr\/wp-json\/wp\/v2\/categories?post=4452"},{"taxonomy":"post_tag","embeddable":true,"href":"https:\/\/guneydoguasyacalismalari.com\/tr_tr\/wp-json\/wp\/v2\/tags?post=4452"}],"curies":[{"name":"wp","href":"https:\/\/api.w.org\/{rel}","templated":true}]}}