{"id":4423,"date":"2022-03-05T18:22:25","date_gmt":"2022-03-05T18:22:25","guid":{"rendered":"http:\/\/guneydoguasyacalismalari.com\/?p=4423"},"modified":"2022-03-05T18:22:25","modified_gmt":"2022-03-05T18:22:25","slug":"ace-kampung-pandede-islam-kultur-mirasina-tehdit-islamic-heritage-in-kampung-pande-aceh-under-serious-threat","status":"publish","type":"post","link":"https:\/\/guneydoguasyacalismalari.com\/tr_tr\/ace-kampung-pandede-islam-kultur-mirasina-tehdit-islamic-heritage-in-kampung-pande-aceh-under-serious-threat\/","title":{"rendered":"A\u00e7e Kampung Pande\u2019de \u0130slam k\u00fclt\u00fcr miras\u0131na tehdit \/ Islamic heritage in Kampung Pande, Aceh under serious threat"},"content":{"rendered":"<p><strong>Mehmet \u00d6zay\u00a0 \u00a0 \u00a0 \u00a0 \u00a0 \u00a0 \u00a0 \u00a0 \u00a0 \u00a0 \u00a0 \u00a0 \u00a0 \u00a0 \u00a0 \u00a0 \u00a0 \u00a0 \u00a0 \u00a0 \u00a0 \u00a0 \u00a0 \u00a0 \u00a0 \u00a0 \u00a0 \u00a0 \u00a0 \u00a0 \u00a0 \u00a0 \u00a0 \u00a0 \u00a0 \u00a0 \u00a0 \u00a0 \u00a0 \u00a0 \u00a0 \u00a0 \u00a0 \u00a0 \u00a0 \u00a0 \u00a0 04.03.2022<\/strong><\/p>\n<p style=\"text-align: justify;\">\u0130slam tarih ve co\u011frafyas\u0131n\u0131n \u00f6nemli ancak, baz\u0131 kesimlerce g\u00f6z ard\u0131 edilmi\u015f ve edilmeye devam eden Malay Tak\u0131madalar\u0131 veya <em>Nusantara<\/em> ya da geni\u015f anlam\u0131yla Malay co\u011frafyas\u0131 ad\u0131n\u0131 verdi\u011fimiz b\u00f6lgenin, erken d\u00f6nem k\u00fclt\u00fcrel varl\u0131klar\u0131na sahip Kampung Pande\u2019de yakla\u015f\u0131k son on y\u0131lda ya\u015fanan baz\u0131 geli\u015fmeler dikkat \u00e7ekicidir.<\/p>\n<p style=\"text-align: justify;\">G\u00fcn\u00fcm\u00fczde Endonezya Cumhuriyeti\u2019ne ba\u011fl\u0131 A\u00e7e Eyaleti ba\u015fkentinde kadim yerle\u015fim yerlerinden <em>Kampung Pande<\/em>\u2019de \u00e7\u00f6p ar\u0131tma tesisinin in\u015fas\u0131 s\u00fcreciyle g\u00fcndeme gelen tarih ve k\u00fclt\u00fcr y\u0131k\u0131m\u0131n\u0131n resmi \u00e7evreler taraf\u0131ndan yap\u0131lmas\u0131 sadece A\u00e7eliler i\u00e7in de\u011fil, b\u00fct\u00fcn bir Malay d\u00fcnyas\u0131 i\u00e7in \u00fcz\u00fcnt\u00fc verici oldu\u011funu s\u00f6ylemek gerekir.<\/p>\n<p style=\"text-align: justify;\">Bug\u00fcn Banda A\u00e7e belediye ba\u015fkan\u0131 olan -eski A\u00e7e Bankas\u0131 genel m\u00fcd\u00fcr\u00fc- Mawardi Usman, Kampung Pande\u2019de \u00e7\u00f6p toplama ve ar\u0131tma tesisinin (<em>Instalasi Pengolahan Air Limbah<\/em>-IPAL) yap\u0131lmas\u0131nda kararl\u0131 olduklar\u0131n\u0131 a\u00e7\u0131klamas\u0131, b\u00f6lge sakinlerinin yan\u0131 s\u0131ra, akademi ve ilgili sivil toplum kurulu\u015flar\u0131n\u0131n tepkisini \u00e7ekiyor.<\/p>\n<p style=\"text-align: justify;\"><strong>B\u00f6lge halk\u0131 projeye kar\u015f\u0131<\/strong><\/p>\n<p style=\"text-align: justify;\">10 \u015eubat 2022 tarihinde Kampung Pande\u2019de yap\u0131lan bir toplant\u0131da s\u00f6z konusu geli\u015fmeyle ilgili kamuoyu bilgilendirilirken, \u015fehir yerel y\u00f6netimine de a\u00e7\u0131k bir mesaj verildi. K\u00f6y muhtar\u0131 Fiscia Erjiansyah ile \u201cKampung Pande Tarihi Alan\u0131 Koruma Birli\u011fi ba\u015fkan\u0131\u201d (<em>Community Forum for the Rescue of Gampong Historical Sites Pande<\/em>-FORMASIGAPA) Ahmad Nawawi yapt\u0131klar\u0131 a\u00e7\u0131klamalarda, b\u00f6lgedeki tarihi varl\u0131klar\u0131 korunmas\u0131 amac\u0131yla s\u00f6z konusu IPAL projesine son verilmesi \u00e7a\u011fr\u0131s\u0131nda bulundu.<\/p>\n<p style=\"text-align: justify;\">Yap\u0131lan a\u00e7\u0131klamalarda, s\u00f6z konusu projenin y\u00fcksek sesle dile getirilmeye ba\u015fland\u0131\u011f\u0131 2015 y\u0131l\u0131ndan bu yana, Banda A\u00e7e belediyesinden yetkililerin, b\u00f6lgeye gelerek muhtarl\u0131kla veya b\u00f6lge sakinleriyle g\u00f6r\u00fc\u015fmedi\u011fine vurgu yap\u0131yorlar.<\/p>\n<p style=\"text-align: justify;\">\u00d6te yandan bu s\u00fcre\u00e7te, b\u00f6lgede \u00e7al\u0131\u015fmalar s\u00fcrerken, k\u00f6y muhtarl\u0131\u011f\u0131 taraf\u0131ndan 6 Eyl\u00fcl 2017 tarihinde Banda A\u00e7e belediye ba\u015fkanl\u0131\u011f\u0131 ile \u015fehir belediye meclisine g\u00f6nderilen 400\/29\/2017 say\u0131l\u0131 yaz\u0131 ile k\u00fclt\u00fcr varl\u0131klar\u0131n\u0131n b\u00f6lgedeki varl\u0131\u011f\u0131 a\u00e7\u0131k bir \u015fekilde dile getirilerek gerekli d\u00fczenlemelerin yap\u0131lmas\u0131 talep edildi.<\/p>\n<p style=\"text-align: justify;\">Kampung Pande\u2019de ki bu in\u015fa faaliyeti K\u00fclt\u00fcrel Varl\u0131klar\u0131n Korunmas\u0131\u2019yla (<em>UU Nomor 11 Tahun 2010 Tentang Cagar Budaya<\/em>) ilgili 2010 y\u0131l\u0131nda kabul edilen 11 No\u2019lu yasaya tezat te\u015fkil etmektedir. Ayr\u0131ca, 2017 y\u0131l\u0131 Kas\u0131m ay\u0131nda, d\u00f6nemin A\u00e7e Valisi \u0130rwandi Yusuf s\u00f6z konusu projenin durdurularak ba\u015fka bir b\u00f6lgeye ta\u015f\u0131nmas\u0131n\u0131 istemi\u015ftir.<\/p>\n<p style=\"text-align: justify;\">Ge\u00e7ti\u011fimiz y\u0131l yani 14 Mart 2021 tarihinde muhtarl\u0131k ve sivil toplum giri\u015fimiyle b\u00f6lge halk\u0131yla yap\u0131lan g\u00f6r\u00fc\u015fmelerde imza kampanyas\u0131 d\u00fczenlenmi\u015f ve proje y\u00fcr\u00fct\u00fcc\u00fcs\u00fc Kamu \u00c7al\u0131\u015fmalar\u0131 ve Emlak Bakanl\u0131\u011f\u0131\u2019na ba\u011fl\u0131 <em>Cipta Karya<\/em> m\u00fcd\u00fcrl\u00fc\u011f\u00fc\u2019ne ve Banda A\u00e7e belediye ba\u015fkanl\u0131\u011f\u0131na g\u00f6nderilen 001\/GP-F\/III\/2021 say\u0131l\u0131 mektupla projenin durdurulmas\u0131 talep edildi.<\/p>\n<p style=\"text-align: justify;\">Bahse konu olan geli\u015fmeyle ilgili daha \u00f6nce de bir yaz\u0131 kaleme alm\u0131\u015f ve geli\u015fmelere dikkat \u00e7ekmi\u015ftik. S\u00f6z konusu geli\u015fme, 2015 y\u0131l\u0131ndan ba\u015flayarak Banda A\u00e7e belediye ba\u015fkanl\u0131\u011f\u0131nca al\u0131nan karar \u00fczerine Kampung Pande s\u0131n\u0131rlar\u0131 i\u00e7erisinde sahile en yak\u0131n noktada ve tarihi A\u00e7e liman\u0131 olarak kabul edilen b\u00f6lgenin kar\u015f\u0131 noktas\u0131nda, bir \u00e7\u00f6p toplama ve ar\u0131tma merkezi in\u015fas\u0131yla ilgilidir.<\/p>\n<p style=\"text-align: justify;\"><strong>Ni\u00e7in Pande?<\/strong><\/p>\n<p style=\"text-align: justify;\">Buran\u0131n \u00e7\u00f6p toplama ve ar\u0131tma merkezi olarak se\u00e7ilmesinin baz\u0131 nedenleri oldu\u011funu d\u00fc\u015f\u00fcnmek m\u00fcmk\u00fcn. Bu noktada \u00f6rne\u011fin, 26 Aral\u0131k 2004 tarihinde deprem ve tsunaminin ard\u0131ndan, Kampung Pande\u2019ye kom\u015fu Kampung Palanggahan \u00e7\u00f6p toplama merkezi olarak belirlenmi\u015f olmas\u0131 ve aradan ge\u00e7en s\u00fcre zarf\u0131nda ar\u0131tma merkezinin de, ayn\u0131 b\u00f6lgede in\u015fas\u0131 s\u00f6z konusu olmu\u015ftur.<\/p>\n<p style=\"text-align: justify;\">Tsunaminin ard\u0131ndan, ba\u015fkentin \u00e7\u00f6p toplama istasyonlar\u0131n\u0131n \u015fehrin d\u0131\u015f\u0131nda bir yerden ziyade, sahile yak\u0131n bir noktada tercih edilmesinin o d\u00f6nem i\u00e7in pratik ve pragmatik bir \u00e7\u00f6z\u00fcm olarak g\u00fcndeme geldi\u011fi d\u00fc\u015f\u00fcn\u00fclebilir.<\/p>\n<p style=\"text-align: justify;\">Bununla birlikte, s\u00f6z konusu bu ge\u00e7icilik d\u00fc\u015f\u00fcncesinin bu b\u00f6lgede kal\u0131c\u0131 bir \u00e7\u00f6p toplama merkezine d\u00f6n\u00fc\u015fmesi, b\u00f6lgedeki tarihi ve k\u00fclt\u00fcrel varl\u0131klar\u0131n korunmas\u0131 a\u00e7\u0131s\u0131ndan b\u00fcy\u00fck bir tehdit i\u00e7eriyor.<\/p>\n<p style=\"text-align: justify;\">Bug\u00fcne kadar b\u00f6lgede y\u00fczey ve su alt\u0131 arkeolojisi gibi \u00e7al\u0131\u015fmalar yap\u0131lmam\u0131\u015f olmakla birlikte, geni\u015f bir alan\u0131 i\u00e7ine alan Kampung Pande\u2019de \u00e7\u00f6p toplama alan\u0131 olarak d\u00fc\u015f\u00fcn\u00fclen b\u00f6lgenin d\u0131\u015f\u0131nda, k\u00f6y\u00fcn merkezi b\u00f6lgesinde yer alan \u00fc\u00e7 farkl\u0131 noktadaki mezarl\u0131k ile sahile yak\u0131n b\u00f6lgedeki eski bir yerle\u015fim alan\u0131 bu b\u00f6lgenin \u00f6nemini yeterince ortaya koymaktad\u0131r.<\/p>\n<p style=\"text-align: justify;\">T\u0131pk\u0131 Kampung Pande gibi tarihte \u00f6nemli roller oynam\u0131\u015f ve s\u00fcrekli yerle\u015fim yerleri olarak dikkat \u00e7eken Gampong Jawa, Gampung Palanggahan ve Mereuxa ile \u00e7evrili olan bu b\u00f6lgede ba\u015fta Banda A\u00e7e belediyesi, eyaletteki ilgili kurumlar, Endonezya merkezi y\u00f6netiminde k\u00fclt\u00fcr ve tarih konusunda \u00e7al\u0131\u015fmalar yapan bakanl\u0131klar ve m\u00fcd\u00fcrl\u00fckler ile \u0130slam \u0130\u015fbirli\u011fi Te\u015fkilat\u0131\u2019n\u0131n k\u00fclt\u00fcr ve tarihi varl\u0131klarla ilgili birimlerinin bu b\u00f6lgede y\u00fczey ve deniz arkeolojisi \u00e7al\u0131\u015fmalar\u0131 gibi kapsaml\u0131 \u00e7al\u0131\u015fmalar yapmalar\u0131 gerekirken, bug\u00fcn Kampung Pande var olan de\u011ferlerini kaybetmekle kar\u015f\u0131 kar\u015f\u0131ya.<\/p>\n<p style=\"text-align: justify;\"><strong>Kampung Pande\u2019nin \u00f6nemi<\/strong><\/p>\n<p style=\"text-align: justify;\">Ba\u015fkent Banda A\u00e7e s\u0131n\u0131rlar\u0131 i\u00e7indeki Kampung Pande, buraya yakla\u015f\u0131k 30 km. mesafedeki Lamuri\u2019den sonraki belki de M\u00fcsl\u00fcman toplumun olu\u015fmaya ba\u015flad\u0131\u011f\u0131 ilk yerle\u015fim yerlerinden biri olarak biliniyor.<\/p>\n<p style=\"text-align: justify;\">Belki de diyoruz, \u00e7\u00fcnk\u00fc kapsaml\u0131 ara\u015ft\u0131rmalar\u0131n \u00f6zellikle, y\u00fczey ve deniz arkeolojisinin b\u00f6lgenin neredeyse hi\u00e7bir b\u00f6lgesinde yap\u0131lmam\u0131\u015f olmas\u0131n\u0131n getirdi\u011fi kesinliklerden uzak bir durum s\u00f6z konusudur.<\/p>\n<p style=\"text-align: justify;\">Bunun anlam\u0131, Sumatra Adas\u0131\u2019n\u0131n bir yandan, mil\u00e2ttan \u00f6nce \u00c7in-Hindistan ile \u00f6te yandan, \u0130slam \u00f6ncesi d\u00f6nemde Arap, Farsi ve Hind k\u00f6kenli denizci ve t\u00fcccarlar\u0131n Hint Okyanusu \u00fczerindeki g\u00fczerg\u00e2hlar\u0131n\u0131n ve faaliyetlerinin ortas\u0131nda yer almas\u0131, yerle\u015fik toplum bir ba\u015fka deyi\u015fle site \u015fehir yap\u0131lar\u0131n\u0131n varl\u0131\u011f\u0131n\u0131n, Ada\u2019n\u0131n farkl\u0131 b\u00f6lgelerinde ayn\u0131 d\u00f6nemde veya yak\u0131n d\u00f6nemlerde \u0130slamla\u015fmaya imk\u00e2n tan\u0131m\u0131\u015f oldu\u011fu y\u00f6n\u00fcndedir.<\/p>\n<p style=\"text-align: justify;\">Bu noktada, elde kayda de\u011fer yaz\u0131l\u0131 kayna\u011f\u0131n olmamas\u0131na ra\u011fmen, di\u011fer baz\u0131 fakt\u00f6rler dikkate al\u0131nd\u0131\u011f\u0131nda, b\u00f6lgenin Hicri asr\u0131n ilk birka\u00e7 y\u00fczy\u0131ll\u0131k b\u00f6l\u00fcm\u00fcnde tedrici olarak M\u00fcsl\u00fcman gruplar\u0131n \u00f6zellikle, Sumatra Adas\u0131\u2019n\u0131n baz\u0131 b\u00f6lgelerine ula\u015ft\u0131klar\u0131n\u0131 ortaya koymaktad\u0131r.<\/p>\n<p style=\"text-align: justify;\">S\u00f6z konusu bu dini-toplumsal de\u011fi\u015fimin ba\u015fat bir nitelik kazanmas\u0131n\u0131n ise, verili baz\u0131 kaynaklardan hareketle, Hicri d\u00f6rt ve\/ya be\u015finci y\u00fczy\u0131llarda g\u00fcndeme geldi\u011fi anla\u015f\u0131lmaktad\u0131r. Yukar\u0131da dikkat \u00e7ekti\u011fimiz <em>Kampung Pande<\/em> vakas\u0131n\u0131 i\u015fte tam da, bu tarihsel s\u00fcre\u00e7le birlikte de\u011ferlendirmek gerekmektedir. Bu noktada, \u015fehrin ilk olarak mil\u00e2di 13. y\u00fczy\u0131l\u0131n hemen ba\u015flar\u0131nda bu b\u00f6lgede kurulmas\u0131 uzun bir tarihsel birikimi ve bu s\u00fcre\u00e7te ortaya \u00e7\u0131kan yap\u0131lar\u0131n \u00f6nemine i\u015faret ediyor.<\/p>\n<p style=\"text-align: justify;\"><strong>Uluslararas\u0131 destek ve koruma <\/strong><\/p>\n<p style=\"text-align: justify;\">Ba\u015fkent Banda A\u00e7e ve etraf\u0131n\u0131 \u00e7evreleyen Aceh Besar b\u00f6lgesinde gayet \u00f6nemli tarih ve k\u00fclt\u00fcr varl\u0131klar\u0131n\u0131n bulundu\u011fu \u00e7ok \u00f6nceden beri bilinen bir ger\u00e7ek. \u00d6zellikle tsunaminin ard\u0131ndan b\u00f6lgede faaliyette bulunan baz\u0131 Avrupal\u0131 sivil toplum kurulu\u015flar\u0131, akademisyenler ve ara\u015ft\u0131rmac\u0131lar bu mek\u00e2nlara y\u00f6nelik ara\u015ft\u0131rmalar\u0131n\u0131 ger\u00e7ekle\u015ftirirken, bunun s\u0131n\u0131rl\u0131 bir \u00e7abaya tekab\u00fcl ediyordu.<\/p>\n<p style=\"text-align: justify;\">Bununla birlikte, ne tsunamiden hemen sonra ne de ilerleyen y\u0131llarda T\u00fcrkiye\u2019den veya bir ba\u015fka halk\u0131n\u0131n \u00e7o\u011funlu\u011fu M\u00fcsl\u00fcman olan bir \u00fclkenin yukar\u0131da dikkat \u00e7ekilen tarihsel ve k\u00fclt\u00fcrel de\u011ferlere y\u00f6nelik \u00e7al\u0131\u015fma yapmam\u0131\u015f olmas\u0131 da gayet ilgin\u00e7. Nihayetinde ortada, \u00f6ncelikle Endonezya devleti olmak \u00fczere ancak, bununla s\u0131n\u0131rl\u0131 olmayan ve geni\u015f anlamda \u0130slam k\u00fclt\u00fcr ve tarih varl\u0131klar\u0131n\u0131n ger\u00e7e\u011finin bug\u00fcne kadar dikkate al\u0131nmas\u0131 gerekirdi.<\/p>\n<p style=\"text-align: justify;\">O d\u00f6nemlerde gerek \u0130slam \u0130\u015fbirli\u011fi Te\u015fkilat\u0131 (OIC) b\u00fcnyesindeki baz\u0131 alt kurumlar ve T\u00fcrkiye\u2019den baz\u0131 kurumlar nezdinde giri\u015fimlerde bulunulmas\u0131na ve bu konuda baz\u0131 raporlar payla\u015f\u0131lman\u0131na ra\u011fmen, A\u00e7e\u2019de ne Banda A\u00e7e ve Aceh Besar ne de bir ba\u015fka b\u00f6lgede s\u00f6z konusu bu tarihi varl\u0131klar\u0131n korunmas\u0131na dair ad\u0131m at\u0131labildi.<\/p>\n<p style=\"text-align: justify;\">Daha 2005 y\u0131l\u0131nda, yani tsunaminin sadece aylar sonra b\u00f6lgeden gelen taleplerin bug\u00fcne kadar dikkate al\u0131n\/a\/mam\u0131\u015f olmas\u0131 gayet \u00fcz\u00fcnt\u00fc vericidir. \u00d6rne\u011fin, Kampung Pande\u2019deli ancak, A\u00e7e\u2019nin ve Endonezya\u2019n\u0131n ba\u015fkent Cakarta ve Bandung gibi farkl\u0131 yerlerinde ya\u015fayan akademisyen ve entellekt\u00fcellerin bu b\u00f6lgede kl\u00e2sik bir cami k\u00fclliyesi talebi maalesef de\u011ferlendirilemedi.<\/p>\n<p style=\"text-align: justify;\">Oysa, hem \u0130slam toplumunun b\u00f6lgedeki ilk yerle\u015fim yerlerinden biri olarak uzun bir tarihi ge\u00e7mi\u015fe ev sahipli\u011fi yapan, hem de klasik d\u00f6nem A\u00e7e Dar\u00fcsselam Sultanl\u0131\u011f\u0131\u2019na ba\u011fl\u0131 bir b\u00f6lge olarak, ba\u015fta alt\u0131n ve g\u00fcm\u00fc\u015f i\u015f\u00e7ili\u011fi gibi zanaatk\u00e2rl\u0131\u011f\u0131n ye\u015ferdi\u011fi ve geli\u015fti\u011fi, bu anlamda \u00fc\u00e7 farkl\u0131 lokasyondaki sultanl\u0131k ailesi ve alimlerin mezarlar\u0131n\u0131n bulundu\u011fu mek\u00e2nlarla s\u00f6z konusu bu ge\u00e7mi\u015fin izlerini somut bir \u015fekilde ta\u015f\u0131d\u0131\u011f\u0131n\u0131 ortaya koyan Kampung Pande\u2019nin hak etti\u011fi ilgiyi g\u00f6rmesi gerekirdi.<\/p>\n<p style=\"text-align: justify;\">T\u00fcm bu tarihsel ger\u00e7ekli\u011finden hareketle, bug\u00fcn Kampung Pande s\u0131n\u0131rlar\u0131 i\u00e7erisinde uzunca bir s\u00fcredir \u00e7\u00f6p toplama merkezinin varl\u0131\u011f\u0131 ve s\u00fcrecin bir \u00e7\u00f6p ar\u0131tma tesisi kurulmas\u0131na do\u011fru evrilen s\u00fcrecin bir an \u00f6nce sona erdirilerek, bu tarihi ve k\u00fclt\u00fcrel varl\u0131klar\u0131 sadece b\u00f6lge halk\u0131 i\u00e7in de\u011fil, geni\u015f Malay d\u00fcnyas\u0131nca tan\u0131nmas\u0131, tan\u0131t\u0131lmas\u0131, g\u00fcn y\u00fcz\u00fcne \u00e7\u0131kart\u0131lmas\u0131 ve uluslararas\u0131 korumaya lay\u0131k bir \u015fekilde ele al\u0131nmas\u0131 en b\u00fcy\u00fck temennimizdir.<\/p>\n<p style=\"text-align: justify;\"><a href=\"http:\/\/guneydoguasyacalismalari.blogspot.com\/2022\/03\/ace-kampung-pandede-islam-kultur.html\">http:\/\/guneydoguasyacalismalari.blogspot.com\/2022\/03\/ace-kampung-pandede-islam-kultur.html<\/a><\/p>\n","protected":false},"excerpt":{"rendered":"<p>Mehmet \u00d6zay\u00a0 \u00a0 \u00a0 \u00a0 \u00a0 \u00a0 \u00a0 \u00a0 \u00a0 \u00a0 \u00a0 \u00a0 \u00a0 \u00a0 \u00a0 \u00a0 \u00a0 \u00a0 \u00a0 \u00a0 \u00a0 \u00a0 \u00a0 \u00a0 \u00a0 \u00a0 \u00a0 \u00a0 \u00a0 \u00a0 \u00a0 \u00a0 \u00a0 \u00a0 \u00a0 \u00a0 \u00a0 \u00a0 \u00a0 \u00a0 \u00a0 \u00a0 \u00a0 \u00a0 \u00a0 \u00a0 \u00a0 04.03.2022 \u0130slam tarih ve co\u011frafyas\u0131n\u0131n \u00f6nemli ancak, [&hellip;]<\/p>\n","protected":false},"author":1,"featured_media":4424,"comment_status":"open","ping_status":"open","sticky":false,"template":"","format":"standard","meta":{"footnotes":""},"categories":[10,6],"tags":[],"class_list":["post-4423","post","type-post","status-publish","format-standard","has-post-thumbnail","hentry","category-ace","category-gunluk-yazilar"],"_links":{"self":[{"href":"https:\/\/guneydoguasyacalismalari.com\/tr_tr\/wp-json\/wp\/v2\/posts\/4423","targetHints":{"allow":["GET"]}}],"collection":[{"href":"https:\/\/guneydoguasyacalismalari.com\/tr_tr\/wp-json\/wp\/v2\/posts"}],"about":[{"href":"https:\/\/guneydoguasyacalismalari.com\/tr_tr\/wp-json\/wp\/v2\/types\/post"}],"author":[{"embeddable":true,"href":"https:\/\/guneydoguasyacalismalari.com\/tr_tr\/wp-json\/wp\/v2\/users\/1"}],"replies":[{"embeddable":true,"href":"https:\/\/guneydoguasyacalismalari.com\/tr_tr\/wp-json\/wp\/v2\/comments?post=4423"}],"version-history":[{"count":1,"href":"https:\/\/guneydoguasyacalismalari.com\/tr_tr\/wp-json\/wp\/v2\/posts\/4423\/revisions"}],"predecessor-version":[{"id":4425,"href":"https:\/\/guneydoguasyacalismalari.com\/tr_tr\/wp-json\/wp\/v2\/posts\/4423\/revisions\/4425"}],"wp:featuredmedia":[{"embeddable":true,"href":"https:\/\/guneydoguasyacalismalari.com\/tr_tr\/wp-json\/wp\/v2\/media\/4424"}],"wp:attachment":[{"href":"https:\/\/guneydoguasyacalismalari.com\/tr_tr\/wp-json\/wp\/v2\/media?parent=4423"}],"wp:term":[{"taxonomy":"category","embeddable":true,"href":"https:\/\/guneydoguasyacalismalari.com\/tr_tr\/wp-json\/wp\/v2\/categories?post=4423"},{"taxonomy":"post_tag","embeddable":true,"href":"https:\/\/guneydoguasyacalismalari.com\/tr_tr\/wp-json\/wp\/v2\/tags?post=4423"}],"curies":[{"name":"wp","href":"https:\/\/api.w.org\/{rel}","templated":true}]}}