{"id":4334,"date":"2022-02-02T07:41:51","date_gmt":"2022-02-02T07:41:51","guid":{"rendered":"http:\/\/guneydoguasyacalismalari.com\/?p=4334"},"modified":"2022-02-02T07:42:36","modified_gmt":"2022-02-02T07:42:36","slug":"myanmarda-darbenin-1-yili-ve-demokrasinin-gelecegi-the-1st-anniversary-of-the-coup-and-the-future-of-democracy-in-myanmar","status":"publish","type":"post","link":"https:\/\/guneydoguasyacalismalari.com\/tr_tr\/myanmarda-darbenin-1-yili-ve-demokrasinin-gelecegi-the-1st-anniversary-of-the-coup-and-the-future-of-democracy-in-myanmar\/","title":{"rendered":"Myanmar\u2019da darbenin 1. y\u0131l\u0131 ve Demokrasi\u2019nin gelece\u011fi \/ The 1st anniversary of the coup and the future of democracy in Myanmar"},"content":{"rendered":"<p><strong>Mehmet \u00d6zay\u00a0 \u00a0 \u00a0 \u00a0 \u00a0 \u00a0 \u00a0 \u00a0 \u00a0 \u00a0 \u00a0 \u00a0 \u00a0 \u00a0 \u00a0 \u00a0 \u00a0 \u00a0 \u00a0 \u00a0 \u00a0 \u00a0 \u00a0 \u00a0 \u00a0 \u00a0 \u00a0 \u00a0 \u00a0 \u00a0 \u00a0 \u00a0 \u00a0 \u00a0 \u00a0 \u00a0 \u00a0 \u00a0 \u00a0 \u00a0 \u00a0 \u00a0 \u00a0 \u00a0 \u00a0 \u00a0 \u00a0 02.02.2022<\/strong><\/p>\n<p style=\"text-align: justify;\">Myamar\u2019da 1 \u015eubat 2021 darbesinin birinci y\u0131l\u0131nda, ordu y\u00f6netimi varl\u0131\u011f\u0131n\u0131 s\u00fcrd\u00fcr\u00fcrken, bu durum, b\u00f6lgenin bu \u00f6nemli \u00fclkesinde demokrasinin gelece\u011fi hakk\u0131nda \u00fcmitvar olunmas\u0131na engel oluyor.<\/p>\n<p style=\"text-align: justify;\">G\u00fcneydo\u011fu Asya\u2019da sahip oldu\u011fu geni\u015f topraklar\u0131; \u00c7in ve Hindistan ile s\u0131n\u0131r te\u015fkil etmesiyle jeo-stratejik; kaynaklar\u0131 ve n\u00fcfus yap\u0131s\u0131yla jeo-ekonomik \u00f6neme sahip olan Myanmar\u2019da ordu (<em>tatmadaw<\/em>), Devlet Y\u00f6netim Konseyi (<em>State Administration Council<\/em>-SAC) ad\u0131 verilen ordu y\u00f6netimini, \u015fimdilik de\u011fi\u015ftirebilecek bir yap\u0131 ortada bulundu\u011funu s\u00f6ylemek g\u00fc\u00e7.<\/p>\n<p style=\"text-align: justify;\">Darbeden k\u0131sa bir s\u00fcre sonra, 2021 y\u0131l\u0131 May\u0131s ay\u0131nda eski parlamento milletvekilleri, siyasiler, aktivistler taraf\u0131ndan 16 Nisan 2021\u2019de s\u00fcrg\u00fcnde kurulan Ulusal Birlik H\u00fck\u00fcmeti (<em>National Unity Government<\/em>-NUG) ve bu yap\u0131n\u0131n ordu kanad\u0131 oldu\u011fu ifade edilen ve 5 May\u0131s 2021\u2019de kurulan Ulusal Birlik Ordusu\u2019na bug\u00fcne kadar ne b\u00f6lgeden ne de Bat\u0131l\u0131 \u00fclkelerden a\u00e7\u0131k bir destek ve ileti\u015fim s\u00fcreci ortaya konulmu\u015f durumda.<\/p>\n<p style=\"text-align: justify;\">ABD ve Birle\u015fmi\u015f Milletler gibi, baz\u0131 Bat\u0131l\u0131 \u00fclke ve kurumlardan te\u015febb\u00fcslere rastlansa da bunun Myanmar\u2019daki darbeci y\u00f6netim \u00fczerinde ne denli etkili olabildi\u011fini s\u00f6ylemek g\u00fc\u00e7.<\/p>\n<p style=\"text-align: justify;\">Darbenin birinci y\u0131l\u0131nda temel soru asl\u0131nda, Myanmar\u2019da ni\u00e7in darbe oldu sorusu yerine, Myanmar ni\u00e7in demokratikle\u015femiyor sorusu olmal\u0131d\u0131r. Bu soru asl\u0131nda, darbenin \u00fclkenin siyasal ya\u015fam\u0131nda gayet i\u00e7kin bir olgu oldu\u011funu im\u00e2 ediyor olabilir. Bununla birlikte, \u00fclkenin demokratikle\u015fememesinde yap\u0131sal sorunlar kadar, b\u00f6lgesel ve hatta baz\u0131 k\u00fcresel geli\u015fmeleri de dikkate almakta yarar var.<\/p>\n<p style=\"text-align: justify;\"><strong>K\u0131r\u0131lgan s\u00fcre\u00e7 <\/strong><\/p>\n<p style=\"text-align: justify;\">Nihayetinde Myanmar ordusunun, \u00fclkede \u00f6zellikle 2010 y\u0131l\u0131ndan itibaren ba\u015flayan demokratikle\u015fme s\u00fcrecine imk\u00e2n tan\u0131mas\u0131 ard\u0131ndan, 2015 genel se\u00e7imlerinde Ulusal Demokrasi Birli\u011fi\u2019nin (<em>National League for Democracy<\/em>-NLD) iktidara gelmesine kar\u015f\u0131n, \u201cAcaba ordu, bu siyasal de\u011fi\u015fim s\u00fcrecinde kendini ne kadar geri \u00e7ekebildi?\u201d sorusunu g\u00fcndeme getirmek gerekiyor.<\/p>\n<p style=\"text-align: justify;\">Asl\u0131nda, 1990\u2019lar\u0131n ikinci yar\u0131s\u0131ndaki se\u00e7imlere giden s\u00fcre\u00e7te kurulan ve \u00fclkenin belki de, yeg\u00e2ne b\u00fct\u00fcnl\u00fck\u00e7\u00fc siyasi partisi olarak kabul edilmesi gereken NLD\u2019nin, bug\u00fcn bir anlamda ba\u015flad\u0131\u011f\u0131 noktaya d\u00f6nmesi tarihin garip bir cilvesi olsa gerek.<\/p>\n<p style=\"text-align: justify;\">Bug\u00fcne nas\u0131l gelindi\u011fi konusunda, son yirmi y\u0131l\u0131 a\u015fk\u0131n s\u00fcrece k\u0131saca bak\u0131lmal\u0131d\u0131r. \u00d6ncelikle, \u015funu hat\u0131rlamakta fayda var. 2000\u2019li y\u0131llarda b\u00f6lgede ya\u015fanan de\u011fi\u015fim ve bunun Myanmar\u2019daki rejim egemenleri \u00fczerinde olu\u015fturdu\u011fu bask\u0131n\u0131n demokrasiye kontroll\u00fc ge\u00e7i\u015f y\u00f6n\u00fcnde ad\u0131m at\u0131lmas\u0131n\u0131 sa\u011flad\u0131\u011f\u0131n\u0131 s\u00f6yleyebiliriz.<\/p>\n<p style=\"text-align: justify;\">Bunun ad\u0131, eski ordu mensubu Thein Sein\u2019in ba\u015f\u0131na getirildi\u011fi, Birle\u015fik Dayan\u0131\u015fma ve Kalk\u0131nma Partisi\u2019nin (<em>Union Solidarity and Development Party<\/em>-USDP) se\u00e7imlere kat\u0131lmas\u0131yd\u0131. Ancak bu durum, t\u0131pk\u0131 benzeri \u00fclkelerde oldu\u011fu gibi asl\u0131nda, tam bir demokratikle\u015fmeye ge\u00e7i\u015ften ziyade, olu\u015fan de\u011fi\u015fim ortam\u0131nda eski rejimin yani, ordunun varl\u0131\u011f\u0131n\u0131 sivil siyasette egemen k\u0131lman\u0131n ve b\u00f6ylece bir t\u00fcr devaml\u0131l\u0131k tesisisin ad\u0131yd\u0131.<\/p>\n<p style=\"text-align: justify;\">2010 y\u0131l\u0131ndaki se\u00e7im s\u00fcrecinde, NLD\u2019nin <em>de facto<\/em> ba\u015f\u0131nda olan Suu Kyi\u2019nin g\u00f6z hapsinin devam etmesi ve se\u00e7im kanunundan kaynaklanan di\u011fer baz\u0131 nedenlerden \u00f6t\u00fcr\u00fc, NLD se\u00e7ime girmeyi protesto edince, \u00fclkede sivil siyaset Thein Sein\u2019in ba\u015f\u0131nda bulundu\u011fu USDP\u2019ye kald\u0131.<\/p>\n<p style=\"text-align: justify;\"><strong>De\u011fi\u015fim m\u00fcmk\u00fcn (m\u00fc?)<\/strong><\/p>\n<p style=\"text-align: justify;\">Bu s\u00fcre\u00e7 bir yandan, askerlerin sivil siyaset s\u00fcrecine nas\u0131l adapte olacaklar\u0131n\u0131 g\u00f6stermesi kadar, genel anlamda halk\u0131n \u00fcniformalar\u0131n\u0131 \u00e7\u0131karm\u0131\u015f olan askerlere sivil siyasette ne kadar alan a\u00e7acaklar\u0131n\u0131n da ortaya konulmas\u0131na tan\u0131k olmak i\u00e7in \u00f6nemli bir f\u0131rsatt\u0131.<\/p>\n<p style=\"text-align: justify;\">Bar\u0131\u015f\u00e7\u0131l s\u00fcrecin hakim olmas\u0131 gibi baz\u0131 geli\u015fmeler dikkate al\u0131nd\u0131\u011f\u0131nda, eski bir ordu mensubu olarak Thein Sein\u2019in ve h\u00fck\u00fcmetinin elinden geleni yapt\u0131\u011f\u0131n\u0131 d\u00fc\u015f\u00fcnmek m\u00fcmk\u00fcn.<\/p>\n<p style=\"text-align: justify;\">Bu anlamda, bir yandan G\u00fcneydo\u011fu Asya \u00dclkeleri Birli\u011fi (<em>Association of Southeast Asian Nations<\/em>-ASEAN) \u00f6te yandan, Bat\u0131l\u0131 unsurlarla yap\u0131lan g\u00f6r\u00fc\u015fmeler d\u00f6n\u00fc\u015f\u00fcm s\u00fcrecinin olabildi\u011fince yap\u0131salla\u015ft\u0131r\u0131lmas\u0131na imk\u00e2n tan\u0131d\u0131.<\/p>\n<p style=\"text-align: justify;\">Bu d\u00f6nemin asl\u0131nda, gizli\/a\u00e7\u0131k belirleyici y\u00f6nlerinden hi\u00e7 ku\u015fku yok ki, en \u00f6nemli y\u00f6nlerinden biri, sivil siyaset s\u00fcrecinde ordu y\u00f6netiminin \u00fclkenin d\u00f6rt bir yan\u0131ndaki ayr\u0131l\u0131k\u00e7\u0131 gruplarla var olan \u00e7at\u0131\u015fma ve ayr\u0131\u015fma ortam\u0131n\u0131 nas\u0131l y\u00f6netece\u011fi konusuydu.<\/p>\n<p style=\"text-align: justify;\">Bu sadece, \u00fclke genelinde g\u00fcvenli\u011fin tesisi bak\u0131m\u0131ndan de\u011fil, ayn\u0131 zamanda bir sonraki ulusal se\u00e7imlerde ordu merkezli partinin genel kamuoyundan nas\u0131l kabul g\u00f6rece\u011finin de ortaya \u00e7\u0131kmas\u0131n\u0131 sa\u011flayacakt\u0131.<\/p>\n<p style=\"text-align: justify;\">Burada, \u00fclke demografik yap\u0131s\u0131nda Bamar\u2019lar ile genel olarak \u00f6tekiler aras\u0131ndaki ayr\u0131m\u0131n yakla\u015f\u0131k y\u00fczde 60\u2019a, y\u00fczde 40 olmas\u0131 da kayda de\u011fer bir g\u00f6stergedir. Taraflar aras\u0131nda g\u00f6r\u00fc\u015fmeler olmad\u0131\u011f\u0131 s\u00f6ylenemese de, bu s\u00fcrecin ulusal birli\u011fi sa\u011flay\u0131c\u0131 y\u00f6ne evrilmemesi asl\u0131nda, 2015 se\u00e7imlerine \u00f6nemli bir miras olarak kald\u0131.<\/p>\n<p style=\"text-align: justify;\">2010\u2019da ba\u015flayan demokrasiye ge\u00e7i\u015f d\u00f6neminin siyasi sa\u011flamas\u0131, 2015 se\u00e7imlerinde kendini g\u00f6sterdi. Bir anlamda, Thein Sein h\u00fck\u00fcmetinin demokrasiye ge\u00e7i\u015f s\u00fcrecinde, en az\u0131ndan teknik olarak g\u00f6revini yapabildi\u011finin g\u00f6stergelerinden biri, NLD\u2019nin se\u00e7ime girme konusunda karar vermi\u015f olmas\u0131yd\u0131.<\/p>\n<p style=\"text-align: justify;\">Bu \u015fartlarda girilen se\u00e7imde NLD\u2019nin parlamentoda \u00e7o\u011funlu\u011fu sa\u011flamas\u0131 iki a\u00e7\u0131dan \u00f6nemliydi. \u0130lki halk\u0131n, \u00fcniformalar\u0131n\u0131 \u00e7\u0131karm\u0131\u015f olan ordu merkezli siyasi partiye e\u011filim g\u00f6stermemesiydi. \u0130kincisi, NLD\u2019nin sadece Bamar a\u011f\u0131rl\u0131kl\u0131 toplumun de\u011fil, etnik az\u0131nl\u0131klardan da destek alabildi\u011fini ortaya koyuyordu.<\/p>\n<p style=\"text-align: justify;\"><strong>Darbe ve d\u0131\u015f akt\u00f6rler<\/strong><\/p>\n<p style=\"text-align: justify;\">\u00dclkenin modern tarihsel geli\u015fimine bak\u0131ld\u0131\u011f\u0131nda, Myanmar darbesini <em>tatmadaw<\/em> marifeti olarak g\u00f6rmek elbette mant\u0131ksal bir \u00e7\u0131kar\u0131m. Ancak bununla birlikte, \u00fclkenin ve b\u00f6lgenin \u00f6zellikle, son yirmi y\u0131lda tecr\u00fcbe etti\u011fi de\u011fi\u015fim s\u00fcre\u00e7lerinde hem destek, hem de darbe ile \u00e7eli\u015fkili olabilecek geli\u015fmeleri birarada g\u00f6rmekte yarar var.<\/p>\n<p style=\"text-align: justify;\">\u0130lki yani, \u00fclkedeki darbeyi engelleyemese bile, en az\u0131ndan gizli\/a\u00e7\u0131k destek vermeyecek bir \u00c7in\u2019in varl\u0131\u011f\u0131, Myanmarl\u0131 generallerin kararlar\u0131n\u0131 bir kez daha d\u00fc\u015f\u00fcnmelerine yol a\u00e7abilirdi.<\/p>\n<p style=\"text-align: justify;\">Ancak b\u00f6ylesi bir geli\u015fme olmad\u0131\u011f\u0131 gibi, haddi zat\u0131nda Bat\u0131l\u0131 demokratik de\u011ferlerle \u00e7at\u0131\u015fma halindeki \u00c7in\u2019in, Myanmar\u2019daki darbe sonras\u0131 s\u00fcreci kendi lehine olacak \u015fekilde kullanmas\u0131 bu \u00fclkeyi, Do\u011fu-Bat\u0131 \u00e7at\u0131\u015fmas\u0131nda yeni olgulardan biri haline getirdi.<\/p>\n<p style=\"text-align: justify;\">Bir ba\u015fka deyi\u015fle, 2010\u2019da ba\u015flayan ve \u00f6zellikle ABD ve AB\u2019nin destekledi\u011fi, b\u00f6lgesel bir yap\u0131 olarak ASEAN taraf\u0131ndan da memnuniyetle kar\u015f\u0131lanan demokratikle\u015fme s\u00fcreci, bug\u00fcn tan\u0131k olundu\u011fu \u00fczere akamete u\u011fram\u0131\u015f durumda.<\/p>\n<p style=\"text-align: justify;\">\u0130kincisi, b\u00f6lgenin yani, Myanmar\u2019\u0131n \u00fcyesi oldu\u011fu ASEAN\u2019\u0131n, \u00e7eli\u015fkilerle dolu Do\u011fu-Bat\u0131 ya da \u00c7in-ABD ili\u015fkilerinde kendini b\u00f6lgesel bir siyasi akt\u00f6r olarak konumland\u0131rd\u0131\u011f\u0131 ve bu konuda kararl\u0131l\u0131k g\u00f6sterdi\u011fi s\u00fcre\u00e7te, Myanmar bu s\u00fcre\u00e7teki geli\u015fmelere eklemlenebilir ve siyasi ve ekonomik kazan\u0131mlar elde edebilirdi.<\/p>\n<p style=\"text-align: justify;\"><strong>NLD ne kadar sorumlu?<\/strong><\/p>\n<p style=\"text-align: justify;\">2015-2020 y\u0131llar\u0131 aras\u0131ndaki NLD h\u00fck\u00fcmetinin bu y\u00f6nde ad\u0131mlar atmad\u0131\u011f\u0131 s\u00f6ylenemez. Ancak bu s\u00fcre\u00e7te k\u0131r\u0131lma noktas\u0131 2016-2017\u2019de ya\u015fanan ve asl\u0131nda 2012\u2019deki s\u00fcrecin devam\u0131 olan Rakhine Eyaleti\u2019ndeki Arakanl\u0131 M\u00fcsl\u00fcmanlara y\u00f6nelik bask\u0131 ve \u015fiddet ortam\u0131n\u0131n etnik soyk\u0131r\u0131ma d\u00f6n\u00fc\u015fmesidir.<\/p>\n<p style=\"text-align: justify;\">Bu s\u00fcre\u00e7te, \u00f6zellikle sadece ASEAN\u2019dan de\u011fil, t\u00fcm d\u00fcnyadan Suu Kyi\u2019nin ciddi bir siyasi tav\u0131r almas\u0131 beklenirken, bu \u015fiddetin ard\u0131ndaki g\u00fcvenlik g\u00fc\u00e7lerini desteklemesi hem kendisinin g\u00fc\u00e7l\u00fckle kazand\u0131\u011f\u0131 siyasi itibar\u0131n\u0131 hem de \u00fclkenin demokratikle\u015fme s\u00fcrecine \u00f6nemli bir engel olu\u015fturdu.<\/p>\n<p style=\"text-align: justify;\">Suu Kyi\u2019nin \u00fclkesini, den Haag\u2019da uluslararas\u0131 mahkemede \u00fclkesini bizzat savunmas\u0131 bu s\u00fcrecin hi\u00e7 de olumlu noktalanmad\u0131\u011f\u0131n\u0131n sembolik ifadesiydi.<\/p>\n<p style=\"text-align: justify;\">Ayn\u0131 d\u00f6nemde, \u0130kinci veya 21. y\u00fczy\u0131l <em>Panglong Anla\u015fmas\u0131<\/em> denilen s\u00fcre\u00e7te ulusal y\u00f6netim ile \u00fclkenin d\u00f6rt bir yan\u0131ndaki etnik ayr\u0131l\u0131k\u00e7\u0131 hareketlerle bar\u0131\u015f s\u00fcre\u00e7lerinin baz\u0131 gruplar\u0131n dahil edilmesi, di\u011fer baz\u0131lar\u0131n\u0131n d\u0131\u015far\u0131da b\u0131rak\u0131lmas\u0131 gibi belirsizliklerle dolu bir yap\u0131 kazanmas\u0131 yine NLD h\u00fck\u00fcmetinin siyasi ba\u015far\u0131s\u0131zl\u0131k hanesindeki \u00f6nemli geli\u015fmelerden biri olarak yer ald\u0131.<\/p>\n<p style=\"text-align: justify;\">Suu Kyi ve NLD h\u00fck\u00fcmetinin bu iki temel geli\u015fmede demokratikle\u015fme ad\u0131na \u00f6nemli ad\u0131mlar atamam\u0131\u015f olmas\u0131n\u0131, 2008 anayasas\u0131nca belirlenen meclisin d\u00f6rtte birinin asker \u00fcyelerden olu\u015fmas\u0131 ve \u00fc\u00e7 kilit bakanl\u0131\u011f\u0131 askerlere tahsis edilmesiyle ilgili maddelere ba\u011flamak m\u00fcmk\u00fcn.<\/p>\n<p style=\"text-align: justify;\">NLD\u2019nin 2015-2020 y\u0131llar\u0131 aras\u0131ndaki iktidar d\u00f6nemindeki icraatlar\u0131nda ve \u00f6zellikle de, yukar\u0131da dikkat \u00e7ekilen iki temel husustaki ba\u015far\u0131s\u0131zl\u0131\u011fa ra\u011fmen, 2020 Kas\u0131m se\u00e7imlerinde elde etti\u011fi se\u00e7im ba\u015far\u0131s\u0131 aras\u0131nda bir \u00e7eli\u015fki g\u00f6r\u00fclebilir.<\/p>\n<p style=\"text-align: justify;\">Ancak ordunun, se\u00e7imlere hile kar\u0131\u015ft\u0131r\u0131ld\u0131\u011f\u0131 iddias\u0131yla ve ard\u0131ndan bir dizi yolsuzluklarla birlikte g\u00fcndeme gelen darbe s\u00fcrecinde Ulusal Birlik H\u00fck\u00fcmeti ve bu s\u00fcrg\u00fcn h\u00fck\u00fcmetinin Ulusal Birlik Ordusu, Arakanl\u0131lar\u0131n uluslararas\u0131 \u00e7evrelerce de tan\u0131nm\u0131\u015f haklar\u0131na kabul eder; al\u0131nan kararlar\u0131 destekler ve bug\u00fcn s\u00f6z konusu uluslararas\u0131 mahkeme kararlar\u0131n\u0131n mevcut darbeci h\u00fck\u00fcmete kar\u015f\u0131 kullan\u0131lmas\u0131n\u0131 savunurken, ayn\u0131 zamanda maddi ve siyasi g\u00fc\u00e7lerini tesis a\u00e7\u0131s\u0131ndan \u00e7e\u015fitli etnik az\u0131nl\u0131klarla ittifaklar kurmalar\u0131 olduk\u00e7a manidard\u0131r.<\/p>\n<p style=\"text-align: justify;\">Myanmar\u2019da 1 \u015eubat 2021\u2019deki darbeyi sadece Suu Kyi ve\/ya ba\u015f\u0131nda bulundu\u011fu NLD\u2019ye y\u00f6nelik yap\u0131ld\u0131\u011f\u0131n\u0131 s\u00f6ylemek m\u00fcmk\u00fcn de\u011fil. Art\u0131k uluslararas\u0131la\u015fm\u0131\u015f bir olgu olarak Arakanl\u0131 M\u00fcsl\u00fcmanlar konusu ve \u00fclkenin s\u0131n\u0131r boylar\u0131ndaki di\u011fer etnik yap\u0131larla ilgili s\u00fcre\u00e7lerin birarada ele al\u0131nmas\u0131 gerekiyor.<\/p>\n<p style=\"text-align: justify;\">Mevcut darbeci y\u00f6netime kar\u015f\u0131 ortaya konulan Ulusal Birlik H\u00fck\u00fcmeti\u2019nin b\u00f6lgesel ve k\u00fcresel \u00e7evrelerde me\u015fruiyet arama aray\u0131\u015flar\u0131n\u0131n s\u00fcrd\u00fc\u011f\u00fc bug\u00fcnlerde temelde bu iki hususu dikkate almalar\u0131 kadar, ilgili uluslararas\u0131 \u00e7evrelerin de bu konuda yap\u0131c\u0131 politikalar geli\u015ftirmesi gerekmektedir.<\/p>\n","protected":false},"excerpt":{"rendered":"<p>Mehmet \u00d6zay\u00a0 \u00a0 \u00a0 \u00a0 \u00a0 \u00a0 \u00a0 \u00a0 \u00a0 \u00a0 \u00a0 \u00a0 \u00a0 \u00a0 \u00a0 \u00a0 \u00a0 \u00a0 \u00a0 \u00a0 \u00a0 \u00a0 \u00a0 \u00a0 \u00a0 \u00a0 \u00a0 \u00a0 \u00a0 \u00a0 \u00a0 \u00a0 \u00a0 \u00a0 \u00a0 \u00a0 \u00a0 \u00a0 \u00a0 \u00a0 \u00a0 \u00a0 \u00a0 \u00a0 \u00a0 \u00a0 \u00a0 02.02.2022 Myamar\u2019da 1 \u015eubat 2021 darbesinin birinci [&hellip;]<\/p>\n","protected":false},"author":1,"featured_media":4335,"comment_status":"open","ping_status":"open","sticky":false,"template":"","format":"standard","meta":{"footnotes":""},"categories":[6,28,1],"tags":[],"class_list":["post-4334","post","type-post","status-publish","format-standard","has-post-thumbnail","hentry","category-gunluk-yazilar","category-myanmar","category-uncategorized"],"_links":{"self":[{"href":"https:\/\/guneydoguasyacalismalari.com\/tr_tr\/wp-json\/wp\/v2\/posts\/4334","targetHints":{"allow":["GET"]}}],"collection":[{"href":"https:\/\/guneydoguasyacalismalari.com\/tr_tr\/wp-json\/wp\/v2\/posts"}],"about":[{"href":"https:\/\/guneydoguasyacalismalari.com\/tr_tr\/wp-json\/wp\/v2\/types\/post"}],"author":[{"embeddable":true,"href":"https:\/\/guneydoguasyacalismalari.com\/tr_tr\/wp-json\/wp\/v2\/users\/1"}],"replies":[{"embeddable":true,"href":"https:\/\/guneydoguasyacalismalari.com\/tr_tr\/wp-json\/wp\/v2\/comments?post=4334"}],"version-history":[{"count":2,"href":"https:\/\/guneydoguasyacalismalari.com\/tr_tr\/wp-json\/wp\/v2\/posts\/4334\/revisions"}],"predecessor-version":[{"id":4337,"href":"https:\/\/guneydoguasyacalismalari.com\/tr_tr\/wp-json\/wp\/v2\/posts\/4334\/revisions\/4337"}],"wp:featuredmedia":[{"embeddable":true,"href":"https:\/\/guneydoguasyacalismalari.com\/tr_tr\/wp-json\/wp\/v2\/media\/4335"}],"wp:attachment":[{"href":"https:\/\/guneydoguasyacalismalari.com\/tr_tr\/wp-json\/wp\/v2\/media?parent=4334"}],"wp:term":[{"taxonomy":"category","embeddable":true,"href":"https:\/\/guneydoguasyacalismalari.com\/tr_tr\/wp-json\/wp\/v2\/categories?post=4334"},{"taxonomy":"post_tag","embeddable":true,"href":"https:\/\/guneydoguasyacalismalari.com\/tr_tr\/wp-json\/wp\/v2\/tags?post=4334"}],"curies":[{"name":"wp","href":"https:\/\/api.w.org\/{rel}","templated":true}]}}