{"id":4265,"date":"2021-12-27T19:18:46","date_gmt":"2021-12-27T19:18:46","guid":{"rendered":"http:\/\/guneydoguasyacalismalari.com\/?p=4265"},"modified":"2021-12-27T19:18:46","modified_gmt":"2021-12-27T19:18:46","slug":"kuala-lumpur-zirvesine-sans-tanimak-yeni-sorunlar-ve-imkanlar-giving-a-chance-to-the-kuala-lumpur-summit-new-challenges-and-opportunities","status":"publish","type":"post","link":"https:\/\/guneydoguasyacalismalari.com\/tr_tr\/kuala-lumpur-zirvesine-sans-tanimak-yeni-sorunlar-ve-imkanlar-giving-a-chance-to-the-kuala-lumpur-summit-new-challenges-and-opportunities\/","title":{"rendered":"Kuala Lumpur Zirvesi\u2019ne \u015fans tan\u0131mak: yeni sorunlar ve imk\u00e2nlar \/ Giving a chance to the Kuala Lumpur Summit: new challenges and opportunities"},"content":{"rendered":"<p><strong>Mehmet \u00d6zay\u00a0 \u00a0 \u00a0 \u00a0 \u00a0 \u00a0 \u00a0 \u00a0 \u00a0 \u00a0 \u00a0 \u00a0 \u00a0 \u00a0 \u00a0 \u00a0 \u00a0 \u00a0 \u00a0 \u00a0 \u00a0 \u00a0 \u00a0 \u00a0 \u00a0 \u00a0 \u00a0 \u00a0 \u00a0 \u00a0 \u00a0 \u00a0 \u00a0 \u00a0 \u00a0 \u00a0 \u00a0 \u00a0 \u00a0 \u00a0 \u00a0 \u00a0 \u00a0 \u00a0 \u00a0 \u00a0 \u00a0 27.12.2021<\/strong><\/p>\n<p style=\"text-align: justify;\">18-21 Aral\u0131k 2019 tarihinde ger\u00e7ekle\u015ftirilen Kuala Lumpur Zirvesi\u2019nin \u00fczerinden iki y\u0131l ge\u00e7ti.<\/p>\n<p style=\"text-align: justify;\">S\u00f6z konusu Zirve, o d\u00f6nem sadece Bat\u0131 \u00fclkelerinde de\u011fin, \u00c7in ve Myanmar gibi Do\u011fu \u00fclkelerinde de giderek art\u0131\u015f g\u00f6stermi\u015f olan hatta sonu\u00e7lar\u0131 itibar\u0131yla, dayan\u0131lmaz bir hale ula\u015fm\u0131\u015f olan \u2018\u0130slam d\u00fc\u015fmanl\u0131\u011f\u0131\u2019 (<em>\u0130slamofobi<\/em>) merkezine alm\u0131\u015ft\u0131.<\/p>\n<p style=\"text-align: justify;\">Ancak o zaman da yaz\u0131lar\u0131m\u0131zla ve bu konuda ger\u00e7ekle\u015ftirdi\u011fimiz <em>webinar<\/em>\u2019da da uluslararas\u0131 konuklar\u0131m\u0131zla birlikte g\u00fcndeme getirdi\u011fimiz \u00fczere, sadece \u2018\u0130slam d\u00fc\u015fmanl\u0131\u011f\u0131yla\u2019 s\u0131n\u0131rl\u0131 olmayan, gayet \u00f6nemli siyasal ve toplumsal t\u0131kan\u0131kl\u0131k i\u00e7erisindeki \u0130slam co\u011frafyas\u0131n\u0131n veya k\u00fcresel \u0130slam toplumlar\u0131n\u0131n sorunlar\u0131n\u0131 etrafl\u0131ca ele alabilecek bir platformun do\u011fmakta oldu\u011funu ve b\u00f6ylesi bir potansiyeli i\u00e7inde bar\u0131nd\u0131rd\u0131\u011f\u0131na de\u011finmi\u015ftik.<\/p>\n<p style=\"text-align: justify;\">Bu iki y\u0131l, Zirve\u2019nin hemen ard\u0131ndan, 2020 y\u0131l\u0131 ba\u015flar\u0131nda ortaya \u00e7\u0131kan kovid-19 s\u00fcrecinin a\u011f\u0131rl\u0131\u011f\u0131 kar\u015f\u0131s\u0131nda t\u0131pk\u0131 di\u011fer ikili ve b\u00f6lgesel ili\u015fkiler gibi etkisinin birdenbire geriledi\u011fi g\u00f6r\u00fcld\u00fc.<\/p>\n<p style=\"text-align: justify;\">Bununla birlikte, ulus-devletlerin \u00f6ncelikle bu salg\u0131nla m\u00fccadele politikalar\u0131nda hakl\u0131l\u0131k pay\u0131 oldu\u011fu gibi, s\u00f6z konusu zirvenin dikkat \u00e7ekici \u00f6zellikleri ele al\u0131nd\u0131\u011f\u0131nda, en az\u0131ndan ortaya konulan g\u00f6r\u00fc\u015fler ve yakla\u015f\u0131mlar \u00e7er\u00e7evesinde ilgili \u00e7evrelerle ili\u015fkilerin s\u00fcrd\u00fcr\u00fclebilirli\u011fi g\u00fcndeme getirilmeliydi.<\/p>\n<p style=\"text-align: justify;\">\u0130lgili \u00fclkelerde, bu alanda akt\u00f6r oldu\u011fu iddia edilen resmi, yar\u0131-resmi kurumlar\u0131n birtak\u0131m \u00e7abalar g\u00f6stermi\u015f olabileceklerini de g\u00f6z ard\u0131 etmiyoruz. Ancak kat\u0131l\u0131mc\u0131 \u00fclkeler kadar, kat\u0131l\/a\/mayan \u00fclkelere de bak\u0131ld\u0131\u011f\u0131nda, kar\u015f\u0131m\u0131za sadece, kovid-19 salg\u0131n\u0131n bir bahane olarak ortaya \u00e7\u0131kart\u0131lamayaca\u011f\u0131n\u0131 ileri s\u00fcrebiliriz.<\/p>\n<p style=\"text-align: justify;\"><strong>Zirve\u2019yi hat\u0131rla\/t\/ma<\/strong><\/p>\n<p style=\"text-align: justify;\">Zirve\u2019nin Malezya\u2019n\u0131n ev sahipli\u011finde ger\u00e7ekle\u015fmesi ve haz\u0131rl\u0131\u011f\u0131 ve duyurusu gayet ge\u00e7 yap\u0131lm\u0131\u015f olsa da, b\u00f6ylesi uluslararas\u0131 planda \u2018yenilik\u00e7i\u2019 (<em>innovative<\/em>) bir ba\u011flam\u0131n ortaya \u00e7\u0131kmas\u0131 gayet \u00f6nemliydi.<\/p>\n<p style=\"text-align: justify;\">Ni\u00e7in Malezya denilecek olursa, 2018 y\u0131l\u0131 May\u0131s ay\u0131nda yap\u0131lan se\u00e7imleri 1990\u2019lar\u0131n sonlar\u0131ndan itibaren \u00fclkede reform hedefiyle siyaset yapan ve evrildi\u011fi \u00e7e\u015fitli s\u00fcre\u00e7lerin sonunda, Umut Koalisyonu (<em>Pakatan Harapan<\/em>-PH) ad\u0131n\u0131 alan muhalefetin, iktidar\u0131 ele ge\u00e7irerek \u00fclkeyi y\u00f6netmeye ba\u015flamas\u0131 \u00f6nemli bir d\u00f6neme\u00e7ti.<\/p>\n<p style=\"text-align: justify;\">PH h\u00fck\u00fcmetinin reformcu politikalar\u0131n\u0131 kabul ederek, ikinci ba\u015fbakanl\u0131\u011f\u0131na ba\u015flayan Dr. Mahathir Muhammed\u2019in vizyon sahibi olu\u015fu ve yeni h\u00fck\u00fcmet b\u00fcnyesinde yenilik\u00e7i politikalara a\u00e7\u0131k bir e\u011filim sergilemesinin \u00f6nemine vurgu yap\u0131lmal\u0131d\u0131r.<\/p>\n<p style=\"text-align: justify;\">Zirve s\u00fcreci ve s\u0131ras\u0131nda, gerek davetli \u00fclkeler, gerekse davet edilmeyen \u00fclkeler a\u00e7\u0131s\u0131ndan, gayet dinamik bir tart\u0131\u015fman\u0131n ortaya \u00e7\u0131kmas\u0131na neden olmu\u015ftu.<\/p>\n<p style=\"text-align: justify;\">Ev sahibi Malezya ile Katar ve T\u00fcrkiye\u2019nin devlet ve h\u00fck\u00fcmet ba\u015fkanlar\u0131 d\u00fczeyinde kat\u0131ld\u0131\u011f\u0131 Zirve\u2019ye Pakistan ba\u015fbakan\u0131 \u0130mran Khan, son anda kat\u0131l\/a\/mayaca\u011f\u0131n\u0131 duyurmu\u015ftu.<\/p>\n<p style=\"text-align: justify;\">Buna il\u00e2ve olarak, hem ev sahibi Malezya\u2019n\u0131n \u2018yak\u0131n\u2019 kom\u015fusu hem de, bu t\u00fcr uluslararas\u0131 M\u00fcsl\u00fcman toplumu yak\u0131ndan ilgilendiren geli\u015fmelere gayet destek\u00e7i olan g\u00fc\u00e7l\u00fc bir sivil topluma sahip olan Endonezya\u2019dan, ne devlet ba\u015fkan\u0131 ne de ba\u015fkan yard\u0131mc\u0131s\u0131 d\u00fczeyinde kat\u0131l\u0131m sergilenebildi.<\/p>\n<p style=\"text-align: justify;\">Endonezya\u2019da baz\u0131 \u00e7evreler taraf\u0131ndan sek\u00fcler olmas\u0131yla ele\u015ftirilen ba\u015fkan Joko Widodo\u2019nun, asl\u0131nda sek\u00fclerlik\/le pek de ili\u015fkisi olmayan, haddi zat\u0131nda Endonezya\u2019n\u0131n, uluslararas\u0131 bir akt\u00f6rl\u00fck hedefi olmasa da, kendi b\u00f6lgesinde yani, G\u00fcneydo\u011fu Asya\u2019daki geli\u015fmelerde gayet \u00f6nemli bir kanal olarak de\u011ferlendirilebilecek b\u00f6ylesi bir toplant\u0131ya kat\u0131lmamas\u0131 bir yana, yard\u0131mc\u0131s\u0131 ve Alimler Hareketi\u2019nin (<em>Nahd\u2019at\u2019ul Ulama<\/em>-NU) gayet sayg\u0131n isimlerinden Ma\u2019ruf Hoca\u2019n\u0131n sa\u011fl\u0131\u011f\u0131n\u0131 gerek\u00e7e g\u00f6stererek kat\u0131lmam\u0131\u015f olmas\u0131 gayet yad\u0131rgat\u0131c\u0131yd\u0131.<\/p>\n<p style=\"text-align: justify;\">Bu noktada, o d\u00f6nem \u00f6zellikle T\u00fcrkiye ve Malezya ile ili\u015fkileri, farkl\u0131 nedenlerle olsa da, gayet sorunlu olan Suudi Arabistan ve Birle\u015fik Arap Emirlikleri\u2019nin Pakistan ve Endonezya \u00fczerinde n\u00fcfuzlar\u0131n\u0131\/\u00e7\u0131kar ili\u015fkilerini kullanarak engelleyici bir konum ald\u0131klar\u0131 siyasal bir ger\u00e7eklik olarak ortadayd\u0131.<\/p>\n<p style=\"text-align: justify;\"><strong>D\u0131\u015f ger\u00e7eklik olarak k\u00fcresel g\u00fc\u00e7ler<\/strong><\/p>\n<p style=\"text-align: justify;\">Bununla ba\u011flant\u0131l\u0131 bir di\u011fer husus sadece, Zirve\u2019ye kat\u0131lan\/kat\u0131lmayan halk\u0131n\u0131n kahir ekseriyeti M\u00fcsl\u00fcman olan \u00fclkeler \u00fczerinde i\u015fbirli\u011fi ve engelleme s\u00fcre\u00e7lerinde bir \u015fekilde rol ald\u0131\u011f\u0131 s\u00f6ylenebilecek geli\u015fmeler oldu\u011fudur.<\/p>\n<p style=\"text-align: justify;\">Bu noktada, k\u00fcresel pl\u00e2nda da, bu geli\u015fmeye kar\u015f\u0131\/etkili olabilece\u011fi d\u00fc\u015f\u00fcn\u00fclebilecek geli\u015fmeler oldu\u011funa da i\u015faret etmekte yarar var.<\/p>\n<p style=\"text-align: justify;\">Bunlar\u0131n ba\u015f\u0131nda, Zirve\u2019nin ger\u00e7ekle\u015ftirildi\u011fi merkez olarak Kuala Lumpur dikkate al\u0131nd\u0131\u011f\u0131nda Asya-Pasifik b\u00f6lgesinde, \u00c7in Halk Cumhuriyeti\u2019nin bu geli\u015fmeye tarafs\u0131z-m\u00fcdahalesiz kalabilece\u011fini varsaymak pek makul g\u00f6z\u00fckm\u00fcyor.<\/p>\n<p style=\"text-align: justify;\">Bir di\u011fer husus, yine Asya-Pasifik b\u00f6lgesi ile ba\u011flant\u0131l\u0131 \u00fclke kabul etti\u011fimiz ABD\u2019de, o d\u00f6nem itibar\u0131yla \u2018sa\u011fc\u0131\u2019, ekonomik olarak i\u00e7e kapanmac\u0131, uluslararas\u0131 ili\u015fkiler de ise \u2018\u00f6tekile\u015ftirici\u2019 politikalar\u0131yla Donald Trump rejiminin varl\u0131\u011f\u0131yd\u0131.<\/p>\n<p style=\"text-align: justify;\">2020 Kas\u0131m se\u00e7imlerine giden s\u00fcre\u00e7te, ABD\u2019de aralar\u0131nda M\u00fcsl\u00fcman \u00e7evrelerin de oldu\u011fu farkl\u0131 etnik gruplara, \u00f6zellikle de Afrika k\u00f6kenli Amerikal\u0131lara y\u00f6nelik ayr\u0131\u015ft\u0131r\u0131c\u0131\/\u015fiddet i\u00e7erin politikalar\u0131; fiili eylemlere y\u00f6nelik savunmac\u0131 yakla\u015f\u0131mlar\u0131 i\u00e7selle\u015ftirmi\u015f Trump y\u00f6netiminin asl\u0131nda kendini tam da bu y\u00f6n\u00fcyle g\u00f6r\u00fcn\u00fcr k\u0131ld\u0131\u011f\u0131 geli\u015fme, se\u00e7imlerin ard\u0131ndan bu y\u0131l\u0131n Ocak ay\u0131n\u0131n hemen ba\u015f\u0131nda ABD y\u00f6netim merkezi <em>Capitol<\/em> bask\u0131n\u0131yla ortaya konulmaya \u00e7al\u0131\u015f\u0131lan sivil darbe giri\u015fimiydi.<\/p>\n<p style=\"text-align: justify;\">B\u00f6ylesi s\u00fcre\u00e7lere konu olan ABD\u2019nin, Kuala Lumpur Zirvesi gibi M\u00fcsl\u00fcmanlara ve di\u011ferlerine y\u00f6nelik \u015fiddeti k\u00fcresel pl\u00e2nda tan\u0131mlama ve \u00f6nleme \u00e7abas\u0131na dair, bir siyasal\/sivil inisiyatifi desteklemesinden bahsetmek m\u00fcmk\u00fcn de\u011fildi(r).<\/p>\n<p style=\"text-align: justify;\"><strong>Zirve\u2019ye devam (m\u0131?)<\/strong><\/p>\n<p style=\"text-align: justify;\">Kuala Lumpur Zirvesi\u2019nin ba\u015flad\u0131\u011f\u0131 yerden devam edebilmesinin imk\u00e2nlar\u0131 ortaya konulmal\u0131 ve hatta zorlanmal\u0131d\u0131r. Sorunlar oldu\u011fu gibi durdu\u011fu gibi, baz\u0131 a\u00e7\u0131lardan Zirve\u2019nin hakl\u0131l\u0131\u011f\u0131n\u0131 bile kan\u0131tlayacak yeni geli\u015fmelere de, aradan ge\u00e7en s\u00fcre zarf\u0131nda tan\u0131k olduk ve olmaya devam ediyoruz.<\/p>\n<p style=\"text-align: justify;\">\u00d6rne\u011fin, yukar\u0131da bu zirvenin hakk\u0131yla tart\u0131\u015f\u0131lmas\u0131n\u0131n da \u00f6n\u00fcne ge\u00e7ti\u011fini dolayl\u0131 olarak s\u00f6yledi\u011fimiz kovid-19 s\u00fcreci bile asl\u0131nda, M\u00fcsl\u00fcman toplumlar\u0131n birbirleriyle do\u011frudan ve yak\u0131n ili\u015fkiler kurmalar\u0131n\u0131n ne denli zorunluluk arz etti\u011fini ortaya koymu\u015ftur.<\/p>\n<p style=\"text-align: justify;\">Birbirinden kopuk\/ba\u011f\u0131ms\u0131z s\u00fcre\u00e7leri y\u00f6netmeye \u00e7al\u0131\u015fan ulus-devletlerin kovid-19 s\u00fcrecinde genel itibar\u0131yla, nas\u0131l tek tek \u2018do\u011fal afet\u2019 kar\u015f\u0131s\u0131nda mahkum olduklar\u0131, bug\u00fcn ya\u015fanan bir ba\u015fka\/benzeri s\u00fcre\u00e7 ile devam etmektedir.<\/p>\n<p style=\"text-align: justify;\">Zirve\u2019nin ana konusu olan \u2018\u0130slam d\u00fc\u015fmanl\u0131\u011f\u0131\u2019n\u0131n \u00f6rne\u011fin, \u00c7in\u2019de Uygurlar ba\u015fta olmak \u00fczere neredeyse, t\u00fcm dini ve etnik yap\u0131lar\u0131 hedef ald\u0131\u011f\u0131 art\u0131k gayet belirgin.<\/p>\n<p style=\"text-align: justify;\">Kimilerinin me\u015fru bir geli\u015fme olarak kabul edece\u011fi \u00fczere, uluslararas\u0131 politikada belirleyici olarak g\u00f6r\u00fclen ABD y\u00f6netimin ge\u00e7ti\u011fimiz 23 Aral\u0131k\u2019ta, \u201cUygur Zorla \u0130\u015f\u00e7i \u00c7al\u0131\u015ft\u0131rmay\u0131 \u00d6nleme Yasas\u0131\u201dn\u0131 (<em>The Uyghur Forced Labor Prevention Act<\/em>) kabul etmesiyle ayr\u0131mc\u0131l\u0131k, do\u011frudan\/dolayl\u0131 \u015fiddet uluslararas\u0131 olarak kan\u0131tlanm\u0131\u015f durumda.<\/p>\n<p style=\"text-align: justify;\">\u00d6te yandan, Myanmar\u2019da son on y\u0131la damgas\u0131n\u0131 vuran Arakanl\u0131 M\u00fcsl\u00fcmanlar sorununun, 1 \u015eubat 2021 darbesinin ard\u0131ndan, belki de daha \u00f6nce beklenemeyecek \u00e7evrelerin giri\u015fimiyle bir kez daha uluslararas\u0131 bir boyuta ta\u015f\u0131nm\u0131\u015f olmas\u0131d\u0131r.<\/p>\n<p style=\"text-align: justify;\">Myanmar\u2019da s\u00fcrg\u00fcn h\u00fck\u00fcmeti yani, Ulusal Birlik H\u00fck\u00fcmeti (<em>Myanmar\u2019s National Unity Government<\/em>-NUG), ge\u00e7ti\u011fimiz 20 A\u011fustos\u2019ta Uluslararas\u0131 Su\u00e7lar Mahkemesi\u2019ne (<em>International Criminal Court<\/em>-ICC) ba\u015fvurarak, mahkemenin daha \u00f6nce ulusal ordu (<em>tatmadaw<\/em>) hakk\u0131nda verdi\u011fi kararlar\u0131n\u0131 tan\u0131ma \u00e7a\u011fr\u0131s\u0131 yapmas\u0131 olduk\u00e7a \u00f6nemliydi.<\/p>\n<p style=\"text-align: justify;\">Bu kararlar\u0131n i\u00e7inde, Arakanl\u0131 M\u00fcsl\u00fcmanlara y\u00f6nelik \u015fiddetin de yer almas\u0131, tam da Kuala Lumpur Zirvesi\u2019nin g\u00fcndeminde yer alan konulardan biri olmas\u0131yla \u00f6rt\u00fc\u015ft\u00fc\u011f\u00fcn\u00fc hat\u0131rlatmakta yarar var.<\/p>\n<p style=\"text-align: justify;\">M\u00fcsl\u00fcman toplumlar\u0131n kar\u015f\u0131 kar\u015f\u0131ya kald\u0131klar\u0131 sorunlar\u0131n sadece d\u0131\u015f\u2019tan gelen \u015fiddetle s\u0131n\u0131rl\u0131 olmad\u0131\u011f\u0131, i\u00e7\/erden toplumsal, ekonomik sorunlar\u0131n varl\u0131\u011f\u0131yla sabittir.<\/p>\n<p style=\"text-align: justify;\">Bu noktada, G\u00fcneydo\u011fu Asya\u2019da A\u00e7e ve Mindanao gibi, bar\u0131\u015f s\u00fcre\u00e7lerinin ya\u015fand\u0131\u011f\u0131 ve\/ya Patani ve Arakan gibi bar\u0131\u015f s\u00fcrecine ihtiya\u00e7 duyan b\u00f6lgelerin varl\u0131\u011f\u0131 b\u00f6lgesel bar\u0131\u015f\u0131n tesisinde gayet \u00f6nemli s\u00fcre\u00e7ler olarak kar\u015f\u0131m\u0131zda durmaktad\u0131r.<\/p>\n<p style=\"text-align: justify;\">Bar\u0131\u015f s\u00fcre\u00e7lerine ra\u011fmen, A\u00e7e\u2019de ve Mindanao\u2019da geni\u015f toplum kesimlerinin ekonomik kalk\u0131nmadan\/refahtan pay alamam\u0131\u015f olmas\u0131, Patani ve Arakan\u2019da halk\u0131n bar\u0131\u015fa duydu\u011fu b\u00fcy\u00fck ihtiya\u00e7 acil eylem pl\u00e2nlar\u0131n\u0131n icraata ge\u00e7irilmesini gerektiriyor.<\/p>\n<p style=\"text-align: justify;\">Bu \u00e7er\u00e7evede, ba\u015fta b\u00f6lgenin \u00f6nemli ulus-devletleri Malezya ve Endonezya olmak \u00fczere s\u00f6z s\u00f6yleme ve i\u015f yapma becerisine sahip, halk\u0131n\u0131n \u00e7o\u011funlu\u011fu M\u00fcsl\u00fcman olan \u00fclkelerin inisiyatifi ele almas\u0131 ve Kuala Lumpur Zirvesi\u2019ni gayet kapsaml\u0131 ve rasyonel olarak yeniden ger\u00e7ekle\u015ftirmesini zorunlu k\u0131l\u0131yor.<\/p>\n<p style=\"text-align: justify;\">T\u00fcm bu sorunlarla m\u00fccadelede \u2018ehil ellerce\u2019 yap\u0131salla\u015ft\u0131r\u0131lm\u0131\u015f ve s\u00fcrd\u00fcr\u00fclebilirli\u011fi tesis edilmi\u015f kurumsal geli\u015fmelerin, sadece M\u00fcsl\u00fcman toplumlar ve ilgili \u00fclkeler i\u00e7in de\u011fil, k\u00fcresel bar\u0131\u015f i\u00e7in bir imk\u00e2n oldu\u011funu a\u00e7\u0131k\u00e7a s\u00f6ylemek gerekiyor.<\/p>\n<p style=\"text-align: justify;\">Bug\u00fcn s\u00f6z konusu Zirve\u2019nin yeniden ve \u00e7ekirdek kat\u0131l\u0131mc\u0131lar\u0131n yan\u0131 s\u0131ra di\u011fer \u00fclke ve akt\u00f6r kurumlar\u0131n kat\u0131l\u0131mlar\u0131yla ger\u00e7ekle\u015ftirilmesinde yarar\/lar bulunmaktad\u0131r. Bunu, bir t\u00fcr \u2018\u0130slamc\u0131\u2019 zirve olarak adland\u0131rmak zorunda de\u011fil baz\u0131 \u00e7evreler\u2026<\/p>\n<p style=\"text-align: justify;\">Aksine, di\u011fer baz\u0131 hususlarda oldu\u011fu gibi pragmatizmi \u00f6nceleyerek de, bu t\u00fcr geli\u015fmelerin \u00f6n\u00fcn\u00fcn a\u00e7\u0131lmas\u0131 ve ortak yarar\u0131n sa\u011flanmas\u0131 ad\u0131na gayet rasyonel bir \u00e7\u0131k\u0131\u015f olacakt\u0131r. Bundan da kimse rahats\u0131z olmaz\u2026<\/p>\n<p style=\"text-align: justify;\">Ancak burada sorun at\u0131lacak at\u0131mlar\u0131n niyeti, s\u00fcrd\u00fcr\u00fclebilirli\u011fi a\u00e7\u0131s\u0131ndan toplumlar\u0131n hangi kesimleriyle ili\u015fkilerin geli\u015ftirilece\u011fi, ne t\u00fcr bir vizyonla hareket edilece\u011fi t\u00fcr\u00fcnden sorulara gayet anlaml\u0131 cevaplar verilmesi gerekiyor.<\/p>\n<p style=\"text-align: justify;\">Bug\u00fcnden ba\u015flayarak, yeni Miladi y\u0131l\u0131n ilk aylar\u0131nda b\u00f6ylesi bir inisiyatifin ortaya konulmas\u0131 \u00fcmidiyle\u2026<\/p>\n","protected":false},"excerpt":{"rendered":"<p>Mehmet \u00d6zay\u00a0 \u00a0 \u00a0 \u00a0 \u00a0 \u00a0 \u00a0 \u00a0 \u00a0 \u00a0 \u00a0 \u00a0 \u00a0 \u00a0 \u00a0 \u00a0 \u00a0 \u00a0 \u00a0 \u00a0 \u00a0 \u00a0 \u00a0 \u00a0 \u00a0 \u00a0 \u00a0 \u00a0 \u00a0 \u00a0 \u00a0 \u00a0 \u00a0 \u00a0 \u00a0 \u00a0 \u00a0 \u00a0 \u00a0 \u00a0 \u00a0 \u00a0 \u00a0 \u00a0 \u00a0 \u00a0 \u00a0 27.12.2021 18-21 Aral\u0131k 2019 tarihinde ger\u00e7ekle\u015ftirilen Kuala [&hellip;]<\/p>\n","protected":false},"author":1,"featured_media":4266,"comment_status":"open","ping_status":"open","sticky":false,"template":"","format":"standard","meta":{"footnotes":""},"categories":[9,6],"tags":[],"class_list":["post-4265","post","type-post","status-publish","format-standard","has-post-thumbnail","hentry","category-asya-pasifik","category-gunluk-yazilar"],"_links":{"self":[{"href":"https:\/\/guneydoguasyacalismalari.com\/tr_tr\/wp-json\/wp\/v2\/posts\/4265","targetHints":{"allow":["GET"]}}],"collection":[{"href":"https:\/\/guneydoguasyacalismalari.com\/tr_tr\/wp-json\/wp\/v2\/posts"}],"about":[{"href":"https:\/\/guneydoguasyacalismalari.com\/tr_tr\/wp-json\/wp\/v2\/types\/post"}],"author":[{"embeddable":true,"href":"https:\/\/guneydoguasyacalismalari.com\/tr_tr\/wp-json\/wp\/v2\/users\/1"}],"replies":[{"embeddable":true,"href":"https:\/\/guneydoguasyacalismalari.com\/tr_tr\/wp-json\/wp\/v2\/comments?post=4265"}],"version-history":[{"count":1,"href":"https:\/\/guneydoguasyacalismalari.com\/tr_tr\/wp-json\/wp\/v2\/posts\/4265\/revisions"}],"predecessor-version":[{"id":4267,"href":"https:\/\/guneydoguasyacalismalari.com\/tr_tr\/wp-json\/wp\/v2\/posts\/4265\/revisions\/4267"}],"wp:featuredmedia":[{"embeddable":true,"href":"https:\/\/guneydoguasyacalismalari.com\/tr_tr\/wp-json\/wp\/v2\/media\/4266"}],"wp:attachment":[{"href":"https:\/\/guneydoguasyacalismalari.com\/tr_tr\/wp-json\/wp\/v2\/media?parent=4265"}],"wp:term":[{"taxonomy":"category","embeddable":true,"href":"https:\/\/guneydoguasyacalismalari.com\/tr_tr\/wp-json\/wp\/v2\/categories?post=4265"},{"taxonomy":"post_tag","embeddable":true,"href":"https:\/\/guneydoguasyacalismalari.com\/tr_tr\/wp-json\/wp\/v2\/tags?post=4265"}],"curies":[{"name":"wp","href":"https:\/\/api.w.org\/{rel}","templated":true}]}}