{"id":4086,"date":"2021-09-29T09:16:48","date_gmt":"2021-09-29T09:16:48","guid":{"rendered":"http:\/\/guneydoguasyacalismalari.com\/?p=4086"},"modified":"2021-09-29T09:17:24","modified_gmt":"2021-09-29T09:17:24","slug":"alman-politikasinda-cdu-ve-angela-merkel-cdu-and-angela-merkel-in-german-politics","status":"publish","type":"post","link":"https:\/\/guneydoguasyacalismalari.com\/tr_tr\/alman-politikasinda-cdu-ve-angela-merkel-cdu-and-angela-merkel-in-german-politics\/","title":{"rendered":"Alman politikas\u0131nda CDU ve Angela Merkel \/ CDU and Angela Merkel in German Politics"},"content":{"rendered":"<p><strong>Mehmet \u00d6zay\u00a0 \u00a0 \u00a0 \u00a0 \u00a0 \u00a0 \u00a0 \u00a0 \u00a0 \u00a0 \u00a0 \u00a0 \u00a0 \u00a0 \u00a0 \u00a0 \u00a0 \u00a0 \u00a0 \u00a0 \u00a0 \u00a0 \u00a0 \u00a0 \u00a0 \u00a0 \u00a0 \u00a0 \u00a0 \u00a0 \u00a0 \u00a0 \u00a0 \u00a0 \u00a0 \u00a0 \u00a0 \u00a0 \u00a0 \u00a0 \u00a0 \u00a0 \u00a0 \u00a0 \u00a0 \u00a0 \u00a0 29.09.2021<\/strong><\/p>\n<p style=\"text-align: justify;\">Almanya\u2019da hafta sonunda yap\u0131lan se\u00e7imi, Sosyal Demokratlar Parti\u2019nin (SPD) ilk s\u0131rada bitirmesinin ard\u0131ndan, bir koalisyon h\u00fck\u00fcmeti kurulmas\u0131 kap\u0131da. Bununla birlikte, koalisyonun tesisinde farkl\u0131 denklemler de g\u00fcndemde.<\/p>\n<p style=\"text-align: justify;\">Bununla birlikte, 2005\u2019den bu yana iktidar koalisyonunu olu\u015fturan H\u0131ristiyan Demokrat Parti (CDU) ve H\u0131ristiyan Sosyal Parti (CSU) kayb\u0131 s\u0131radan bir se\u00e7im kayb\u0131n\u0131n \u00f6tesinde anlam ta\u015f\u0131yor. \u00d6zellikle de, CDU a\u00e7\u0131s\u0131ndan\u2026<\/p>\n<p style=\"text-align: justify;\">\u00d6te yandan, yeni h\u00fck\u00fcmeti kurma s\u00fcrecinde ve pl\u00e2n\u0131nda, \u015fartlar\u0131n zorlamas\u0131yla ve\/ya s\u00fcrpriz geli\u015fmelerle CDU-CSU\u2019nun ilk s\u0131rada yer almas\u0131 bile, se\u00e7imin CDU a\u00e7\u0131s\u0131ndan ortaya \u00e7\u0131kard\u0131\u011f\u0131 tarihsel sonucun \u00f6nemini saklamaya yetmeyecektir. Kald\u0131 ki, b\u00f6yle bir koalisyon olas\u0131l\u0131\u011f\u0131 partiyi kendine getirme s\u00fcrecine ne kadar hizmet edece\u011fi de \u015f\u00fcphelidir.<\/p>\n<p style=\"text-align: justify;\">CDU-CSU \u00a0ile SDP aras\u0131ndaki oy fark\u0131n\u0131n 1.7 gibi k\u00fc\u00e7\u00fck bir oranda olmas\u0131na ra\u011fmen, b\u00fcy\u00fck bir yenilgi olarak addedilen durum, partinin genel oylarda y\u00fczde 8 gibi bir kayba maruz kalmas\u0131d\u0131r.<\/p>\n<p style=\"text-align: justify;\">Bu istatistiki izaha, Alman toplumunda neyin, hangi geli\u015fmenin yans\u0131mas\u0131 oldu\u011fu konusu ise \u00fczerinde durulmay\u0131 gerektiriyor.<\/p>\n<p style=\"text-align: justify;\">\u00d6ncelikle se\u00e7im sonucunu, yeni h\u00fck\u00fcmet kurulana kadar g\u00f6revine devam edecek olan Angela Merkel\u2019in yenilgisi olarak kabul etmek, ne kadar do\u011fru bir yakla\u015f\u0131m olur tart\u0131\u015fmaya a\u00e7\u0131kt\u0131r.<\/p>\n<p style=\"text-align: justify;\">Bununla birlikte, kendi iste\u011fiyle siyasetten ayr\u0131lmaya karar veren Merkel\u2019in yerine parti i\u00e7inde de pop\u00fclaritesi olmad\u0131\u011f\u0131 ifade edilen Armin Laschet\u2019i getirmesi de, hem parti i\u00e7i hem de kamuoyu g\u00f6zlemlerinin gayet s\u0131\u011f bir \u015fekilde ger\u00e7ekle\u015ftirildi\u011fine i\u015faret ediyor.<\/p>\n<p style=\"text-align: justify;\">Bir di\u011fer husus olarak, Alman sosyolojisinin vazge\u00e7ilmez unsuru kabul edilebilecek a\u015f\u0131r\u0131 sa\u011f kesim\u2026 CDU-CSU\u2019nun kaybetti\u011fi belirtilen oylar\u0131n, g\u00f6\u00e7men politikalar\u0131 gibi g\u00fcncel ve geni\u015f kamuoyunu etkileyen konularla ba\u011flant\u0131s\u0131 bulunuyor. Bu noktada ak\u0131llara, 2013 y\u0131l\u0131nda kurulan hem AB kar\u015f\u0131t\u0131 hem de genel itibar\u0131yla g\u00f6\u00e7men kar\u015f\u0131t\u0131 \u2018Almanya i\u00e7in Alternatif\u2019 (<em>Alternative f\u00fcr Deutschland<\/em>-AfD) partisi geliyor\u2026<\/p>\n<p style=\"text-align: justify;\">Bu itibarla partiyi reaksiyoner veya pop\u00fclist parti olarak adland\u0131rmak m\u00fcmk\u00fcn. Ancak bu durum, partinin bug\u00fcn federal parlamentoda temsiliyetinin \u00f6n\u00fcne ge\u00e7miyor. AfD\u2019nin ge\u00e7en Pazar g\u00fcnk\u00fc se\u00e7imde ald\u0131\u011f\u0131 oy oran\u0131 y\u00fczde 10.3\u2026<\/p>\n<p style=\"text-align: justify;\">Bu noktada, CDU-CSU\u2019nun kay\u0131p oylar\u0131n\u0131n, 2013 y\u0131l\u0131nda kurulan ve k\u0131sa s\u00fcre zarf\u0131nda federal parlamentoda temsil hakk\u0131 kazanan AfD gitti\u011fi y\u00f6n\u00fcnde. Ancak daha \u00f6nceki se\u00e7imde daha y\u00fcksek oy alan (y\u00fczde 12.6) AfD fakt\u00f6r\u00fc d\u0131\u015f\u0131nda baz\u0131 di\u011fer makul a\u00e7\u0131klamalara da gerek oldu\u011funu s\u00f6ylemek gerekiyor. AfD ile ilgili s\u00f6ylenebilecek bir di\u011fer husus, oylar\u0131n\u0131 \u00f6zellikle eski Do\u011fu Almanya b\u00f6lgesindeki az geli\u015fmi\u015f b\u00f6lgelerde toplamas\u0131\u2026<\/p>\n<p style=\"text-align: justify;\">Merkel\u2019li y\u0131llara dair k\u0131sa bir de\u011ferlendirmeden \u00f6nce, temelde onun d\u00f6nemini de anlaml\u0131 k\u0131lacak olan CDU\u2019n\u0131n 20. y\u00fczy\u0131l\u0131n olu\u015fumu diyebilece\u011fimiz 2. D\u00fcnya Sava\u015f\u0131 sonras\u0131ndan itibaren nerede durdu\u011funa k\u0131saca bakmakta yarar var.<\/p>\n<p style=\"text-align: justify;\"><strong>CDU ve tarihsel k\u00f6ken<\/strong><\/p>\n<p style=\"text-align: justify;\">Genel itibar\u0131yla, CDU\u2019nun ba\u015far\u0131s\u0131n\u0131 \u00f6zellikle, kapitalist ekonominin kurallar\u0131 ile refah toplumu olu\u015fturma aras\u0131nda buldu\u011fu denge oldu\u011funu s\u00f6ylemek m\u00fcmk\u00fcn.<\/p>\n<p style=\"text-align: justify;\">Uzun 20. y\u00fczy\u0131lda, 2. D\u00fcnya Sava\u015f\u0131 sonras\u0131n\u0131n \u015fans\u00f6lyesi -ve bug\u00fcn ad\u0131n\u0131 k\u00fclt\u00fcr ve akademi d\u00fcnyas\u0131nda gayet \u00f6nemli i\u015flere imza atan ad\u0131na kurul vak\u0131fla tan\u0131d\u0131\u011f\u0131m\u0131z- Konrad Adeneur\u2019un (1949-1963) Almanya\u2019y\u0131 ABD ile birle\u015ftiren siyaseti, Almanya\u2019y\u0131 sadece d\u00f6nemin k\u00fcresel ekonomisine eklemlemekle kalmad\u0131, kalk\u0131nmac\u0131 ekonomiler aras\u0131nda kendine giderek g\u00fc\u00e7l\u00fc bir yer de edindi.<\/p>\n<p style=\"text-align: justify;\">Adeneur\u2019un ard\u0131ndan, 80\u2019li y\u0131llarda Helmuth Kohl\u2019l\u00fc d\u00f6nem (1982-1998) a\u00e7\u0131k\u00e7as\u0131, So\u011fuk Sava\u015f d\u00f6neminin b\u00fcy\u00fck evrimlere gebe oldu\u011fu bir d\u00f6neme rast gelmesi, yeni ve farkl\u0131 bir siyasal tarihsel tecr\u00fcbenin ortaya \u00e7\u0131kaca\u011f\u0131 izlenimi uyand\u0131r\u0131yordu.<\/p>\n<p style=\"text-align: justify;\">Bu noktada, bug\u00fcn Helmuth Kohl\u2019u ad\u0131n\u0131 h\u00e2l\u00e2 hat\u0131rlatan ise, Do\u011fu Bloku\u2019nun \u00e7\u00f6k\u00fc\u015f\u00fcn\u00fcn hi\u00e7 ku\u015fku yok ki en \u00f6nemli siyasal sonu\u00e7lar\u0131ndan biri olarak, b\u00f6l\u00fcnm\u00fc\u015f Almanya\u2019n\u0131n birle\u015ftirilmesindeki rol\u00fc oldu. Yani Bat\u0131 Almanya ile Do\u011fu Almanya\u2019n\u0131n birle\u015fmesi\u2026<\/p>\n<p style=\"text-align: justify;\">T\u00fcrkiye\u2019de ayn\u0131 d\u00f6nemde, Turgut \u00d6zal\u2019l\u0131 y\u0131llar\u0131n getirdi\u011fi neo-liberal politikalar, Avrupa Birli\u011fi ile ili\u015fkilerin geli\u015ftirilmesi s\u00fcrecinde, T\u00fcrkiye-Almanya ili\u015fkilerinde ad\u0131 s\u0131k s\u0131k g\u00fcndeme gelen liderli Kohl\u2026<\/p>\n<p style=\"text-align: justify;\">Ard\u0131ndan bu y\u00fczy\u0131l\u0131n ba\u015f\u0131nda, CDU\u2019nun g\u00f6r\u00fcn\u00fcr y\u00fcz\u00fc ve Kohl\u2019un yeti\u015ftirmesi denilen Angela Merker, giderek pop\u00fcler bir lider olarak sadece Almanya\u2019da de\u011fil, Avrupa\u2019da ismini duyurmaya ba\u015flad\u0131.<\/p>\n<p style=\"text-align: justify;\">Yukar\u0131da k\u0131saca dikkat \u00e7ekilen \u00fc\u00e7 liderin, siyaset\u00e7i olarak bireysel karakteristiklerinin yan\u0131 s\u0131ra, ya\u015fad\u0131klar\u0131 d\u00f6nemlerin \u00f6zellikleriyle belirlenmi\u015f bir politika yapma becerisi geli\u015ftirdikleri s\u00f6ylenebilir.<\/p>\n<p style=\"text-align: justify;\">Adeneur\u2019un, ABD\u2019nin sava\u015f sonras\u0131n\u0131n \u2018siyasi ehlile\u015ftirme\u2019 dedi\u011fimiz politikalar\u0131n\u0131, Almanya\u2019n\u0131n \u00e7\u0131karlar\u0131na matuf olacak \u015fekilde kullanmas\u0131; erken d\u00f6nemlerde ismi pek de duyulmam\u0131\u015f olan Kohl\u2019un Sovyet Sosyalist Cumhuriyetler Birli\u011fi\u2019ndeki (SSCB) de\u011fi\u015fimi do\u011fru okuyarak, bu blok i\u00e7erisindeki Do\u011fu Almanya ile birle\u015fmenin mimar\u0131 olmas\u0131 bu anlamda kayda de\u011fer geli\u015fmelerdir.<\/p>\n<p style=\"text-align: justify;\"><strong>Marksizmin hangi etkisi?<\/strong><\/p>\n<p style=\"text-align: justify;\">End\u00fcstrile\u015fmi\u015f bir \u00fclke olarak Almanya asl\u0131nda \u2018teori\u2019de, Marksizmin geli\u015fip serpilmesine matuf gayet m\u00fcnbit bir zemine sahip oldu\u011funu s\u00f6ylemek m\u00fcmk\u00fcn. Oysa, Marksizm Almanya\u2019da zemin bulmak bir yana, hem bu ideolojiye yak\u0131n olanlar\u0131n kendilerini d\u00f6n\u00fc\u015ft\u00fcrmeleri, hem de CDU \u00f6rne\u011finde oldu\u011fu gibi, bu ideolojinin arg\u00fcmanlar\u0131ndan istifade ile liberal politikalar\u0131 \u015fekillendirme becerisi sergilemesine konu oldu.<\/p>\n<p style=\"text-align: justify;\">Bu noktada, klasik Marksizmin etkisinde olmakla birlikte de\u011fi\u015fim ge\u00e7iren sosyal demokratlar\u0131n, uzun 20. y\u00fczy\u0131lda toplamda 15 y\u0131l gibi bir s\u00fcre \u00fclkeyi y\u00f6netebilmeleri, asl\u0131nda H\u0131ristiyan Demokratlar ve bunlara eklemlenen di\u011fer baz\u0131 siyasi yap\u0131lar\u0131n kapitalizm ile refah devleti aras\u0131ndaki ba\u011f\u0131 kurabildiklerinin do\u011frudan bir ifadesidir.<\/p>\n<p style=\"text-align: justify;\">\u0130ngiliz tarih\u00e7i Eric Hobsbawm, 20. y\u00fczy\u0131l ilk yar\u0131s\u0131ndaki sava\u015f d\u00f6nemlerine dair anlat\u0131s\u0131nda bu durumu gayet a\u00e7\u0131k bir \u015fekilde ortaya koyuyor!<\/p>\n<p style=\"text-align: justify;\">Bunun son \u00f6rne\u011fi de Merkel\u2019di. Ancak, siyaseti Marksist veya Marksist e\u011filimli partilere terk etmeme y\u00f6n\u00fcnde at\u0131lan ad\u0131mlar\u0131nda bir \u015fekilde Marksizmin, belki de hi\u00e7 de beklemedi\u011fi ve istemedi\u011fi niyetlenilmemi\u015f sonu\u00e7 (<em>unintended consequence<\/em>) olarak g\u00f6rmek m\u00fcmk\u00fcn.<\/p>\n<p style=\"text-align: justify;\">CDU i\u00e7erisinde, s\u00f6z konusu bu \u00fc\u00e7 ana damar\u0131 olu\u015fturan liderler d\u00f6neminin belki de en dikkat \u00e7ekici \u00f6zellikleri, g\u00fcvenlik, yenilik\u00e7i kalk\u0131nma ve refah olgusunun varl\u0131\u011f\u0131d\u0131r. Bu durum, \u00fclkede sorunlar olmad\u0131\u011f\u0131 anlam\u0131na gelmiyor.<\/p>\n<p style=\"text-align: justify;\">\u00d6zellikle, AB b\u00fcnyesinde ve k\u00fcresel ekonomi krizlerinin do\u011furdu\u011fu sorunlar, d\u0131\u015fardan s\u00fcrekli g\u00f6\u00e7 alan bir \u00fclke olmas\u0131, \u00f6zellikle Do\u011fu Almanya gibi bir b\u00f6lgenin ulus-devlete kat\u0131l\u0131m\u0131yla olu\u015fan a\u011f\u0131r y\u00fck\u00fcn alt\u0131ndan kalkan bir Almanya var kar\u015f\u0131m\u0131zda.<\/p>\n","protected":false},"excerpt":{"rendered":"<p>Mehmet \u00d6zay\u00a0 \u00a0 \u00a0 \u00a0 \u00a0 \u00a0 \u00a0 \u00a0 \u00a0 \u00a0 \u00a0 \u00a0 \u00a0 \u00a0 \u00a0 \u00a0 \u00a0 \u00a0 \u00a0 \u00a0 \u00a0 \u00a0 \u00a0 \u00a0 \u00a0 \u00a0 \u00a0 \u00a0 \u00a0 \u00a0 \u00a0 \u00a0 \u00a0 \u00a0 \u00a0 \u00a0 \u00a0 \u00a0 \u00a0 \u00a0 \u00a0 \u00a0 \u00a0 \u00a0 \u00a0 \u00a0 \u00a0 29.09.2021 Almanya\u2019da hafta sonunda yap\u0131lan se\u00e7imi, Sosyal [&hellip;]<\/p>\n","protected":false},"author":1,"featured_media":4087,"comment_status":"open","ping_status":"open","sticky":false,"template":"","format":"standard","meta":{"footnotes":""},"categories":[9,6],"tags":[],"class_list":["post-4086","post","type-post","status-publish","format-standard","has-post-thumbnail","hentry","category-asya-pasifik","category-gunluk-yazilar"],"_links":{"self":[{"href":"https:\/\/guneydoguasyacalismalari.com\/tr_tr\/wp-json\/wp\/v2\/posts\/4086","targetHints":{"allow":["GET"]}}],"collection":[{"href":"https:\/\/guneydoguasyacalismalari.com\/tr_tr\/wp-json\/wp\/v2\/posts"}],"about":[{"href":"https:\/\/guneydoguasyacalismalari.com\/tr_tr\/wp-json\/wp\/v2\/types\/post"}],"author":[{"embeddable":true,"href":"https:\/\/guneydoguasyacalismalari.com\/tr_tr\/wp-json\/wp\/v2\/users\/1"}],"replies":[{"embeddable":true,"href":"https:\/\/guneydoguasyacalismalari.com\/tr_tr\/wp-json\/wp\/v2\/comments?post=4086"}],"version-history":[{"count":2,"href":"https:\/\/guneydoguasyacalismalari.com\/tr_tr\/wp-json\/wp\/v2\/posts\/4086\/revisions"}],"predecessor-version":[{"id":4089,"href":"https:\/\/guneydoguasyacalismalari.com\/tr_tr\/wp-json\/wp\/v2\/posts\/4086\/revisions\/4089"}],"wp:featuredmedia":[{"embeddable":true,"href":"https:\/\/guneydoguasyacalismalari.com\/tr_tr\/wp-json\/wp\/v2\/media\/4087"}],"wp:attachment":[{"href":"https:\/\/guneydoguasyacalismalari.com\/tr_tr\/wp-json\/wp\/v2\/media?parent=4086"}],"wp:term":[{"taxonomy":"category","embeddable":true,"href":"https:\/\/guneydoguasyacalismalari.com\/tr_tr\/wp-json\/wp\/v2\/categories?post=4086"},{"taxonomy":"post_tag","embeddable":true,"href":"https:\/\/guneydoguasyacalismalari.com\/tr_tr\/wp-json\/wp\/v2\/tags?post=4086"}],"curies":[{"name":"wp","href":"https:\/\/api.w.org\/{rel}","templated":true}]}}