{"id":3941,"date":"2021-07-11T22:06:14","date_gmt":"2021-07-11T22:06:14","guid":{"rendered":"http:\/\/guneydoguasyacalismalari.com\/?p=3941"},"modified":"2021-07-11T22:06:14","modified_gmt":"2021-07-11T22:06:14","slug":"dr-mahathirin-yasami-malezyada-siyasi-deha-96-yasinda-the-life-of-dr-mahathir-political-genius-in-malaysia-96-years-old","status":"publish","type":"post","link":"https:\/\/guneydoguasyacalismalari.com\/tr_tr\/dr-mahathirin-yasami-malezyada-siyasi-deha-96-yasinda-the-life-of-dr-mahathir-political-genius-in-malaysia-96-years-old\/","title":{"rendered":"Dr. Mahathir\u2019in ya\u015fam\u0131: Malezya\u2019da siyasi deha 96 ya\u015f\u0131nda \/ The life of Dr. Mahathir:  Political genius in Malaysia 96 years old"},"content":{"rendered":"<p><strong>Mehmet \u00d6zay\u00a0 \u00a0 \u00a0 \u00a0 \u00a0 \u00a0 \u00a0 \u00a0 \u00a0 \u00a0 \u00a0 \u00a0 \u00a0 \u00a0 \u00a0 \u00a0 \u00a0 \u00a0 \u00a0 \u00a0 \u00a0 \u00a0 \u00a0 \u00a0 \u00a0 \u00a0 \u00a0 \u00a0 \u00a0 \u00a0 \u00a0 \u00a0 \u00a0 \u00a0 \u00a0 \u00a0 \u00a0 \u00a0 \u00a0 \u00a0 \u00a0 \u00a0 \u00a0 \u00a0 \u00a0 \u00a0 \u00a0 12.07.2021<\/strong><\/p>\n<p style=\"text-align: justify;\">Malezya Federasyonu\u2019nun en \u00f6nemli siyaset\u00e7isi, devlet adam\u0131 Dr. Mahathir Muhammed 96 ya\u015f\u0131na bast\u0131.<\/p>\n<p style=\"text-align: justify;\">Pasifik Sava\u015f\u0131 sonras\u0131nda G\u00fcneydo\u011fu Asya topraklar\u0131nda birbiri ard\u0131na kurulan ulus devletlerden biri olan Malezya Federasyonu\u2019nun yeti\u015ftirdi\u011fi \u00f6nemli siyaset\u00e7i, devlet adam\u0131 ve entellekt\u00fcel Dr. Mahathir 96. ya\u015f\u0131nda. Asl\u0131nda, ona atfen, Malezya Federasyonu\u2019nun yeti\u015ftirdi\u011fi derken biraz temkinli davranmak gerekir.<\/p>\n<p style=\"text-align: justify;\">Malezya\u2019n\u0131n 30 A\u011fustos 1957 tarihinde ba\u011f\u0131ms\u0131zl\u0131\u011fa kavu\u015ftu\u011fu ve Dr. Mahathir\u2019in 10 Temmuz 1925 tarihinde do\u011fdu\u011fu dikkate al\u0131nd\u0131\u011f\u0131nda, onun varl\u0131\u011f\u0131, mevcut siyasal ve toplumsal ko\u015fullar\u0131n bamba\u015fka bir evrenine tekab\u00fcl etmektedir.<\/p>\n<p style=\"text-align: justify;\">Bu k\u0131sa tarihsel veri, temelde Dr. Mahathir\u2019in bireysel varl\u0131\u011f\u0131n\u0131n \u00f6tesinde bir anlama i\u015faret etti\u011fini ortaya koymaktad\u0131r.<\/p>\n<p style=\"text-align: justify;\">Bu \u00e7er\u00e7evede, halen aram\u0131zda olan bu siyaset\u00e7i, sadece bug\u00fcn\u00fcn Malezya siyasetindeki karma\u015f\u0131k ve komplike ili\u015fkilerindeki yeri ve \u00f6nemi ile \u00f6nem arz etmiyor. Bundan daha da \u00f6tesi, s\u00f6m\u00fcrge d\u00f6neminin ve bu d\u00f6nemin \u00fcretti\u011fi ekonomik, siyasal ve k\u00fclt\u00fcrel ko\u015fullar\u0131n yeniden ele al\u0131nmas\u0131n\u0131 hat\u0131rlatacak ve bizatihi onun s\u00f6z konusu o s\u00fcre\u00e7teki ve devam\u0131ndaki rol\u00fc ve i\u015flevine dikkat \u00e7ekecek bir yakla\u015f\u0131m\u0131 ortaya koymay\u0131 gerektirmektedir.<\/p>\n<p style=\"text-align: justify;\">Ba\u015fl\u0131kta yer verdi\u011fim kurt s\u0131fat\u0131n\u0131n elbette, somut bir kar\u015f\u0131l\u0131\u011f\u0131 var. Bu kar\u015f\u0131l\u0131k, salt 1981 y\u0131l\u0131nda aktif siyasetin en tepe ismi olarak yani, ba\u015fbakan stat\u00fcs\u00fcyle \u00fclkesine hizmet vermeye ba\u015flad\u0131\u011f\u0131 y\u0131llarla s\u0131n\u0131rl\u0131 de\u011fil.<\/p>\n<p style=\"text-align: justify;\">Bundan daha \u00f6ncesi ve de \u00f6nemlisi s\u00f6z konusu bu s\u0131fat, s\u00f6m\u00fcrge d\u00f6neminin t\u00fcm sosyo-k\u00fclt\u00fcrel ve siyasal \u015fartlar\u0131na maruz kalm\u0131\u015f, soylu ailelerden gelmeyen, aksine genel \u00e7o\u011funluk i\u00e7erisinde bir Malay olarak Dr. Mahathir, mevcut \u015fartlar kar\u015f\u0131s\u0131nda ne denli rasyonel olmak gerekiyorsa bunu hayat\u0131na uygalayan bir ki\u015fi olmas\u0131 ve bu ba\u011flamda kendini in\u015fa etmesiyle ba\u011flant\u0131l\u0131d\u0131r.<\/p>\n<p style=\"text-align: justify;\">D\u00f6nemin s\u00f6m\u00fcrge ba\u015fkenti Singapur\u2019da t\u0131p \u00f6\u011frenimi g\u00f6rmesi, onun hem i\u00e7inde bulundu\u011fu Malayl\u0131l\u0131k durumu, hem de s\u00f6m\u00fcrge idaresi ile do\u011fal ve ayn\u0131 zamanda derin bir hesapla\u015fmas\u0131 olarak yorumlanabilir.<\/p>\n<p style=\"text-align: justify;\">Tahmin edilebilece\u011fi \u00fczere, doktorluk geri kalm\u0131\u015fl\u0131kla an\u0131lan toplumlar\u0131n geli\u015fme a\u015famalar\u0131nda, kendilerine bi\u00e7tikleri mesleki formasyonun en tepesinde bir alan olmas\u0131, ba\u015far\u0131lmas\u0131 halinde en \u00f6nemli bir a\u015faman\u0131n ge\u00e7ildi\u011fine yorumlan\u0131r. Dr. Mahathir, bu e\u015fi\u011fi a\u015fmakla birlikte bu alanda varl\u0131k s\u00fcrmek yerine, bir ba\u015fka e\u015fi\u011fe ula\u015fma m\u00fccadelesi vermi\u015ftir.<\/p>\n<p style=\"text-align: justify;\">\u00d6yle ki, Dr. Mahathir, Pasifik Sava\u015f\u0131 sonras\u0131 \u015fartlar\u0131n\u0131n do\u011furdu\u011fu bir siyasal ger\u00e7eklik olarak, bir yandan b\u00f6lge toplumlar\u0131n\u0131n talebi, \u00f6te yandan s\u00f6m\u00fcrgeci g\u00fc\u00e7lerin art\u0131k kald\u0131ramayacaklar\u0131 giderek a\u011f\u0131rla\u015fan s\u00f6m\u00fcrgele\u015ftirilmi\u015f topraklar\u0131n ve halklar\u0131n y\u00fck\u00fcnden kurtulma ad\u0131na g\u00fcndeme gelen ba\u011f\u0131ms\u0131zl\u0131\u011fa ulu\u015fma m\u00fccadelesinin kurumsal ad\u0131 olan siyasi hareket i\u00e7erisine kat\u0131lmas\u0131yla dikkat \u00e7eker.<\/p>\n<p style=\"text-align: justify;\">Dr. Mahathir\u2019in, do\u011fum g\u00fcn\u00fc vesilesiyle yapt\u0131\u011f\u0131 a\u00e7\u0131klamada, \u201cdin, \u0131rk ve \u00fclke\u201d vurgusu dikkat \u00e7ekicidir. Bu durum, salt bir Malay ve M\u00fcsl\u00fcman olarak g\u00fcn\u00fcn getirdi\u011fi siyasal \u015fartlarda dillendirilen bir \u00fc\u00e7leme\/arg\u00fcman de\u011fil, bunun \u00f6tesinde derin tarihsel k\u00f6kleri olan ba\u011flam\u0131 oldu\u011funu hat\u0131rlatmak gerekiyor.<\/p>\n<p style=\"text-align: justify;\">\u201cDin, \u0131rk ve \u00fclke\u201d \u00fc\u00e7lemesi tam da, s\u00f6m\u00fcrgecilik d\u00f6neminin ko\u015fullar\u0131nda Malay Yar\u0131madas\u0131\u2019n\u0131n \u201casli unsurlar\u0131\u201d (<em>bumiputra<\/em>) olan Malay M\u00fcsl\u00fcmanlar\u0131n ve ilintili di\u011fer baz\u0131 topluluklar\u0131n ne i\u00e7in var olduklar\u0131 ve ba\u011f\u0131ms\u0131zl\u0131kla neyi murad ettiklerini ortaya koymaktad\u0131r.<\/p>\n<p style=\"text-align: justify;\">Din ile \u0130slam, \u0131rk ile Malayl\u0131l\u0131k, \u00fclke ile Malaya Federasyonu\/Malezya Federasyonu kastedilirken, bunun temelde bu topraklarda ya\u015fam s\u00fcren di\u011fer etnik ve dini az\u0131nl\u0131klarla ilgili bir sorunsala kar\u015f\u0131l\u0131k gelmiyor.<\/p>\n<p style=\"text-align: justify;\">Yukar\u0131da \u201cderin tarihsel k\u00f6kleri\u201d ile kastetti\u011fim biraz da bu. Yani bu co\u011frafyay\u0131 ve \u00fczerinde ya\u015fam s\u00fcren geni\u015f toplum kesimlerini varolu\u015fsal olarak birbirine ba\u011flayan temeller olarak bu \u00fc\u00e7 unsurun yap\u0131la\u015ft\u0131r\u0131c\u0131 bir i\u015flevi bulunmaktad\u0131r.<\/p>\n<p style=\"text-align: justify;\">Dr. Mahathir\u2019in zikretti\u011fi bu \u00fc\u00e7 unsur onu siyasal ve toplumsal zeminde \u00f6nemli bir yere oturttu\u011fu gibi, bu \u00fc\u00e7 unsurun di\u011fer az\u0131nl\u0131k gruplarca alg\u0131lan\u0131\u015f\u0131 ba\u011flam\u0131nda Dr. Mahathir\u2019in d\u0131\u015fland\u0131\u011f\u0131n\u0131 varsaymak pek m\u00fcmk\u00fcn g\u00f6z\u00fckmemektedir. Sadece modern Malezya toplumu ve siyasetinde de\u011fil, G\u00fcneydo\u011fu Asya \u00f6zelinde ve Asya-Pasifik genelinde kalibre bir siyaset\u00e7i olarak Dr. Mahathir\u2019in yeri tart\u0131\u015f\u0131lmaz.<\/p>\n<p style=\"text-align: justify;\">Bu ve di\u011fer baz\u0131 nedenlerle, akademisyen ve siyaset yorumcusu \u00c7in k\u00f6kenli Malezyal\u0131 James Chin\u2019in de vurgulad\u0131\u011f\u0131 \u00fczere, Dr. Mahathir mevcut siyasi partiler \u00fczerinde bir politik duru\u015fu temsil etmektedir.<\/p>\n<p style=\"text-align: justify;\">Bunun ad\u0131na karizma veya tecr\u00fcbe diyelim, her hal\u00fck\u00e2rda Dr. Mahathir ula\u015ft\u0131\u011f\u0131 bu ya\u015f\u0131 ve bu ya\u015fa ula\u015fana kadar siyaset d\u00fcnyas\u0131ndaki i\u015flevi, genel olarak ifade etmek gerekirse onu, \u201cdi\u011ferleri\u201d nezdinde de makbul bir ki\u015fi k\u0131lmaktad\u0131r. Di\u011ferlerinden kast\u0131m\u0131z, Malezya Federasyonu\u2019nda ya\u015fam s\u00fcren di\u011fer din ve etnik yap\u0131lara mensup kitlelerdir.<\/p>\n<p style=\"text-align: justify;\">S\u00f6m\u00fcrgeci unsurlar\u0131n teori ve y\u00f6ntemleriyle ak\u0131llar\u0131 kar\u0131\u015fm\u0131\u015f olanlar\u0131n anlayamayaca\u011f\u0131 bir durumdan bahsetti\u011fimiz a\u015fik\u00e2rd\u0131r.<\/p>\n<p style=\"text-align: justify;\">\u00d6yle ki, Dr. Mahathir, \u201cdin, \u0131rk ve \u00fclke\u201d derken, kasaba politikac\u0131s\u0131 veya az\u0131nl\u0131k a\u015fa\u011f\u0131l\u0131k kompleksine (<em>inferiority complex<\/em>) maruz kalm\u0131\u015f ki\u015filerin dar kal\u0131plar\u0131yla hareket eden bir siyaset\u00e7i de\u011fildir. James Chin\u2019e at\u0131fla ifade etmek gerekirse, Malay M\u00fcsl\u00fcmanlara en ciddi ve a\u011f\u0131r ele\u015ftirileri getiren ki\u015fi olan Dr. Mahathir, ayn\u0131 zamanda -t\u00fcm ele\u015ftirilere ra\u011fmen, di\u011fer dini ve etnik az\u0131nl\u0131klarca Malezya\u2019y\u0131 ulus-devlet yapma konusundaki kararl\u0131l\u0131\u011f\u0131 ve yap\u0131c\u0131l\u0131\u011f\u0131 ile takdir edilen bir ki\u015fidir.<\/p>\n<p style=\"text-align: justify;\">\u201cDin, \u0131rk ve \u00fclke\u201dnin varl\u0131k s\u00fcrmesinin bilgi, siyaset ve toplumsal k\u00f6kenlerine vak\u0131f oldu\u011funa ku\u015fku olmayan Dr. Mahathir, ayn\u0131 zamanda ya\u015fad\u0131\u011f\u0131 d\u00f6nemin zorunluluklar\u0131\/imk\u00e2nlar\u0131 kar\u015f\u0131s\u0131nda hareket kabiliyetini geli\u015ftirme ve geni\u015fletme konusunda da gayet mahir bir siyaset\u00e7i oldu\u011funu kan\u0131tlam\u0131\u015ft\u0131r.<\/p>\n<p style=\"text-align: justify;\">Malezya Federasyonu\u2019nda 1970\u2019lerin ba\u015flar\u0131ndan g\u00fcndeme gelen ve 1980\u2019lerden itibaren giderek artan bir \u015fekilde ortaya \u00e7\u0131kan kalk\u0131nmac\u0131 modernle\u015fmenin unsurlar\u0131nda belirleyicili\u011fe sahip olan bir siyaset\u00e7i var kar\u015f\u0131m\u0131zda.<\/p>\n<p style=\"text-align: justify;\">S\u00f6z konusu o y\u0131llarda, ad\u0131na s\u00f6m\u00fcrge sonras\u0131 (<em>post-colonial<\/em>) denilen teorilerinin ortaya \u00e7\u0131kmas\u0131nda hi\u00e7 ku\u015fku yok ki, di\u011fer baz\u0131 liderler kadar, Asya-Pasifik b\u00f6lgesinde bir M\u00fcsl\u00fcman, eski bir s\u00f6m\u00fcrge bireyi olarak Dr. Mahathir de siyasi d\u00fc\u015f\u00fcncesi, pratik zekas\u0131 ve politikasalar\u0131yla katk\u0131da bulunmu\u015ftur. Bug\u00fcn Malezya\u2019da ya\u015fanan her t\u00fcrl\u00fc siyasal zorluklara ra\u011fmen, kendini bir ulus-devlet olarak \u201cdin, \u0131rk ve \u00fclke\u201d ba\u011flam\u0131nda var etmi\u015f bir yap\u0131 var ise, bunda hi\u00e7 ku\u015fku yok ki, Dr. Mahathir\u2019in gayet \u00f6nemli bir pay\u0131 bulunmaktad\u0131r.<\/p>\n<p style=\"text-align: justify;\">Bu vesileyle Dr. Mahathir Muhammed\u2019e uzun ve hay\u0131rl\u0131 \u00f6m\u00fcrler dilerim.<\/p>\n","protected":false},"excerpt":{"rendered":"<p>Mehmet \u00d6zay\u00a0 \u00a0 \u00a0 \u00a0 \u00a0 \u00a0 \u00a0 \u00a0 \u00a0 \u00a0 \u00a0 \u00a0 \u00a0 \u00a0 \u00a0 \u00a0 \u00a0 \u00a0 \u00a0 \u00a0 \u00a0 \u00a0 \u00a0 \u00a0 \u00a0 \u00a0 \u00a0 \u00a0 \u00a0 \u00a0 \u00a0 \u00a0 \u00a0 \u00a0 \u00a0 \u00a0 \u00a0 \u00a0 \u00a0 \u00a0 \u00a0 \u00a0 \u00a0 \u00a0 \u00a0 \u00a0 \u00a0 12.07.2021 Malezya Federasyonu\u2019nun en \u00f6nemli siyaset\u00e7isi, devlet [&hellip;]<\/p>\n","protected":false},"author":1,"featured_media":3942,"comment_status":"open","ping_status":"open","sticky":false,"template":"","format":"standard","meta":{"footnotes":""},"categories":[6,27],"tags":[],"class_list":["post-3941","post","type-post","status-publish","format-standard","has-post-thumbnail","hentry","category-gunluk-yazilar","category-malezya"],"_links":{"self":[{"href":"https:\/\/guneydoguasyacalismalari.com\/tr_tr\/wp-json\/wp\/v2\/posts\/3941","targetHints":{"allow":["GET"]}}],"collection":[{"href":"https:\/\/guneydoguasyacalismalari.com\/tr_tr\/wp-json\/wp\/v2\/posts"}],"about":[{"href":"https:\/\/guneydoguasyacalismalari.com\/tr_tr\/wp-json\/wp\/v2\/types\/post"}],"author":[{"embeddable":true,"href":"https:\/\/guneydoguasyacalismalari.com\/tr_tr\/wp-json\/wp\/v2\/users\/1"}],"replies":[{"embeddable":true,"href":"https:\/\/guneydoguasyacalismalari.com\/tr_tr\/wp-json\/wp\/v2\/comments?post=3941"}],"version-history":[{"count":1,"href":"https:\/\/guneydoguasyacalismalari.com\/tr_tr\/wp-json\/wp\/v2\/posts\/3941\/revisions"}],"predecessor-version":[{"id":3943,"href":"https:\/\/guneydoguasyacalismalari.com\/tr_tr\/wp-json\/wp\/v2\/posts\/3941\/revisions\/3943"}],"wp:featuredmedia":[{"embeddable":true,"href":"https:\/\/guneydoguasyacalismalari.com\/tr_tr\/wp-json\/wp\/v2\/media\/3942"}],"wp:attachment":[{"href":"https:\/\/guneydoguasyacalismalari.com\/tr_tr\/wp-json\/wp\/v2\/media?parent=3941"}],"wp:term":[{"taxonomy":"category","embeddable":true,"href":"https:\/\/guneydoguasyacalismalari.com\/tr_tr\/wp-json\/wp\/v2\/categories?post=3941"},{"taxonomy":"post_tag","embeddable":true,"href":"https:\/\/guneydoguasyacalismalari.com\/tr_tr\/wp-json\/wp\/v2\/tags?post=3941"}],"curies":[{"name":"wp","href":"https:\/\/api.w.org\/{rel}","templated":true}]}}