{"id":3852,"date":"2021-05-18T11:02:52","date_gmt":"2021-05-18T11:02:52","guid":{"rendered":"http:\/\/guneydoguasyacalismalari.com\/?p=3852"},"modified":"2021-05-19T17:25:57","modified_gmt":"2021-05-19T17:25:57","slug":"malay-dunyasi-ve-filistine-destegin-boyutlari-hakkinda-malay-world-and-the-scope-of-advocacy-of-palestine-issue","status":"publish","type":"post","link":"https:\/\/guneydoguasyacalismalari.com\/tr_tr\/malay-dunyasi-ve-filistine-destegin-boyutlari-hakkinda-malay-world-and-the-scope-of-advocacy-of-palestine-issue\/","title":{"rendered":"Malay d\u00fcnyas\u0131 ve Filistin\u2019e deste\u011fin boyutlar\u0131 hakk\u0131nda \/ Malay world and the scope of advocacy of Palestine issue"},"content":{"rendered":"<p><strong>Mehmet \u00d6zay\u00a0 \u00a0 \u00a0 \u00a0 \u00a0 \u00a0 \u00a0 \u00a0 \u00a0 \u00a0 \u00a0 \u00a0 \u00a0 \u00a0 \u00a0 \u00a0 \u00a0 \u00a0 \u00a0 \u00a0 \u00a0 \u00a0 \u00a0 \u00a0 \u00a0 \u00a0 \u00a0 \u00a0 \u00a0 \u00a0 \u00a0 \u00a0 \u00a0 \u00a0 \u00a0 \u00a0 \u00a0 \u00a0 \u00a0 \u00a0 \u00a0 \u00a0 \u00a0 \u00a0 \u00a0 \u00a0 \u00a0 18.05.2021<\/strong><\/p>\n<p style=\"text-align: justify;\">\u0130srail\u2019in i\u015fgal etti\u011fi Filistin topraklar\u0131nda s\u00fcrd\u00fcrd\u00fc\u011f\u00fc \u015fiddet kar\u015f\u0131s\u0131nda, ba\u015fta ABD olmak \u00fczere k\u00fcresel kamuoyunun yakla\u015f\u0131mlar\u0131n\u0131n \u015fa\u015f\u0131rt\u0131c\u0131 olmayacak bir pasiflik ve tarafl\u0131l\u0131kla <a href=\"https:\/\/guneydoguasyacalismalari.com\/2021\/05\/12\/israilin-filistine-zulmu-ve-batida-degisen-bir-sey-yok-israels-persecution-of-palestine-and-no-any-changes-in-the-western-perception\/\" target=\"_blank\">ortaya konuyor<\/a>.<\/p>\n<p style=\"text-align: justify;\">\u00d6zellikle, ABD\u2019de Joe Biden y\u00f6netimi, Ortado\u011fu politikalar\u0131nda gerileme emaresi olarak de\u011ferlendirilebilecek yakla\u015f\u0131mlar.<\/p>\n<p style=\"text-align: justify;\">D\u00fcne kadar, ulusal g\u00fcvenlik konusunda Ortado\u011fu\u2019nun neredeyse merkez kabul edildi\u011fi ABD politikalar\u0131 \u00e7er\u00e7evesinde gelinen nokta, b\u00f6lgenin g\u00fcvensizle\u015ftirilmesinden ba\u015fka bir i\u015fe yaramazken, \u0130srail ba\u015fl\u0131 ba\u015f\u0131na bir sorun olarak ortada duruyor.<\/p>\n<p style=\"text-align: justify;\">\u00d6te yandan, b\u00f6lgede ABD ulusal \u00e7\u0131karlar\u0131n\u0131n \u00f6ncesinde, b\u00f6lge halklar\u0131n\u0131n ve \u00f6zellikle de, bug\u00fcn zulme maruz kalan Filistin devletinin ve halk\u0131n\u0131n ulusal \u00e7\u0131karlar\u0131d\u0131r s\u00f6z konusu olan.<\/p>\n<p style=\"text-align: justify;\">\u00d6te yandan, \u0130slam d\u00fcnyas\u0131n\u0131n hem nicelik hem nitelik olarak gayet \u00f6nemli bir b\u00f6l\u00fcm\u00fcn\u00fc i\u00e7inde bar\u0131nd\u0131ran geni\u015f Malay co\u011frafyas\u0131nda Filistin konusu d\u00fcn oldu\u011fu gibi bug\u00fcn de yak\u0131ndan takip ediliyor.<\/p>\n<p style=\"text-align: justify;\">Geni\u015f toplum kesimleri tepkilerini \u00e7e\u015fitli \u015fekillerde ortaya koyarken, b\u00f6lge \u00fclkelerinin siyasi liderleri yapt\u0131klar\u0131 a\u00e7\u0131klamalarla g\u00fcndemde \u00f6nemli yer tutuyorlar.<\/p>\n<p style=\"text-align: justify;\"><strong>Filistin davas\u0131-\u0130slam d\u00fcnyas\u0131 ve insanl\u0131k<\/strong><\/p>\n<p style=\"text-align: justify;\">\u0130srail\u2019in Filistin halk\u0131na y\u00f6nelik uygulad\u0131\u011f\u0131 \u015fiddet ve zul\u00fcm, bu topraklardaki bizatihi \u0130slam d\u00fc\u015f\u00fcnce sistemi unsurlar\u0131n\u0131 ve tarihi yap\u0131lar\u0131n\u0131 da hedef alan bir sald\u0131r\u0131 te\u015fkil etmesiyle, d\u00fcnya \u00e7ap\u0131nda M\u00fcsl\u00fcmanlar\u0131 birinci derecede ilgilendiren bir konu olmaya devam ediyor.<\/p>\n<p style=\"text-align: justify;\">Dr. Mahathir Muhammed\u2019in a\u015fa\u011f\u0131da detaylar\u0131na yer verece\u011fim a\u00e7\u0131klamas\u0131 tam da bununla ilgili. Dr. Mahathir, \u201c\u0130slam d\u00fcnyas\u0131 olarak mevcut durum kar\u015f\u0131s\u0131nda kendimize gelmeliyiz. B\u00f6ylece \u0130srail\u2019in Filistinlilere ve insanl\u0131\u011fa kar\u015f\u0131 uygulad\u0131\u011f\u0131 \u015fiddetten daha az \u00a0yara alm\u0131\u015f oluruz.\u201d diyor.<\/p>\n<p style=\"text-align: justify;\">Filistin halk\u0131n\u0131n maruz kald\u0131\u011f\u0131 \u015fiddet ile \u0130slam\u2019\u0131n kutsal kabul etti\u011fi unsurlar ve yap\u0131lara y\u00f6nelik \u0130srail sald\u0131r\u0131s\u0131 birbirinden ayr\u0131\u015ft\u0131r\u0131lamayacak olsa da, \u00e7er\u00e7evesinin belirlenmesinde yarar var.<\/p>\n<p style=\"text-align: justify;\">Filistin halk\u0131n\u0131 kendinde bir toplum olarak z\u00fclme maruz kalm\u0131\u015f, topraklar\u0131 elinden al\u0131nm\u0131\u015f bir toplum olarak kabul edilmesine ra\u011fmen, Bat\u0131 d\u00fc\u015f\u00fcnce sisteminin sek\u00fclerle\u015fmeci ve h\u00fcmanist yakla\u015f\u0131mlar\u0131n\u0131n bile kayda de\u011fer bir \u015fekilde harekete ge\u00e7\/e\/memi\u015f olmas\u0131 gayet d\u00fc\u015f\u00fcnd\u00fcr\u00fcc\u00fcd\u00fcr.<\/p>\n<p style=\"text-align: justify;\">Bu noktada, ba\u015fta Bat\u0131 \u00fclkeleri olmak \u00fczere genel itibar\u0131yla k\u00fcresel kamuoyunun Filistin\u2019de olan biteni, Dr. Mahathir\u2019i dile getirdi\u011fi \u00fczere, \u201cbir Filistin provokasyonu\u201d olarak de\u011ferlendirme e\u011filiminde olmalar\u0131, temelde ger\u00e7ekli\u011fin ne denli d\u00f6n\u00fc\u015ft\u00fcr\u00fclebilece\u011fini ortaya koyuyor.<\/p>\n<p style=\"text-align: justify;\">\u00d6te yandan, \u0130slam inanc\u0131n\u0131n ve tarihsel geli\u015fmelerinin ortaya koydu\u011fu bir ger\u00e7eklik olarak, ad\u0131na Kutsal denilen yap\u0131lar ve kurumlar \u00fczerinde, \u0130srail devletince sergilenen \u015fiddet kar\u015f\u0131s\u0131nda \u0130slam dinine mensup kitlelerin, bu kitleleri temsil etti\u011fi ifade edilen siyasi hareketlerin ve h\u00fck\u00fcmetlerin geli\u015fmeler kar\u015f\u0131s\u0131ndaki tutumu da dikkatle incelenmeyi hak etmektedir.<\/p>\n<p style=\"text-align: justify;\">Bu \u00e7er\u00e7evede, G\u00fcneydo\u011fu Asya Malay toplumlar\u0131n\u0131n g\u00fcn\u00fcm\u00fcz modern ulus-devlet temsilcileri olan Endonezya Cumhuriyeti, Malezya Federasyonu ve Bruney Sultanl\u0131\u011f\u0131, Ramazan ay\u0131 boyunca s\u00fcren, \u00f6zellikle de Ramazan Bayram\u0131\u2019ndan birka\u00e7 g\u00fcn \u00f6nce \u015fiddetlenen \u0130srail sald\u0131r\u0131lar\u0131 kar\u015f\u0131s\u0131nda ele al\u0131nabilecek ve g\u00fcndeme getirilebilecek pragmatik bir \u00e7\u00f6z\u00fcm olarak Birle\u015fmi\u015f Milletler G\u00fcvenlik Konseyi\u2019ni toplant\u0131ya \u00e7a\u011f\u0131rmalar\u0131 ve \u0130srail\u2019in sald\u0131rganl\u0131\u011f\u0131na son verecek bir m\u00fcdahaleyi ortaya koymas\u0131 talebinde bulundular.<\/p>\n<p style=\"text-align: justify;\">S\u00f6z konusu bu \u00fc\u00e7 devletin h\u00fck\u00fcmetlerinin sahip olduklar\u0131 siyasal sorunlar\u0131n\u0131n \u00f6tesinde, temsilcisi olduklar\u0131 geni\u015f M\u00fcsl\u00fcman kesimlere sorumluluklar\u0131n\u0131n bir ifadesi ve de en az\u0131ndan bir insani tepki olarak bu y\u00f6nde bir kararl\u0131l\u0131k g\u00f6stermeleri \u00f6nemlidir.<\/p>\n<p style=\"text-align: justify;\">Bu durum, Kud\u00fcs ve kadim Filistin topraklar\u0131ndaki M\u00fcsl\u00fcman kitlenin kar\u015f\u0131 kar\u015f\u0131ya kald\u0131\u011f\u0131 sorunun, salt bir Filistin-\u0130srail sorunu olmad\u0131\u011f\u0131n\u0131 ya da kimilerinin adland\u0131rd\u0131\u011f\u0131 \u00fczere bir Ortado\u011fu meselesi olmad\u0131\u011f\u0131n\u0131 a\u00e7\u0131k\u00e7a ortaya koymaktad\u0131r.<\/p>\n<p style=\"text-align: justify;\">Bu \u00fc\u00e7 devletin h\u00fck\u00fcmet ve devlet ba\u015fkanlar\u0131 aras\u0131nda telefon diplomasisinin ard\u0131ndan yap\u0131lan ortak a\u00e7\u0131klamada, \u0130srail\u2019in sald\u0131rganl\u0131\u011f\u0131 k\u0131nan\u0131rken, uluslararas\u0131 topluma -ki burada temel hedefin ABD ve AB oldu\u011funu s\u00f6ylemek m\u00fcmk\u00fcn, ve BM G\u00fcvenlik Konseyi\u2019ne \u0130srail\u2019in uygulad\u0131\u011f\u0131 \u015fiddetin durdurulmas\u0131 \u00e7a\u011fr\u0131s\u0131nda bulunuldu.<\/p>\n<p style=\"text-align: justify;\">Ortak a\u00e7\u0131klamada Filistin-\u0130srail aras\u0131ndaki anla\u015fmalara ve \u00f6zellikle de, 1967 \u00f6ncesi s\u0131n\u0131rlara d\u00f6n\u00fclmesi konusu g\u00fcndeme getirilirken, siyasal ekonomik ve moral olarak Filistinlilere desteklerinin s\u00fcrd\u00fc\u011f\u00fc a\u00e7\u0131kland\u0131.<\/p>\n<p style=\"text-align: justify;\"><strong>Ortak g\u00fc\u00e7-ayr\u0131\u015f\u0131k politikalar<\/strong><\/p>\n<p style=\"text-align: justify;\">Beklenece\u011fi \u00fczere Malezya\u2019da Dr. Mahathir Muhammed de a\u00e7\u0131klama yapt\u0131. Ba\u015fbakan olarak bulundu\u011fu h\u00fck\u00fcmetler d\u00f6neminde, t\u0131pk\u0131 benzer di\u011fer konularda oldu\u011fu gibi, Filistin davas\u0131na deste\u011fini a\u00e7\u0131k\u00e7a ortaya koyan Dr. Mahathir\u2019in, s\u00f6z konusu geli\u015fmeler kar\u015f\u0131s\u0131nda ge\u00e7en hafta sonu yapt\u0131\u011f\u0131 a\u00e7\u0131klamada, \u00fc\u00e7 temel a\u00e7\u0131l\u0131m yer al\u0131yor. Akademik bir s\u00f6ylem analizine girmeden, bunlar\u0131 \u015fu \u015fekilde s\u0131ralamak m\u00fcmk\u00fcn.<\/p>\n<p style=\"text-align: justify;\">\u0130lki, Filistin toplumunun haklar\u0131n\u0131 \u2018destekleyen\u2019 halk\u0131n\u0131n \u00e7o\u011funlu\u011fu M\u00fcsl\u00fcman olan \u00fclkelerin ortak hareket etmesi \u00e7a\u011fr\u0131s\u0131d\u0131r.<\/p>\n<p style=\"text-align: justify;\">Dr. Mahathir\u2019in vurgulad\u0131\u011f\u0131 husus, \u0130slam toplumlar\u0131n\u0131n kahir ekseriyetini i\u00e7inde bar\u0131nd\u0131ran i\u00e7inde monar\u015fi, cumhuriyet vb. farkl\u0131l\u0131klar\u0131yla birlikte var olan ulus-devletlerin i\u00e7inde Filistin davas\u0131n\u0131 destekleyemenlerin de oldu\u011fu anla\u015f\u0131l\u0131yor. Dr. Mahathir, tecr\u00fcbelerine istinaden bu deste\u011fin nas\u0131l olmas\u0131 gerekti\u011fine dair k\u0131sa bir yol haritas\u0131 da \u00e7iziyor. Bunun ad\u0131 da, \u201cuygun bir strateji\u201dnin belirlenmesi ve takip edilmesi.<\/p>\n<p style=\"text-align: justify;\">Asl\u0131nda 1967 hadiseleri sonras\u0131nda temelde Filistin halk\u0131n\u0131n haklar\u0131n\u0131 korumak ve geli\u015ftirmek amac\u0131yla kuruldu\u011fu ifade edilen \u0130slam \u0130\u015fbirli\u011fi Konferans\u0131\u2019n\u0131n (<em>Organization of Islamic Conference<\/em>-OIC) aradan ge\u00e7en yar\u0131m y\u00fczy\u0131l\u0131 a\u015fk\u0131n s\u00fcre sonras\u0131nda kurumsal varl\u0131\u011f\u0131 devam etse de, temel amac\u0131 olan Filistin topraklar\u0131n\u0131n b\u00fcy\u00fck bir \u00e7o\u011funlu\u011fu yitirilmi\u015f durumda.<\/p>\n<p style=\"text-align: justify;\">Dr. Mahathir\u2019in, \u201cFilistin halk\u0131n\u0131n haklar\u0131n\u0131 korumak\u201d vurgusu tam da burada ortaya \u00e7\u0131k\u0131yor. Yani, \u0130slami hassasiyetlerden hareketle Filistin toplumuna ve vatan b\u00fct\u00fcnl\u00fc\u011f\u00fcne y\u00f6nelik deste\u011fi sergilemeyen \u00fclkelerin varl\u0131\u011f\u0131.<\/p>\n<p style=\"text-align: justify;\">Burada temel hedef tek tek \u00fclkeler olarak anla\u015f\u0131labilece\u011fi gibi, yukar\u0131da dikkat \u00e7ekildi\u011fi \u00fczere, kurulu\u015f gayesi, bizatihi Filistin halk\u0131 ve bu halk\u0131n \u00fczerinde ya\u015fad\u0131\u011f\u0131 topraklardaki Kutsal addedilen unsurlar\u0131n korunmas\u0131 olan OIC\u2019nin oldu\u011funu d\u00fc\u015f\u00fcnmek gerekiyor.<\/p>\n<p style=\"text-align: justify;\">\u0130kincisi, yaz\u0131n\u0131n giri\u015finde dikkat \u00e7ekti\u011fimiz bir konuya da vurgu yap\u0131yor Dr. Mahathir. O da, dini bir ba\u011fl\u0131l\u0131\u011f\u0131n\/\u00fcnsiyetin d\u0131\u015f\u0131nda, temel ve genel ba\u011flam\u0131 i\u00e7erisinde \u201cinsani\u201d bir durumun varl\u0131\u011f\u0131n\u0131n ortada oldu\u011funu g\u00f6stererek, d\u00fcnya kamuoyunun bu konuda deste\u011finin aranmas\u0131, bu deste\u011fin ortak bir \u015fekilde sergilenmesi y\u00f6n\u00fcnde.<\/p>\n<p style=\"text-align: justify;\">\u00dc\u00e7\u00fcnc\u00fcs\u00fc de, tek tek ulus devletler olmalar\u0131 kadar, bir t\u00fcr Pan-Arab kavram\u0131n\u0131n en az\u0131ndan kurumsalla\u015fm\u0131\u015f hali olarak kabul edilebilecek Arap Birli\u011fi\u2019ne seslenerek Filistinlilerle kafa kafaya verip \u0130srail kar\u015f\u0131s\u0131nda bir strateji geli\u015ftirmeleridir.<\/p>\n<p style=\"text-align: justify;\">Ancak Arap d\u00fcnyas\u0131n\u0131n en az\u0131ndan son y\u00fcz y\u0131l\u0131na g\u00f6z at\u0131ld\u0131\u011f\u0131nda, Dr. Mahathir\u2019in bu anlaml\u0131 d\u00fc\u015f\u00fcncesinin, bir temenni olman\u0131n \u00f6tesinde, siyasi ve toplumsal de\u011fi\u015fimlerin \u00f6n\u00fcn\u00fc a\u00e7acak kapsaml\u0131 bir d\u00fc\u015f\u00fcnce yap\u0131s\u0131n\u0131n geli\u015ftirilmesine yol a\u00e7\u0131p a\u00e7mayaca\u011f\u0131 ise \u015f\u00fcphelidir.<\/p>\n<p style=\"text-align: justify;\">Bug\u00fcn Filistin topraklar\u0131n\u0131 i\u015fgal eden \u0130srail\u2019in ortaya koydu\u011fu eylem yeni bir olgu de\u011fil. \u0130srail bunu her zaman yap\u0131yor. Buna kar\u015f\u0131l\u0131k, yap\u0131lmas\u0131 gereken ba\u015fka bir s\u00fcre\u00e7 var. O da, OIC \u00e7at\u0131s\u0131 alt\u0131nda kurumsal bir yap\u0131 temsil etti\u011fi g\u00f6r\u00fclen \u0130slam d\u00fcnyas\u0131\u2019n\u0131n bu yap\u0131n\u0131n hedefleri ve ama\u00e7lar\u0131 do\u011frultusunda yeni ad\u0131mlar atmas\u0131d\u0131r.<\/p>\n<p style=\"text-align: justify;\">Dr. Mahathir\u2019in dile getirdi\u011fi \u00fczere bir yanda Arap Birli\u011fi \u00f6te yanda OIC\u2019nin varl\u0131\u011f\u0131na ra\u011fmen, ortaya sa\u011fl\u0131kl\u0131 bir geli\u015fme olmad\u0131\u011f\u0131 g\u00f6r\u00fcl\u00fcyor. Aksine, bu iki yap\u0131 \u00fczerinde bir t\u00fcr hegomonik politika sergileyen ve s\u00f6zde var olan politikalar\u0131 belirleyen yap\u0131lar\u0131n \u201ckendine gelmesi\u201d veya yeni yap\u0131lar\u0131n olu\u015fturulmas\u0131nda yarar var.<\/p>\n<p style=\"text-align: justify;\">Dr. Mahathir\u2019in vurgulad\u0131\u011f\u0131 \u00fczere, Filistin konusunda \u0130slam d\u00fcnyas\u0131 kadar, genel itibar\u0131yla d\u00fcnya kamuoyunu temsil kabiliyetindeki unsurlar\u0131n birlikteli\u011finin yeni bir a\u00e7\u0131l\u0131m sa\u011flayaca\u011f\u0131na inanmak ve buna g\u00f6re yeni politikalar\u0131 g\u00fcndeme getirmek gerekiyor.<\/p>\n","protected":false},"excerpt":{"rendered":"<p>Mehmet \u00d6zay\u00a0 \u00a0 \u00a0 \u00a0 \u00a0 \u00a0 \u00a0 \u00a0 \u00a0 \u00a0 \u00a0 \u00a0 \u00a0 \u00a0 \u00a0 \u00a0 \u00a0 \u00a0 \u00a0 \u00a0 \u00a0 \u00a0 \u00a0 \u00a0 \u00a0 \u00a0 \u00a0 \u00a0 \u00a0 \u00a0 \u00a0 \u00a0 \u00a0 \u00a0 \u00a0 \u00a0 \u00a0 \u00a0 \u00a0 \u00a0 \u00a0 \u00a0 \u00a0 \u00a0 \u00a0 \u00a0 \u00a0 18.05.2021 \u0130srail\u2019in i\u015fgal etti\u011fi Filistin topraklar\u0131nda s\u00fcrd\u00fcrd\u00fc\u011f\u00fc [&hellip;]<\/p>\n","protected":false},"author":1,"featured_media":3857,"comment_status":"open","ping_status":"open","sticky":false,"template":"","format":"standard","meta":{"footnotes":""},"categories":[6,27],"tags":[],"class_list":["post-3852","post","type-post","status-publish","format-standard","has-post-thumbnail","hentry","category-gunluk-yazilar","category-malezya"],"_links":{"self":[{"href":"https:\/\/guneydoguasyacalismalari.com\/tr_tr\/wp-json\/wp\/v2\/posts\/3852","targetHints":{"allow":["GET"]}}],"collection":[{"href":"https:\/\/guneydoguasyacalismalari.com\/tr_tr\/wp-json\/wp\/v2\/posts"}],"about":[{"href":"https:\/\/guneydoguasyacalismalari.com\/tr_tr\/wp-json\/wp\/v2\/types\/post"}],"author":[{"embeddable":true,"href":"https:\/\/guneydoguasyacalismalari.com\/tr_tr\/wp-json\/wp\/v2\/users\/1"}],"replies":[{"embeddable":true,"href":"https:\/\/guneydoguasyacalismalari.com\/tr_tr\/wp-json\/wp\/v2\/comments?post=3852"}],"version-history":[{"count":3,"href":"https:\/\/guneydoguasyacalismalari.com\/tr_tr\/wp-json\/wp\/v2\/posts\/3852\/revisions"}],"predecessor-version":[{"id":3858,"href":"https:\/\/guneydoguasyacalismalari.com\/tr_tr\/wp-json\/wp\/v2\/posts\/3852\/revisions\/3858"}],"wp:featuredmedia":[{"embeddable":true,"href":"https:\/\/guneydoguasyacalismalari.com\/tr_tr\/wp-json\/wp\/v2\/media\/3857"}],"wp:attachment":[{"href":"https:\/\/guneydoguasyacalismalari.com\/tr_tr\/wp-json\/wp\/v2\/media?parent=3852"}],"wp:term":[{"taxonomy":"category","embeddable":true,"href":"https:\/\/guneydoguasyacalismalari.com\/tr_tr\/wp-json\/wp\/v2\/categories?post=3852"},{"taxonomy":"post_tag","embeddable":true,"href":"https:\/\/guneydoguasyacalismalari.com\/tr_tr\/wp-json\/wp\/v2\/tags?post=3852"}],"curies":[{"name":"wp","href":"https:\/\/api.w.org\/{rel}","templated":true}]}}