{"id":3848,"date":"2021-05-12T21:22:41","date_gmt":"2021-05-12T21:22:41","guid":{"rendered":"http:\/\/guneydoguasyacalismalari.com\/?p=3848"},"modified":"2021-05-12T21:22:41","modified_gmt":"2021-05-12T21:22:41","slug":"israilin-filistine-zulmu-ve-batida-degisen-bir-sey-yok-israels-persecution-of-palestine-and-no-any-changes-in-the-western-perception","status":"publish","type":"post","link":"https:\/\/guneydoguasyacalismalari.com\/tr_tr\/israilin-filistine-zulmu-ve-batida-degisen-bir-sey-yok-israels-persecution-of-palestine-and-no-any-changes-in-the-western-perception\/","title":{"rendered":"\u0130srail\u2019in Filistin\u2019e zulm\u00fc ve Bat\u0131\u2019da de\u011fi\u015fen bir \u015fey yok \/ Israel&#8217;s persecution of Palestine and no any changes in the Western perception"},"content":{"rendered":"<p><strong>Mehmet \u00d6zay\u00a0 \u00a0 \u00a0 \u00a0 \u00a0 \u00a0 \u00a0 \u00a0 \u00a0 \u00a0 \u00a0 \u00a0 \u00a0 \u00a0 \u00a0 \u00a0 \u00a0 \u00a0 \u00a0 \u00a0 \u00a0 \u00a0 \u00a0 \u00a0 \u00a0 \u00a0 \u00a0 \u00a0 \u00a0 \u00a0 \u00a0 \u00a0 \u00a0 \u00a0 \u00a0 \u00a0 \u00a0 \u00a0 \u00a0 \u00a0 \u00a0 \u00a0 \u00a0 \u00a0 \u00a0 \u00a0 \u00a0 12.05.2021<\/strong><\/p>\n<p style=\"text-align: justify;\">\u0130srail\u2019in Filistinlilere y\u00f6nelik olarak Ramazan ay\u0131n\u0131n ba\u015f\u0131nda d\u00fc\u015f\u00fck yo\u011funluklu ba\u015flatt\u0131\u011f\u0131 zulm, Bayramdan sadece birka\u00e7 g\u00fcn \u00f6nce meydana gelen yo\u011fun sald\u0131r\u0131lara d\u00f6n\u00fc\u015fmesi \u0130slam toplumlar\u0131n\u0131 ve insanl\u0131k vicdan\u0131n\u0131 s\u0131zlatmaya devam ediyor.<\/p>\n<p style=\"text-align: justify;\">Ya\u015fanan bu geli\u015fme, sadece Ortado\u011fu\u2019da bir Filistin sorunu olarak de\u011ferlendirilemez. \u0130srail\u2019in devlet ter\u00f6r\u00fc bir mek\u00e2n olarak Mescid-i Aksa camiini merkeze al\u0131rken, g\u00f6r\u00fcn\u00fcr bir toplumsal yap\u0131 olarak da orada ya\u015fayan Filistin halk\u0131n\u0131 hedef almaktad\u0131r.<\/p>\n<p style=\"text-align: justify;\">Ancak Mescid-i Aksa\u2019n\u0131n \u0130slam toplumlar\u0131 i\u00e7in \u00f6nemi, bu Kutsal mek\u00e2na yap\u0131lan sald\u0131r\u0131n\u0131n d\u00fcnyan\u0131n d\u00f6rt bir yan\u0131ndaki M\u00fcsl\u00fcman toplumlar\u0131 hedef ald\u0131\u011f\u0131n\u0131 g\u00f6sterir. Filistin halk\u0131na y\u00f6nelik \u015fiddet ve zulm\u00fc de bu toplumla dinda\u015f olan t\u00fcm M\u00fcsl\u00fcmanlar\u0131 ayn\u0131 \u015fiddet ve zulme maruz b\u0131rakt\u0131\u011f\u0131n\u0131 gizli\/a\u00e7\u0131k il\u00e2n eder.<\/p>\n<p style=\"text-align: justify;\">Ortada bir sorun varsa, bu sorunun Filistin\u2019den ve Filistin halk\u0131ndan ba\u011f\u0131ms\u0131z boyutlar\u0131 vard\u0131r. Bunlara a\u015fa\u011f\u0131da de\u011finece\u011fim.<\/p>\n<p style=\"text-align: justify;\"><strong>Safta birlik<\/strong><\/p>\n<p style=\"text-align: justify;\">Sald\u0131r\u0131lar s\u0131ras\u0131nda ve sonras\u0131nda g\u00f6zler her zaman oldu\u011fu gibi, \u00f6nce Arap Birli\u011fi\u2019ne ve birli\u011fe \u00fcye tek tek \u00fclkelerin liderlerine ve ayn\u0131 anda ba\u015fta ABD, \u0130ngiltere, Fransa olmak \u00fczere Bat\u0131\u2019l\u0131 \u00fclkeler \u00e7evrildi. Beklenti, \u0130srail\u2019in lanetlenmesi, sald\u0131r\u0131lar\u0131n k\u0131nanmas\u0131yd\u0131.<\/p>\n<p style=\"text-align: justify;\">Baz\u0131 palyatif yakla\u015f\u0131mlar\u0131n \u00f6tesinde b\u00f6yle bir \u015fey olmad\u0131. Olmas\u0131n\u0131 beklemekte m\u00fcmk\u00fcn de\u011fil(di). K\u00fcresel sistemi y\u00f6netme iddias\u0131ndaki ABD\u2019den gelen mesajlar, taraflar\u0131n artan \u015fiddeti sona erdirmesi a\u00e7\u0131klamas\u0131n\u0131n s\u0131n\u0131rlar\u0131n\u0131 a\u015famad\u0131.<\/p>\n<p style=\"text-align: justify;\">Filistin topraklar\u0131 ve Filistin halk\u0131 \u00fczerinde ger\u00e7ekle\u015fen \u0130srail bask\u0131s\u0131n\u0131n tarihsel boyutlar\u0131 kadar, g\u00fcn\u00fcm\u00fcz geli\u015fmeleri ile birlikte de\u011ferlendirilmesi gerekmektedir. Bu anlamda bu iki farkl\u0131 d\u00f6nemi birbiriyle ba\u011flant\u0131land\u0131ran husus hi\u00e7 ku\u015fku yok ki, \u0130srail\u2019in \u015fiddet i\u00e7erikli siyasetindeki devaml\u0131l\u0131kt\u0131r.<\/p>\n<p style=\"text-align: justify;\"><strong>Y\u0131k\u0131c\u0131 modernite bir s\u00f6ylem olamaz<\/strong><\/p>\n<p style=\"text-align: justify;\">Bununla birlikte, Filistin topraklar\u0131nda ortaya \u00e7\u0131kan ezen-ezilen ili\u015fkisini, ne Marksist s\u00f6ylemle ne s\u00f6m\u00fcrgecilik ne s\u00f6m\u00fcrgecilik sonras\u0131 s\u00f6ylemle anlamland\u0131rabilmek m\u00fcmk\u00fcnd\u00fcr. s\u00f6m\u00fcrgecilik s\u00fcrecini kendi teorik yakla\u015f\u0131m\u0131n\u0131 destekleyici mahiyette olmas\u0131 hasebiyle gizli\/a\u00e7\u0131k destekleyen, bunun \u00f6tesinde gizli\/a\u00e7\u0131k i\u00e7inden do\u011fdu\u011fu ve ya\u015fad\u0131\u011f\u0131 Bat\u0131 Avrupa uluslar\u0131n\u0131n s\u00f6m\u00fcrge topraklar\u0131ndaki varl\u0131klar\u0131n\u0131 bir medeniyet ba\u011flam\u0131 i\u00e7erisinde de\u011ferlendiren Marx\u2019\u0131n yakla\u015f\u0131mlar\u0131yla \u0130srail \u015fiddetini ve Filistin sorununu anlamland\u0131rmak b\u00fcy\u00fck bir safl\u0131k olur.<\/p>\n<p style=\"text-align: justify;\">Kendilerini hem Marksist addedip hem Filistin ve benzeri sorunlara empati besleyen ve beslemek isteyenler ve\/ya siyasal destek \u00e7\u0131kanlar ve \u00e7\u0131kmak isteyenlerin bizatihi temel bir i\u00e7 sorunla kar\u015f\u0131 kar\u015f\u0131ya olduklar\u0131n\u0131 anlamalar\u0131 gerekmektedir.<\/p>\n<p style=\"text-align: justify;\">Bizatihi Marksizmin dayanak noktas\u0131 olan Ayd\u0131nlanma d\u00fc\u015f\u00fcncesi, felsefesi ve bu yap\u0131 \u00fczerine in\u015fa edilen modernizm, \u0130srail\u2019in ortaya koydu\u011fu modern sava\u015f mekanizmas\u0131n\u0131n sadece g\u00f6r\u00fcn\u00fcr y\u00fczlerinden biridir.<\/p>\n<p style=\"text-align: justify;\">Her ne kadar, bir din devleti h\u00fcviyetinde olsa da, ki bu konuda ciddi g\u00f6r\u00fc\u015f ayr\u0131l\u0131klar\u0131ndan bahsetmek m\u00fcmk\u00fcn, \u0130srail\u2019in dayand\u0131\u011f\u0131 temel siyasi felsefe kendini modernitenin y\u0131k\u0131c\u0131 do\u011fas\u0131ndan almaktad\u0131r. Bu noktada, \u0130srail\u2019in yeti\u015fmi\u015f \u201centellekt\u00fcel\u201d kadrolar\u0131 veya \u0130srail ad\u0131na d\u00fcnyan\u0131n farkl\u0131 yerlerinden s\u00f6z s\u00f6yleme hakk\u0131n\u0131 kendinde bulan b\u00f6ylesi kadrolar\u0131n dayanaklar\u0131n\u0131 olu\u015fturan bilgiye, bilgi kaynaklar\u0131na g\u00f6z at\u0131lmas\u0131nda yarar var.<\/p>\n<p style=\"text-align: justify;\"><strong><em>Subaltern<\/em><\/strong><strong> s\u00f6yleminin zaafiyeti <\/strong><\/p>\n<p style=\"text-align: justify;\">Bug\u00fcn ABD\u2019nin demokrat h\u00fck\u00fcmetin ba\u015f\u0131ndaki Joe Biden ile yard\u0131mc\u0131s\u0131 Hindistan k\u00f6kenli Kamala Harris, Afrika k\u00f6kenli Amerikal\u0131lar (<em>Afro-American<\/em>) ba\u015fta olmak \u00fczere Amerika\u2019daki beyazlar d\u0131\u015f\u0131ndaki t\u00fcm toplumsal yap\u0131lar\u0131n haklar\u0131n\u0131 savunma vaadiyle geldikleri y\u00f6netimde, kayda de\u011fer bir zaafiyeti ve samimiyetsizli\u011fi ortaya koymaktad\u0131rlar.<\/p>\n<p style=\"text-align: justify;\">Katolik H\u0131ristiyan Joe Biden ile Hindu k\u00f6klerinden beslenen Kamala Harris\u2019in ne t\u00fcr bir dini ve etik dayanaklar\u0131 olup olmad\u0131\u011f\u0131 sorgulanmay\u0131 hak etmektedir.<\/p>\n<p style=\"text-align: justify;\">ABD\u2019de se\u00e7im s\u00fcrecinde, ya\u015fanan \u0131rk\u00e7\u0131l\u0131k temeli \u00fczerine bi\u00e7imlendiren ve bu anlamda \u201ciktidara gelmeleri halinde\u201d alternatif politikalar \u00fcretme \u00e7abas\u0131 sergileyeceklerini ifade eden Demokratlar\u0131n, bug\u00fcn \u0130srail\u2019in devlet ter\u00f6r\u00fcne kar\u015f\u0131 tutumlar\u0131 onlar\u0131 kendi \u00fclkelerinde ba\u015fta Afro-Amerikal\u0131lar olmak \u00fczere di\u011fer t\u00fcm \u2018\u00d6tekiler\u2019 (<em>the Others<\/em>) ile ilgili politikalar\u0131n\u0131n dayanaks\u0131zl\u0131\u011f\u0131na i\u015faret eder.<\/p>\n<p style=\"text-align: justify;\">Genel itibar\u0131yla Bat\u0131\u2019n\u0131n \u00f6zelde ise ABD\u2019nin kar\u015f\u0131 kar\u015f\u0131ya bulundu\u011fu sorun, tam anlam\u0131yla modernite krizinden \u00f6te bir \u015fey de\u011fildir. ABD\u2019deki siyasal yap\u0131 i\u00e7erisinde \u201cmuhafazak\u00e2r\u201d olarak adland\u0131r\u0131lan Cumhuriyet\u00e7iler taraf\u0131ndan \u201csol\/kom\u00fcnist\u201d olarak de\u011ferlendirilen Demokratlar kendi i\u00e7inde her t\u00fcrden \u201c<em>sub-altern<\/em>\u201d unsuru bar\u0131nd\u0131rmas\u0131yla dikkat \u00e7ekiyor.<\/p>\n<p style=\"text-align: justify;\">Sadece yeni h\u00fck\u00fcmetin olu\u015fturulmas\u0131nda bile adaylar\u0131n \u201cetnik k\u00f6kenleri\u201dne yap\u0131lan vurgu, bunu bizzat kamuoyunun alg\u0131s\u0131n\u0131 \u015fekillendirmek \u00fczere haz\u0131rland\u0131\u011f\u0131 g\u00f6r\u00fcl\u00fcr.<\/p>\n<p style=\"text-align: justify;\">Bu durum bile, bizatihi kendi ba\u015f\u0131na sorun arz etmektedir. S\u00f6z konusu sub-alternli\u011fi kendilerinde bir t\u00fcr \u201ca\u015fa\u011f\u0131l\u0131k kompleksi\u201d (<em>inferiority complex<\/em>) olarak g\u00f6rmeleri, i\u00e7inde bulunduklar\u0131 Amerikan toplumunun de\u011ferlerine \u201csahip olamaman\u0131n\u201d \u0131zd\u0131rab\u0131ndan \u00f6te bir \u015fey de\u011fildir.<\/p>\n<p style=\"text-align: justify;\">Bu h\u00e2l, a\u00e7\u0131k\u00e7as\u0131, Beyaz Amerika taraf\u0131ndan i\u015flenmi\u015f, bir sub-alternlik durumu olarak tezah\u00fcr etmektedir. T\u0131pk\u0131, s\u00f6m\u00fcrgecili\u011fin sona erdi\u011fi d\u00f6nemi ayr\u0131\u015ft\u0131rmak ad\u0131na icad edilen s\u00f6m\u00fcrgecilik sonras\u0131 (<em>post-colonialism<\/em>), modernitenin t\u00fcm k\u00f6t\u00fcl\u00fckleriyle arkada b\u0131rak\u0131ld\u0131\u011f\u0131na inand\u0131rmak i\u00e7in icad edilen post-modernite (<em>post-modernity<\/em>) kavramlar\u0131n\u0131n i\u00e7kin oldu\u011fu \u015fekilde bir hissiyat ve zihniyet zaafiyetinin ifadesidir.<\/p>\n<p style=\"text-align: justify;\">Bu noktada, ba\u015fta ba\u015fkan yard\u0131mc\u0131s\u0131 Kamala Harris ve di\u011ferlerinin sub-alternlik hazz\u0131n\u0131 ya\u015famaya ba\u015flad\u0131klar\u0131 bir d\u00f6nemde, d\u00fcnyan\u0131n farkl\u0131 b\u00f6lgelerinde ve ba\u015fta bug\u00fcnlerde g\u00f6zler \u00f6n\u00fcnde cereyan eden \u0130srail devlet zulm\u00fcne sessiz kalmalar\u0131, tam bir Amerikan icadi sub-alternlikle uyu\u015fmaktad\u0131r.<\/p>\n<p style=\"text-align: justify;\">\u00d6te yandan, ayn\u0131 Amerikan y\u00f6netiminin \u00c7in\u2019i k\u00f6\u015feye s\u0131k\u0131\u015ft\u0131rma projesinde yer verdikleri Do\u011fu T\u00fcrkistanl\u0131lara (Uygur) yap\u0131lan zulm\u00fc y\u00fcksek sesle dile getirirken, ayn\u0131 politikay\u0131 d\u00fcnyan\u0131n bir ba\u015fka yerinde diyelim ki, Ortado\u011fu\u2019da \u0130srail gibi ter\u00f6r\u00fc bir politika olarak izlemeyi gelenekselle\u015ftirmi\u015f bir yap\u0131ya kar\u015f\u0131 kullanmamas\u0131, Amerikan \u00e7\u0131karlar\u0131n\u0131n ve pragmatikli\u011finin bir sonucudur.<\/p>\n<p style=\"text-align: justify;\">\u0130srail\u2019in Mescid-i Aksa \u00fczerinde ger\u00e7ekle\u015ftirdi\u011fi politikalar\u0131, genel itibar\u0131yla onun geni\u015f Ortado\u011fu ve de k\u00fcresel politikas\u0131ndan yal\u0131tmak en b\u00fcy\u00fck gaflet olur. \u0130srail devletinin varolu\u015f dayanaklar\u0131n\u0131n Filistin topraklar\u0131 ile s\u0131n\u0131rl\u0131 olmad\u0131\u011f\u0131 ortadad\u0131r. \u0130\u00e7imizde, yan\u0131 ba\u015f\u0131m\u0131zda olan bitenden, Filistin\u2019e ve d\u00fcnyan\u0131n belli ba\u015fl\u0131 b\u00f6lgelerinde s\u00fcregiden \u00e7\u0131kar \u00e7at\u0131\u015fmalar\u0131n\u0131n y\u0131k\u0131c\u0131 moderniteyi kendine temel alm\u0131\u015f bir devlet ideolojisiyle yak\u0131n ba\u011f\u0131 g\u00f6z ard\u0131 edilmemelidir.<\/p>\n<p style=\"text-align: justify;\">Hayat\u0131n\u0131 kaybeden Filistinlere Allah\u2019tan rahmet dilerim.<\/p>\n","protected":false},"excerpt":{"rendered":"<p>Mehmet \u00d6zay\u00a0 \u00a0 \u00a0 \u00a0 \u00a0 \u00a0 \u00a0 \u00a0 \u00a0 \u00a0 \u00a0 \u00a0 \u00a0 \u00a0 \u00a0 \u00a0 \u00a0 \u00a0 \u00a0 \u00a0 \u00a0 \u00a0 \u00a0 \u00a0 \u00a0 \u00a0 \u00a0 \u00a0 \u00a0 \u00a0 \u00a0 \u00a0 \u00a0 \u00a0 \u00a0 \u00a0 \u00a0 \u00a0 \u00a0 \u00a0 \u00a0 \u00a0 \u00a0 \u00a0 \u00a0 \u00a0 \u00a0 12.05.2021 \u0130srail\u2019in Filistinlilere y\u00f6nelik olarak Ramazan ay\u0131n\u0131n [&hellip;]<\/p>\n","protected":false},"author":1,"featured_media":3849,"comment_status":"open","ping_status":"open","sticky":false,"template":"","format":"standard","meta":{"footnotes":""},"categories":[6,75],"tags":[],"class_list":["post-3848","post","type-post","status-publish","format-standard","has-post-thumbnail","hentry","category-gunluk-yazilar","category-sosyoloji-tarih"],"_links":{"self":[{"href":"https:\/\/guneydoguasyacalismalari.com\/tr_tr\/wp-json\/wp\/v2\/posts\/3848","targetHints":{"allow":["GET"]}}],"collection":[{"href":"https:\/\/guneydoguasyacalismalari.com\/tr_tr\/wp-json\/wp\/v2\/posts"}],"about":[{"href":"https:\/\/guneydoguasyacalismalari.com\/tr_tr\/wp-json\/wp\/v2\/types\/post"}],"author":[{"embeddable":true,"href":"https:\/\/guneydoguasyacalismalari.com\/tr_tr\/wp-json\/wp\/v2\/users\/1"}],"replies":[{"embeddable":true,"href":"https:\/\/guneydoguasyacalismalari.com\/tr_tr\/wp-json\/wp\/v2\/comments?post=3848"}],"version-history":[{"count":1,"href":"https:\/\/guneydoguasyacalismalari.com\/tr_tr\/wp-json\/wp\/v2\/posts\/3848\/revisions"}],"predecessor-version":[{"id":3850,"href":"https:\/\/guneydoguasyacalismalari.com\/tr_tr\/wp-json\/wp\/v2\/posts\/3848\/revisions\/3850"}],"wp:featuredmedia":[{"embeddable":true,"href":"https:\/\/guneydoguasyacalismalari.com\/tr_tr\/wp-json\/wp\/v2\/media\/3849"}],"wp:attachment":[{"href":"https:\/\/guneydoguasyacalismalari.com\/tr_tr\/wp-json\/wp\/v2\/media?parent=3848"}],"wp:term":[{"taxonomy":"category","embeddable":true,"href":"https:\/\/guneydoguasyacalismalari.com\/tr_tr\/wp-json\/wp\/v2\/categories?post=3848"},{"taxonomy":"post_tag","embeddable":true,"href":"https:\/\/guneydoguasyacalismalari.com\/tr_tr\/wp-json\/wp\/v2\/tags?post=3848"}],"curies":[{"name":"wp","href":"https:\/\/api.w.org\/{rel}","templated":true}]}}