{"id":3815,"date":"2021-04-21T20:33:00","date_gmt":"2021-04-21T20:33:00","guid":{"rendered":"http:\/\/guneydoguasyacalismalari.com\/?p=3815"},"modified":"2021-04-21T20:33:00","modified_gmt":"2021-04-21T20:33:00","slug":"japonya-basbakani-suganin-abd-ziyareti-ve-asya-pasifik-politikalari-the-visit-of-japanese-pm-suga-to-the-us-and-asia-pacific-politics","status":"publish","type":"post","link":"https:\/\/guneydoguasyacalismalari.com\/tr_tr\/japonya-basbakani-suganin-abd-ziyareti-ve-asya-pasifik-politikalari-the-visit-of-japanese-pm-suga-to-the-us-and-asia-pacific-politics\/","title":{"rendered":"Japonya Ba\u015fbakan\u0131 Suga\u2019n\u0131n ABD ziyareti ve Asya-Pasifik politikalar\u0131 \/ The Visit of Japanese PM Suga to the US and Asia-Pacific Politics"},"content":{"rendered":"<p><strong>Mehmet \u00d6zay\u00a0 \u00a0 \u00a0 \u00a0 \u00a0 \u00a0 \u00a0 \u00a0 \u00a0 \u00a0 \u00a0 \u00a0 \u00a0 \u00a0 \u00a0 \u00a0 \u00a0 \u00a0 \u00a0 \u00a0 \u00a0 \u00a0 \u00a0 \u00a0 \u00a0 \u00a0 \u00a0 \u00a0 \u00a0 \u00a0 \u00a0 \u00a0 \u00a0 \u00a0 \u00a0 \u00a0 \u00a0 \u00a0 \u00a0 \u00a0 \u00a0 \u00a0 \u00a0 \u00a0 \u00a0 \u00a0 \u00a0 21.04.2021<\/strong><\/p>\n<p style=\"text-align: justify;\">ABD\u2019de Joe Biden y\u00f6netimi ge\u00e7en hafta, ilk uluslararas\u0131 ziyaret\u00e7isi olarak Japonya ba\u015fbakan\u0131 Yoshihide Suga\u2019y\u0131 a\u011f\u0131rlad\u0131.<\/p>\n<p style=\"text-align: justify;\">Bu ziyaret, hem iki \u00fclke ili\u015fkileri hem de k\u00fcresel geli\u015fmeler \u00e7er\u00e7evesinde bir s\u00fcrpriz olmad\u0131\u011f\u0131n\u0131 s\u00f6yleyebiliriz. \u00d6yle ki, son d\u00f6nemde ABD\u2019nin uluslararas\u0131 alandaki i\u015fbirliklerine bak\u0131ld\u0131\u011f\u0131nda, Japonya\u2019n\u0131n ilk s\u0131rada yer ald\u0131\u011f\u0131 ve Suga\u2019n\u0131n bu ziyaretin de bunun yeni bir kan\u0131t\u0131 oldu\u011fu ortada.<\/p>\n<p style=\"text-align: justify;\">Kovid-19\u2019un etkisinin ABD\u2019den Japonya\u2019ya kadar etkisini yeniden g\u00f6sterdi\u011fi bir d\u00f6nemde ger\u00e7ekle\u015fen bu ziyaretin ana konular\u0131ndan biri, k\u00fcresel pandemi olsa da, temelde iki \u00fclke ili\u015fkileri kadar \u00f6zellikle, Asya-Pasifik veya \u00f6n\u00fcm\u00fczdeki d\u00f6nemde ad\u0131n\u0131 giderek daha \u00e7ok duyaca\u011f\u0131m\u0131z Hint-Pasifik ili\u015fkileri \u00f6ne \u00e7\u0131k\u0131yor.<\/p>\n<p style=\"text-align: justify;\"><strong>Moral destek \u00f6nceli\u011fi<\/strong><\/p>\n<p style=\"text-align: justify;\">\u00d6ncelikle Suga\u2019n\u0131n ziyaretinin a\u015fa\u011f\u0131da de\u011finilecek sorunlu ili\u015fkilerin istikrara kavu\u015fturulmas\u0131 konusundaki ba\u015flang\u0131\u00e7 olmas\u0131ndan \u00f6te, hem ABD hem Japonya i\u00e7in moral bir destek anlam\u0131 oldu\u011funa ku\u015fku yok.<\/p>\n<p style=\"text-align: justify;\">Son d\u00f6nemde ABD\u2019nin uluslararas\u0131 \u00e7evrelerle ili\u015fkilerine bak\u0131ld\u0131\u011f\u0131nda kendisini b\u00f6ylesine g\u00fc\u00e7l\u00fc ve g\u00fcvende hissedece\u011fi bir ittifak g\u00fcc\u00fcn\u00fc zor bulmas\u0131, Japonya\u2019y\u0131 ABD\u2019nin sadece ikili ili\u015fkileri ba\u011flam\u0131nda de\u011fil, k\u00fcresel politikalar\u0131nda da vazge\u00e7ilmek bir partner k\u0131l\u0131yor.<\/p>\n<p style=\"text-align: justify;\">Hat\u0131rlanaca\u011f\u0131 \u00fczere, bundan be\u015f y\u0131l \u00f6nce de, sab\u0131k ba\u015fkan Donald Trump Beyaz Saray\u2019daki yerini ald\u0131\u011f\u0131nda, ilk ziyaret d\u00f6nemin Japonya ba\u015fbakan\u0131 \u015einzo Abe taraf\u0131ndan ger\u00e7ekle\u015ftirilmi\u015fti. Bug\u00fcn ba\u015fbakan Suga taraf\u0131ndan benzer bir ziyaretin ger\u00e7ekle\u015ftiriliyor olmas\u0131, ak\u0131llara bu ikili ili\u015fkide hiyerar\u015fik olarak ABD\u2019yi \u00f6n pl\u00e2na \u00e7\u0131kartt\u0131\u011f\u0131 intiba\u0131 verebilir.<\/p>\n<p style=\"text-align: justify;\">Ancak, bunun tersinin de, bir o kadar iddia edilebilecek boyutlar\u0131 oldu\u011funu s\u00f6yleyebiliriz. Yani, bug\u00fcnk\u00fc ko\u015fullarda ABD\u2019nin Japonya\u2019ya ihtiyac\u0131n\u0131n \u00e7ok daha belirgin oldu\u011fu iddia edilebilir. Bu nedenle, yukar\u0131da ba\u015fbakan Suga\u2019n\u0131n ziyaretinin teknik sorunlar ve politikalar d\u0131\u015f\u0131nda en ba\u015fta moral bir de\u011fer oldu\u011funu s\u00f6yledik.<\/p>\n<p style=\"text-align: justify;\"><strong>Yak\u0131n d\u00f6nemin k\u0131r\u0131lgan politikalar\u0131 ve yeniden yap\u0131lanma<\/strong><\/p>\n<p style=\"text-align: justify;\">ABD\u2019nin kendi i\u00e7 sorunlar\u0131, Trump d\u00f6neminde Avrupa Birli\u011fi ile gerilen ili\u015fkiler, Asya-Pasifik b\u00f6lgesinde y\u00fczy\u0131l\u0131n ticaret anla\u015fmas\u0131 olmaya aday Trans Pasifik \u0130\u015fbirli\u011fi Anla\u015fmas\u0131\u2019ndan (<em>Trans Pacific Partnership Agreement<\/em>-TPPA) Trump y\u00f6netiminin \u00e7ekilmesi, k\u00fcresel iklim de\u011fi\u015fikli\u011finde ya\u015fanan politika de\u011fi\u015fiklikleri ge\u00e7en be\u015f y\u0131lda iki \u00fclke ili\u015fkilerinin ana g\u00fcndem maddeleri olarak dikkat \u00e7ekiyordu.<\/p>\n<p style=\"text-align: justify;\">Bu durum, son be\u015f y\u0131ll\u0131k s\u00fcre zarf\u0131nda belki de, Pasifik Sava\u015f\u0131\u2019ndan sonra iki \u00f6nemli ittifak g\u00fcc\u00fc aras\u0131nda b\u00f6ylesine olumsuzluklar\u0131n ilk defa ya\u015fanmas\u0131 anlam\u0131na geliyordu.<\/p>\n<p style=\"text-align: justify;\">\u00d6zellikle, TPPA\u2019n\u0131n sadece iki \u00fclke ili\u015fkileri a\u00e7\u0131s\u0131ndan de\u011fil, Asya-Pasifik\u2019ten ba\u015flayarak yeni bir ekonomi blo\u011funun tesisinde bu ittifak\u0131n iki g\u00fc\u00e7l\u00fc \u00fcyesi yani, ABD ve Japonya ili\u015fkilerinin yeni bir yap\u0131la\u015fmaya konu olmas\u0131 bekleniyordu.<\/p>\n<p style=\"text-align: justify;\">Bug\u00fcn b\u00f6yle bir ekonomik birlik ihtimalinin, en az\u0131ndan yak\u0131n vadede yeniden g\u00fcndeme getirilmesini beklemek pek m\u00fcmk\u00fcn de\u011fil.<\/p>\n<p style=\"text-align: justify;\">\u00d6te yandan, TPPA\u2019ya alternatif olarak \u00c7in \u00f6nderli\u011finde B\u00f6lgesel Kapsaml\u0131 Ekonomik \u0130\u015fbirli\u011fi (<em>Regional Comprehensive Economic Partnership<\/em>-RCEP) anla\u015fmas\u0131 imzalanm\u0131\u015f olsa da, \u00c7in\u2019in gerek bu anla\u015fma \u00f6ncesinde gerekse sonras\u0131nda sergiledi\u011fi b\u00f6lgesel politikalar g\u00fcven vermekten uzak bir g\u00f6r\u00fcn\u00fcm \u00e7iziyor.<\/p>\n<p style=\"text-align: justify;\">Bununla birlikte, bu durum, s\u00f6ylem ve eylemler ile siyaset ve ekonomi aras\u0131nda farkl\u0131la\u015fmalar oldu\u011fu ileri s\u00fcr\u00fclerek, RCEP\u2019in yak\u0131n d\u00f6nemde aktif olarak hayata ge\u00e7irilmesine mani olmayaca\u011f\u0131 ve di\u011fer \u00fclkeler gibi Japonya\u2019n\u0131n da, \u00c7in\u2019le gayet iyi ili\u015fkiler i\u00e7inde olaca\u011f\u0131 y\u00f6n\u00fcnde bir g\u00f6r\u00fc\u015f ortaya konulabilir.<\/p>\n<p style=\"text-align: justify;\">Ancak bu ili\u015fkilerin g\u00fcvenlik risk maliyeti dikkate al\u0131nd\u0131\u011f\u0131nda \u00c7in hi\u00e7 ku\u015fku yok ki, b\u00f6lge \u00fclkeleri i\u00e7in s\u00fcrd\u00fcr\u00fclebilir bir partner olma \u00f6zelli\u011fini hen\u00fcz ta\u015f\u0131d\u0131\u011f\u0131 s\u00f6ylenemez. Bu noktada, var olan ekonomik ili\u015fkilerin ve i\u015fbirliklerinin ise \u00e7ok\u00e7a pragmatik temellere dayand\u0131\u011f\u0131 ortadad\u0131r.<\/p>\n<p style=\"text-align: justify;\">Bu \u00e7er\u00e7evede, \u00c7in\u2019in Do\u011fu ve G\u00fcney \u00c7in Denizleri ile Tayvan Bo\u011faz\u0131 \u00fczerinde ortaya koydu\u011fu politikalar s\u00f6ylemin \u00f6tesinde, askeri ve sivil yap\u0131la\u015fmalar olarak kendini ortaya koymas\u0131, ba\u015fta Japonya olmak \u00fczere b\u00f6lge \u00fclkeleri nezdinde kabul edilebilir bir geli\u015fme olarak de\u011ferlendirilmiyor.<\/p>\n<p style=\"text-align: justify;\"><strong>Asya-Pasifik\u2019ten Hint-Pasifik\u2019e ABD ilgisi<\/strong><\/p>\n<p style=\"text-align: justify;\">ABD\u2019nin bu b\u00f6lgedeki geli\u015fmelere, sadece Japonya, Filipinler, Avustralya gibi b\u00f6lgedeki m\u00fcttefiklerinin varl\u0131\u011f\u0131 dolay\u0131s\u0131yla ilgi g\u00f6sterdi\u011fini d\u00fc\u015f\u00fcnmek de yanl\u0131\u015f. Aksine, bu durum, ABD\u2019nin Pasifik Sava\u015f\u0131 sonras\u0131nda belirledi\u011fi k\u00fcresel ekonomik ve siyasal yap\u0131la\u015fmas\u0131n\u0131n bir \u00fcr\u00fcn\u00fcd\u00fcr.<\/p>\n<p style=\"text-align: justify;\">S\u00f6z konusu bu jeo-politik durum, zamanla jeo-ekonomik bir boyut kazan\u0131rken, g\u00fcn\u00fcm\u00fczde bu yap\u0131n\u0131n jeo-stratejik bir evreye evrildi\u011fini rahatl\u0131kla s\u00f6yleyebiliriz.<\/p>\n<p style=\"text-align: justify;\">Kald\u0131 ki, Pasifik Sava\u015f\u0131 sonras\u0131n\u0131n Bat\u0131 Pasifik b\u00f6lgesi ve nihayetinde Asya-Pasifik olarak belirginlik kazanan teritoryal zemininin, bug\u00fcn art\u0131k Hint-Pasifik boyutuna evrilmi\u015f olmas\u0131, b\u00f6lgenin sadece ekonomik a\u00e7\u0131dan de\u011fil, siyasal ba\u011flamda da geni\u015fleme g\u00f6sterdi\u011finin bir kan\u0131t\u0131d\u0131r.<\/p>\n<p style=\"text-align: justify;\">B\u00f6lge tarihine g\u00f6z att\u0131\u011f\u0131m\u0131zda modern ulus-devletler \u00f6ncesinde Hint-Pasifik kavram\u0131n\u0131n varl\u0131\u011f\u0131na rastlan\u0131rken, bu yakla\u015f\u0131m\u0131 yeniden g\u00fcndeme ta\u015f\u0131yan ismin sab\u0131k Japonya ba\u015fbakan\u0131 \u015einzo Abe oldu\u011funu hat\u0131rlamak gerekir.<\/p>\n<p style=\"text-align: justify;\">Abe\u2019nin 2007 y\u0131l\u0131nda Hindistan ziyaretinde g\u00fcndeme getirdi\u011fi Hint-Pasifik kavramsalla\u015ft\u0131rmas\u0131, sadece Japonya\u2019n\u0131n jeo-ekonomik ve jeo-politik hedefleri olarak kabul edilemeyece\u011fini d\u00fc\u015f\u00fcnebiliriz.<\/p>\n<p style=\"text-align: justify;\">Bu noktada, 2001 y\u0131l\u0131nda Japonya savunma g\u00fc\u00e7lerinin Hint Okyanusu\u2019nda ABD\u2019nin Afganistan operasyonlar\u0131na verdi\u011fi lojistik destek, 2007 y\u0131l\u0131nda ger\u00e7ekle\u015ftirilen Malabar deniz tatbikat\u0131na ABD ve Hindistan ile birlikte kat\u0131l\u0131m\u0131, Japonya\u2019n\u0131n Hint Okyanusu ba\u011flam\u0131nda pratik geli\u015fmeleriydi.<\/p>\n<p style=\"text-align: justify;\">\u00d6te yandan, Trump y\u00f6netimince 2018 y\u0131l\u0131nda \u201cABD Hint-Pasifik Stratejik \u00c7er\u00e7evesi\u201d ad\u0131yla g\u00fcndeme getirilen, b\u00f6lgeyle ilgili yeni politika tasla\u011f\u0131nda bu kavrama yer verilmi\u015f olmas\u0131 ve bug\u00fcn Biden y\u00f6netiminin bu kavramsalla\u015fmay\u0131 benimsedi\u011fi y\u00f6n\u00fcndeki intibalar, geli\u015fmelerin Asya-Pasifik boyutunu a\u015fmakta oldu\u011funa i\u015faret ediyor.<\/p>\n<p style=\"text-align: justify;\">Bu durum, bir yandan Do\u011fu-G\u00fcney \u00c7in Denizleri\u2019nin Hint Okyanusu ile ba\u011f\u0131n\u0131n ne denli geli\u015fti\u011fini ortaya koyarken, ittifaklar a\u011f\u0131na, t\u00fcm handikaplar\u0131na ra\u011fmen, yeni bir akt\u00f6r olarak Hindistan\u2019\u0131n da girmek \u00fczere oldu\u011funa i\u015faret ediyor.<\/p>\n<p style=\"text-align: justify;\">Yukar\u0131da dikkat \u00e7ekilen hususlar, iki \u00fclke ikili ili\u015fkilerinin k\u00fcresel bir mahiyet arz etti\u011fini a\u00e7\u0131k\u00e7a ortaya koyuyor. Dolay\u0131s\u0131yla, bug\u00fcn ABD\u2019nin Japonya ile ittifak\u0131, \u00f6zellikle Okinawa Adas\u0131\u2019nda konu\u015flanan ABD birliklerinin varl\u0131\u011f\u0131n\u0131n \u00f6tesinde bir anlam ta\u015f\u0131yor.<\/p>\n<p style=\"text-align: justify;\">Bu \u00e7er\u00e7evede, Japonya ba\u015fbakan\u0131 Suga\u2019n\u0131n ziyaretinin ABD\u2019nin Asya-Pasifik\u2019ten Hint-Pasifik\u2019e evrilmekte olan politikalar\u0131na zemin te\u015fkil etme noktas\u0131nda gayet \u00f6nemliydi.<\/p>\n<p style=\"text-align: justify;\">Suga-Biden g\u00f6r\u00fc\u015fmelerinin olumlu ge\u00e7mesi, Trump d\u00f6neminde olu\u015fan hasar\u0131n giderilmesi ve ABD y\u00f6netiminin \u00f6zellikle, Asya-Pasifik b\u00f6lgesine y\u00f6nelik ilgisinin yeniden g\u00fcndeme gelmesi a\u00e7\u0131s\u0131ndan da kayda de\u011fer bir a\u015famaya tekab\u00fcl ediyor. Bu noktada, iki \u00fclke ittifak\u0131n\u0131n b\u00f6lgesel yans\u0131malar\u0131n\u0131n \u00f6n\u00fcm\u00fczdeki d\u00f6nemde yeni boyutlar kazanabilece\u011fi s\u00f6yleyebiliriz.<\/p>\n","protected":false},"excerpt":{"rendered":"<p>Mehmet \u00d6zay\u00a0 \u00a0 \u00a0 \u00a0 \u00a0 \u00a0 \u00a0 \u00a0 \u00a0 \u00a0 \u00a0 \u00a0 \u00a0 \u00a0 \u00a0 \u00a0 \u00a0 \u00a0 \u00a0 \u00a0 \u00a0 \u00a0 \u00a0 \u00a0 \u00a0 \u00a0 \u00a0 \u00a0 \u00a0 \u00a0 \u00a0 \u00a0 \u00a0 \u00a0 \u00a0 \u00a0 \u00a0 \u00a0 \u00a0 \u00a0 \u00a0 \u00a0 \u00a0 \u00a0 \u00a0 \u00a0 \u00a0 21.04.2021 ABD\u2019de Joe Biden y\u00f6netimi ge\u00e7en hafta, [&hellip;]<\/p>\n","protected":false},"author":1,"featured_media":3816,"comment_status":"open","ping_status":"open","sticky":false,"template":"","format":"standard","meta":{"footnotes":""},"categories":[9,6],"tags":[],"class_list":["post-3815","post","type-post","status-publish","format-standard","has-post-thumbnail","hentry","category-asya-pasifik","category-gunluk-yazilar"],"_links":{"self":[{"href":"https:\/\/guneydoguasyacalismalari.com\/tr_tr\/wp-json\/wp\/v2\/posts\/3815","targetHints":{"allow":["GET"]}}],"collection":[{"href":"https:\/\/guneydoguasyacalismalari.com\/tr_tr\/wp-json\/wp\/v2\/posts"}],"about":[{"href":"https:\/\/guneydoguasyacalismalari.com\/tr_tr\/wp-json\/wp\/v2\/types\/post"}],"author":[{"embeddable":true,"href":"https:\/\/guneydoguasyacalismalari.com\/tr_tr\/wp-json\/wp\/v2\/users\/1"}],"replies":[{"embeddable":true,"href":"https:\/\/guneydoguasyacalismalari.com\/tr_tr\/wp-json\/wp\/v2\/comments?post=3815"}],"version-history":[{"count":1,"href":"https:\/\/guneydoguasyacalismalari.com\/tr_tr\/wp-json\/wp\/v2\/posts\/3815\/revisions"}],"predecessor-version":[{"id":3817,"href":"https:\/\/guneydoguasyacalismalari.com\/tr_tr\/wp-json\/wp\/v2\/posts\/3815\/revisions\/3817"}],"wp:featuredmedia":[{"embeddable":true,"href":"https:\/\/guneydoguasyacalismalari.com\/tr_tr\/wp-json\/wp\/v2\/media\/3816"}],"wp:attachment":[{"href":"https:\/\/guneydoguasyacalismalari.com\/tr_tr\/wp-json\/wp\/v2\/media?parent=3815"}],"wp:term":[{"taxonomy":"category","embeddable":true,"href":"https:\/\/guneydoguasyacalismalari.com\/tr_tr\/wp-json\/wp\/v2\/categories?post=3815"},{"taxonomy":"post_tag","embeddable":true,"href":"https:\/\/guneydoguasyacalismalari.com\/tr_tr\/wp-json\/wp\/v2\/tags?post=3815"}],"curies":[{"name":"wp","href":"https:\/\/api.w.org\/{rel}","templated":true}]}}