{"id":3797,"date":"2021-04-01T22:05:15","date_gmt":"2021-04-01T22:05:15","guid":{"rendered":"http:\/\/guneydoguasyacalismalari.com\/?p=3797"},"modified":"2021-04-01T22:05:15","modified_gmt":"2021-04-01T22:05:15","slug":"abdde-george-floyd-hadisesi-ve-adalet-olgusu-the-george-floyd-case-and-justice-issue-in-the-us","status":"publish","type":"post","link":"https:\/\/guneydoguasyacalismalari.com\/tr_tr\/abdde-george-floyd-hadisesi-ve-adalet-olgusu-the-george-floyd-case-and-justice-issue-in-the-us\/","title":{"rendered":"ABD\u2019de George Floyd hadisesi ve adalet olgusu \/ The George Floyd case and justice issue in the US"},"content":{"rendered":"<p><strong>Mehmet \u00d6zay\u00a0 \u00a0 \u00a0 \u00a0 \u00a0 \u00a0 \u00a0 \u00a0 \u00a0 \u00a0 \u00a0 \u00a0 \u00a0 \u00a0 \u00a0 \u00a0 \u00a0 \u00a0 \u00a0 \u00a0 \u00a0 \u00a0 \u00a0 \u00a0 \u00a0 \u00a0 \u00a0 \u00a0 \u00a0 \u00a0 \u00a0 \u00a0 \u00a0 \u00a0 \u00a0 \u00a0 \u00a0 \u00a0 \u00a0 \u00a0 \u00a0 \u00a0 \u00a0 \u00a0 \u00a0 \u00a0 \u00a0 01.04.2021<\/strong><\/p>\n<p style=\"text-align: justify;\">ABD\u2019de George Floyd davas\u0131n\u0131n hafta ba\u015f\u0131nda ba\u015flamas\u0131yla, g\u00fcndemde en \u00f6nemli konunun h\u00e2l\u00e2 adalet olgusu oldu\u011fu bir kez daha ortaya konuluyor.<\/p>\n<p style=\"text-align: justify;\">Adaletin sa\u011flanmas\u0131n\u0131n arac\u0131 ve mekanizmas\u0131 olarak, ABD gibi bir modern ulus-devletin yasama, y\u00fcr\u00fctme ve yarg\u0131 organlar\u0131n\u0131n ne denli ba\u015far\u0131l\u0131 olup olmad\u0131\u011f\u0131 bir yana, mahkemede yer alan ki\u015filerin g\u00fcndeme getirdikleri ve\/ya getirmedikleri bize, daha derinlerde bir olgunun varl\u0131\u011f\u0131na i\u015faret ediyor.<\/p>\n<p style=\"text-align: justify;\"><strong>Siyah\/beyaz dikotomisi ve toplumsal alg\u0131 <\/strong><\/p>\n<p style=\"text-align: justify;\">Bir polis memurun a\u015f\u0131r\u0131 \u015fiddet kullanarak -kimilerine g\u00f6re kas\u0131tl\u0131, kimilerine g\u00f6re kas\u0131t olmaks\u0131z\u0131n Floyd\u2019un \u00f6l\u00fcm\u00fcne neden olmas\u0131ndan \u00f6te, ABD toplumunda egemen bir yap\u0131 olarak Beyaz ile bu egemen yap\u0131 i\u00e7erisinde az\u0131nl\u0131k konumunda oldu\u011fu belirtilen siyah\/Afrika-Amerikal\u0131lar\u0131n \u00a0ili\u015fkilerinin merkezde oldu\u011fu g\u00f6r\u00fcl\u00fcyor.<\/p>\n<p style=\"text-align: justify;\">Olay\u0131n geli\u015fiminde&#8230; Floyd\u2019un, Derek Chauvin adl\u0131 polis memurunun a\u015f\u0131r\u0131 \u015fiddetine maruz kalmadan k\u0131sa s\u00fcre \u00f6nce al\u0131\u015fveri\u015f yapt\u0131\u011f\u0131 market ve oradaki \u00e7al\u0131\u015fanlar\u0131n kendisine y\u00f6nelik sergiledi\u011fi yakla\u015f\u0131m tarz\u0131 ve polis ekibinin \u00e7a\u011fr\u0131 \u00fczerine ilgili b\u00f6lgeye gitmesi; polis memuru Chauvin\u2019in Floyd\u2019a uygulad\u0131\u011f\u0131 tavra ba\u015fta, yan\u0131 ba\u015f\u0131ndaki meslekta\u015flar\u0131 olmak \u00fczere, \u00e7evredeki sivillerden tan\u0131k olanlar\u0131n tutum ve yakla\u015f\u0131mlar\u0131 temel birer toplumsal yakla\u015f\u0131m ve ahl\u00e2ki g\u00f6sterge olarak kar\u015f\u0131m\u0131zda duruyor.<\/p>\n<p style=\"text-align: justify;\">Tekil bir olay \u00f6rne\u011finde kar\u015f\u0131m\u0131za \u00e7\u0131kan ve g\u00f6rece bir mikro \u00f6zellik olarak alg\u0131lanma e\u011filimi olsa da, bu vak\u2019a, temelde geni\u015f toplumsall\u0131kla al\u00e2kal\u0131 bir durumun prototipi olarak de\u011ferlendirmeyi hak ediyor.<\/p>\n<p style=\"text-align: justify;\">Bu \u00e7er\u00e7evede, \u00e7e\u015fitli alanlardan uzmanlar\u0131n, bir siyahi vatanda\u015f\u0131n hayat\u0131n\u0131 kaybetmesinin, sadece \u2018beyaz\u2019 bir polis memurunun ve\/ya polis memurunun g\u00f6revli bulundu\u011fu emniyet kurumunun alan\u0131yla s\u0131n\u0131rland\u0131ramayacaklar\u0131 d\u00fc\u015f\u00fcncesi, a\u00e7\u0131k\u00e7as\u0131 Amerikan toplumunda yayg\u0131n olarak benimsenmi\u015f baz\u0131 davran\u0131\u015f kal\u0131plar\u0131n\u0131n oldu\u011funu ortaya koyuyor.<\/p>\n<p style=\"text-align: justify;\">\u0130statistiki verilerle polisin, \u201ckendisine verilen hak\u201d gere\u011fince hayat\u0131na son verdi\u011fi ki\u015filerin siyah-beyaz oran\u0131nda ibre ilkinden yana g\u00f6stermesi, Amerikan toplumunda Floyd\u2019un maruz kald\u0131\u011f\u0131 ve\/ya benzeri olaylar\u0131 nicelik olarak de\u011ferlendirmek bir yana, nitelik olarak ele al\u0131nmas\u0131 gerekti\u011fine i\u015faret ediyor.<\/p>\n<p style=\"text-align: justify;\">Bu noktada, Amerikan toplumunun geni\u015f kesimlerinin bir kurumsal yap\u0131 olarak emniyet birimine verilen haklar\u0131n ne \u015fekilde ge\u00e7erlilik ta\u015f\u0131d\u0131\u011f\u0131 ve bunlar\u0131n ne denli, yine geni\u015f kitlelerce kabul edilebildi\u011fi sorusu bize, konunun tekil sorumluluklardan \u00f6te toplumsal bir ba\u011flama g\u00f6nderme yapmam\u0131z\u0131 zorunlu k\u0131l\u0131yor.<\/p>\n<p style=\"text-align: justify;\">\u015eayet, Anglo-Sakson k\u00f6klerinin belirleyicili\u011findeki ABD toplumu, ad\u0131na siyahi veya Afrika-Amerikal\u0131lar denilen kitlenin sosyalle\u015fmelerini tamamlayamam\u0131\u015f ve bu anlamda Amerikan toplumunda sosyal olman\u0131n d\u0131\u015f\u0131nda kalan, \u2018sapk\u0131n\u2019, \u2018yal\u0131t\u0131lm\u0131\u015f\u2019, \u2018izole edilmi\u015f\u2019 unsurlar oldu\u011funu benimsiyor ise, bu durum tek bir polis memurunu ya da bu polis memurunun mensubu oldu\u011fu emniyet kurumunu \u00f6ne \u00e7\u0131kartmak yerine, aksine toplumun bizatihi kendisini sorgulamay\u0131 gerektiren bir durumdur.<\/p>\n<p style=\"text-align: justify;\">Asl\u0131nda tam da bu nokta, ABD\u2019nin k\u00f6kleriyle ilgili temel bir sorunsala i\u015faret ediyor. ABD toplumu ve siyasal sistemi bu ger\u00e7eklikle y\u00fczle\u015fmek yerine, bunun \u00fczerine in\u015fa edilmi\u015f toplumsal ve siyasal yap\u0131s\u0131nda, baz\u0131 \u2018kara delikler\u2019 bulmak suretiyle su\u00e7u kara deliklere atmakla me\u015fgul.<\/p>\n<p style=\"text-align: justify;\"><strong>Akademi neyi me\u015frula\u015ft\u0131r\u0131yor?<\/strong><\/p>\n<p style=\"text-align: justify;\">Bunun alt yap\u0131s\u0131n\u0131n da bizzat bilerek veya bilmeyerek akademi \u00e7evrelerince ger\u00e7ekle\u015ftiriliyor olmas\u0131 gayet ilgin\u00e7.<\/p>\n<p style=\"text-align: justify;\">ABD\u2019li polis memurlar\u0131n\u0131n ve\/ya emniyet kurumunun siyahilere\/Afrikal\u0131-Amerikal\u0131lara kar\u015f\u0131 ne denli \u2018vah\u015fice\u2019 bir tav\u0131r ve yakla\u015f\u0131m i\u00e7inde olduklar\u0131n\u0131 g\u00f6ster\/ebil\/mek i\u00e7in baz\u0131 kar\u015f\u0131la\u015ft\u0131rmalar\u0131 ara\u015ft\u0131rmalar ortaya konuluyor.<\/p>\n<p style=\"text-align: justify;\">S\u00f6z konusu bu kar\u015f\u0131la\u015ft\u0131rmal\u0131 ara\u015ft\u0131rmalarda ABD\u2019li polisler ile \u00f6rne\u011fin, bir Avrupa \u00fclkesindeki polislerin tavr\u0131na y\u00f6nelik olgular nihayetinde kar\u015f\u0131m\u0131za ilkindin sorunlu yap\u0131s\u0131n\u0131 ortaya koyuyor.<\/p>\n<p style=\"text-align: justify;\">Asl\u0131nda sorunun ya da ara\u015ft\u0131rman\u0131n cevab\u0131 en ba\u015fta belli olmas\u0131na kar\u015f\u0131n, \u2018determinizmin\u2019 inand\u0131r\u0131c\u0131l\u0131\u011f\u0131n\u0131 ortaya koymak bir t\u00fcr belirleyicilik unsuru oluyor.<\/p>\n<p style=\"text-align: justify;\">Bu veya benzeri ara\u015ft\u0131rmalardaki temel hata gayet a\u00e7\u0131k&#8230; Bir Avrupa toplumunda, -ki yukar\u0131da bahse konu olan ara\u015ft\u0131rmada bir Kuzey Avrupa \u00fclkesi se\u00e7ilmi\u015f-, ne siyahilerin varl\u0131\u011f\u0131 i\u00e7inde bulundu\u011fumuz d\u00f6nemde niceliksel olarak benzerlik ta\u015f\u0131yor, ne de tastamam konunun \u00f6z\u00fcn\u00fc te\u015fkil eden tarihsel ve sosyolojik ger\u00e7eklik olarak anlaml\u0131 bir ili\u015fki ta\u015f\u0131yor.<\/p>\n<p style=\"text-align: justify;\"><strong>Kan\u0131ksanm\u0131\u015f k\u00f6t\u00fcl\u00fck<\/strong><\/p>\n<p style=\"text-align: justify;\">Buradan konuyla ilintili bir ba\u015fka noktaya temas etmekte yarar var. S\u00f6z konusu duru\u015fmaya davet edilen ki\u015filerden biri olan Floyd\u2019un k\u0131z arkada\u015f\u0131n\u0131n a\u00e7\u0131klamalar\u0131&#8230;<\/p>\n<p style=\"text-align: justify;\">K\u0131zca\u011f\u0131z, sorgulamada, Floyd\u2019un uyu\u015fturucu kulland\u0131\u011f\u0131ndan vs. s\u00f6z etmesi s\u0131radan bir anlat\u0131 de\u011fil. A\u00e7\u0131k\u00e7as\u0131 bu durum, pek de hakl\u0131 gerek\u00e7e gibi g\u00f6z\u00fckmemekle birlikte, tam da polisin ni\u00e7in ve hangi nedenle siyahi adam\u0131n \u00fczerine \u00e7ulland\u0131\u011f\u0131na bir sebep te\u015fkil ediyor. Bu noktada, k\u0131z\u0131n masumane a\u00e7\u0131klamasalar\u0131n\u0131n, asl\u0131nda pek de masumane olmayan bir karara gerek\u00e7e te\u015fkil edebilece\u011fini hat\u0131rlatmakta yarar var&#8230;<\/p>\n<p style=\"text-align: justify;\">T\u0131pk\u0131, Floyd\u2019un al\u0131\u015fveri\u015f i\u00e7in girdi\u011fi markette sigara i\u00e7in verdi\u011fi 20 Dolarl\u0131k banknotun \u201csahte oldu\u011fu \u015f\u00fcphesini ta\u015f\u0131yan\u201d ve ard\u0131ndan bu siyahi m\u00fc\u015fterinin, \u201cuyu\u015fturucu ba\u011f\u0131ml\u0131s\u0131 oldu\u011funa kanaat getiren\u201d market sahibinin polisi aramas\u0131ndaki sebepler zinciriyle \u00f6rt\u00fc\u015f\u00fcyor.<\/p>\n<p style=\"text-align: justify;\">Tabii burada bir kriminal analiz yap\u0131yor de\u011filim. Ancak burada s\u00f6ylemek istedi\u011fim, siyasi bireyin toplumda nas\u0131l alg\u0131land\u0131\u011f\u0131 konusunda sadece \u2018mikro d\u00fczeyde\u2019 de\u011fil, makro d\u00fczeyde varl\u0131k g\u00f6steren bir yap\u0131n\u0131n var oldu\u011funa i\u015faret etmek.<\/p>\n<p style=\"text-align: justify;\"><strong>Afrikal\u0131y\u0131 benimseyememi\u015f Anglo-Sakson<\/strong><\/p>\n<p style=\"text-align: justify;\">Ate\u015fli silahlar kullanarak bireylerin hayat\u0131na kast etme vakalar\u0131nda oldu\u011fu \u015fekilde, ABD\u2019li polise \u201cbu hakk\u0131\u201d veren asl\u0131nda yasalar\u0131n d\u0131\u015f\u0131nda, toplumsal yap\u0131n\u0131n bizatihi kendisidir.<\/p>\n<p style=\"text-align: justify;\">Yap\u0131lan birka\u00e7 ara\u015ft\u0131rmada, buna dair gayet dikkat \u00e7ekici veriler ortaya konuyor. Asl\u0131nda bu ara\u015ft\u0131rmalar olmasa da, uzmanlar d\u0131\u015f\u0131nda da, s\u0131radan insanlar\u0131n bile sorgulayabilece\u011fi temel bir ger\u00e7eklikle kar\u015f\u0131 kar\u015f\u0131yay\u0131z. O da silah kullanma \u00f6zg\u00fcrl\u00fc\u011f\u00fc&#8230;<\/p>\n<p style=\"text-align: justify;\">ABD\u2019de ni\u00e7in insanlar silah kullanma \u00f6zg\u00fcrl\u00fc\u011f\u00fcne sahiptir? Bu \u201cdo\u011fal insan haklar\u0131\u201d savunucular\u0131n\u0131n g\u00fcndeme getirdi\u011fi bir olgu mudur? Bunun derinlerine inmeden, tarihsel geli\u015fim s\u00fcrecinde ABD toplumunda kendini, \u201c\u00f6tekine\u201d kar\u015f\u0131 koruma g\u00fcd\u00fcs\u00fcn\u00fc geli\u015ftirmi\u015f bir \u201cAnglo-Sakson\u201d akl\u0131n\u0131n varl\u0131\u011f\u0131, bize sorunun cevab\u0131n\u0131 veriyor.<\/p>\n<p style=\"text-align: justify;\">Ve deniyor ki, daha \u201cModern ate\u015fli silahlar yasas\u0131\u201d ortadan yokken, -1700\u2019l\u00fc y\u0131llar kastediliyor- ABD topraklar\u0131n\u0131n g\u00fcneyinde, yani siyahilerin\/Afrika k\u00f6kenlilerin demografik yap\u0131da gayet \u00f6nemli bir temsiliyet ta\u015f\u0131d\u0131\u011f\u0131 b\u00f6lgelerde, Anglo-Sakson beyaz adam\u0131n uygulamaya ge\u00e7irdi\u011fi ve hedefinde siyahilerin oldu\u011fu devriyeler vard\u0131.<\/p>\n<p style=\"text-align: justify;\">Bug\u00fcn, ABD\u2019de daha \u00e7ok siyahilerin\/Afrikal\u0131 Amerikal\u0131lar\u0131n ve di\u011fer \u2018az\u0131nl\u0131k gruplar\u0131n\u0131n\u2019 ve hatta ya\u015fanan adaletsizli\u011fe kar\u015f\u0131 \u00e7\u0131kma e\u011filimindeki beyazlar\u0131n s\u00f6ylemi, Anglo-Sakson \u00e7o\u011funlu\u011fun az\u0131nl\u0131klar \u00fczerine gizli\/a\u00e7\u0131k y\u00fcklendi\u011fi bir toplumsal kin oldu\u011fu y\u00f6n\u00fcnde. Temelde bu s\u00f6ylemin de ele\u015ftiriye a\u00e7\u0131k gayet \u00f6nemli bir yan\u0131 var.<\/p>\n<p style=\"text-align: justify;\">ABD toplumu tek bir milletten m\u00fcte\u015fekkil toplumsal ve siyasal yap\u0131 de\u011fil. Her ne kadar Avrupa\u2019n\u0131n belli ba\u015fl\u0131 b\u00f6lgeleri ba\u015f\u0131 \u00e7ekse de, neredeyse eski k\u0131tan\u0131n her k\u00f6\u015fesinden milletlerin g\u00f6\u00e7ler boyunca \u2018Vaad edilmi\u015f topraklarda\u2019 ya\u015fam s\u00fcrd\u00fc\u011f\u00fc ortada. Dolay\u0131s\u0131yla, az\u0131nl\u0131klar denilerek siyahi\/Afrika k\u00f6kenli Amerikal\u0131lar\u0131 ya da g\u00fcn\u00fcm\u00fczde Hispanikleri yani, Latin Amerikal\u0131lar\u0131 ve Uzakdo\u011fulu Asyal\u0131lar\u0131 hedef alan bir s\u00f6ylem, irrasyonel bir duruma i\u015faret ediyor.<\/p>\n<p style=\"text-align: justify;\">Floyd vak\u2019as\u0131 \u00f6zelinde tart\u0131\u015f\u0131lan husus, sadece bir polis memurunun sergiledi\u011fi yakla\u015f\u0131m de\u011fildir. ABD, asl\u0131nda \u00fczerinden hi\u00e7 de atamad\u0131\u011f\u0131 bir tarihsel hatan\u0131n ceremesini \u00e7ekmekle me\u015fgul. Bu konuda adaletin tesisi, polis memuru Chauvin\u2019e olas\u0131 hapis cezas\u0131 ile ger\u00e7ekle\u015ftirilemeycek kadar derinlerdedir.<\/p>\n","protected":false},"excerpt":{"rendered":"<p>Mehmet \u00d6zay\u00a0 \u00a0 \u00a0 \u00a0 \u00a0 \u00a0 \u00a0 \u00a0 \u00a0 \u00a0 \u00a0 \u00a0 \u00a0 \u00a0 \u00a0 \u00a0 \u00a0 \u00a0 \u00a0 \u00a0 \u00a0 \u00a0 \u00a0 \u00a0 \u00a0 \u00a0 \u00a0 \u00a0 \u00a0 \u00a0 \u00a0 \u00a0 \u00a0 \u00a0 \u00a0 \u00a0 \u00a0 \u00a0 \u00a0 \u00a0 \u00a0 \u00a0 \u00a0 \u00a0 \u00a0 \u00a0 \u00a0 01.04.2021 ABD\u2019de George Floyd davas\u0131n\u0131n hafta ba\u015f\u0131nda [&hellip;]<\/p>\n","protected":false},"author":1,"featured_media":3798,"comment_status":"open","ping_status":"open","sticky":false,"template":"","format":"standard","meta":{"footnotes":""},"categories":[6,75],"tags":[],"class_list":["post-3797","post","type-post","status-publish","format-standard","has-post-thumbnail","hentry","category-gunluk-yazilar","category-sosyoloji-tarih"],"_links":{"self":[{"href":"https:\/\/guneydoguasyacalismalari.com\/tr_tr\/wp-json\/wp\/v2\/posts\/3797","targetHints":{"allow":["GET"]}}],"collection":[{"href":"https:\/\/guneydoguasyacalismalari.com\/tr_tr\/wp-json\/wp\/v2\/posts"}],"about":[{"href":"https:\/\/guneydoguasyacalismalari.com\/tr_tr\/wp-json\/wp\/v2\/types\/post"}],"author":[{"embeddable":true,"href":"https:\/\/guneydoguasyacalismalari.com\/tr_tr\/wp-json\/wp\/v2\/users\/1"}],"replies":[{"embeddable":true,"href":"https:\/\/guneydoguasyacalismalari.com\/tr_tr\/wp-json\/wp\/v2\/comments?post=3797"}],"version-history":[{"count":1,"href":"https:\/\/guneydoguasyacalismalari.com\/tr_tr\/wp-json\/wp\/v2\/posts\/3797\/revisions"}],"predecessor-version":[{"id":3799,"href":"https:\/\/guneydoguasyacalismalari.com\/tr_tr\/wp-json\/wp\/v2\/posts\/3797\/revisions\/3799"}],"wp:featuredmedia":[{"embeddable":true,"href":"https:\/\/guneydoguasyacalismalari.com\/tr_tr\/wp-json\/wp\/v2\/media\/3798"}],"wp:attachment":[{"href":"https:\/\/guneydoguasyacalismalari.com\/tr_tr\/wp-json\/wp\/v2\/media?parent=3797"}],"wp:term":[{"taxonomy":"category","embeddable":true,"href":"https:\/\/guneydoguasyacalismalari.com\/tr_tr\/wp-json\/wp\/v2\/categories?post=3797"},{"taxonomy":"post_tag","embeddable":true,"href":"https:\/\/guneydoguasyacalismalari.com\/tr_tr\/wp-json\/wp\/v2\/tags?post=3797"}],"curies":[{"name":"wp","href":"https:\/\/api.w.org\/{rel}","templated":true}]}}