{"id":3782,"date":"2021-03-21T19:16:46","date_gmt":"2021-03-21T19:16:46","guid":{"rendered":"http:\/\/guneydoguasyacalismalari.com\/?p=3782"},"modified":"2021-03-21T19:16:46","modified_gmt":"2021-03-21T19:16:46","slug":"acede-bir-kayip-tgk-abu-davud-zamzami-vefat-etti-tgk-abu-daud-zamzami-passed-away","status":"publish","type":"post","link":"https:\/\/guneydoguasyacalismalari.com\/tr_tr\/acede-bir-kayip-tgk-abu-davud-zamzami-vefat-etti-tgk-abu-daud-zamzami-passed-away\/","title":{"rendered":"A\u00e7e\u2019de bir kay\u0131p: Tgk. Abu Davud Zamzami vefat etti \/ Tgk. Abu Daud Zamzami passed away"},"content":{"rendered":"<p style=\"text-align: justify;\"><strong>Mehmet \u00d6zay\u00a0 \u00a0 \u00a0 \u00a0 \u00a0 \u00a0 \u00a0 \u00a0 \u00a0 \u00a0 \u00a0 \u00a0 \u00a0 \u00a0 \u00a0 \u00a0 \u00a0 \u00a0 \u00a0 \u00a0 \u00a0 \u00a0 \u00a0 \u00a0 \u00a0 \u00a0 \u00a0 \u00a0 \u00a0 \u00a0 \u00a0 \u00a0 \u00a0 \u00a0 \u00a0 \u00a0 \u00a0 \u00a0 \u00a0 \u00a0 \u00a0 \u00a0 \u00a0 \u00a0 \u00a0 \u00a0 \u00a0 21.03.2021<\/strong><\/p>\n<p style=\"text-align: justify;\">A\u00e7enin son d\u00f6nemde yeti\u015ftirdi\u011fi \u00f6nemli Hocalardan Teungku (Tgk.) Abu Davud Zamzami ge\u00e7ti\u011fimiz Sal\u0131 g\u00fcn\u00fc vefat etti.<\/p>\n<p style=\"text-align: justify;\">A\u00e7e Besar b\u00f6lgesinde Ateuk Angguk\u2019daki Dayah <em>Riyadhus Salihin<\/em> adl\u0131 geleneksel dini \u00f6\u011fretim kurumunun kurucusu ve ba\u015f Hocas\u0131 olan Tgk. Zamzami ilerlemi\u015f ya\u015f\u0131na ra\u011fmen, \u00f6\u011frencilerine ve geni\u015f topluma hizmet etmeye devam ediyordu.<\/p>\n<p style=\"text-align: justify;\">Yakla\u015f\u0131k alt\u0131 y\u0131l \u00f6nce ge\u00e7irdi\u011fi felcin ard\u0131ndan giderek sa\u011fl\u0131\u011f\u0131na kavu\u015fan Tgk. Zamzami, A\u00e7e Ulema Meclisi\u2019ndeki (<em>Majlis Pimpinan Ulama<\/em>-MPU) ba\u015fkan yard\u0131mc\u0131l\u0131\u011f\u0131 g\u00f6revine devam etti. K\u0131sa bir s\u00fcre sonra ba\u015fkan Tgk. Muslim \u0130brahim\u2019in vefat\u0131n\u0131n ard\u0131ndan, ba\u015fkan olarak atanarak vefat\u0131na kadar bu g\u00f6revini s\u00fcrd\u00fcrd\u00fc.<\/p>\n<p style=\"text-align: justify;\">Merhum Tgk. Zamzami, 20. y\u00fczy\u0131l\u0131n ikinci yar\u0131s\u0131nda neredeyse t\u00fcm A\u00e7e b\u00f6lgesinde faaliyete ba\u015flayan geleneksel dini okullar\u0131n kurucular\u0131n\u0131n hocas\u0131 olan, karizmatik lider Abuya Muda Wali al-Halidi\u2019nin ve Tgk. Hasan Krueng Kale\u2019nin \u00f6\u011frencilerindendi.<\/p>\n<p style=\"text-align: justify;\">Tgk. Zamzami Hoca\u2019yla ilk defa 2005 y\u0131l\u0131nda bir t\u00f6ren vesilesiyle A\u00e7e Besar b\u00f6lgesindeki Ulee Titi\u2019de geleneksel okullardan birinde tan\u0131\u015fm\u0131\u015ft\u0131k. G\u00fcler y\u00fczy\u00fc, heyecanl\u0131, samimi ve ho\u015f-sohbet ki\u015fili\u011fi ile di\u011fer hocalardan hemen fark ediliyordu.<\/p>\n<p style=\"text-align: justify;\">\u0130lerleyen y\u0131llarda kendisini zaman zaman ziyaret ederek baz\u0131 konularda sohbet etme ve bilgilenme imk\u00e2n\u0131 buldum.<\/p>\n<p style=\"text-align: justify;\">\u00d6zellikle, \u00a02011 y\u0131l\u0131nda Baba Davud adl\u0131 \u00e7al\u0131\u015fmamla ilgili olarak d\u00f6nemin \u00f6ne \u00e7\u0131kan Hocalar\u0131yla yapt\u0131\u011f\u0131m g\u00f6r\u00fc\u015fmeler s\u0131ras\u0131nda, \u00f6nemli kaynak ki\u015filerden birisi de Tgk. Zamzam\u2019iydi. Fel\u00e7 ge\u00e7irdi\u011fi d\u00f6nemin hemen ard\u0131nda kendisini ziyaret etmi\u015f ve yine bir ba\u015fka \u00e7al\u0131\u015fma vesilesiyle g\u00f6r\u00fc\u015flerine ba\u015fvurmu\u015ftuk. Tam olarak iyile\u015fmemesine ra\u011fmen, bizi yeniden kabul etme tevazuunu g\u00f6stermi\u015fti.<\/p>\n<p style=\"text-align: justify;\"><strong>Bir d\u00f6nem kapan\u0131rken<\/strong><\/p>\n<p style=\"text-align: justify;\">1935 y\u0131l\u0131nda d\u00fcnyaya gelen Tgk. Zamzami Hoca\u2019n\u0131n vefat\u0131, a\u00e7\u0131k\u00e7as\u0131 A\u00e7e\u2019de bir d\u00f6nemin kapan\u0131p ve yeni bir d\u00f6nemin ba\u015flamakta oldu\u011funa i\u015faret ediyor.<\/p>\n<p style=\"text-align: justify;\">Daha \u00f6nce vefat eden Abuya Muhyibuddin Wali, Amran Wali, Abu Panton Labu, Tgk. Muslim \u0130brahim, ba\u011f\u0131ms\u0131zl\u0131k \u00f6ncesi d\u00f6nemde d\u00fcnyaya gelen ve uzun ve zorlu bir 20. y\u00fczy\u0131l ikinci yar\u0131s\u0131na tan\u0131kl\u0131k etmi\u015f k\u0131ymetli hocalar aras\u0131nda yer al\u0131yor.<\/p>\n<p style=\"text-align: justify;\">Tgk. Zamzami\u2019nin vefat\u0131yla Abuya Muda Waly\u2019nin hayatta olan sadece tek \u00f6\u011frencisi yani, Abu Tumin kalm\u0131\u015f durumda.<\/p>\n<p style=\"text-align: justify;\"><strong>Topluma hizmet hakka hizmet<\/strong><\/p>\n<p style=\"text-align: justify;\">Ad\u0131n\u0131 zikretti\u011fim Hocalardan baz\u0131lar\u0131 ulusal ve hatta b\u00f6lgesel olarak tan\u0131nan, \u00e7e\u015fitli siyasi hareketler i\u00e7erisinde aktif olarak yer alan, ancak genel itibar\u0131yla kurduklar\u0131 geleneksel dini okullar ile yak\u0131n \u00e7evrelerinden ba\u015flayarak geni\u015f toplum kesimlerine hizmeti \u00f6ncellemi\u015f insanlard\u0131r.<\/p>\n<p style=\"text-align: justify;\">Tgk. Zamzami de bunlardan biriydi. Bir d\u00f6nem A\u00e7e eyalet parlamentosunda vekil olarak g\u00f6rev yapm\u0131\u015f, \u00e7e\u015fitli dini-sosyal kurumlarda yetkili olarak rol alm\u0131\u015ft\u0131.<\/p>\n<p style=\"text-align: justify;\">Bu \u00e7al\u0131\u015fmalar\u0131n\u0131n ve hizmetlerinin i\u00e7inde belki de en dikkat \u00e7ekeni A\u00e7e Ulema Meclisi\u2019ndeki rol\u00fcyd\u00fc. Gen\u00e7 ya\u015f\u0131ndan itibaren \u00fcyesi oldu\u011fu MPU\u2019da ba\u015fkan yard\u0131mc\u0131l\u0131\u011f\u0131 ve vekilli\u011fi ile nihayetinde ba\u015fkanl\u0131\u011fa kadar ula\u015fan g\u00f6rev s\u00fcresince A\u00e7e toplumuna hizmette bulunmu\u015ftu.<\/p>\n<p style=\"text-align: justify;\"><strong>Ge\u00e7mi\u015fle bug\u00fcn aras\u0131nda k\u00f6pr\u00fc<\/strong><\/p>\n<p style=\"text-align: justify;\">S\u00f6m\u00fcrge d\u00f6nemine tan\u0131kl\u0131k eden ve Tgk. Abdullah Ujong Rimba\u2019n\u0131n MPU\u2019nun ba\u015fkan\u0131 oldu\u011fu d\u00f6nemde \u00fcyeli\u011fe ba\u015flamas\u0131 ve gerek hocalar\u0131 Muda Wali el-Halidi ile Hasan Krueng Kale gerekse Abdullah Ujong hocalarla ortak mesasi onu yak\u0131n ge\u00e7mi\u015fle g\u00fcn\u00fcm\u00fcz aras\u0131nda k\u00f6pr\u00fc i\u015flevi g\u00f6ren hocalar aras\u0131nda kabul etmemizi gerektiriyor.<\/p>\n<p style=\"text-align: justify;\">Bu anlamda, Tgk. Zamzami, ba\u015fta ad\u0131 ge\u00e7en hocalar olmak \u00fczere, di\u011ferleriyle sadece mek\u00e2n ve zaman\u0131 payla\u015fmad\u0131\u011f\u0131n\u0131, Hollanda ve Japon s\u00f6m\u00fcrgecilik s\u00fcre\u00e7lerini ve ard\u0131ndan ba\u011f\u0131ms\u0131zl\u0131k s\u00fcrecindeki zorlu y\u0131llar\u0131 yak\u0131ndan tecr\u00fcbe etmi\u015f bir \u00f6nceki neslin ta\u015f\u0131d\u0131\u011f\u0131 de\u011ferlere de hakim oldu\u011funu s\u00f6ylemek m\u00fcmk\u00fcn.<\/p>\n<p style=\"text-align: justify;\">Bir yandan siyaset d\u00fcnyas\u0131, \u00f6te yandan dini-sivil yap\u0131n\u0131n i\u00e7inde yer alan Tgk. Zamzami\u2019nin, bu s\u00fcre\u00e7lerde yer almas\u0131nda hi\u00e7 ku\u015fku yok ki, bilgisinin yan\u0131 s\u0131ra, sahip oldu\u011fu karizmatik ki\u015fili\u011fin \u00f6nemli bir yeri vard\u0131.<\/p>\n<p style=\"text-align: justify;\"><strong>Fetvan\u0131n noktas\u0131 virg\u00fcl\u00fcne kadar \u00f6nemi <\/strong><\/p>\n<p style=\"text-align: justify;\">MPU ba\u015fkan yard\u0131mc\u0131lar\u0131ndan k\u0131ymetli Tgk. Faisal Ali, merhum hakk\u0131nda, \u201c&#8230; S\u0131ra fetva tart\u0131\u015fmalar\u0131na ve ilgili fetvalar\u0131n verilmesine geldi\u011finde \u00f6nemli referanslara ula\u015f\u0131r ve fetvalar\u0131n noktas\u0131na virg\u00fcl\u00fcne kadar do\u011fru bir \u015fekilde yaz\u0131lmas\u0131na gayret ederdi.\u201d diyor.<\/p>\n<p style=\"text-align: justify;\">Dikkat edilece\u011fi \u00fczere, burada ve di\u011fer baz\u0131 yaz\u0131lar\u0131m\u0131zda dile getirdi\u011fimiz \u201cgeleneksel \u0130slami e\u011fitim kurumlar\u0131\u201dna vurgumuz, A\u00e7e\u2019de tarihsel ve geleneksel olarak var olan ve Tak\u0131madalar b\u00f6lgesindeki benzeri yap\u0131la\u015fmalardan ayr\u0131lan hususiyetleri ile gayet \u00f6nemli bir dini-k\u00fclt\u00fcr ve medeniyetin izlerine sahip ve bu anlamda toplumun yap\u0131la\u015fmas\u0131nda \u00f6nemli roller \u00fcstlenmi\u015f kurumlar olmas\u0131d\u0131r.<\/p>\n<p style=\"text-align: justify;\">Bu e\u011fitim kurumlar\u0131n\u0131 kendi gayretleri ve halk\u0131n deste\u011fiyle hayata ge\u00e7iren hocalar da bir yandan yap\u0131sal, \u00f6te yandan da ilmi devaml\u0131l\u0131\u011f\u0131 sa\u011flayan ki\u015filerdir.<\/p>\n<p style=\"text-align: justify;\">S\u00f6z konusu bu hocalar\u0131n Tak\u0131madalar M\u00fcsl\u00fcman toplumlar\u0131 i\u00e7in b\u00fcy\u00fck bir k\u0131ymet ve \u00f6neme sahip olduklar\u0131na ku\u015fku bulunmamaktad\u0131r.<\/p>\n<p style=\"text-align: justify;\">\u00d6yle ki, gerek ulusal, gerekse uluslararas\u0131 \u00e7evrelerin \u00e7e\u015fitli vesilelerle karalamaya \u00e7al\u0131\u015ft\u0131klar\u0131 \u0130slamiyet ve de\u011ferlerine, e\u011fitim kurumlar\u0131na, eserlerine ve mensuplar\u0131na y\u00f6nelik haks\u0131z ele\u015ftirel tutumlar kar\u015f\u0131s\u0131nda daha \u00e7ok kendinde bir sorumlulukla sessiz kalmay\u0131 ye\u011fleyen, sorulmad\u0131k\u00e7a g\u00f6r\u00fc\u015f beyan etmelerine nadiren rastlanan, edebi ve hayay\u0131 \u00f6rnek bir ya\u015fam modeli olarak g\u00fcndemlerine alan ve bunu \u00f6\u011frencilerine aktaran bir nesilden bahsediyoruz.<\/p>\n<p style=\"text-align: justify;\">\u00d6te yandan, yine ayn\u0131 M\u00fcsl\u00fcman toplumlarda modern d\u00f6nemin s\u00f6zde e\u011fitimli kitlelerinin, giderek uzakla\u015ft\u0131klar\u0131 ve neredeyse aramaktan bile vazge\u00e7tikleri de\u011ferlerin aktar\u0131c\u0131s\u0131 olan bu hocalar\u0131n varl\u0131\u011f\u0131 bir nimet olarak kabul edilmelidir. Oysa, kitlelerin ya bu hocalar\u0131 salt sembolik olarak kabul edip ger\u00e7ek anlamda kayda de\u011fer almaktan vazge\u00e7tikleri veya g\u00f6z ard\u0131 ettikleri bir yeni toplumsal yap\u0131n\u0131n varl\u0131\u011f\u0131na dikkat \u00e7ekmek gerekiyor.<\/p>\n<p style=\"text-align: justify;\">Edebi ve ahl\u00e2k\u0131 edinmenin arac\u0131n\u0131n salt kitabi bir \u00f6\u011frenme \u00e7abas\u0131yla olmad\u0131\u011f\u0131n\u0131, aksine h\u00e2l ile kendini ortaya koydu\u011funu, bizzat ad\u0131n\u0131 sayd\u0131\u011f\u0131m ve kendileriyle g\u00f6r\u00fc\u015fme ve tan\u0131\u015fma f\u0131rsat\u0131 buldu\u011fum bu ve benzeri hocalara ihtiyac\u0131n giderek ne kadar \u00f6nem ta\u015f\u0131d\u0131\u011f\u0131n\u0131 da A\u00e7e\u2019de ve Tak\u0131madalar\u2019da giderek daha fazla tan\u0131k oluyoruz.<\/p>\n<p style=\"text-align: justify;\">Merhum Tgk. Abu Davud Zamzami\u2019ye Allah\u2019tan rahmet diliyorum. Mek\u00e2n\u0131 Cennet olsun.<\/p>\n","protected":false},"excerpt":{"rendered":"<p>Mehmet \u00d6zay\u00a0 \u00a0 \u00a0 \u00a0 \u00a0 \u00a0 \u00a0 \u00a0 \u00a0 \u00a0 \u00a0 \u00a0 \u00a0 \u00a0 \u00a0 \u00a0 \u00a0 \u00a0 \u00a0 \u00a0 \u00a0 \u00a0 \u00a0 \u00a0 \u00a0 \u00a0 \u00a0 \u00a0 \u00a0 \u00a0 \u00a0 \u00a0 \u00a0 \u00a0 \u00a0 \u00a0 \u00a0 \u00a0 \u00a0 \u00a0 \u00a0 \u00a0 \u00a0 \u00a0 \u00a0 \u00a0 \u00a0 21.03.2021 A\u00e7enin son d\u00f6nemde yeti\u015ftirdi\u011fi \u00f6nemli Hocalardan [&hellip;]<\/p>\n","protected":false},"author":1,"featured_media":3783,"comment_status":"open","ping_status":"open","sticky":false,"template":"","format":"standard","meta":{"footnotes":""},"categories":[10,6],"tags":[],"class_list":["post-3782","post","type-post","status-publish","format-standard","has-post-thumbnail","hentry","category-ace","category-gunluk-yazilar"],"_links":{"self":[{"href":"https:\/\/guneydoguasyacalismalari.com\/tr_tr\/wp-json\/wp\/v2\/posts\/3782","targetHints":{"allow":["GET"]}}],"collection":[{"href":"https:\/\/guneydoguasyacalismalari.com\/tr_tr\/wp-json\/wp\/v2\/posts"}],"about":[{"href":"https:\/\/guneydoguasyacalismalari.com\/tr_tr\/wp-json\/wp\/v2\/types\/post"}],"author":[{"embeddable":true,"href":"https:\/\/guneydoguasyacalismalari.com\/tr_tr\/wp-json\/wp\/v2\/users\/1"}],"replies":[{"embeddable":true,"href":"https:\/\/guneydoguasyacalismalari.com\/tr_tr\/wp-json\/wp\/v2\/comments?post=3782"}],"version-history":[{"count":1,"href":"https:\/\/guneydoguasyacalismalari.com\/tr_tr\/wp-json\/wp\/v2\/posts\/3782\/revisions"}],"predecessor-version":[{"id":3784,"href":"https:\/\/guneydoguasyacalismalari.com\/tr_tr\/wp-json\/wp\/v2\/posts\/3782\/revisions\/3784"}],"wp:featuredmedia":[{"embeddable":true,"href":"https:\/\/guneydoguasyacalismalari.com\/tr_tr\/wp-json\/wp\/v2\/media\/3783"}],"wp:attachment":[{"href":"https:\/\/guneydoguasyacalismalari.com\/tr_tr\/wp-json\/wp\/v2\/media?parent=3782"}],"wp:term":[{"taxonomy":"category","embeddable":true,"href":"https:\/\/guneydoguasyacalismalari.com\/tr_tr\/wp-json\/wp\/v2\/categories?post=3782"},{"taxonomy":"post_tag","embeddable":true,"href":"https:\/\/guneydoguasyacalismalari.com\/tr_tr\/wp-json\/wp\/v2\/tags?post=3782"}],"curies":[{"name":"wp","href":"https:\/\/api.w.org\/{rel}","templated":true}]}}