{"id":378,"date":"2012-03-13T12:57:00","date_gmt":"2012-03-13T12:57:00","guid":{"rendered":"http:\/\/localhost:8080\/ini\/?p=378"},"modified":"2012-03-13T12:57:00","modified_gmt":"2012-03-13T12:57:00","slug":"abuya-muhibuddin-waliyi-binlerce-seveni","status":"publish","type":"post","link":"https:\/\/guneydoguasyacalismalari.com\/tr_tr\/abuya-muhibuddin-waliyi-binlerce-seveni\/","title":{"rendered":"Abuya Muhibuddin Wali\u2019yi Binlerce Seveni Son Yolculu\u011funda Yaln\u0131z B\u0131rakmad\u0131"},"content":{"rendered":"<p><\/p>\n<div class=\"MsoNormal\" style=\"line-height: normal; margin-bottom: .0001pt; margin-bottom: 0in; text-align: justify;\">&nbsp;Mehmet \u00d6zay&nbsp;&nbsp;&nbsp;&nbsp;&nbsp;&nbsp;&nbsp;&nbsp;&nbsp;&nbsp;&nbsp;&nbsp;&nbsp;&nbsp;&nbsp;&nbsp;&nbsp;&nbsp;&nbsp;&nbsp;&nbsp;&nbsp;&nbsp;&nbsp;&nbsp;&nbsp;&nbsp;&nbsp;&nbsp;&nbsp;&nbsp;&nbsp;&nbsp;&nbsp;&nbsp;&nbsp;&nbsp;&nbsp;&nbsp;&nbsp;&nbsp;&nbsp;&nbsp;&nbsp;&nbsp;&nbsp;&nbsp;&nbsp;&nbsp;&nbsp;&nbsp;&nbsp;&nbsp;&nbsp;&nbsp;&nbsp;&nbsp;&nbsp;&nbsp;&nbsp;&nbsp;&nbsp;&nbsp;&nbsp;&nbsp;&nbsp;&nbsp;&nbsp;&nbsp;&nbsp;&nbsp;&nbsp;&nbsp;&nbsp;&nbsp;&nbsp;&nbsp; &nbsp;&nbsp;&nbsp;&nbsp;&nbsp;&nbsp;&nbsp;&nbsp;&nbsp;&nbsp;&nbsp;&nbsp;&nbsp;&nbsp;&nbsp;&nbsp;&nbsp;&nbsp;&nbsp;&nbsp;&nbsp;&nbsp;&nbsp;&nbsp;&nbsp;&nbsp;&nbsp;&nbsp;&nbsp;&nbsp;&nbsp;&nbsp;&nbsp;&nbsp;&nbsp;&nbsp;&nbsp; 13 Mart 2012<\/div>\n<div class=\"MsoNormal\" style=\"line-height: normal; margin-bottom: 0.0001pt; text-align: justify;\"><\/div>\n<div class=\"MsoNormal\" style=\"line-height: normal; margin-bottom: 0.0001pt; text-align: justify;\">A\u00e7e\u2019nin son d\u00f6nem \u00f6nemli alimleri aras\u0131nda kabul edilen Abuya Prof. Muhibuddin Wali ge\u00e7en hafta (7 Mart 2012) \u00c7ar\u015famba ak\u015fam\u0131 vefat\u0131n\u0131n ard\u0131ndan baba oca\u011f\u0131 G\u00fcney A\u00e7e\u2019deki Labuhan Hac\u0131\u2019da topra\u011fa verildi. Binlerce A\u00e7elinin son yolculu\u011funa u\u011furlad\u0131\u011f\u0131 Prof. Abuya Muhibuddin, 8 Mart g\u00fcn\u00fc ak\u015fam saatlerinde babas\u0131n\u0131n temellerini att\u0131\u011f\u0131 Darusselam adl\u0131 pesantren kompleksi i\u00e7indeki mezarl\u0131\u011fa defnedildi. 76 ya\u015f\u0131nda hakk\u0131n rahmetine kavu\u015fan Muhibuddin Wali, son g\u00fcnlerine kadar \u00f6\u011frencileriyle dersler yapmaya devam etmekle kalmam\u0131\u015f, son d\u00f6nem A\u00e7e bar\u0131\u015f\u0131na katk\u0131lar\u0131 ile de g\u00fcndemde \u00f6nemli bir yer tutmu\u015ftu. Asl\u0131nda bu \u00f6zelli\u011fi ile A\u00e7e\u2019nin g\u00f6rkemli y\u00fczy\u0131llar\u0131nda umera ile ulema aras\u0131ndaki ba\u011flar\u0131 hat\u0131rlatmas\u0131yla A\u00e7e\u2019nin k\u00f6klerine ba\u011fl\u0131l\u0131\u011f\u0131n\u0131 ortaya koyan sosyal bir hadise olarak dikkat \u00e7ekiyordu. Halk aras\u0131nda \u201cAbuya Doktor\u201d olarak da tan\u0131nan Muhibuddin Wali, A\u00e7e\u2019deki her kesime a\u00e7\u0131k ve s\u0131cak yakla\u015f\u0131m\u0131 ile tan\u0131n\u0131yordu. Abuya, A\u00e7e\u2019de bir gelenek halini alan \u201cSafari Ramazan\u201d ad\u0131yla an\u0131lan ve Ramazan ay\u0131 boyunca A\u00e7e\u2019yi bir ba\u015ftan bir ba\u015fa dola\u015farak ir\u015fad \u00e7al\u0131\u015fmalar\u0131 ile ge\u00e7irilmesi ile bu m\u00fcbarek aya farkl\u0131 bir boyut kazand\u0131ran organizasyonlara kat\u0131l\u0131yordu. \u00d6te yandan, Cava ve Malezya \u0130slam \u00e7evreleri ile de irtibatl\u0131 bir zatt\u0131. Zaman zaman bu co\u011frafyalara yapt\u0131\u011f\u0131 ziyaretlerle bir anlamda tarihte ya\u015fanan \u201cseyyah alimler\u201d gelene\u011finin g\u00fcn\u00fcm\u00fczdeki temsilcisi niteli\u011findeydi.&nbsp;<\/div>\n<div class=\"MsoNormal\" style=\"line-height: normal; margin-bottom: 0.0001pt; text-align: justify;\"><\/div>\n<table cellpadding=\"0\" cellspacing=\"0\" class=\"tr-caption-container\" style=\"float: left; margin-right: 1em; text-align: left;\">\n<tbody>\n<tr>\n<td style=\"text-align: center;\"><a href=\"http:\/\/1.bp.blogspot.com\/-c9CUS7ceFHU\/T19EB7qnGxI\/AAAAAAAAAVk\/L1oQuUqA0AM\/s1600\/PICT2451.JPG\" imageanchor=\"1\" style=\"clear: left; margin-bottom: 1em; margin-left: auto; margin-right: auto;\"><img loading=\"lazy\" decoding=\"async\" border=\"0\" height=\"150\" src=\"http:\/\/localhost:8080\/ini\/wp-content\/uploads\/2012\/03\/PICT2451.jpg\" width=\"200\" \/><\/a><\/td>\n<\/tr>\n<tr>\n<td class=\"tr-caption\" style=\"text-align: center;\">Abuya, \u00fc\u00e7 o\u011flu ile birlikte g\u00f6r\u00fcl\u00fcyor<\/td>\n<\/tr>\n<\/tbody>\n<\/table>\n<div class=\"MsoNormal\" style=\"line-height: normal; margin-bottom: .0001pt; margin-bottom: 0in; text-align: justify;\"><\/div>\n<div class=\"MsoNormal\" style=\"line-height: normal; margin-bottom: .0001pt; margin-bottom: 0in; text-align: justify;\">Muhibuddin Wali\u2019ye ni\u00e7in \u201dAbuya\u201d denildi\u011fini k\u0131saca izah edelim. Malay d\u00fcnyas\u0131n\u0131n \u00e7e\u015fitli b\u00f6lgelerinde Kyai, Tok Guru, Babo gibi adlarla an\u0131lan dini ilimlerle me\u015fgul ve geleneksel \u0130slami e\u011fitim kurumlar\u0131nda hocal\u0131k g\u00f6revlerini y\u00fcr\u00fctenlere A\u00e7e\u2019de Teungku deniliyor. Ancak bu derecelendirmede \u2018Abuya\u2019 unvan\u0131 d\u00f6neminin \u00f6nde gelen alimleri i\u00e7in kullan\u0131l\u0131yor. Muhibuddin Wali\u2019ye bu ismin verilmesinin nedeni elbette onun A\u00e7e toplumu i\u00e7erisindeki \u00f6nemine de ortaya koyuyor. <\/div>\n<div class=\"MsoNormal\" style=\"line-height: normal; margin-bottom: .0001pt; margin-bottom: 0in;\"><\/div>\n<div class=\"MsoNormal\" style=\"line-height: normal; margin-bottom: .0001pt; margin-bottom: 0in; text-align: justify;\">Muhibuddin Wali\u2019yi di\u011fer hocalardan ay\u0131ran \u00f6zelli\u011fi, modern \u0130slami ilimleri de tehsil etmesi ve \u00e7e\u015fitli kurumlarda \u00f6\u011freticilik vazifesini devam ettirerek akademik kariyer de yapmas\u0131 dolay\u0131s\u0131yla Profes\u00f6rl\u00fc\u011f\u00fc de bulunuyordu. Doktoras\u0131n\u0131 d\u00f6neminin en \u00f6nemli alimi addedilen babas\u0131 Teungku Syeikh H. Muhammad Waly Al-Khalidy Al-Syafi\u2019inin direktifleriyle M\u0131s\u0131r\u2019da Al-Azhar\u2019da tamamlad\u0131. Cakarta\u2019da G\u00fcneydo\u011fu Asya\u2019n\u0131n me\u015fhur camilerinden \u0130stiklal Camii\u2019nde on y\u0131l s\u00fcreyle Pazar g\u00fcnleri sohbetleri devam ettirdi. Bu sohbetlerden has\u0131l\u0131 olarak Al-Hikam adl\u0131 eseri kaleme ald\u0131. <\/div>\n<div class=\"MsoNormal\" style=\"line-height: normal; margin-bottom: .0001pt; margin-bottom: 0in;\"><\/div>\n<p>Allah Rahmet Eylesin\u2026 Makam\u0131 cennet olsun\u2026<\/p>\n","protected":false},"excerpt":{"rendered":"<p>&nbsp;Mehmet \u00d6zay&nbsp;&nbsp;&nbsp;&nbsp;&nbsp;&nbsp;&nbsp;&nbsp;&nbsp;&nbsp;&nbsp;&nbsp;&nbsp;&nbsp;&nbsp;&nbsp;&nbsp;&nbsp;&nbsp;&nbsp;&nbsp;&nbsp;&nbsp;&nbsp;&nbsp;&nbsp;&nbsp;&nbsp;&nbsp;&nbsp;&nbsp;&nbsp;&nbsp;&nbsp;&nbsp;&nbsp;&nbsp;&nbsp;&nbsp;&nbsp;&nbsp;&nbsp;&nbsp;&nbsp;&nbsp;&nbsp;&nbsp;&nbsp;&nbsp;&nbsp;&nbsp;&nbsp;&nbsp;&nbsp;&nbsp;&nbsp;&nbsp;&nbsp;&nbsp;&nbsp;&nbsp;&nbsp;&nbsp;&nbsp;&nbsp;&nbsp;&nbsp;&nbsp;&nbsp;&nbsp;&nbsp;&nbsp;&nbsp;&nbsp;&nbsp;&nbsp;&nbsp; &nbsp;&nbsp;&nbsp;&nbsp;&nbsp;&nbsp;&nbsp;&nbsp;&nbsp;&nbsp;&nbsp;&nbsp;&nbsp;&nbsp;&nbsp;&nbsp;&nbsp;&nbsp;&nbsp;&nbsp;&nbsp;&nbsp;&nbsp;&nbsp;&nbsp;&nbsp;&nbsp;&nbsp;&nbsp;&nbsp;&nbsp;&nbsp;&nbsp;&nbsp;&nbsp;&nbsp;&nbsp; 13 Mart 2012 A\u00e7e\u2019nin son d\u00f6nem \u00f6nemli alimleri aras\u0131nda kabul edilen Abuya Prof. Muhibuddin Wali ge\u00e7en hafta (7 Mart 2012) \u00c7ar\u015famba ak\u015fam\u0131 vefat\u0131n\u0131n ard\u0131ndan baba oca\u011f\u0131 G\u00fcney A\u00e7e\u2019deki Labuhan Hac\u0131\u2019da topra\u011fa verildi. Binlerce A\u00e7elinin son yolculu\u011funa u\u011furlad\u0131\u011f\u0131 Prof. Abuya Muhibuddin, 8 Mart g\u00fcn\u00fc ak\u015fam saatlerinde babas\u0131n\u0131n temellerini att\u0131\u011f\u0131 Darusselam adl\u0131 pesantren kompleksi [&hellip;]<\/p>\n","protected":false},"author":1,"featured_media":1010,"comment_status":"open","ping_status":"open","sticky":false,"template":"","format":"standard","meta":{"footnotes":""},"categories":[10],"tags":[],"class_list":["post-378","post","type-post","status-publish","format-standard","has-post-thumbnail","hentry","category-ace"],"_links":{"self":[{"href":"https:\/\/guneydoguasyacalismalari.com\/tr_tr\/wp-json\/wp\/v2\/posts\/378","targetHints":{"allow":["GET"]}}],"collection":[{"href":"https:\/\/guneydoguasyacalismalari.com\/tr_tr\/wp-json\/wp\/v2\/posts"}],"about":[{"href":"https:\/\/guneydoguasyacalismalari.com\/tr_tr\/wp-json\/wp\/v2\/types\/post"}],"author":[{"embeddable":true,"href":"https:\/\/guneydoguasyacalismalari.com\/tr_tr\/wp-json\/wp\/v2\/users\/1"}],"replies":[{"embeddable":true,"href":"https:\/\/guneydoguasyacalismalari.com\/tr_tr\/wp-json\/wp\/v2\/comments?post=378"}],"version-history":[{"count":0,"href":"https:\/\/guneydoguasyacalismalari.com\/tr_tr\/wp-json\/wp\/v2\/posts\/378\/revisions"}],"wp:featuredmedia":[{"embeddable":true,"href":"https:\/\/guneydoguasyacalismalari.com\/tr_tr\/wp-json\/wp\/v2\/posts\/1010"}],"wp:attachment":[{"href":"https:\/\/guneydoguasyacalismalari.com\/tr_tr\/wp-json\/wp\/v2\/media?parent=378"}],"wp:term":[{"taxonomy":"category","embeddable":true,"href":"https:\/\/guneydoguasyacalismalari.com\/tr_tr\/wp-json\/wp\/v2\/categories?post=378"},{"taxonomy":"post_tag","embeddable":true,"href":"https:\/\/guneydoguasyacalismalari.com\/tr_tr\/wp-json\/wp\/v2\/tags?post=378"}],"curies":[{"name":"wp","href":"https:\/\/api.w.org\/{rel}","templated":true}]}}