{"id":3604,"date":"2020-11-28T19:53:30","date_gmt":"2020-11-28T19:53:30","guid":{"rendered":"http:\/\/guneydoguasyacalismalari.com\/?p=3604"},"modified":"2020-11-28T19:59:34","modified_gmt":"2020-11-28T19:59:34","slug":"malezyada-butce-gorusmelerinde-golge-karar-budget-negotiations-and-shadow-decision-in-malaysia","status":"publish","type":"post","link":"https:\/\/guneydoguasyacalismalari.com\/tr_tr\/malezyada-butce-gorusmelerinde-golge-karar-budget-negotiations-and-shadow-decision-in-malaysia\/","title":{"rendered":"Malezya\u2019da b\u00fct\u00e7e g\u00f6r\u00fc\u015fmelerinde g\u00f6lge karar \/ Budget negotiations and shadow decision in Malaysia"},"content":{"rendered":"<p style=\"text-align: justify;\"><strong>Mehmet \u00d6zay\u00a0 \u00a0 \u00a0 \u00a0 \u00a0 \u00a0 \u00a0 \u00a0 \u00a0 \u00a0 \u00a0 \u00a0 \u00a0 \u00a0 \u00a0 \u00a0 \u00a0 \u00a0 \u00a0 \u00a0 \u00a0 \u00a0 \u00a0 \u00a0 \u00a0 \u00a0 \u00a0 \u00a0 \u00a0 \u00a0 \u00a0 \u00a0 \u00a0 \u00a0 \u00a0 \u00a0 \u00a0 \u00a0 \u00a0 \u00a0 \u00a0 \u00a0 \u00a0 \u00a0 \u00a0 \u00a0 \u00a0 28.11.2020<\/strong><\/p>\n<p style=\"text-align: justify;\">Malezya\u2019da 9 Kas\u0131m\u2019da ba\u015flayan ve kovid-19 b\u00fct\u00e7esi olarak da adland\u0131r\u0131lan, 78 milyar Dolarl\u0131k 2021 b\u00fct\u00e7e g\u00f6r\u00fc\u015fmeleri 26 Kas\u0131m g\u00fcn\u00fc sona erdi.<\/p>\n<p style=\"text-align: justify;\">Ba\u015fbakan Muhyiddin Yasin\u2019e ve h\u00fck\u00fcmete g\u00fcven oylamas\u0131 \u015feklinde ge\u00e7mesi beklenen g\u00f6r\u00fc\u015fmeler sonras\u0131nda b\u00fct\u00e7e kabul edildi. Bu geli\u015fme, ba\u015fbakan\u0131n ve iktidardaki Ulusal \u0130ttifak\u2019\u0131n yerini korumas\u0131 anlam\u0131na geliyor.<\/p>\n<p style=\"text-align: justify;\">S\u00f6z konusu b\u00fct\u00e7enin y\u00fczde 5.3\u2019l\u00fck b\u00f6l\u00fcm\u00fc kovid-19\u2019la fonuna aktar\u0131lmas\u0131 kar\u015f\u0131s\u0131nda muhalefet g\u00f6r\u00fc\u015fmelerin ba\u015flad\u0131\u011f\u0131 g\u00fcnden bu yana itirazlar\u0131n\u0131 s\u00fcrd\u00fcrmesine ra\u011fmen, milletvekillerinin \u00e7o\u011funlu\u011fu b\u00fct\u00e7eye destek verdi.<\/p>\n<p style=\"text-align: justify;\">Bunda hi\u00e7 ku\u015fku yok ki, federal sultan\u0131n \u201cb\u00fct\u00e7e ge\u00e7sin\u201d karar\u0131n\u0131n ba\u015fat bir etken oldu\u011fu d\u00fc\u015f\u00fcn\u00fcl\u00fcyor.<\/p>\n<p style=\"text-align: justify;\">Ba\u015fbakan ve h\u00fck\u00fcmete y\u00f6nelik g\u00fcven oylamas\u0131 beklentisi ger\u00e7ekle\u015fmese de, b\u00fct\u00e7e vesilesiyle ya\u015fananlar Malezya ulusal siyasetinde etik de\u011ferlerin nas\u0131l ve ne \u015fekilde y\u0131prat\u0131labilece\u011finin yeni \u00f6rnekleri olarak ele al\u0131nmay\u0131 hak ediyor.<\/p>\n<p style=\"text-align: justify;\"><strong>Sivil darbe s\u00fcrece ve b\u00fct\u00e7e<\/strong><\/p>\n<p style=\"text-align: justify;\">\u00dclke siyasetinde son d\u00f6nemde ya\u015fanan siyasi \u00e7alkant\u0131n\u0131n son a\u015famas\u0131 bu b\u00fct\u00e7e g\u00f6r\u00fc\u015fmeleri s\u00fcrecinde ya\u015fand\u0131.<\/p>\n<p style=\"text-align: justify;\">24 \u015eubat sivil darbesinin g\u00f6r\u00fcn\u00fcr kazanan\u0131 Muhyiddin Yasin\u2019in ba\u015fbakanl\u0131\u011f\u0131ndaki \u00a0Ulusal \u0130ttifak (<em>Perikatan Nasional<\/em>-PN) h\u00fck\u00fcmetinin federal parlamentoya sundu\u011fu 2021 b\u00fct\u00e7esi kabul edildi.<\/p>\n<p style=\"text-align: justify;\">B\u00fct\u00e7e g\u00f6r\u00fc\u015fmeleri \u00f6ncesinde, 28 Ekim g\u00fcn\u00fc federal Sultan Abdullah\u2019\u0131n, \u201cbu b\u00fct\u00e7e ge\u00e7sin\u201d y\u00f6n\u00fcndeki a\u00e7\u0131klamas\u0131, siyasi partilerin kararlar\u0131 \u00fczerine bir g\u00f6lge d\u00fc\u015f\u00fcrece\u011fi y\u00f6n\u00fcndeki g\u00f6r\u00fc\u015fler epeyce yer buldu.<\/p>\n<p style=\"text-align: justify;\">B\u00fct\u00e7e g\u00f6r\u00fc\u015fmeleri arefesinde sarf edilen bu c\u00fcmleyi birka\u00e7 a\u00e7\u0131dan ele almakta fayda var. \u0130lki, mevcut Ulusal \u0130ttifak\u2019\u0131n federal mecliste say\u0131sal anlamda, sadece birka\u00e7 milletvekili \u00e7o\u011funlu\u011funa sahip olmas\u0131d\u0131r.<\/p>\n<p style=\"text-align: justify;\">Bu say\u0131sal \u00e7o\u011funlu\u011fa ra\u011fmen, ba\u015fbakan Muhyiddin Yasin\u2019in ba\u015f\u0131nda bulundu\u011fu Yerli Birlik Partisi\u2019nin (<em>Parti\u00a0Pribumi Bersatu Malaysia<\/em>-Bersatu), h\u00fck\u00fcmet omurgas\u0131n\u0131 olu\u015fturan UMNO\u2019nun bask\u0131s\u0131 alt\u0131nda bulunmas\u0131d\u0131r.<\/p>\n<p style=\"text-align: justify;\">Ge\u00e7ti\u011fimiz aylarda tan\u0131k olundu\u011fu \u00fczere, UMNO h\u00fck\u00fcmette daha g\u00fc\u00e7l\u00fc bir \u015fekilde temsil edilme talebiyle ba\u015fbakan Muhyiddin Yasin\u2019i k\u00f6\u015feye s\u0131k\u0131\u015ft\u0131rma \u00e7abas\u0131 sergilerken, b\u00fct\u00e7e g\u00f6r\u00fc\u015fmeleri bu s\u00fcrecin son a\u015famas\u0131 olarak g\u00f6r\u00fcl\u00fcyordu.<\/p>\n<p style=\"text-align: justify;\">Bu durum, bundan tam bir ay \u00f6nce kaleme ald\u0131\u011f\u0131m\u0131z yaz\u0131da dile getirdi\u011fimiz \u00fczere federal sultan\u0131n ne denli siyasalla\u015ft\u0131\u011f\u0131n\u0131n gayet a\u00e7\u0131k bir ifadesidir.<\/p>\n<p style=\"text-align: justify;\">\u0130ki haftay\u0131 a\u015fk\u0131n s\u00fcren b\u00fct\u00e7e tart\u0131\u015fmalar\u0131n\u0131n ard\u0131ndan gelen oylaman\u0131n sesli kat\u0131l\u0131mla yap\u0131lmas\u0131, bir anlamda federal sultan\u0131n karar\u0131na hangi partilerin ve milletvekillerinin uymad\u0131\u011f\u0131n\u0131 ortaya \u00e7\u0131karmas\u0131 y\u00f6n\u00fcnde bir teknik yakla\u015f\u0131m kabul edilebilir.<\/p>\n<p style=\"text-align: justify;\"><strong>UMNO\u2019dan firesiz destek<\/strong><\/p>\n<p style=\"text-align: justify;\">Muhalefetin yakla\u015f\u0131m\u0131na ge\u00e7meden \u00f6nce, Ulusal \u0130ttifak\u2019\u0131n en b\u00fcy\u00fck orta\u011f\u0131 konumundaki Birle\u015fik Malay Ulusal Organizasyonu\u2019nun (<em>United Malay National Organization-<\/em>UMNO) fire vermeden b\u00fct\u00e7eye verdi\u011fi deste\u011fe de\u011finmek gerekir.<\/p>\n<p style=\"text-align: justify;\">24 \u015eubat sivil darbesinin \u00f6nemli mimarlar\u0131ndan olan UMNO siyasi elitinin, federal sultan\u0131n g\u00f6r\u00fc\u015f\u00fcne binaen kar\u015f\u0131l\u0131ks\u0131z itaatinin anla\u015f\u0131labilir bir boyutu oldu\u011funa ku\u015fku yok.<\/p>\n<p style=\"text-align: justify;\">Bu anlamda, sultan\u0131n b\u00fct\u00e7esi olarak da adland\u0131r\u0131lan 2021 b\u00fct\u00e7esine UMNO\u2019nun itiraz etmesine ihtimal vermek m\u00fcmk\u00fcn de\u011fildi. \u00d6yle de oldu&#8230;<\/p>\n<p style=\"text-align: justify;\">\u00dclkenin ba\u011f\u0131ms\u0131zl\u0131\u011f\u0131 \u00f6ncesi s\u00fcrece dayanan Malay siyasi eliti ve monar\u015fi kurumu aras\u0131ndaki ba\u011f, UMNO ve monar\u015fi yani mevcut federal sultanl\u0131k aras\u0131nda b\u00f6ylesi bir ili\u015fki t\u00fcr\u00fcn\u00fcn rasyonel ve gayet me\u015fru bir a\u00e7\u0131l\u0131m\u0131na tekab\u00fcl etmektedir.<\/p>\n<p style=\"text-align: justify;\">Bununla birlikte, siyasi etik konusunda epeyce zaafiyet g\u00f6stermi\u015f olan UMNO\u2019nun, bundan sadece birka\u00e7 ay \u00f6nce muhalefet lideri Enver \u0130brahim\u2019in, federal mecliste \u00e7o\u011funlu\u011fa sahip oldu\u011fu y\u00f6n\u00fcndeki a\u00e7\u0131klamas\u0131na verdi\u011fi destek vermesi, mevcut Ulusal \u0130ttifak koalisyonunun sonunu getirmeye bir ba\u015fka deyi\u015fle ba\u015fbakan Muhyiddin Yasin\u2019i yerinden etmeye y\u00f6nelik bir giri\u015fimdi.<\/p>\n<p style=\"text-align: justify;\">UMNO lideri Ahmed Zahid Hamidi\u2019nin, 23 Eyl\u00fcl\u2019de Enver \u0130brahim\u2019in \u201cmecliste \u00e7o\u011funlu\u011fa sahibim\u201d iddias\u0131na konu olan bas\u0131n a\u00e7\u0131klamas\u0131ndan k\u0131sa bir s\u00fcre sonra UMNO\u2019dan gelen k\u0131smi deste\u011fin ortadan kalkmas\u0131, sadece parti ba\u015fkan\u0131 olarak Ahmed Zahid Hamidi\u2019nin verebilece\u011fi bir karar de\u011fildi.<\/p>\n<p style=\"text-align: justify;\">UMNO\u2019nun \u00fclkenin perde arkas\u0131nda y\u00f6netimi elinde tutan g\u00fc\u00e7lerle i\u015fbirli\u011finin ya da bir ba\u015fka \u015fekilde s\u00f6ylemek gerekirse, bu g\u00fc\u00e7lerin bask\u0131s\u0131na boyun e\u011fdi\u011fi bug\u00fcn b\u00fct\u00e7e g\u00f6r\u00fc\u015fmelerine verilen destekle kan\u0131tlanm\u0131\u015f durumdad\u0131r.<\/p>\n<p style=\"text-align: justify;\"><strong>Enver \u0130brahim\u2019den b\u00fct\u00e7e ele\u015ftirisi <\/strong><\/p>\n<p style=\"text-align: justify;\">B\u00fct\u00e7e g\u00f6r\u00fc\u015fmeleri \u00f6ncesinde, muhalefet blo\u011fu ve Halk\u0131n Adaleti Partisi (<em>Partai Keadilan Rakyat<\/em>-PKR) lideri Enver \u0130brahim, b\u00fct\u00e7enin olu\u015fturulmas\u0131nda t\u00fcm partilerle isti\u015fareye dikkat \u00e7ekmesi, gizli\/a\u00e7\u0131k federal sultan\u0131n \u00e7\u0131k\u0131\u015f\u0131na \u201cdemokratik\u201d bir yakla\u015f\u0131m\u0131n ifadesi olarak g\u00fcndeme geldi.<\/p>\n<p style=\"text-align: justify;\">Mevcut h\u00fck\u00fcmet taraf\u0131ndan haz\u0131rlanan b\u00fct\u00e7enin detaylar\u0131 ortaya \u00e7\u0131kmas\u0131yla birlikte, Enver \u0130brahim b\u00fct\u00e7enin \u00f6zellikle, kovid-19 s\u00fcrecinde ma\u011fdur kesimlere yeterince hak edilen pay\u0131n verilmemesi s\u00f6ylemiyle ele\u015ftirisini ortaya koydu.<\/p>\n<p style=\"text-align: justify;\">Yukar\u0131da dikkat \u00e7ekildi\u011fi \u00fczere b\u00fct\u00e7enin y\u00fczde 5.3\u2019l\u00fck b\u00f6l\u00fcm\u00fc yani 19 milyar Dolarl\u0131k k\u0131sm\u0131n\u0131n yetersizli\u011fine dikkat \u00e7eken Enver \u0130brahim, bunun 36 milyar Dolar\u2019a \u00e7\u0131kart\u0131lmas\u0131n\u0131 \u00f6nermi\u015fti.<\/p>\n<p style=\"text-align: justify;\">B\u00fct\u00e7e g\u00f6r\u00fc\u015fmelerinin ba\u015flad\u0131\u011f\u0131 9 Kas\u0131m g\u00fcn\u00fc Enver \u0130brahim yapt\u0131\u011f\u0131 a\u00e7\u0131klamada, \u201cBize kovid-19 b\u00fct\u00e7esinin halka destek anlam\u0131 oldu\u011fu s\u00f6ylenerek kabul etmemiz isteniyor. Ancak, biz bu b\u00fct\u00e7enin ger\u00e7ekten halk yanl\u0131s\u0131 olmas\u0131 halinde destek verece\u011fiz\u201d demi\u015f ve Maliye Bakan\u0131\u2019n\u0131 b\u00fct\u00e7enin yeniden g\u00f6zden ge\u00e7irilmesine davet etmi\u015fti.<\/p>\n<p style=\"text-align: justify;\">Enver \u0130brahim, ulusal siyasette ba\u015f\u0131 \u00e7eker konuma gelen federal sultan dolayl\u0131 olarak hedef alan bu s\u00f6ylemlerine, \u201cMevcut b\u00fct\u00e7e halk yerine kronileri destekliyor. Sultan, meclise b\u00fct\u00e7eyi destekleyin diyor, ancak tart\u0131\u015fmay\u0131n demiyor\u201d anlam\u0131na gelen a\u00e7\u0131klamas\u0131yla, gayet nazik ancak olduk\u00e7a a\u011f\u0131r denilebilecek ithamlarla kar\u015f\u0131l\u0131k verdi.<\/p>\n<p style=\"text-align: justify;\"><strong>Dr. Mahathir\u2019den me\u015fru se\u00e7ilmi\u015flerin sorumlulu\u011fu vurgusu<\/strong><\/p>\n<p style=\"text-align: justify;\">B\u00fct\u00e7enin karar a\u015famas\u0131na gelmesinden sadece bir g\u00fcn \u00f6nce Vatan M\u00fccadelesi Partisi (<em>Parti Pejuang Tanah Air<\/em>) ba\u015fkan\u0131, Dr. Mahathir Muhammed b\u00fct\u00e7eye destek vermeyece\u011fini a\u00e7\u0131klad\u0131.<\/p>\n<p style=\"text-align: justify;\">Dr. Mahathir gerek\u00e7e olarak ise b\u00fct\u00e7enin sa\u011fl\u0131kl\u0131 temeller \u00fczerine in\u015fa edilmedi\u011fi vurgusu kadar, \u00f6zellikle b\u00fct\u00e7e tart\u0131\u015fmalar\u0131 i\u00e7in gerekli s\u00fcrenin tan\u0131nmamas\u0131n\u0131 gerek\u00e7e g\u00f6sterdi.<\/p>\n<p style=\"text-align: justify;\">Dr. Mahathir, \u201cBen ve arkada\u015flar\u0131m 2021 b\u00fct\u00e7esini reddediyoruz\u201d derken a\u00e7\u0131klamas\u0131ndaki, \u201chalk\u0131n temsilcileri olduklar\u0131\u201dna vurgusu gayet \u00f6nemliydi.<\/p>\n<p style=\"text-align: justify;\">Partisinde sadece kendisi dahil d\u00f6rt milletvekilinin olmas\u0131na ra\u011fmen, Dr. Mahathir\u2019in bu a\u00e7\u0131klamas\u0131 federal mecliste \u2018halk\u0131n sesinin\u2019 g\u00fcncellenmesi ad\u0131na gayet dikkat \u00e7ekicidir.<\/p>\n<p style=\"text-align: justify;\">Dr. Mahathir ayr\u0131ca, b\u00fct\u00e7enin ge\u00e7memesi halinde kamuda maa\u015flar\u0131n \u00f6denmeyece\u011fi s\u00f6ylentilerinin ise yanl\u0131\u015f y\u00f6nlendirme oldu\u011funu gizli\/a\u00e7\u0131k dile getirmesi, yukar\u0131da dikkat \u00e7ekilen \u201cyukardan bask\u0131lar\u0131n\u201d bir ba\u015fka formda ortaya \u00e7\u0131kmas\u0131 \u015feklinde yorumlamak m\u00fcmk\u00fcn.<\/p>\n<p style=\"text-align: justify;\">Dr. Mahathir\u2019in, b\u00fct\u00e7eyi reddetme konusunda, yukar\u0131da dikkat \u00e7ekilen a\u00e7\u0131klamas\u0131n\u0131 iki a\u00e7\u0131dan de\u011ferlendirmek m\u00fcmk\u00fcn.<\/p>\n<p style=\"text-align: justify;\">\u0130lki, 24 \u015eubat sivil darbesinde sadece o d\u00f6nem iktidarda olan Umut Koalisyonu (<em>Pakatan Harapan<\/em>-PH) ba\u015fbakan\u0131 olarak, bizatihi o d\u00f6nem ba\u015fkan\u0131 bulundu\u011fu Yerli Birlik Partisi\u2019nden (<em>Parti\u00a0Pribumi Bersatu Malaysia<\/em>-Bersatu), yard\u0131mc\u0131s\u0131 Muhyiddin Yasin\u2019den \u00f6nc\u00fcl\u00fc\u011f\u00fcyle ald\u0131\u011f\u0131 darbeye kar\u015f\u0131l\u0131k olarak g\u00f6rmek m\u00fcmk\u00fcn.<\/p>\n<p style=\"text-align: justify;\">\u0130kinci neden ise, 24 \u015eubat s\u00fcrecinde gizli\/a\u00e7\u0131k ancak ondan sonraki s\u00fcre\u00e7te gayet sarih bir \u015fekilde siyasal bir akt\u00f6r pozisyonunda yer alan federal sultan\u2019\u0131n siyasalla\u015fmas\u0131na bir tepki olarak kabul edilebilir.<\/p>\n<p style=\"text-align: justify;\">Kovid-19 ile ulusal siyaset \u00e7alkant\u0131s\u0131n\u0131n i\u00e7 i\u00e7e ge\u00e7ti\u011fi b\u00fct\u00e7e s\u00fcreci, federal sultan\u0131n siyasal belirleyicili\u011fi ile sona erdi.<\/p>\n<p style=\"text-align: justify;\">Anayasada sembolik bir de\u011fer kar\u015f\u0131l\u0131k gelen federal sultanl\u0131k makan\u0131, 24 \u015eubat sivil darbesinin ard\u0131ndan 1 Mart\u2019ta yeni bir ba\u015fbakan atamas\u0131 ve bu ba\u015fbakan\u0131n, yani Muhyiddin Yasin\u2019in bug\u00fcne kadar federal meclisten g\u00fcvenoyu almas\u0131na elverecek ortam\u0131 olu\u015ftur\/ul\/mamas\u0131 ile me\u015fruiyeti sorgulan\u0131r bir hale geldi\u011fi g\u00f6r\u00fc\u015f\u00fc gayet yayg\u0131nl\u0131k kazand\u0131\u011f\u0131 anla\u015f\u0131l\u0131yor.<\/p>\n<p style=\"text-align: justify;\">Federal sultan, b\u00fct\u00e7e g\u00f6r\u00fc\u015fmeleri \u00f6ncesinde kovid-19\u2019la m\u00fccadelede \u00f6nemine dikkat \u00e7ekilerek \u201cb\u00fct\u00e7e desteklensin\u201d g\u00f6r\u00fc\u015f\u00fcn\u00fc dile getirmesine ra\u011fmen, muhalefetin a\u00e7\u0131k\u00e7a ortaya koydu\u011fu delillere g\u00f6re, kovid-19 yerine, b\u00fct\u00e7enin farkl\u0131 kanallara aktar\u0131laca\u011f\u0131 g\u00f6r\u00fc\u015f\u00fc a\u011f\u0131rl\u0131k kazan\u0131yor.<\/p>\n<p style=\"text-align: justify;\">Malezya siyasetinin i\u00e7 \u00e7eki\u015fmelerinin siyasi etik s\u0131n\u0131rlar\u0131n\u0131 a\u015fmas\u0131n\u0131n sonucu olan bu geli\u015fmeler kar\u015f\u0131s\u0131nda federal sultan\u0131n inisiyatifi ele almas\u0131 kimileri taraf\u0131ndan makul ve rasyonel g\u00f6r\u00fclebilir. Ancak \u00fclke anayasas\u0131 ve siyaset d\u00fcnyas\u0131n\u0131n bu geli\u015fmeler kar\u015f\u0131s\u0131nda \u00e7ok daha b\u00fcy\u00fck sorumluluk ta\u015f\u0131d\u0131\u011f\u0131na ku\u015fku bulunmuyor.<\/p>\n<p style=\"text-align: justify;\">Federal sultan\u0131n 1 Mart\u2019tan bu yana s\u00fcren m\u00fcdahaleleriyle \u015fekillenen siyasal ya\u015fam, y\u0131l sonuna 2021 b\u00fct\u00e7esinin kabul\u00fcyle giriyor.<\/p>\n<p style=\"text-align: justify;\">\u00dclkede giderek art\u0131\u015f g\u00f6steren kovid-19\u2019la m\u00fccadelede, \u00f6zellikle de dar gelirlilere destek anlam\u0131nda tan\u0131t\u0131lan b\u00fct\u00e7enin bu kesimlere ekonomik dar bo\u011faz\u0131 a\u015fmalar\u0131na ne \u015fekilde yard\u0131mc\u0131 olaca\u011f\u0131 ve genel itibar\u0131yla, kovid-19\u2019la m\u00fccadelede ne gibi a\u015famalar kaydedece\u011fini ise zaman g\u00f6sterecek.<\/p>\n","protected":false},"excerpt":{"rendered":"<p>Mehmet \u00d6zay\u00a0 \u00a0 \u00a0 \u00a0 \u00a0 \u00a0 \u00a0 \u00a0 \u00a0 \u00a0 \u00a0 \u00a0 \u00a0 \u00a0 \u00a0 \u00a0 \u00a0 \u00a0 \u00a0 \u00a0 \u00a0 \u00a0 \u00a0 \u00a0 \u00a0 \u00a0 \u00a0 \u00a0 \u00a0 \u00a0 \u00a0 \u00a0 \u00a0 \u00a0 \u00a0 \u00a0 \u00a0 \u00a0 \u00a0 \u00a0 \u00a0 \u00a0 \u00a0 \u00a0 \u00a0 \u00a0 \u00a0 28.11.2020 Malezya\u2019da 9 Kas\u0131m\u2019da ba\u015flayan ve kovid-19 [&hellip;]<\/p>\n","protected":false},"author":1,"featured_media":3605,"comment_status":"open","ping_status":"open","sticky":false,"template":"","format":"standard","meta":{"footnotes":""},"categories":[6,27],"tags":[],"class_list":["post-3604","post","type-post","status-publish","format-standard","has-post-thumbnail","hentry","category-gunluk-yazilar","category-malezya"],"_links":{"self":[{"href":"https:\/\/guneydoguasyacalismalari.com\/tr_tr\/wp-json\/wp\/v2\/posts\/3604","targetHints":{"allow":["GET"]}}],"collection":[{"href":"https:\/\/guneydoguasyacalismalari.com\/tr_tr\/wp-json\/wp\/v2\/posts"}],"about":[{"href":"https:\/\/guneydoguasyacalismalari.com\/tr_tr\/wp-json\/wp\/v2\/types\/post"}],"author":[{"embeddable":true,"href":"https:\/\/guneydoguasyacalismalari.com\/tr_tr\/wp-json\/wp\/v2\/users\/1"}],"replies":[{"embeddable":true,"href":"https:\/\/guneydoguasyacalismalari.com\/tr_tr\/wp-json\/wp\/v2\/comments?post=3604"}],"version-history":[{"count":3,"href":"https:\/\/guneydoguasyacalismalari.com\/tr_tr\/wp-json\/wp\/v2\/posts\/3604\/revisions"}],"predecessor-version":[{"id":3608,"href":"https:\/\/guneydoguasyacalismalari.com\/tr_tr\/wp-json\/wp\/v2\/posts\/3604\/revisions\/3608"}],"wp:featuredmedia":[{"embeddable":true,"href":"https:\/\/guneydoguasyacalismalari.com\/tr_tr\/wp-json\/wp\/v2\/media\/3605"}],"wp:attachment":[{"href":"https:\/\/guneydoguasyacalismalari.com\/tr_tr\/wp-json\/wp\/v2\/media?parent=3604"}],"wp:term":[{"taxonomy":"category","embeddable":true,"href":"https:\/\/guneydoguasyacalismalari.com\/tr_tr\/wp-json\/wp\/v2\/categories?post=3604"},{"taxonomy":"post_tag","embeddable":true,"href":"https:\/\/guneydoguasyacalismalari.com\/tr_tr\/wp-json\/wp\/v2\/tags?post=3604"}],"curies":[{"name":"wp","href":"https:\/\/api.w.org\/{rel}","templated":true}]}}