{"id":3590,"date":"2020-11-22T19:48:28","date_gmt":"2020-11-22T19:48:28","guid":{"rendered":"http:\/\/guneydoguasyacalismalari.com\/?p=3590"},"modified":"2020-11-22T19:48:28","modified_gmt":"2020-11-22T19:48:28","slug":"malezyada-enver-ibrahim-nicin-basbakan-olamaz-why-anwar-ibrahim-would-not-be-pm-in-malaysia","status":"publish","type":"post","link":"https:\/\/guneydoguasyacalismalari.com\/tr_tr\/malezyada-enver-ibrahim-nicin-basbakan-olamaz-why-anwar-ibrahim-would-not-be-pm-in-malaysia\/","title":{"rendered":"Malezya\u2019da Enver \u0130brahim ni\u00e7in ba\u015fbakan olamaz? \/ Why Anwar Ibrahim would not  be PM in Malaysia?"},"content":{"rendered":"<p><strong>Mehmet \u00d6zay\u00a0 \u00a0 \u00a0 \u00a0 \u00a0 \u00a0 \u00a0 \u00a0 \u00a0 \u00a0 \u00a0 \u00a0 \u00a0 \u00a0 \u00a0 \u00a0 \u00a0 \u00a0 \u00a0 \u00a0 \u00a0 \u00a0 \u00a0 \u00a0 \u00a0 \u00a0 \u00a0 \u00a0 \u00a0 \u00a0 \u00a0 \u00a0 \u00a0 \u00a0 \u00a0 \u00a0 \u00a0 \u00a0 \u00a0 \u00a0 \u00a0 \u00a0 \u00a0 \u00a0 \u00a0 \u00a0 \u00a0 22.11.2020<\/strong><\/p>\n<p>Dr. Mahathir Muhammed, Enver \u0130brahim\u2019le ilgili a\u00e7\u0131klamalar\u0131nda gizli\/a\u00e7\u0131k bilinen bir ger\u00e7e\u011fi ortaya koyarak, \u201cEnver \u0130brahim ba\u015fbakan olamaz\u201d dedi.<\/p>\n<p>Enver \u0130brahim\u2019in, Eyl\u00fcl ay\u0131n\u0131n sonlar\u0131nda ba\u015fbakanl\u0131k i\u00e7in federal mecliste \u00e7o\u011funlu\u011fu sa\u011flad\u0131\u011f\u0131 yolundaki a\u00e7\u0131klaman\u0131n ard\u0131ndan, bug\u00fcne kadar herhangi olumlu bir ad\u0131m\u0131n at\u0131lmas\u0131n\u0131n engellenmesinde en b\u00fcy\u00fck pay\u0131n Dr. Mahathir\u2019de oldu\u011fu yolundaki s\u00f6ylemler dikkat \u00e7ekiyordu.<\/p>\n<p>Bu nedenle Dr. Mahathir, d\u00fcn yapt\u0131\u011f\u0131 yaz\u0131l\u0131 a\u00e7\u0131klamada Enver \u0130brahim\u2019in ba\u015fbakan olamayaca\u011f\u0131 gerek\u00e7esini ortaya koyuyor.<\/p>\n<p><strong>Siyasal inat m\u0131, derin devlet mi? <\/strong><\/p>\n<p>Bu soru, sadece bug\u00fcn de\u011fil, bundan yirmi y\u0131l \u00f6nce de g\u00fcndeme gelen bir soru. Bununla birlikte, Enver \u0130brahim\u2019in gerek 1998, gerekse 2018 y\u0131l\u0131nda ba\u015fbakanl\u0131k koltu\u011funa en yak\u0131n oldu\u011fu d\u00f6nemlerde yan\u0131nda bulunan ki\u015fi Dr. Mahathir Muhammed oldu.<\/p>\n<p>Enver \u0130brahim\u2019in siyasal ya\u015fam\u0131nda yap\u0131sal bir unsuru temsil etti\u011fini s\u00f6yleyebilece\u011fimiz Dr. Mahathir, bir yandan 1981 y\u0131l\u0131nda bu umut vaad eden gen\u00e7 entellekt\u00fceli kendi saf\u0131na \u00e7ekerken, ne kadar do\u011fru bir karar verdiyse, 2018\u2019de de do\u011fru bir karar vermi\u015fti.<\/p>\n<p>Bununla birlikte, Malezya siyasal ya\u015fam\u0131n\u0131n belirleyicilerinden olan Dr. Mahathir, Enver \u0130brahim\u2019in sahip oldu\u011fu siyasi kalibre ve toplumsal deste\u011fine ve hatta uluslararas\u0131 tan\u0131n\u0131rl\u0131\u011f\u0131na ra\u011fmen, onun ni\u00e7in ba\u015fbakan olmamas\u0131 gerekti\u011fini anlatmaya \u00e7al\u0131\u015f\u0131yor.<\/p>\n<p>Dr. Mahathir d\u00fcn yapt\u0131\u011f\u0131 bir a\u00e7\u0131klamada, Enver \u0130brahim\u2019in ni\u00e7in ba\u015fbakan olamayaca\u011f\u0131na de\u011finen bir a\u00e7\u0131klama yapt\u0131. \u201cBenle veya bensiz ba\u015fbakan olamaz&#8230;\u201d dedi\u011fi ki\u015fi, muhalefet lideri Enver \u0130brahim.<\/p>\n<p>Sadece bununla da s\u0131n\u0131rl\u0131 de\u011fil Enver \u0130brahim\u2019in konumu&#8230;<\/p>\n<p>2018 y\u0131l\u0131nda yap\u0131lan 14. genel se\u00e7imler \u00f6ncesinde Enver \u0130brahim\u2019in kap\u0131s\u0131n\u0131 \u00e7al\u0131p ittifak kurmak isteyen Dr. Mahathir\u2019di. B\u00f6ylece, 2016 y\u0131l\u0131nda yolsuzluklar i\u00e7ine batm\u0131\u015f ve Birle\u015fik Malay Ulusal Organizasyonu\u2019nun (<em>United Malay National Organization-<\/em>UMNO) olu\u015fturdu\u011fu 61 y\u0131ll\u0131k Ulusal Cephe iktidar\u0131n\u0131 yerinden etmenin yeg\u00e2ne yolu buydu. Ve \u00f6yle de oldu&#8230;<\/p>\n<p>Bug\u00fcn Dr. Mahathir\u2019in, \u201cEnver, Ba\u015fbakan olamaz\u201d demesinin ard\u0131nda ba\u015fka nedenler yat\u0131yor.<\/p>\n<p>Asl\u0131nda bu a\u00e7\u0131klama, Malezya siyasetinde son iki y\u0131l\u0131 a\u015fk\u0131n bir s\u00fcredir gizli\/a\u00e7\u0131k ortaya konulan yakla\u015f\u0131mlar\u0131n son derece samimi bir \u015fekilde g\u00fcndeme getirilmesinden ba\u015fka bir anlam ifade etmiyor.<\/p>\n<p>Bir ba\u015fka deyi\u015fle, bu a\u00e7\u0131klama ile Dr. Mahathir, bilinen bir ger\u00e7e\u011fi, gayet medeni bir \u2018siyasi\u2019 cesaretle ortaya koymaktan geri kalmad\u0131\u011f\u0131n\u0131 da g\u00f6stermi\u015f oldu. Ancak bunu ekonomi y\u00f6netimiyle ili\u015fkilendirerek s\u0131n\u0131rl\u0131 bir \u015fekilde yap\u0131yor!<\/p>\n<p>Bu ay ortalar\u0131nda Dr. Mahathir yapt\u0131\u011f\u0131 bir ba\u015fka a\u00e7\u0131klamada, Enver \u0130brahim\u2019in ba\u015fbakanl\u0131\u011f\u0131na destek vermeme nedenini, 1997 y\u0131l\u0131ndaki G\u00fcneydo\u011fu Asya krizinde maliye bakan\u0131 olarak verdi\u011fi kararlara atfen a\u00e7\u0131kl\u0131yor.<\/p>\n<p>Dr. Mahathir, 20 y\u0131l \u00f6ncesinde kalm\u0131\u015f bir hesapla\u015fmadan hareketle, 2018 se\u00e7im s\u00fcrecini ve 22 ayl\u0131k Umut Koalisyonu (<em>Pakatan Harapan<\/em>-PH) h\u00fck\u00fcmeti ba\u015far\u0131s\u0131n\u0131 g\u00f6z ard\u0131 ediyor.<\/p>\n<p><strong>24 \u015eubat sivil darbesi<\/strong><\/p>\n<p>Dr. Mahathir\u2019in d\u00fcnk\u00fc a\u00e7\u0131klamas\u0131n\u0131 yapmas\u0131na sebep, 24 \u015eubat sivil darbesine a\u00e7\u0131kl\u0131k getirmekti.<\/p>\n<p>Daha o g\u00fcnden ba\u015flayarak, Malezya\u2019da olan biteni \u201csivil darbe\u201d olarak tan\u0131mlamakla, Malezya\u2019y\u0131 anlamaya \u00e7al\u0131\u015fan ancak, bunda gayet naif davranan \u00e7evrelerin, Dr. Mahathir\u2019in bu a\u00e7\u0131klamas\u0131yla herhalde neyle kar\u015f\u0131 kar\u015f\u0131ya olundu\u011funa kanaat getirmi\u015f olacaklard\u0131r.<\/p>\n<p>Dr. Mahathir, 23 \u015eubat g\u00fcn\u00fc kurucusu ve ba\u015fkan\u0131 oldu\u011fu partisi Yerli Birlik Partisi\u2019nde (<em>Parti\u00a0Pribumi Bersatu Malaysia<\/em>-Bersatu), ba\u015fkan yard\u0131mc\u0131s\u0131 stat\u00fcs\u00fcn\u00fc ta\u015f\u0131yan Muhyiddin Yasin\u2019in, o d\u00f6nem iktidarda olan Umut Koalisyonu h\u00fck\u00fcmetinden deste\u011fin \u00e7ekilmesi gerekti\u011fi y\u00f6n\u00fcndeki bask\u0131s\u0131 kar\u015f\u0131s\u0131nda yapacak bir \u015feyi olmad\u0131\u011f\u0131 ve istifa etti\u011fini s\u00f6yl\u00fcyor.<\/p>\n<p>Dr. Mahathir gibi kurt bir politikac\u0131n\u0131n hem de kurucusu oldu\u011fu bir partide olan biteni sezememesini, son ana kadar bundan bi-haber kalmas\u0131n\u0131 ve \u00fcst\u00fcne \u00fcstl\u00fck partide ipleri Muhyiddin Yasin\u2019e b\u0131rakt\u0131\u011f\u0131 intiba\u0131 verdi\u011fini d\u00fc\u015f\u00fcnmek gayet saf\u00e7a bir yakla\u015f\u0131m olur.<\/p>\n<p>Malezya\u2019da 24 \u015eubat darbesinin ard\u0131ndan defaatle dile getirdi\u011fimiz \u00fczere, ortada olan bitenin tastamam bir sivil darbe oldu\u011fu ger\u00e7e\u011fini Dr. Mahathir kendi \u2018kalemiyle\u2019 do\u011fruluyor ve diyor ki: \u201c23 \u015eubat ak\u015fam\u0131, parti kurulunu ikna edememem \u00fczerine, Muhyiddin Yasin UMNO ve Malezya \u0130slam Partisi (PAS) liderleriyle bulu\u015farak yeni h\u00fck\u00fcmeti kurma pl\u00e2n\u0131 yapt\u0131lar.\u201d<\/p>\n<p>Oysa 2018 se\u00e7imleri \u00f6ncesinde Umut Koalisyonu\u2019nun ba\u015fbakan aday\u0131 \u015fartl\u0131 olarak Dr. Mahathir\u2019e verilirken, belirli bir s\u00fcre sonra ba\u015fbakanl\u0131\u011fa Enver \u0130brahim\u2019in getirilece\u011fi ortada bir ger\u00e7ekti.<\/p>\n<p>2018 sonras\u0131nda yakla\u015f\u0131k 22 ay boyunca ba\u015fbakanl\u0131k koltu\u011funda oturan Dr. Mahathir, s\u00f6z konusu de\u011fi\u015fim konusunda s\u00fcrekli yeni gerek\u00e7elerle Enver \u0130brahim\u2019in \u00f6n\u00fcn\u00fc a\u00e7mayaca\u011f\u0131n\u0131 ortaya koymas\u0131, h\u00fck\u00fcmet i\u00e7inde sorunlara yol a\u00e7arken, muhalefete d\u00fc\u015fen Ulusal Cephe ve \u00f6zellikle de, \u00a0UMNO \u00e7evrelerinde beklenmedik bir hesapla\u015fma i\u00e7in gayet verimli bir ortam haz\u0131rl\u0131yordu.<\/p>\n<p>Bu ortam, tam da Dr. Mahathir\u2019in 23 \u015eubat gecesi Muhyiddin Yasin\u2019in UMNO ve PAS yetkilileriyle g\u00f6r\u00fc\u015ferek yeni h\u00fck\u00fcmet kurulmas\u0131 i\u00e7in d\u00fc\u011fmeye basmalar\u0131nda ortaya \u00e7\u0131km\u0131\u015ft\u0131r.<\/p>\n<p>Dr. Mahathir, 24 \u015eubat\u2019ta ba\u015fbakanl\u0131ktan istifa ederken bile, yeniden ba\u015fbakan olarak atanabilece\u011finin hesab\u0131n\u0131 yap\u0131yordu ki, bunda yan\u0131ld\u0131&#8230; Bu yan\u0131lg\u0131s\u0131n\u0131 bir s\u00fcre sonra \u201cMuhyiddin beni aldatt\u0131\u201d diyerek ortaya koyuyor.<\/p>\n<p>Ancak, olas\u0131 bir ba\u015fbakanl\u0131k s\u00fcrecinde mutlaka deste\u011fini almak zorunda oldu\u011fu UMNO\u2019dan hi\u00e7 kimseyi kabineye almayaca\u011f\u0131 a\u00e7\u0131klamas\u0131, Dr. Mahathir\u2019in bir ba\u015fka politik zaaf\u0131yd\u0131.<\/p>\n<p>Malezya, Enver \u0130brahim\u2019i ba\u015fbakan yapmamak i\u00e7in yirmi y\u0131l\u0131n\u0131 harcad\u0131.<\/p>\n<p>Bu yirmi y\u0131lda, ne 2003\u2019de istifas\u0131n\u0131 verirken Dr. Mahathir Malay \u00e7o\u011funlu\u011fu hedefledi\u011fi noktaya \u00e7\u0131karmay\u0131 ba\u015fard\u0131, ne de kendisinden sonra ba\u015fbakanl\u0131k koltu\u011funa oturttu\u011fu Abdullah Badawi ve Necib Rezzak ile ba\u015far\u0131l\u0131 s\u00fcre\u00e7lere imza att\u0131.<\/p>\n<p>Ve \u00fclke 1 Mart\u2019tan bu yana sadece kovid-19\u2019la sava\u015fm\u0131yor. Aksine, siyasal kaos ortam\u0131nda ekonomisi, toplumsal bar\u0131\u015f\u0131 ve en \u00f6nemlisi moral de\u011ferlerini yitiriyor.<\/p>\n<p>Dr. Mahathir hakl\u0131&#8230; Yirmi y\u0131ld\u0131r her konu\u015fmas\u0131nda \u00fczerine basa basa \u2018adalet\u2019 kavram\u0131n\u0131 g\u00fcndeme getiren Enver \u0130brahim ya\u015fanan t\u00fcm bu ortamlarda ba\u015fbakan olamaz!<\/p>\n","protected":false},"excerpt":{"rendered":"<p>Mehmet \u00d6zay\u00a0 \u00a0 \u00a0 \u00a0 \u00a0 \u00a0 \u00a0 \u00a0 \u00a0 \u00a0 \u00a0 \u00a0 \u00a0 \u00a0 \u00a0 \u00a0 \u00a0 \u00a0 \u00a0 \u00a0 \u00a0 \u00a0 \u00a0 \u00a0 \u00a0 \u00a0 \u00a0 \u00a0 \u00a0 \u00a0 \u00a0 \u00a0 \u00a0 \u00a0 \u00a0 \u00a0 \u00a0 \u00a0 \u00a0 \u00a0 \u00a0 \u00a0 \u00a0 \u00a0 \u00a0 \u00a0 \u00a0 22.11.2020 Dr. Mahathir Muhammed, Enver \u0130brahim\u2019le ilgili [&hellip;]<\/p>\n","protected":false},"author":1,"featured_media":3591,"comment_status":"open","ping_status":"open","sticky":false,"template":"","format":"standard","meta":{"footnotes":""},"categories":[6,27],"tags":[],"class_list":["post-3590","post","type-post","status-publish","format-standard","has-post-thumbnail","hentry","category-gunluk-yazilar","category-malezya"],"_links":{"self":[{"href":"https:\/\/guneydoguasyacalismalari.com\/tr_tr\/wp-json\/wp\/v2\/posts\/3590","targetHints":{"allow":["GET"]}}],"collection":[{"href":"https:\/\/guneydoguasyacalismalari.com\/tr_tr\/wp-json\/wp\/v2\/posts"}],"about":[{"href":"https:\/\/guneydoguasyacalismalari.com\/tr_tr\/wp-json\/wp\/v2\/types\/post"}],"author":[{"embeddable":true,"href":"https:\/\/guneydoguasyacalismalari.com\/tr_tr\/wp-json\/wp\/v2\/users\/1"}],"replies":[{"embeddable":true,"href":"https:\/\/guneydoguasyacalismalari.com\/tr_tr\/wp-json\/wp\/v2\/comments?post=3590"}],"version-history":[{"count":1,"href":"https:\/\/guneydoguasyacalismalari.com\/tr_tr\/wp-json\/wp\/v2\/posts\/3590\/revisions"}],"predecessor-version":[{"id":3592,"href":"https:\/\/guneydoguasyacalismalari.com\/tr_tr\/wp-json\/wp\/v2\/posts\/3590\/revisions\/3592"}],"wp:featuredmedia":[{"embeddable":true,"href":"https:\/\/guneydoguasyacalismalari.com\/tr_tr\/wp-json\/wp\/v2\/media\/3591"}],"wp:attachment":[{"href":"https:\/\/guneydoguasyacalismalari.com\/tr_tr\/wp-json\/wp\/v2\/media?parent=3590"}],"wp:term":[{"taxonomy":"category","embeddable":true,"href":"https:\/\/guneydoguasyacalismalari.com\/tr_tr\/wp-json\/wp\/v2\/categories?post=3590"},{"taxonomy":"post_tag","embeddable":true,"href":"https:\/\/guneydoguasyacalismalari.com\/tr_tr\/wp-json\/wp\/v2\/tags?post=3590"}],"curies":[{"name":"wp","href":"https:\/\/api.w.org\/{rel}","templated":true}]}}