{"id":3534,"date":"2020-10-25T18:31:05","date_gmt":"2020-10-25T18:31:05","guid":{"rendered":"http:\/\/guneydoguasyacalismalari.com\/?p=3534"},"modified":"2020-10-25T18:31:05","modified_gmt":"2020-10-25T18:31:05","slug":"malezyada-olaganustu-hal-talebinin-reddi-ne-anlama-geliyor-the-meaning-of-the-rejection-of-the-state-of-emergency-in-malaysia","status":"publish","type":"post","link":"https:\/\/guneydoguasyacalismalari.com\/tr_tr\/malezyada-olaganustu-hal-talebinin-reddi-ne-anlama-geliyor-the-meaning-of-the-rejection-of-the-state-of-emergency-in-malaysia\/","title":{"rendered":"Malezya\u2019da \u201cola\u011fan\u00fcst\u00fc h\u00e2l talebinin\u201d reddi ne anlama geliyor? \/ The meaning of the rejection of the state of emergency in Malaysia?"},"content":{"rendered":"<p><strong>Mehmet \u00d6zay\u00a0 \u00a0 \u00a0 \u00a0 \u00a0 \u00a0 \u00a0 \u00a0 \u00a0 \u00a0 \u00a0 \u00a0 \u00a0 \u00a0 \u00a0 \u00a0 \u00a0 \u00a0 \u00a0 \u00a0 \u00a0 \u00a0 \u00a0 \u00a0 \u00a0 \u00a0 \u00a0 \u00a0 \u00a0 \u00a0 \u00a0 \u00a0 \u00a0 \u00a0 \u00a0 \u00a0 \u00a0 \u00a0 \u00a0 \u00a0 \u00a0 \u00a0 \u00a0 \u00a0 \u00a0 \u00a0 \u00a0 25.10.2020<\/strong><\/p>\n<p style=\"text-align: justify;\">Malezya\u2019da federal sultan Abdullah Ri&#8217;ayatuddin, sivil darbe h\u00fck\u00fcmetinin ba\u015fbakan\u0131 Muhyiddin Yasin\u2019in \u201cola\u011fan\u00fcst\u00fc h\u00e2l il\u00e2n\u0131\u201d \u00f6nerisini reddetti.<\/p>\n<p style=\"text-align: justify;\">S\u00f6z konusu geli\u015fme, bug\u00fcn yap\u0131lan sultanlar konseyi toplant\u0131s\u0131nda al\u0131nan karar gere\u011fi kamuoyuyla payla\u015f\u0131ld\u0131.<\/p>\n<p style=\"text-align: justify;\"><strong>Sultanlar karar\u0131 olas\u0131 etkileri<\/strong><\/p>\n<p style=\"text-align: justify;\">Bug\u00fcn yap\u0131lan sultanlar konseyi karar\u0131 ard\u0131ndan federal sultan ad\u0131na yap\u0131lan a\u00e7\u0131klamada \u00fclke genelinde veya bir b\u00f6l\u00fcm\u00fcnde ola\u011fan\u00fcst\u00fc h\u00e2l il\u00e2n\u0131na gerek olmad\u0131\u011f\u0131 yolundaki geli\u015fmeyi iki a\u00e7\u0131dan ele almakta yarar var.<\/p>\n<p style=\"text-align: justify;\">\u0130lki, Muhyiddin Yasin h\u00fck\u00fcmetinin kovid-19\u2019u ileri s\u00fcrerek \u00fclke genelinde il\u00e2n edilmesini istedi\u011fi ola\u011fan\u00fcst\u00fc h\u00e2lin federal sultan taraf\u0131ndan kabul edilmemesi, kovid-19 \u00fczerinden siyaset yapma arzusundaki ba\u015fbakan\u0131n eline ge\u00e7irmek istedi\u011fi kozu bo\u015fa \u00e7\u0131karm\u0131\u015f oldu.<\/p>\n<p style=\"text-align: justify;\">Bununla birlikte, a\u00e7\u0131klamada, \u201cMuhyiddin Yasin\u2019in ba\u015fbakanl\u0131\u011f\u0131ndaki h\u00fck\u00fcmetin kovid-19\u2019la etkin m\u00fccadele etti\u011fi\u201d y\u00f6n\u00fcndeki ifadesi h\u00fck\u00fcmet kanad\u0131n\u0131 daha fazla incitmemeye y\u00f6nelik nazik bir ifade olman\u0131n \u00f6tesinde bir anlam ta\u015f\u0131m\u0131yor.<\/p>\n<p style=\"text-align: justify;\">26 Eyl\u00fcl\u2019de Sabah Eyaleti\u2019ndeki se\u00e7imlerin hemen ard\u0131ndan kovid-19 vakalar\u0131ndaki art\u0131\u015f, eyalet se\u00e7imlerin de bile gerekli ve yeterli tedbirlerin h\u00fck\u00fcmet taraf\u0131ndan al\u0131namad\u0131\u011f\u0131n\u0131n en \u00f6nemli kan\u0131t\u0131 h\u00fckm\u00fcnde. Zaten ba\u015fbakan Muhyiddin Yasin\u2019i, kendi a\u00e7\u0131s\u0131ndan kovid-19\u2019la m\u00fccadeleyi \u00f6ne s\u00fcrereke ola\u011fan\u00fcst\u00fc h\u00e2l il\u00e2n\u0131 talep etmesi de bu ba\u015far\u0131s\u0131zl\u0131\u011f\u0131n bir ba\u015fka teyidinden ba\u015fka bir anlama gelmiyor.<\/p>\n<p style=\"text-align: justify;\">Bununla birlikte, \u00fclkede sorunu te\u015fkil eden, ne Sabah\u2019daki se\u00e7imlerin neden oldu\u011fu yeni kovid-19 vakalar\u0131 ne de h\u00fck\u00fcmetin bu salg\u0131nla m\u00fccadele edip edemedi\u011fidir!<\/p>\n<p style=\"text-align: justify;\">\u0130kincisi ise, ayn\u0131 a\u00e7\u0131klaman\u0131n devam\u0131nda dile getirildi\u011fi \u00fczere, \u00fclkede \u201cmevcut h\u00fck\u00fcmetin \u00e7al\u0131\u015fmalar\u0131n\u0131 engelleyecek \u015fekilde siyaset yap\u0131lmamas\u0131\u201d y\u00f6n\u00fcnde di\u011fer siyaset\u00e7ilere, siyasi partilere gizli\/a\u00e7\u0131k bir uyar\u0131y\u0131 i\u00e7ermesidir.<\/p>\n<p style=\"text-align: justify;\">Federal sultan\u0131n a\u00e7\u0131klamas\u0131 s\u00f6z konusu bu iki temelde de\u011ferlendirildi\u011finde, \u201c\u015fu an ki\u201d sonucu, 1 Mart 2020\u2019den bu yana federal meclisten g\u00fcvenoyu almam\u0131\u015f, sivil darbenin \u00fcr\u00fcn\u00fc Ulusal \u0130ttifak (<em>Perikatan Nasional<\/em>-PN) \u00a0h\u00fck\u00fcmetinin g\u00f6revine devam etmesi y\u00f6n\u00fcndedir.<\/p>\n<p style=\"text-align: justify;\">\u201c\u015eu an ki\u201d diyoruz, \u00e7\u00fcnk\u00fc ola\u011fan\u00fcst\u00fc h\u00e2l il\u00e2n\u0131n\u0131n yap\u0131lmamas\u0131, sultan\u0131n \u201cnazik\u00e7e\u201d siyasileri mevcut h\u00fck\u00fcmeti y\u0131pratacak giri\u015fimlerden uzak durmalar\u0131 yolundaki uyar\u0131s\u0131na ra\u011fmen, siyaset kazan\u0131 daha bu ak\u015famdan itibaren Kuala Lumpur\u2019da kaynamaya ba\u015flad\u0131 bile.<\/p>\n<p style=\"text-align: justify;\"><strong>Kabinede \u015fimdilik istifa yok!<\/strong><\/p>\n<p style=\"text-align: justify;\">Ba\u015fbakan Muhyiddin Yasin\u2019in evinde kabine \u00fcyelerinden baz\u0131lar\u0131n\u0131n kat\u0131l\u0131m\u0131yla yap\u0131lan gayri resmi toplant\u0131yla ilgili verilen ilk bilgi \u201cistifa olmad\u0131\u011f\u0131\u201d y\u00f6n\u00fcnde.<\/p>\n<p style=\"text-align: justify;\">Ni\u00e7in istifa olaca\u011f\u0131, buna neyin sebep oldu\u011fu ve hangi bakan\u0131n ya da bakanlar\u0131n istifa edip yerine kimin veya kimlerin gelece\u011fi gibi sorulara cevaplar\u0131 ise, Malezya kamuoyu k\u0131smen tahmin etmekle birlikte, herhalde cevaplar\u0131n\u0131 \u00f6n\u00fcm\u00fczdeki g\u00fcnlerde alacakt\u0131r.<\/p>\n<p style=\"text-align: justify;\">\u00d6te yandan, kabinenin yar\u0131n \u00f6zel bir toplant\u0131 yapaca\u011f\u0131 bilgisi, federal sultan\u0131n a\u00e7\u0131klamas\u0131n\u0131n ard\u0131ndan h\u00fck\u00fcmetin duru\u015funa a\u00e7\u0131kl\u0131k getirmesi bak\u0131m\u0131ndan \u00f6nemli olacakt\u0131r.<\/p>\n<p style=\"text-align: justify;\">D\u00fcnya yaz\u0131m\u0131zda, sultanlar konseyi toplant\u0131s\u0131nda bir s\u00fcrpriz olmad\u0131k\u00e7a, h\u00fck\u00fcmetin ola\u011fan\u00fcst\u00fc hal il\u00e2n\u0131na ye\u015fil \u0131\u015f\u0131k yak\u0131labilece\u011fine dikkat \u00e7ekmi\u015ftik.<\/p>\n<p style=\"text-align: justify;\">Buradaki \u201cs\u00fcrpriz\u201d, yine d\u00fcnk\u00fc yaz\u0131da \u00fclke genelinde \u00f6ne \u00e7\u0131kan \u00e7e\u015fitli sivil toplum kurulu\u015flar\u0131n\u0131n sultana y\u00f6nelik kaleme ald\u0131klar\u0131 yaz\u0131 ile di\u011fer farkl\u0131 kesimlerin, olas\u0131 bir ola\u011fan\u00fcst\u00fc h\u00e2l ile \u00fclkedeki, hassas bir nitelik arz eden \u00e7ok etnikli ve \u00e7ok dinli toplumsal yap\u0131daki dinamik dengelerde olu\u015fabilecek \u00a0kaymalard\u0131r.<\/p>\n<p style=\"text-align: justify;\">\u00dclke genelinde veya k\u0131smi olarak belirli eyaletlerde il\u00e2n edilecek bir ola\u011fan\u00fcst\u00fc halin, toplumda 13 May\u0131s 1969\u2019da ba\u015flayan anar\u015fi olaylar\u0131yla ilgili an\u0131lar\u0131 harekete ge\u00e7irmesi gayet muhtemel(di).<\/p>\n<p style=\"text-align: justify;\">Elbette ortada, anar\u015fiye y\u00f6nelik bir toplumsal bir ba\u015fka deyi\u015fle, etnik yap\u0131lar aras\u0131 \u00e7at\u0131\u015fmay\u0131 gerektirecek a\u00e7\u0131k bir durum bulunmuyor.<\/p>\n<p style=\"text-align: justify;\">Ancak mevcut h\u00fck\u00fcmetin 24 \u015eubat 2020 sivil darbe s\u00fcrecinin akabinde \u00fclkeyi y\u00f6netmesi ve bug\u00fcne kadar siyasi mekanizman\u0131n kovid-19 \u00fczerinden federal meclis yasal s\u00fcrecinden tabiri caizse k\u00f6\u015fe bucak ka\u00e7\u0131larak s\u00fcrd\u00fcr\u00fclmesi kamuoyunda siyasilerden talepleri art\u0131rd\u0131\u011f\u0131 gibi, hak ve hukuk nezdinde \u00fclkenin itibar\u0131n\u0131n da zay\u0131flad\u0131\u011f\u0131na i\u015faret ediyor.<\/p>\n<p style=\"text-align: justify;\">\u0130\u015fte federal sultan\u0131n ba\u015fbakan\u0131n ola\u011fan\u00fcst\u00fc h\u00e2l il\u00e2n\u0131n\u0131 reddetmesinin ard\u0131nda b\u00f6ylesine \u00f6nemli bir toplumsal ve tarihsel ger\u00e7ek yat\u0131yor.<\/p>\n<p style=\"text-align: justify;\">Kald\u0131 ki, Hong Kong\u2019da 2019 y\u0131l\u0131n\u0131n ikinci yar\u0131s\u0131 boyunca devam eden; bir s\u00fcredir kuzeydeki kom\u015fu \u00fclke Tayland\u2019da mevcut darbe h\u00fck\u00fcmeti ba\u015fbakan\u0131 Prayut Chan-o-cha\u2019y\u0131 istifaya ve Tay monar\u015fisini de reforma davet eden g\u00f6steriler; g\u00fcneydeki di\u011fer kom\u015fu \u00fclke Endonezya\u2019da meclisten \u0130\u015f Yasas\u0131\u2019n\u0131n ge\u00e7mesi ve ard\u0131ndan devlet ba\u015fkan\u0131 Joko Widodo\u2019nun bu yasay\u0131 onaylamas\u0131n\u0131n ard\u0131ndan ba\u015fkenti Cakarta\u2019da devam eden protestalar hi\u00e7 ku\u015fku yok ki, Malezya\u2019da \u201csembolik\u201d de\u011fere sahip sultanlar nezdinde dikkate al\u0131nan geli\u015fmeler olsa gerek.<\/p>\n<p style=\"text-align: justify;\">Bu \u00e7er\u00e7evede, yukar\u0131da dikkat \u00e7ekilen gerek i\u00e7 ve gerekse baz\u0131 d\u0131\u015f ko\u015fullar dikkate al\u0131nd\u0131\u011f\u0131nda, sultanlar konseyisinin ve nihayetinde son karar mercii olarak mevcut federal sultan\u0131n ald\u0131\u011f\u0131 karar\u0131n Malezya kamusal vicdan\u0131na y\u00f6nelik bir cevap oldu\u011funu s\u00f6ylemek gerekiyor.<\/p>\n<p style=\"text-align: justify;\"><strong>Muhyiddin Yasin devam edebilecek mi?<\/strong><\/p>\n<p style=\"text-align: justify;\">Federal sultan\u0131n a\u00e7\u0131klad\u0131\u011f\u0131 karar Muhyiddin Yasin\u2019e g\u00f6reve devam anlam\u0131 ta\u015f\u0131sa da,ba\u015fbakan\u0131n g\u00f6revi nas\u0131l devam ettirece\u011fi sorunu giderek i\u00e7inden \u00e7\u0131k\u0131lmaz bir hal al\u0131yor.<\/p>\n<p style=\"text-align: justify;\">Muhyiddin Yasin a\u00e7\u0131s\u0131ndan, h\u00fck\u00fcmetin 6 Kas\u0131m\u2019da yap\u0131lmas\u0131 beklenen 2021 b\u00fct\u00e7e g\u00f6r\u00fc\u015fmelerine haz\u0131rlanmas\u0131 m\u0131, yoksa kabineyi mevcut durumuyla devam ettirebilmek mi ikilemi \u00f6n\u00fcm\u00fczdeki g\u00fcnlerin en \u00f6nemli konusu olacakt\u0131r.<\/p>\n<p style=\"text-align: justify;\">Ancak bu durum, Muhyiddin Yasin\u2019i ve h\u00fck\u00fcmeti giderek k\u00f6\u015feye s\u0131k\u0131\u015ft\u0131rmaya \u00e7al\u0131\u015fan Birle\u015fik Malay Ulusal Organizasyonu\u2019nun (<em>United Malay National Organization-<\/em>UMNO) siyasi hesaplar\u0131n\u0131n halen g\u00fcndemden d\u00fc\u015fmedi\u011finin de i\u015faretidir.<\/p>\n<p style=\"text-align: justify;\">UMNO genel ba\u015fkan\u0131 Ahmed Zahid Hamidi\u2019nin, mevcut h\u00fck\u00fcmette ba\u015fbakan yard\u0131mc\u0131l\u0131\u011f\u0131 ba\u015fta olmak \u00fczere \u00f6nemli baz\u0131 bakanl\u0131klar\u0131n UMNO\u2019ya verilmesi \u015fart\u0131ndan vazge\u00e7ti\u011fini s\u00f6ylemek m\u00fcmk\u00fcn de\u011fil.<\/p>\n<p style=\"text-align: justify;\">Bu durum, se\u00e7menine \u201cbak\u0131n iktidar\u0131n say\u0131sal \u00e7oklu\u011funu biz olu\u015fturuyoruz ve bakanl\u0131klarla da omurgas\u0131n\u0131 te\u015fkil ediyoruz\u201d diyebilmenin yolu olacakt\u0131r.<\/p>\n<p style=\"text-align: justify;\">Ayr\u0131ca, UMNO i\u00e7in normal \u015fartlarda 2023\u2019de yap\u0131lmas\u0131 beklenen 15. genel se\u00e7imlere en iyi \u015fekilde haz\u0131rlanabilmenin yolu biraz da h\u00fck\u00fcmet i\u00e7erisindeki g\u00fc\u00e7 pastas\u0131ndan ald\u0131\u011f\u0131 payla al\u00e2kal\u0131 olacakt\u0131r.<\/p>\n<p style=\"text-align: justify;\">Bununla birlikte, federal sultan\u0131n karar\u0131n\u0131n gizli\/a\u00e7\u0131k hedefinde kabine de\u011fi\u015fikli\u011fini isteyen UMNO ya da UMNO genel ba\u015fkan\u0131 Ahmed Zahid Hamidi\u2019nin oldu\u011funu da biz a\u00e7\u0131k se\u00e7ik s\u00f6ylemi\u015f olal\u0131m.<\/p>\n<p style=\"text-align: justify;\"><strong>PAS manip\u00fcle ediliyor (mu?)<\/strong><\/p>\n<p style=\"text-align: justify;\">1 \u015eubat 2020 tarihinden bu yana Malezya siyasetinde ya\u015fananlarda dikkat \u00e7ekilmesi gereken bir di\u011fer \u00f6nemli husus Malezya \u0130slam Partisi\u2019nin (<em>Parti Islam SeMalaysia<\/em>-PAS) konumudur.<\/p>\n<p style=\"text-align: justify;\">UMNO ile siyasi ittifak (<em>muafakat<\/em>) anla\u015fmas\u0131 yapm\u0131\u015f olan PAS\u2019\u0131n, bakanlar kurulunun yeniden yap\u0131land\u0131r\u0131lmas\u0131na ku\u015fku olmayan mevcut h\u00fck\u00fcmette \u00f6nemli bir bakanl\u0131k al\u0131p almayaca\u011f\u0131 sorulmaya de\u011fer bir husus.<\/p>\n<p style=\"text-align: justify;\">\u00c7\u00fcnk\u00fc, \u00f6zellikle 2015\u2019den bu yana, UMNO\u2019ya eklemlenerek siyaset yapmaya ba\u015flayan ve bu nedenle sahip oldu\u011fu kendine \u00f6zg\u00fc siyasi \u00fcslup ve yakla\u015f\u0131m\u0131 arka pl\u00e2na atan mevcut PAS y\u00f6netimin siyasi \u00e7\u0131karlar noktas\u0131nda UMNO ile ayn\u0131 ko\u015fullarda olup olmad\u0131\u011f\u0131n\u0131 test edecek \u00f6n \u00f6nemli geli\u015fme, mevcut h\u00fck\u00fcmetin yeniden yap\u0131land\u0131r\u0131lmas\u0131 olacak.<\/p>\n<p style=\"text-align: justify;\">PAS\u2019\u0131n siyasi deste\u011fi olmaks\u0131z\u0131n yap\u0131lacak herhangi bir genel se\u00e7imde UMNO\u2019nun \u00e7o\u011funlu\u011fu elde edebilmesi gayet zor oldu\u011fu olduk\u00e7a a\u015fik\u00e2r.<\/p>\n<p style=\"text-align: justify;\">\u00d6te yandan, UMNO genel ba\u015fkan\u0131 Ahmed Zahid Hamidi\u2019nin, mevcut Ulusal \u0130ttifak h\u00fck\u00fcmetinde yukar\u0131da dikkat \u00e7ekildi\u011fi gibi bir temsiliyet kazanma yolunda \u2018siyasi \u015fantaj\u2019 gere\u011fi oldu\u011fu ileri s\u00fcr\u00fclen Enver \u0130brahim\u2019e deste\u011finde ilk kar\u015f\u0131 \u00e7\u0131kan \u00e7evrelerden birinin PAS olmas\u0131, bu partinin gelip dayand\u0131\u011f\u0131 yeri g\u00f6stermesi a\u00e7\u0131s\u0131ndan da \u00f6nemli.<\/p>\n<p style=\"text-align: justify;\">Bug\u00fcn ya\u015fanan geli\u015fme ile federal sultan, sivil darbenin \u00fcr\u00fcn\u00fc h\u00fck\u00fcmetin ola\u011fan\u00fcst\u00fc hal talebini reddetmesi, \u00fclkede siyasi krizin a\u015f\u0131ld\u0131\u011f\u0131 anlam\u0131na gelmiyor. \u00d6n\u00fcm\u00fczdeki g\u00fcnler yeni bir kabinenin olu\u015fumuna konusunda geli\u015fmelere konu olacakt\u0131r. \u00d6te yandan, iktidar de\u011fi\u015fikli\u011fi sorunu ise devam edecektir.<\/p>\n","protected":false},"excerpt":{"rendered":"<p>Mehmet \u00d6zay\u00a0 \u00a0 \u00a0 \u00a0 \u00a0 \u00a0 \u00a0 \u00a0 \u00a0 \u00a0 \u00a0 \u00a0 \u00a0 \u00a0 \u00a0 \u00a0 \u00a0 \u00a0 \u00a0 \u00a0 \u00a0 \u00a0 \u00a0 \u00a0 \u00a0 \u00a0 \u00a0 \u00a0 \u00a0 \u00a0 \u00a0 \u00a0 \u00a0 \u00a0 \u00a0 \u00a0 \u00a0 \u00a0 \u00a0 \u00a0 \u00a0 \u00a0 \u00a0 \u00a0 \u00a0 \u00a0 \u00a0 25.10.2020 Malezya\u2019da federal sultan Abdullah Ri&#8217;ayatuddin, sivil [&hellip;]<\/p>\n","protected":false},"author":1,"featured_media":3535,"comment_status":"open","ping_status":"open","sticky":false,"template":"","format":"standard","meta":{"footnotes":""},"categories":[6,27],"tags":[],"class_list":["post-3534","post","type-post","status-publish","format-standard","has-post-thumbnail","hentry","category-gunluk-yazilar","category-malezya"],"_links":{"self":[{"href":"https:\/\/guneydoguasyacalismalari.com\/tr_tr\/wp-json\/wp\/v2\/posts\/3534","targetHints":{"allow":["GET"]}}],"collection":[{"href":"https:\/\/guneydoguasyacalismalari.com\/tr_tr\/wp-json\/wp\/v2\/posts"}],"about":[{"href":"https:\/\/guneydoguasyacalismalari.com\/tr_tr\/wp-json\/wp\/v2\/types\/post"}],"author":[{"embeddable":true,"href":"https:\/\/guneydoguasyacalismalari.com\/tr_tr\/wp-json\/wp\/v2\/users\/1"}],"replies":[{"embeddable":true,"href":"https:\/\/guneydoguasyacalismalari.com\/tr_tr\/wp-json\/wp\/v2\/comments?post=3534"}],"version-history":[{"count":1,"href":"https:\/\/guneydoguasyacalismalari.com\/tr_tr\/wp-json\/wp\/v2\/posts\/3534\/revisions"}],"predecessor-version":[{"id":3536,"href":"https:\/\/guneydoguasyacalismalari.com\/tr_tr\/wp-json\/wp\/v2\/posts\/3534\/revisions\/3536"}],"wp:featuredmedia":[{"embeddable":true,"href":"https:\/\/guneydoguasyacalismalari.com\/tr_tr\/wp-json\/wp\/v2\/media\/3535"}],"wp:attachment":[{"href":"https:\/\/guneydoguasyacalismalari.com\/tr_tr\/wp-json\/wp\/v2\/media?parent=3534"}],"wp:term":[{"taxonomy":"category","embeddable":true,"href":"https:\/\/guneydoguasyacalismalari.com\/tr_tr\/wp-json\/wp\/v2\/categories?post=3534"},{"taxonomy":"post_tag","embeddable":true,"href":"https:\/\/guneydoguasyacalismalari.com\/tr_tr\/wp-json\/wp\/v2\/tags?post=3534"}],"curies":[{"name":"wp","href":"https:\/\/api.w.org\/{rel}","templated":true}]}}