{"id":3529,"date":"2020-10-24T18:02:39","date_gmt":"2020-10-24T18:02:39","guid":{"rendered":"http:\/\/guneydoguasyacalismalari.com\/?p=3529"},"modified":"2020-10-24T18:14:46","modified_gmt":"2020-10-24T18:14:46","slug":"malezyada-kovid-19-golgesinde-siyaset-krizi-statukocular-reformculara-karsi-political-crisis-in-mayasia-under-the-shadow-of-covid-19-status-quo-vv-reformists","status":"publish","type":"post","link":"https:\/\/guneydoguasyacalismalari.com\/tr_tr\/malezyada-kovid-19-golgesinde-siyaset-krizi-statukocular-reformculara-karsi-political-crisis-in-mayasia-under-the-shadow-of-covid-19-status-quo-vv-reformists\/","title":{"rendered":"Malezya\u2019da kovid-19 g\u00f6lgesinde siyaset krizi: stat\u00fckocular, reformculara kar\u015f\u0131 \/ political crisis in Mayasia under the shadow of covid-19: Status quo vv reformists"},"content":{"rendered":"<p><strong>Mehmet \u00d6zay\u00a0 \u00a0 \u00a0 \u00a0 \u00a0 \u00a0 \u00a0 \u00a0 \u00a0 \u00a0 \u00a0 \u00a0 \u00a0 \u00a0 \u00a0 \u00a0 \u00a0 \u00a0 \u00a0 \u00a0 \u00a0 \u00a0 \u00a0 \u00a0 \u00a0 \u00a0 \u00a0 \u00a0 \u00a0 \u00a0 \u00a0 \u00a0 \u00a0 \u00a0 \u00a0 \u00a0 \u00a0 \u00a0 \u00a0 \u00a0 \u00a0 \u00a0 \u00a0 \u00a0 \u00a0 \u00a0 \u00a0 24.10.2020<\/strong><\/p>\n<p style=\"text-align: justify;\">Malezya\u2019da siyasi kriz \u201cola\u011fan\u00fcst\u00fc h\u00e2l il\u00e2n\u0131na\u201d d\u00f6n\u00fc\u015fme s\u00fcrecine evrilerek devam ediyor. Bu geli\u015fme, \u00fclkede egemen kriz s\u00fcre\u00e7lerine bir yenisinin eklenmesi anlam\u0131na geliyor.<\/p>\n<p style=\"text-align: justify;\">A\u015fa\u011f\u0131da a\u00e7\u0131klanacak geli\u015fmelerle ortaya konulaca\u011f\u0131 \u00fczere, kovid-19 ileri s\u00fcr\u00fclerek ola\u011fan\u00fcst\u00fc hal il\u00e2n\u0131na gidilmesinin ard\u0131ndan hi\u00e7 ku\u015fku yok ki, \u00fclke siyasetinin ilgili \u00e7evrelerinin i\u015fbirli\u011fiyle, Enver \u0130brahim\u2019e ba\u015fbakanl\u0131k yolunun a\u00e7\u0131lmamas\u0131 en \u00f6nemli neden olarak dikkat \u00e7ekiyor.<\/p>\n<p style=\"text-align: justify;\"><strong>Ola\u011fan\u00fcst\u00fc h\u00e2l gerek\u00e7esi <\/strong><\/p>\n<p style=\"text-align: justify;\">26 Eyl\u00fcl\u2019de Sabah Eyaleti\u2019nde yap\u0131lan eyalet ba\u015fkanl\u0131\u011f\u0131 ve meclisi se\u00e7imlerinin ard\u0131ndan, kovid-19 vakalar\u0131nda g\u00f6r\u00fclen art\u0131\u015f mevcut darbe h\u00fck\u00fcmetinin varl\u0131\u011f\u0131n\u0131 s\u00fcrd\u00fcrmesinin bir arac\u0131 haline getiriliyor.<\/p>\n<p style=\"text-align: justify;\">Bu \u00e7er\u00e7evede, siyasi me\u015fruiyeti sorunlu ve a\u00e7\u0131k se\u00e7ik bir sivil darbe h\u00fck\u00fcmeti oldu\u011fu ortada olan, Muhyiddin Yasin\u2019in ba\u015fbakanl\u0131\u011f\u0131ndaki Ulusal \u0130ttifak (<em>Perikatan Nasional<\/em>-PN) kovid-19\u2019u gerek\u00e7e g\u00f6stererek ola\u011fan\u00fcst\u00fc durum il\u00e2n\u0131 i\u00e7in harekete ge\u00e7mi\u015f durumda.<\/p>\n<p style=\"text-align: justify;\">Bu ama\u00e7la, Muhyiddin Yasin, d\u00fcn yani Cuma g\u00fcn\u00fc \u00f6\u011fle saatlerinde Pahang eyaleti ba\u015fkenti Kuantan\u2019daki saray\u0131nda dinlenen federal sultanla acil bir g\u00f6r\u00fc\u015fme yapmas\u0131n\u0131n ard\u0131ndan Sultanlar Konseyi\u2019nin bug\u00fcn yar\u0131n toplanmas\u0131 bekleniyor.<\/p>\n<p style=\"text-align: justify;\">Ve g\u00f6r\u00fcnen o ki, b\u00fcy\u00fck bir s\u00fcrpriz olmad\u0131k\u00e7a, sultanlar konseyinin h\u00fck\u00fcmetin \u00f6nerdi\u011fi ola\u011fan\u00fcst\u00fc durum karar\u0131na ye\u015fil \u0131\u015f\u0131k yakaca\u011f\u0131 anla\u015f\u0131l\u0131yor.<\/p>\n<p style=\"text-align: justify;\"><strong>Kamuoyunda k\u0131zg\u0131nl\u0131k, WADAH\u2019dan \u00e7a\u011fr\u0131<\/strong><\/p>\n<p style=\"text-align: justify;\">Saraydan yap\u0131lan a\u00e7\u0131klamada, federal sultan\u0131n \u201ckovid-19\u2019la m\u00fccadelede mevcut h\u00fck\u00fcmetin devaml\u0131l\u0131\u011f\u0131n\u0131n \u00f6nemini anlad\u0131\u011f\u0131\u201d anlam\u0131na gelecek ifade, a\u00e7\u0131k\u00e7as\u0131 kovid-19\u2019un siyaset kurumuna maliyetinin me\u015fruiyet krizi gibi olduk\u00e7a a\u011f\u0131r bir bedel olarak yans\u0131d\u0131\u011f\u0131n\u0131 g\u00f6steriyor.<\/p>\n<p style=\"text-align: justify;\">Ayn\u0131 a\u00e7\u0131klaman\u0131n ikinci b\u00f6l\u00fcm\u00fcnde ise sultan\u0131n, \u201ckamuoyunun olan bitenler kar\u015f\u0131s\u0131nda rahats\u0131zl\u0131k ve k\u0131zg\u0131nl\u0131\u011f\u0131n\u0131n da fark\u0131nda oldu\u011funa\u201d s\u00f6ylemi, gizli\/a\u00e7\u0131k siyaset kurumunda sorunlar\u0131n \u00f6tesinde, tastamam kirlenmenin halk \u00fczerindeki etkisine i\u015faret etmesiyle, hi\u00e7 ku\u015fku yok ki \u00e7ok daha ciddi bir \u015fekilde dikkate al\u0131nmas\u0131n\u0131 g\u00f6steriyor.<\/p>\n<p style=\"text-align: justify;\">Bu k\u0131zg\u0131nl\u0131\u011fa i\u015faret edecek \u015fekilde, \u00fclkenin d\u00f6rt bir yan\u0131ndaki \u00f6nde gelen sivil toplum kurulu\u015flar\u0131 21 \u015eubat g\u00fcn\u00fc WADAH imzas\u0131yla ortak bir bildiri yay\u0131nlamak suretiyle, siyaset kurumunda ya\u015fanan oyunlara ve kirlenmeye dikkat \u00e7ekerek temiz siyaset \u00e7a\u011fr\u0131s\u0131nda bulunuyor.<\/p>\n<p style=\"text-align: justify;\">A\u00e7\u0131klamada, \u00f6zellikle Sabah eyaleti se\u00e7imlerinin ard\u0131ndan giderek art\u0131\u015f g\u00f6steren kovid-19\u2019la m\u00fccadelede, gerekse mevcut gayri me\u015fru siyasetin bu geli\u015fme \u00fczerinde siyaseti t\u0131kama \u00e7abas\u0131 ele\u015ftirilerek yeni bir y\u00f6netime duyulan ihtiyac\u0131 a\u00e7\u0131k se\u00e7ik ortaya koyuyor.<\/p>\n<p style=\"text-align: justify;\">Malezya gibi toplumsal ve siyasal hiyerar\u015finin sivil eylemleri g\u00f6rece g\u00f6lgeledi\u011fi bir toplumda, ilgili sivil toplum kurulu\u015flar\u0131n\u0131n bu \u00e7\u0131k\u0131\u015f\u0131 olduk\u00e7a anlaml\u0131. Sivil toplum kurulu\u015flar\u0131n\u0131n bu \u00e7\u0131k\u0131\u015f\u0131, \u00a0yukar\u0131da saraydan yap\u0131lan a\u00e7\u0131klamada da dikkat \u00e7ekildi\u011fi \u00fczere, \u201chalkta rahats\u0131zl\u0131k ve k\u0131zg\u0131nl\u0131\u011f\u0131n\u201d a\u00e7\u0131k se\u00e7ik ortada konulmas\u0131 anlam\u0131 ta\u015f\u0131yor.<\/p>\n<p style=\"text-align: justify;\">S\u00f6z konusu a\u00e7\u0131klamada, kovid-19\u2019dan \u00f6te, \u00fclkenin uzunca bir s\u00fcredir ihtiya\u00e7 duydu\u011fu reformlar\u0131 yapabilecek bir yeni liderin ve h\u00fck\u00fcmetin g\u00f6rev ba\u015f\u0131na getirilmesine vurgu yap\u0131l\u0131yor.<\/p>\n<p style=\"text-align: justify;\">Bu talebin temel dayanak noktas\u0131n\u0131 da, 24 \u015eubat 2020\u2019de yap\u0131lan sivil darbenin siyaset kurumundaki ahl\u00e2ki krizi ve halk\u0131n demokratik hakk\u0131n\u0131n gasp\u0131 olu\u015fturuyor.<\/p>\n<p style=\"text-align: justify;\">S\u00f6z konusu darbenin hedefindeki birincil isim olan Enver \u0130brahim\u2019in ba\u015fbakanl\u0131\u011f\u0131n\u0131n ve reformcu s\u00f6ylemle 2018 se\u00e7imlerini kazanan Umut Koalisyonu h\u00fck\u00fcmetinin veya yeni bir olu\u015fumun i\u015f ba\u015f\u0131na gelmesi a\u00e7\u0131k\u00e7a talep ediliyor.<\/p>\n<p style=\"text-align: justify;\"><strong>Siyasal \u2018etik\u2019, kamusal \u2018ahl\u00e2k\u2019<\/strong><\/p>\n<p style=\"text-align: justify;\">1 Mart 2020\u2019deki sivil darbenin ard\u0131ndan, federal sultan taraf\u0131ndan ba\u015fbakan olarak atanan Muhyiddin Yasin\u2019in, bug\u00fcne kadar federal mecliste g\u00fcvenoyu konusunda giri\u015fimde bulunmad\u0131\u011f\u0131n\u0131 defaatle dile getirdik.<\/p>\n<p style=\"text-align: justify;\">Bu s\u00fcre\u00e7te \u00f6zellikle, kovid-19\u2019un bahane olarak \u00f6ne s\u00fcr\u00fclmesinin, ge\u00e7en hafta i\u00e7inde g\u00fcndeme gelen ola\u011fan\u00fcst\u00fc h\u00e2l ile me\u015fruiyet sorunu devam eden h\u00fck\u00fcmeti varl\u0131\u011f\u0131n\u0131 s\u00fcrd\u00fcrmenin yeni bir yolu olarak de\u011ferlendiriliyor.<\/p>\n<p style=\"text-align: justify;\">Siyaset kurumunda ya\u015fanan bu s\u00fcrecin, \u00e7ok etnikli \u00e7ok k\u00fclt\u00fcrl\u00fc toplumda olumlu bir kar\u015f\u0131l\u0131k bulmas\u0131n\u0131 beklemek ise m\u00fcmk\u00fcn g\u00f6z\u00fckm\u00fcyor.<\/p>\n<p style=\"text-align: justify;\">Hele hele, kovid-19\u2019u bu s\u00fcrece malzeme yapmaya \u00e7al\u0131\u015fmak ise, siyasi etikle ba\u011fda\u015fmayan aksine siyaset kurumuna g\u00fcvenin giderek y\u0131prand\u0131\u011f\u0131 bir durumun olu\u015fmas\u0131na yol a\u00e7\u0131yor.<\/p>\n<p style=\"text-align: justify;\">G\u00fcney Kore, Japonya ve Yeni Zelanda gibi b\u00f6lge \u00fclkelerinde kovid-19\u2019a ra\u011fmen, bu \u00fclkelerdeki siyaset kurumlar\u0131 sa\u011fl\u0131kl\u0131 bir \u015fekilde izler ve yap\u0131sal s\u00fcreklili\u011fi ortaya koyarken, Malezya\u2019da siyasi kurumu ve yap\u0131la\u015fmas\u0131 kapal\u0131 kap\u0131lar ard\u0131nda \u00e7\u0131kar ili\u015fkileriyle \u015fekillenmeye \u00e7al\u0131\u015f\u0131l\u0131yor.<\/p>\n<p style=\"text-align: justify;\">\u00dcst\u00fcne \u00fcstl\u00fck bir eyalet se\u00e7iminde kovid-19\u2019la yeterli tedbirleri alamam\u0131\u015f bir h\u00fck\u00fcmetin, halen g\u00f6revde kalman\u0131n bir yolu olarak kovid-19\u2019u g\u00f6stermesinin inand\u0131r\u0131c\u0131l\u0131\u011f\u0131 da bulunmuyor.<\/p>\n<p style=\"text-align: justify;\"><strong>Stat\u00fckocular, reformculara kar\u015f\u0131<\/strong><\/p>\n<p style=\"text-align: justify;\">24 \u015eubat 2020\u2019de ya\u015fanan sivil darbeden bu yana, siyasal kriz ortam\u0131n\u0131n devam etmesi ve bu s\u00fcre\u00e7te ya\u015fanan istifalar, yeni partilerin ortaya \u00e7\u0131kmas\u0131, irili ufakl\u0131 se\u00e7imler \u00fclkede siyaset kurumunun istikrarl\u0131 ve g\u00fcven verir bir s\u00fcre\u00e7te olmad\u0131\u011f\u0131na i\u015faret ediyor.<\/p>\n<p style=\"text-align: justify;\">2018 May\u0131s\u2019\u0131ndaki se\u00e7imler \u00f6ncesinde \u00fclkede reform \u00e7a\u011fr\u0131s\u0131yla Umut Koalisyonu\u2019na kat\u0131lan Dr. Mahathir Muhammed\u2019, son bir ka\u00e7 ayd\u0131r sessizli\u011finin ard\u0131ndan yeniden g\u00fcndeme gelmesi ya\u015fanan siyasi kaosun akt\u00f6rlerinden biri oldu\u011funa i\u015faret ediyor.<\/p>\n<p style=\"text-align: justify;\">Dr. Mahathir, 2018 se\u00e7imleri \u00f6ncesi reformlar konusunda hemfikir oldu\u011funu a\u00e7\u0131klad\u0131\u011f\u0131 Umut Koalisyonu \u00e7izgisinden ayr\u0131ld\u0131\u011f\u0131n\u0131 a\u00e7\u0131k\u00e7a ortaya koyuyor. Bu \u00e7er\u00e7evede, UMNO \u00fcyesi oldu\u011fu d\u00f6nemde rakibi olarak g\u00f6sterilen Tengku Razaleigh Hamzah ile i\u015fbirli\u011fi yaparak Enver \u0130brahim\u2019in ba\u015fbakanl\u0131\u011f\u0131 engellemeye \u00e7al\u0131\u015ft\u0131\u011f\u0131 y\u00f6n\u00fcndeki ifadelerin ger\u00e7ek d\u0131\u015f\u0131 oldu\u011fu s\u00f6ylenemez.<\/p>\n<p style=\"text-align: justify;\">\u00d6yle ki, Enver \u0130brahim\u2019in federal sultan\u2019la g\u00f6r\u00fc\u015fmesinden sadece birka\u00e7 saat sonra Tengku Razaleigh Hamzah\u2019\u0131n sultanla g\u00f6r\u00fc\u015fmesi, bu konuda ku\u015fkular\u0131 ortadan kald\u0131ran en b\u00fcy\u00fck delil olarak ortada duruyor.<\/p>\n<p style=\"text-align: justify;\">Dr. Mahathir\u2019in son d\u00f6rt y\u0131ll\u0131k siyasetini \u015fu \u015fekilde \u00f6zetlemek m\u00fcmk\u00fcn: 2016-2018 s\u00fcrecinde kurdu\u011fu yeni parti Yerli Birlik Partisi\u2019nden (<em>Parti\u00a0Pribumi Bersatu Malaysia<\/em>-Bersatu) ile siyasi ya\u015fama kat\u0131lan ve ard\u0131ndan o d\u00f6nem iktidardaki Birle\u015fik Malay Ulusal organizasyonu\u2019nun (<em>United Malay National Organization-<\/em>UMNO) yolsuzluklar\u0131na ve k\u00f6t\u00fc y\u00f6netimine s\u00f6n vermek amac\u0131yla, Enver \u0130brahim\u2019in ba\u015f\u0131n\u0131 \u00e7ekti\u011fi Umut Koalisyonu ile ittifak kuran Mahathir Muhammed, bug\u00fcn gizli sakl\u0131 eski mensubu oldu\u011fu UMNO i\u00e7erisinde \u00e7e\u015fitli \u00e7evrelerle i\u015fbirli\u011fiyle Enver \u0130brahim\u2019in ba\u015fbakanl\u0131\u011f\u0131na set \u00e7ekmeye \u00e7al\u0131\u015f\u0131yor.<\/p>\n<p style=\"text-align: justify;\">Yani, Dr. Mahathir\u2019in Enver \u0130brahim\u2019le olan ili\u015fkisinde 1998\u2019deki siyasi duru\u015funu devam ettirdi\u011fini s\u00f6ylemek m\u00fcmk\u00fcn.<\/p>\n<p style=\"text-align: justify;\">Enver \u0130brahim, 23 Eyl\u00fcl\u2019de federal mecliste \u00e7o\u011funlu\u011fu elde etti\u011fini a\u00e7\u0131klad\u0131\u011f\u0131 g\u00fcn kaleme ald\u0131\u011f\u0131m\u0131z yaz\u0131n\u0131n ba\u015fl\u0131\u011f\u0131n\u0131, \u201c<strong>Malezya\u2019da Enver \u0130brahim yeni h\u00fck\u00fcmeti kurabilir mi?\u201d <\/strong>\u015feklinde atm\u0131\u015ft\u0131k.<\/p>\n<p style=\"text-align: justify;\">Bu ba\u015fl\u0131kta temel vurgu hi\u00e7 ku\u015fku yok ki, \u201csoru i\u015faretinin\u201d anlam\u0131n\u0131 \u00e7\u0131karmakla ilintiliydi. \u00dclke siyasetinde bomba etkisi yapan bu geli\u015fmenin ard\u0131ndan federal sultan Abdullah Ri\u2019ayatuddin, \u00f6nce sa\u011fl\u0131k gerek\u00e7esi ile randevuya gecikmeli cevap verirken, ard\u0131ndan Enver \u0130brahim\u2019e destek veren partilerin ba\u015fkanlar\u0131yla g\u00f6r\u00fc\u015fmeyi kovid-19 tedbirleri bahanesiyle de ertelemi\u015fti. Ve nihayetinde bu g\u00f6r\u00fc\u015fmeler de yap\u0131lmad\u0131&#8230;<\/p>\n<p style=\"text-align: justify;\"><strong>Piyon mu akt\u00f6r m\u00fc?<\/strong><\/p>\n<p style=\"text-align: justify;\">Bu s\u00fcre\u00e7te en kritik karar al\u0131c\u0131lardan birinin, UMNO\u2019 genel ba\u015fkanl\u0131\u011f\u0131n\u0131 y\u00fcr\u00fcten Ahmed Zahid Hamidi oldu\u011funu s\u00f6ylemek m\u00fcmk\u00fcn&#8230; Bu noktada, Dr. Mahathir\u2019in \u2018mahir\u2019 tutumunun \u00f6tesinde nedenler aramak gerekir.<\/p>\n<p style=\"text-align: justify;\">Ahmed Zahid, Enver \u0130brahim\u2019in 23 Eyl\u00fcl\u2019de a\u00e7\u0131klamas\u0131n\u0131n ard\u0131ndan UMNO i\u00e7inden baz\u0131 milletvekillerinin Enver \u0130brahim\u2019i desteklemesinin \u00f6n\u00fcnde durmayaca\u011f\u0131n\u0131 a\u00e7\u0131klam\u0131\u015ft\u0131.<\/p>\n<p style=\"text-align: justify;\">Enver \u0130brahim\u2019in b\u00fcy\u00fck bir g\u00fcvenle, 222 sandalyeli federal mecliste 120 milletvekilinin deste\u011fini ald\u0131\u011f\u0131n\u0131 il\u00e2n etmesi ve federal sultan\u0131n kendisiyle g\u00f6r\u00fc\u015fmesi, Enver \u0130brahim\u2019i ba\u015fbakanl\u0131\u011fa ta\u015f\u0131yacak \u00f6nemli teknik geli\u015fmelerdi.<\/p>\n<p style=\"text-align: justify;\">Peki Ahmed Zahid nas\u0131l bir rol oynad\u0131 sorusuna nas\u0131l cevap vermeli?<\/p>\n<p style=\"text-align: justify;\">Ahmed Zahid Hamidi, 24 \u015eubat geli\u015fmesinden bu yana destek verdi\u011fi Muhyiddin Yasin h\u00fck\u00fcmetinde UMNO\u2019nun ba\u015fta ba\u015fbakan yard\u0131mc\u0131l\u0131\u011f\u0131 olmak \u00fczere baz\u0131 \u00f6nemli mevkileri alma konusunda Enver \u0130brahim\u2019e deste\u011fini \u201csiyasi \u015fantaj\u201d olarak kulland\u0131\u011f\u0131 g\u00f6r\u00fc\u015f\u00fcnden, 2019 y\u0131l\u0131nda UMNO ile siyasi ittifak karar\u0131 alan Malezya \u0130slam Partisi\u2019nin (PAS) \u201cbizden habersiz Enver\u2019i nas\u0131l desteklersiniz\u201d sorgulamas\u0131na, ard\u0131ndan Malay korumac\u0131l\u0131\u011f\u0131na ve \u00e7\u0131karc\u0131l\u0131\u011f\u0131na dayal\u0131 siyasetin arka pl\u00e2n\u0131ndaki devlet \u00fczerinden \u201csermaye\u201d sahipli\u011fine eri\u015fmi\u015f olanlar\u0131n bask\u0131lar\u0131na kadar \u00e7e\u015fitli siyasi ve ekonomik motivlerle Enver \u0130brahim\u2019e deste\u011fini \u00e7ekmi\u015f olabilir.<\/p>\n<p style=\"text-align: justify;\">Mevcut ba\u015fbakan Muhyiddin Yasin\u2019in istifa etmemesi, ard\u0131ndan d\u00fcn federal sultanla g\u00f6r\u00fc\u015fmesi de Enver \u0130brahim\u2019in ba\u015fbakanl\u0131\u011f\u0131n\u0131 hakl\u0131 k\u0131lacak meclis \u00e7o\u011funlu\u011funa sahip olmad\u0131\u011f\u0131n\u0131 ortaya koyuyor.<\/p>\n<p style=\"text-align: justify;\">Aradan ge\u00e7en \u00e7ok k\u0131sa s\u00fcrede, ba\u015fta Muhyiddin Yasin olmak \u00fczere Enver \u0130brahim kar\u015f\u0131tlar\u0131n\u0131n gizli\/a\u00e7\u0131k ittifaklar\u0131yla harekete ge\u00e7mesinin sonucu bug\u00fcn \u00fclke genelinde \u201cola\u011fan\u00fcst\u00fc h\u00e2l il\u00e2n\u0131na\u201d neden olmas\u0131 a\u00e7\u0131k\u00e7as\u0131 \u015fa\u015f\u0131rt\u0131c\u0131 da de\u011fil.<\/p>\n<p style=\"text-align: justify;\">Bu geli\u015fmeler, uzunca bir s\u00fcredir dile getirdi\u011fimiz \u00fczere Malezya siyasetinde siyasi eti\u011fe ne kadar \u00e7ok ihtiya\u00e7 oldu\u011funu bir kez daha a\u00e7\u0131k\u00e7a ortaya koymaktad\u0131r.<\/p>\n","protected":false},"excerpt":{"rendered":"<p>Mehmet \u00d6zay\u00a0 \u00a0 \u00a0 \u00a0 \u00a0 \u00a0 \u00a0 \u00a0 \u00a0 \u00a0 \u00a0 \u00a0 \u00a0 \u00a0 \u00a0 \u00a0 \u00a0 \u00a0 \u00a0 \u00a0 \u00a0 \u00a0 \u00a0 \u00a0 \u00a0 \u00a0 \u00a0 \u00a0 \u00a0 \u00a0 \u00a0 \u00a0 \u00a0 \u00a0 \u00a0 \u00a0 \u00a0 \u00a0 \u00a0 \u00a0 \u00a0 \u00a0 \u00a0 \u00a0 \u00a0 \u00a0 \u00a0 24.10.2020 Malezya\u2019da siyasi kriz \u201cola\u011fan\u00fcst\u00fc h\u00e2l il\u00e2n\u0131na\u201d [&hellip;]<\/p>\n","protected":false},"author":1,"featured_media":3530,"comment_status":"open","ping_status":"open","sticky":false,"template":"","format":"standard","meta":{"footnotes":""},"categories":[6,27],"tags":[],"class_list":["post-3529","post","type-post","status-publish","format-standard","has-post-thumbnail","hentry","category-gunluk-yazilar","category-malezya"],"_links":{"self":[{"href":"https:\/\/guneydoguasyacalismalari.com\/tr_tr\/wp-json\/wp\/v2\/posts\/3529","targetHints":{"allow":["GET"]}}],"collection":[{"href":"https:\/\/guneydoguasyacalismalari.com\/tr_tr\/wp-json\/wp\/v2\/posts"}],"about":[{"href":"https:\/\/guneydoguasyacalismalari.com\/tr_tr\/wp-json\/wp\/v2\/types\/post"}],"author":[{"embeddable":true,"href":"https:\/\/guneydoguasyacalismalari.com\/tr_tr\/wp-json\/wp\/v2\/users\/1"}],"replies":[{"embeddable":true,"href":"https:\/\/guneydoguasyacalismalari.com\/tr_tr\/wp-json\/wp\/v2\/comments?post=3529"}],"version-history":[{"count":3,"href":"https:\/\/guneydoguasyacalismalari.com\/tr_tr\/wp-json\/wp\/v2\/posts\/3529\/revisions"}],"predecessor-version":[{"id":3533,"href":"https:\/\/guneydoguasyacalismalari.com\/tr_tr\/wp-json\/wp\/v2\/posts\/3529\/revisions\/3533"}],"wp:featuredmedia":[{"embeddable":true,"href":"https:\/\/guneydoguasyacalismalari.com\/tr_tr\/wp-json\/wp\/v2\/media\/3530"}],"wp:attachment":[{"href":"https:\/\/guneydoguasyacalismalari.com\/tr_tr\/wp-json\/wp\/v2\/media?parent=3529"}],"wp:term":[{"taxonomy":"category","embeddable":true,"href":"https:\/\/guneydoguasyacalismalari.com\/tr_tr\/wp-json\/wp\/v2\/categories?post=3529"},{"taxonomy":"post_tag","embeddable":true,"href":"https:\/\/guneydoguasyacalismalari.com\/tr_tr\/wp-json\/wp\/v2\/tags?post=3529"}],"curies":[{"name":"wp","href":"https:\/\/api.w.org\/{rel}","templated":true}]}}