{"id":3509,"date":"2020-10-15T19:00:09","date_gmt":"2020-10-15T19:00:09","guid":{"rendered":"http:\/\/guneydoguasyacalismalari.com\/?p=3509"},"modified":"2020-10-15T19:00:09","modified_gmt":"2020-10-15T19:00:09","slug":"malezyada-enver-ibrahim-henuz-basbakan-olamadi-anwar-ibrahim-is-not-yet-to-be-pm-malaysia","status":"publish","type":"post","link":"https:\/\/guneydoguasyacalismalari.com\/tr_tr\/malezyada-enver-ibrahim-henuz-basbakan-olamadi-anwar-ibrahim-is-not-yet-to-be-pm-malaysia\/","title":{"rendered":"Malezya\u2019da Enver \u0130brahim hen\u00fcz ba\u015fbakan ol\/a\/mad\u0131 \/ Anwar Ibrahim is not yet to be PM Malaysia"},"content":{"rendered":"<p><strong>Mehmet \u00d6zay\u00a0 \u00a0 \u00a0 \u00a0 \u00a0 \u00a0 \u00a0 \u00a0 \u00a0 \u00a0 \u00a0 \u00a0 \u00a0 \u00a0 \u00a0 \u00a0 \u00a0 \u00a0 \u00a0 \u00a0 \u00a0 \u00a0 \u00a0 \u00a0 \u00a0 \u00a0 \u00a0 \u00a0 \u00a0 \u00a0 \u00a0 \u00a0 \u00a0 \u00a0 \u00a0 \u00a0 \u00a0 \u00a0 \u00a0 \u00a0 \u00a0 \u00a0 \u00a0 \u00a0 \u00a0 \u00a0 \u00a0 15.10.2020<\/strong><\/p>\n<p style=\"text-align: justify;\">Enver \u0130brahim\u2019in ba\u015fbakan olabilmesinin yolunu a\u00e7acak \u015fekilde, federal mecliste yeter say\u0131da milletvekilinin deste\u011fini ald\u0131\u011f\u0131n\u0131 a\u00e7\u0131klamas\u0131n\u0131n ard\u0131ndan ya\u015fanan geli\u015fmeler, Kuala Lumpur\u2019da kapal\u0131 kap\u0131lar ard\u0131nda \u00f6nemli g\u00f6r\u00fc\u015fmelerin halen devam etti\u011fine i\u015faret ediyor.<\/p>\n<p style=\"text-align: justify;\"><strong>Enver \u0130brahim beklemede <\/strong><\/p>\n<p style=\"text-align: justify;\">Enver \u0130brahim\u2019in federal sultandan randevu talebi ve g\u00f6r\u00fc\u015fmenin ancak gecikmeli olarak yap\u0131lmas\u0131n\u0131n ard\u0131ndan, bug\u00fcn sosyal medyada Enver \u0130brahim\u2019e destek veren 121 milletvekilinin isimlerinin ge\u00e7mesi yeni bir geli\u015fmeye i\u015faret ediyor.<\/p>\n<p style=\"text-align: justify;\">Enver \u0130brahim\u2019in federal sultanla g\u00f6r\u00fc\u015fmede isim yerine destek veren milletvekillerinin say\u0131s\u0131n\u0131 payla\u015fmas\u0131n\u0131n ard\u0131ndan, sosyal medyada listenin payla\u015f\u0131lmas\u0131 bir ba\u015fka \u015fok geli\u015fme olarak de\u011ferlendirilmeyi hak ediyor.<\/p>\n<p style=\"text-align: justify;\">Bu geli\u015fmenin ard\u0131ndan, polise yap\u0131lan 113 su\u00e7 duyurusunda hedef haline getirilen ise Enver \u0130brahim oldu.<\/p>\n<p style=\"text-align: justify;\"><strong>Saray g\u00f6r\u00fc\u015fmelerinde s\u00fcr\u00fcnceme<\/strong><\/p>\n<p style=\"text-align: justify;\">Enver \u0130brahim, 23 Eyl\u00fcl\u2019de kamuoyuna yapt\u0131\u011f\u0131 \u015fok a\u00e7\u0131klamada federal mecliste \u00e7o\u011funlu\u011fun kendisini destekledi\u011fini a\u00e7\u0131klam\u0131\u015ft\u0131. Bu iddias\u0131n\u0131n ard\u0131ndan, Enver \u0130brahim bir yandan iktidardaki \u00a0Ulusal \u0130ttifak (<em>Perikatan Nasional<\/em>-PN) h\u00fck\u00fcmeti ba\u015fbakan\u0131 Muhyiddin Yasin\u2019i istifaya davet ederken, bir yandan da saraydan gelecek cevab\u0131 bekliyor.<\/p>\n<p style=\"text-align: justify;\">Bununla birlikte, Enver \u0130brahim\u2019in ba\u015fbakan olmas\u0131n\u0131n yolunu a\u00e7acak s\u00fcre\u00e7te yeni engeller kendini g\u00f6stermeye devam ediyor.<\/p>\n<p style=\"text-align: justify;\">13 Ekim Sal\u0131 g\u00fcn\u00fc federal sultan\u2019la g\u00f6r\u00fc\u015fen Enver \u0130brahim, g\u00f6r\u00fc\u015fme sonras\u0131nda temkinli ifadelerle Saray\u0131n mevcut durumu inceleyece\u011fi y\u00f6n\u00fcndeki a\u00e7\u0131klamas\u0131n\u0131n ard\u0131ndan bekleme s\u00fcreci devam ediyor.<\/p>\n<p style=\"text-align: justify;\">Normal \u015fartlarda sultan\u0131n, Enver \u0130brahim\u2019e destek veren siyasi partilerin liderleriyle g\u00f6r\u00fc\u015fmeler yapmas\u0131 gerekirken, ge\u00e7en iki g\u00fcn zarf\u0131nda g\u00f6r\u00fc\u015fmelerin yap\u0131lmamas\u0131 ak\u0131llara yeni soru i\u015faretleri getiriyor.<\/p>\n<p style=\"text-align: justify;\">Bununla birlikte, s\u00f6z konusu ertelemeye neden olarak, son g\u00fcnlerde kovid-19 vakas\u0131nda g\u00f6r\u00fclen art\u0131\u015fla i\u00e7inde ba\u015fkentin de bulundu\u011fu Selangor eyaletinin belirli b\u00f6lgeleri i\u00e7ine alan tedbirler g\u00f6steriliyor.<\/p>\n<p style=\"text-align: justify;\"><strong>\u0130stikrars\u0131zl\u0131k bir norm olmamal\u0131<\/strong><\/p>\n<p style=\"text-align: justify;\">Son \u00fc\u00e7 haftada ya\u015fananlar, a\u00e7\u0131k\u00e7as\u0131 Malezya siyasetinde 24 \u015eubat 2020 tarihinde ba\u015flayan sivil darbeden bu yana gizli\/a\u00e7\u0131k kriz ortam\u0131n\u0131n bir norm haline geldi\u011fini g\u00f6steriyor.<\/p>\n<p style=\"text-align: justify;\">Gerek federal sultan\u0131n Enver \u0130brahim\u2019i kabul\u00fcndeki gecikme, gerekse g\u00f6r\u00fc\u015fmenin ard\u0131ndan saray\u0131n Enver \u0130brahim\u2019e destek veren siyasi parti liderlerini \u015fu ana kadar kabul etmemesi, bu s\u00fcrecin \u00f6nemli safhalar\u0131ndan kabul etmek gerekiyor.<\/p>\n<p style=\"text-align: justify;\">\u00d6te yandan, Enver \u0130brahim\u2019in sarayda 13 Ekim Sal\u0131 g\u00fcn\u00fc sarayda Sultan\u2019la yapt\u0131\u011f\u0131 g\u00f6r\u00fc\u015fmede, sadece kendisini destekleyen milletvekillerinin say\u0131s\u0131n\u0131 verdi\u011fi ve isim listesi sunmamas\u0131 da ele\u015ftirilen konular aras\u0131nda.<\/p>\n<p style=\"text-align: justify;\"><strong>Kritik e\u015fik 112<\/strong><\/p>\n<p style=\"text-align: justify;\">S\u00f6z konusu bu say\u0131n\u0131n 121 oldu\u011fu ifadesi dikkate al\u0131nd\u0131\u011f\u0131nda, federal meclisi olu\u015fturan toplam 222 milletvekilinden 112\u2019sinin deste\u011finin ba\u015fbakan olarak atanma i\u00e7in yeterli oldu\u011fu d\u00fc\u015f\u00fcn\u00fcld\u00fc\u011f\u00fcnde, Enver \u0130brahim\u2019in kayda de\u011fer bir deste\u011fe sahip oldu\u011fu ortada.<\/p>\n<p style=\"text-align: justify;\">Bununla birlikte, Malezya siyasetinin \u00f6nemli \u00e7evrelerinde Enver \u0130brahim\u2019in b\u00f6ylesi bir deste\u011fe sahip olmad\u0131\u011f\u0131 konusundaki g\u00f6r\u00fc\u015flerin de g\u00fcndemde yer almas\u0131, \u00fclke siyasetinin ne denli i\u00e7inden \u00e7\u0131k\u0131lmaz bir h\u00e2l ald\u0131\u011f\u0131n\u0131 ortaya koyuyor<\/p>\n<p style=\"text-align: justify;\">Enver \u0130brahim\u2019in b\u00f6ylesi bir deste\u011fe sahip olmad\u0131\u011f\u0131n\u0131 ileri s\u00fcrenlerden biri hi\u00e7 ku\u015fku yok ki, \u201cg\u00f6revimin ba\u015f\u0131nday\u0131m\u201d diyen ba\u015fbakan Muhyiddin Yasin.<\/p>\n<p style=\"text-align: justify;\">Ba\u015fbakan Muhyiddin Yasin, ayn\u0131 zamanda bu geli\u015fmeler kar\u015f\u0131s\u0131nda saray\u0131n Anayasa\u2019ya uygun hareket edece\u011fine g\u00fcveninin oldu\u011funu a\u00e7\u0131klamas\u0131 ise olduk\u00e7a manidar.<\/p>\n<p style=\"text-align: justify;\">\u00c7\u00fcnk\u00fc, 24 \u015eubat sivil darbesi sonras\u0131nda benzer geli\u015fmeye kar\u015f\u0131n federal mecliste g\u00fcven oylamas\u0131n\u0131n bug\u00fcne kadar yap\u0131lamam\u0131\u015f olmas\u0131n\u0131n en \u00f6nemli engellerinden biri Muhyiddin Yasin\u2019in kendisi.<\/p>\n<p style=\"text-align: justify;\">Ba\u015fbakanl\u0131k iddias\u0131nda bulunan bir siyasinin sultana destek veren milletvekillerinin isim listesini sunmas\u0131 bir temay\u00fcl olsa da, Enver \u0130brahim\u2019in b\u00f6yle bir listeyi payla\u015fmam\u0131\u015f olmas\u0131 akla ba\u015fka sorular\u0131 getiriyor.<\/p>\n<p style=\"text-align: justify;\">Bunlardan ilki Enver \u0130brahim\u2019in iddia etti\u011finin aksine b\u00f6ylesi \u00f6nemli bir deste\u011fin olmad\u0131\u011f\u0131 y\u00f6n\u00fcnde. Bir di\u011feri ise, baz\u0131 \u00e7ekincelerle listenin bilin\u00e7li olarak g\u00fcndeme getirilmedi\u011fi olabilir.<\/p>\n<p style=\"text-align: justify;\">Bununla birlikte, s\u00f6z konusu milletvekili listesinin bug\u00fcn sosyal medyada kamuoyuyla payla\u015f\u0131lm\u0131\u015f olmas\u0131 kar\u015f\u0131s\u0131nda Enver \u0130brahim\u2019in a\u00e7\u0131klama yapmas\u0131 beklendi\u011finden \u015fimdilik bir \u015fey s\u00f6ylemek m\u00fcmk\u00fcn de\u011fil.<\/p>\n<p style=\"text-align: justify;\">Malezya emniyet m\u00fcd\u00fcrl\u00fc\u011f\u00fc, s\u00f6z konusu geli\u015fme \u00fczerine Enver \u0130brahim\u2019in Cuma g\u00fcn\u00fc, yani yar\u0131n polise ifade verece\u011fini a\u00e7\u0131klad\u0131.<\/p>\n<p style=\"text-align: justify;\"><strong>Destek UMNO\u2019dan m\u0131 gelecek?<\/strong><\/p>\n<p style=\"text-align: justify;\">Mevcut geli\u015fmeler dikkate al\u0131nd\u0131\u011f\u0131nda, muhalefeti olu\u015fturan Halk\u0131n Adaleti Partisi (<em>Partai Keadilan Rakyat<\/em>-PKR), Demokratik Eylem Partisi (<em>Democratic Action Party<\/em>-DAP) ve Emanet Partisi (<em>Partai Amanah<\/em>) koalisyonunun do\u011fal lideri olan Enver \u0130brahim ile mevcut ba\u015fbakan Muhyiddin Yasin isimleri g\u00fcndemde yer alsa da, asl\u0131nda yeni h\u00fck\u00fcmet ve ba\u015fbakanl\u0131k i\u00e7in temelde mevcut t\u00fcm partilerde hareketlilik ya\u015fand\u0131\u011f\u0131n\u0131 s\u00f6ylemek m\u00fcmk\u00fcn.<\/p>\n<p style=\"text-align: justify;\">Bu hareketlili\u011fin, yeni h\u00fck\u00fcmetin te\u015fekk\u00fcl\u00fc konusunda olumlu anla\u015f\u0131labilece\u011fi gibi, \u00e7e\u015fitli partilerde b\u00f6l\u00fcnm\u00fc\u015fl\u00fck halinin belki de daha \u00e7ok ger\u00e7e\u011fe uydu\u011funu s\u00f6ylemek m\u00fcmk\u00fcn.<\/p>\n<p style=\"text-align: justify;\">Bunlar i\u00e7inde hi\u00e7 ku\u015fku yok ki, ba\u015fta gelen kurum Birle\u015fik Malay Ulusal Organizasyonu (<em>United Malay National Organization-<\/em>UMNO).<\/p>\n<p style=\"text-align: justify;\">24 \u015eubat s\u00fcrecinde yeni h\u00fck\u00fcmet \u00e7al\u0131\u015fmalar\u0131 yap\u0131l\u0131rken, federal mecliste sahip oldu\u011fu milletvekili ile en \u00f6nemli destek veren siyasi parti olan UMNO i\u00e7erisinde ya\u015fanan \u00e7eki\u015fmelerin bir b\u00f6l\u00fcm\u00fcn\u00fcn PN h\u00fck\u00fcmetine verilen destekle orant\u0131s\u0131z olarak h\u00fck\u00fcmette temsil edilmemesinin oldu\u011funu s\u00f6ylemek m\u00fcmk\u00fcn.<\/p>\n<p style=\"text-align: justify;\">Bir ba\u015fka \u00f6nemli konu ise, partide \u00f6nemli siyasilerin kar\u0131\u015ft\u0131klar\u0131 yolsuzluklar. Bu noktada, bir anlamda parti i\u00e7i hesapla\u015fmas\u0131 kabul edilebilecek geli\u015fmelerde, kurulan\/kurulacak h\u00fck\u00fcmetler s\u00fcrecinde \u2018aklanma\u2019n\u0131n da siyasi pazarl\u0131klarda g\u00fcndeme gelebilece\u011fini g\u00f6z ard\u0131 etmemek gerekiyor.<\/p>\n","protected":false},"excerpt":{"rendered":"<p>Mehmet \u00d6zay\u00a0 \u00a0 \u00a0 \u00a0 \u00a0 \u00a0 \u00a0 \u00a0 \u00a0 \u00a0 \u00a0 \u00a0 \u00a0 \u00a0 \u00a0 \u00a0 \u00a0 \u00a0 \u00a0 \u00a0 \u00a0 \u00a0 \u00a0 \u00a0 \u00a0 \u00a0 \u00a0 \u00a0 \u00a0 \u00a0 \u00a0 \u00a0 \u00a0 \u00a0 \u00a0 \u00a0 \u00a0 \u00a0 \u00a0 \u00a0 \u00a0 \u00a0 \u00a0 \u00a0 \u00a0 \u00a0 \u00a0 15.10.2020 Enver \u0130brahim\u2019in ba\u015fbakan olabilmesinin yolunu a\u00e7acak [&hellip;]<\/p>\n","protected":false},"author":1,"featured_media":3510,"comment_status":"open","ping_status":"open","sticky":false,"template":"","format":"standard","meta":{"footnotes":""},"categories":[6,27],"tags":[],"class_list":["post-3509","post","type-post","status-publish","format-standard","has-post-thumbnail","hentry","category-gunluk-yazilar","category-malezya"],"_links":{"self":[{"href":"https:\/\/guneydoguasyacalismalari.com\/tr_tr\/wp-json\/wp\/v2\/posts\/3509","targetHints":{"allow":["GET"]}}],"collection":[{"href":"https:\/\/guneydoguasyacalismalari.com\/tr_tr\/wp-json\/wp\/v2\/posts"}],"about":[{"href":"https:\/\/guneydoguasyacalismalari.com\/tr_tr\/wp-json\/wp\/v2\/types\/post"}],"author":[{"embeddable":true,"href":"https:\/\/guneydoguasyacalismalari.com\/tr_tr\/wp-json\/wp\/v2\/users\/1"}],"replies":[{"embeddable":true,"href":"https:\/\/guneydoguasyacalismalari.com\/tr_tr\/wp-json\/wp\/v2\/comments?post=3509"}],"version-history":[{"count":1,"href":"https:\/\/guneydoguasyacalismalari.com\/tr_tr\/wp-json\/wp\/v2\/posts\/3509\/revisions"}],"predecessor-version":[{"id":3511,"href":"https:\/\/guneydoguasyacalismalari.com\/tr_tr\/wp-json\/wp\/v2\/posts\/3509\/revisions\/3511"}],"wp:featuredmedia":[{"embeddable":true,"href":"https:\/\/guneydoguasyacalismalari.com\/tr_tr\/wp-json\/wp\/v2\/media\/3510"}],"wp:attachment":[{"href":"https:\/\/guneydoguasyacalismalari.com\/tr_tr\/wp-json\/wp\/v2\/media?parent=3509"}],"wp:term":[{"taxonomy":"category","embeddable":true,"href":"https:\/\/guneydoguasyacalismalari.com\/tr_tr\/wp-json\/wp\/v2\/categories?post=3509"},{"taxonomy":"post_tag","embeddable":true,"href":"https:\/\/guneydoguasyacalismalari.com\/tr_tr\/wp-json\/wp\/v2\/tags?post=3509"}],"curies":[{"name":"wp","href":"https:\/\/api.w.org\/{rel}","templated":true}]}}