{"id":3465,"date":"2020-09-23T21:18:41","date_gmt":"2020-09-23T21:18:41","guid":{"rendered":"http:\/\/guneydoguasyacalismalari.com\/?p=3465"},"modified":"2020-09-23T21:20:15","modified_gmt":"2020-09-23T21:20:15","slug":"malezyada-enver-ibrahim-yeni-hukumeti-kurabilir-mi-can-anwar-ibrahim-form-the-new-government-in-malaysia","status":"publish","type":"post","link":"https:\/\/guneydoguasyacalismalari.com\/tr_tr\/malezyada-enver-ibrahim-yeni-hukumeti-kurabilir-mi-can-anwar-ibrahim-form-the-new-government-in-malaysia\/","title":{"rendered":"Malezya\u2019da Enver \u0130brahim yeni h\u00fck\u00fcmeti kurabilir mi? \/ Can Anwar Ibrahim form the new government in Malaysia?"},"content":{"rendered":"<p><strong>Mehmet \u00d6zay\u00a0 \u00a0 \u00a0 \u00a0 \u00a0 \u00a0 \u00a0 \u00a0 \u00a0 \u00a0 \u00a0 \u00a0 \u00a0 \u00a0 \u00a0 \u00a0 \u00a0 \u00a0 \u00a0 \u00a0 \u00a0 \u00a0 \u00a0 \u00a0 \u00a0 \u00a0 \u00a0 \u00a0 \u00a0 \u00a0 \u00a0 \u00a0 \u00a0 \u00a0 \u00a0 \u00a0 \u00a0 \u00a0 \u00a0 \u00a0 \u00a0 \u00a0 \u00a0 \u00a0 \u00a0 \u00a0 \u00a0 23.09.2020<\/strong><\/p>\n<p style=\"text-align: justify;\">Malezya\u2019da Halk\u0131n Adaleti Partisi (<em>Partai Keadilan Rakyat<\/em>-PKR) genel ba\u015fkan\u0131 Enver \u0130brahim bug\u00fcn, yani 23 Eyl\u00fcl\u2019de Kuala Lumpur\u2019da yapt\u0131\u011f\u0131 a\u00e7\u0131klama ile Federal meclis\u2019te \u00e7o\u011funlu\u011fu sa\u011flad\u0131\u011f\u0131n\u0131 ve federal sultan\u2019dan yeni h\u00fck\u00fcmeti kurmak i\u00e7in randevu talep etti\u011fini a\u00e7\u0131klad\u0131.<\/p>\n<p style=\"text-align: justify;\"><strong>Sultan Sal\u0131 g\u00fcn\u00fcne i\u015faret<\/strong><\/p>\n<p style=\"text-align: justify;\">Ba\u015fkent Kuala Lumpur\u2019da \u015fu an tart\u0131\u015fmalar\u0131n oda\u011f\u0131nda federal sultan bulunuyor. Ancak federal sultan\u0131n sa\u011fl\u0131k sorunu nedeniyle hastanede oldu\u011fu y\u00f6n\u00fcndeki a\u00e7\u0131klama ve siyaset\u00e7ileri halk\u0131n kovid-19\u2019la m\u00fccadelesine odaklanmalar\u0131 gerekti\u011fi y\u00f6n\u00fcndeki \u00e7a\u011fr\u0131s\u0131n\u0131n ard\u0131na baz\u0131 siyasi gerek\u00e7eler aramak m\u00fcmk\u00fcn.<\/p>\n<p style=\"text-align: justify;\">Federal sultan\u0131n birden sa\u011fl\u0131k gerek\u00e7esinin \u00f6ne \u00e7\u0131kart\u0131lmas\u0131 Cumartesi g\u00fcn\u00fc yap\u0131lacak Sabah\u2019daki se\u00e7im sonu\u00e7lar\u0131na ba\u011fl\u0131 bir beklentiyle ili\u015fkilendirilebilir.<\/p>\n<p style=\"text-align: justify;\">Enver \u0130brahim\u2019in federal mecliste \u00e7o\u011funlu\u011fu sa\u011flad\u0131\u011f\u0131 ve yeni bir h\u00fck\u00fcmet kurulmas\u0131 amac\u0131yla, federal sultan\u2019dan onay talebinde bulunmas\u0131 sonras\u0131nda talep hemen kar\u015f\u0131l\u0131k bulmad\u0131.<\/p>\n<p style=\"text-align: justify;\">Saray\u2019dan yap\u0131lan a\u00e7\u0131klamada, federal sultan Abdullah Ri\u2019ayatuddin\u00a0 ve Enver \u0130brahim aras\u0131ndaki g\u00f6r\u00fc\u015fmenin \u00f6n\u00fcm\u00fczdeki 29 Eyl\u00fcl Sal\u0131 g\u00fcn\u00fc yap\u0131laca\u011f\u0131 belirtildi.<\/p>\n<p style=\"text-align: justify;\"><strong>Enver \u0130brahim\u2019e destek verenler ve vermeyenler<\/strong><\/p>\n<p style=\"text-align: justify;\">Enver \u0130brahim\u2019in, kendinden son derece emin bir \u015fekilde g\u00fc\u00e7l\u00fc bir h\u00fck\u00fcmet i\u00e7in yeterli milletvekili deste\u011fine sahip oldu\u011fu y\u00f6n\u00fcndeki ifadesine, \u015fu an g\u00f6rev ba\u015f\u0131ndaki Muhyiddin Yasin h\u00fck\u00fcmetinin \u2018\u00e7\u00f6kt\u00fc\u011f\u00fcn\u00fc\u2019 eklemesi olduk\u00e7a \u00f6nemli.<\/p>\n<p style=\"text-align: justify;\">Bununla birlikte, Enver \u0130brahim, ka\u00e7 milletvekilinin kendisini destekledi\u011fini federal sultan\u2019la g\u00f6r\u00fc\u015fmesinin ard\u0131ndan a\u00e7\u0131klayaca\u011f\u0131n\u0131 s\u00f6yledi.<\/p>\n<p style=\"text-align: justify;\">222 milletvekilli\u011finden olu\u015fan federal mecliste bir partinin tek ba\u015f\u0131na veya bir koalisyon yap\u0131s\u0131n\u0131n h\u00fck\u00fcmet kurabilmesi i\u00e7in asgari 112 milletvekilinin deste\u011fine sahip olmas\u0131 gerekiyor. Enver \u0130brahim\u2019in a\u00e7\u0131klamas\u0131na bak\u0131l\u0131rsa, bu say\u0131n\u0131n \u00fczerinde bir deste\u011fi buldu\u011funu s\u00f6ylemek m\u00fcmk\u00fcn.<\/p>\n<p style=\"text-align: justify;\">Enver \u0130brahim\u2019in \u00e7o\u011funluk deste\u011fini ald\u0131\u011f\u0131 yolundaki ifadenin kar\u015f\u0131l\u0131\u011f\u0131n\u0131, PKR ile ittifak olu\u015fturan, Demokratik Eylem Partisi (<em>Democratic Action Party<\/em>-DAP) ve Emanet Partisi (Partai Amanah) ile Sarawak Birlik Partisi (<em>Gabungan Parti Sarawak<\/em>-GPS) ve Birle\u015fik Malay Ulusal Organizasyonu\u2019ndan (<em>United Malay National Organization-<\/em>UMNO) on milletvekilinin deste\u011fini ald\u0131\u011f\u0131 yolundaki iddia olu\u015fturuyor.<\/p>\n<p style=\"text-align: justify;\">Bu deste\u011fin i\u00e7inde Dr. Mahathir Muhammed ve yeni kurdu\u011fu Vatan M\u00fccadelesi Partisi\u2019nin (<em>Parti Pejuang Tanah Air<\/em>-PPTA), ki toplam be\u015f milletvekilinden olu\u015fuyor, deste\u011fi bulunmuyor.<\/p>\n<p style=\"text-align: justify;\">Ancak Sarawak Birlik Partisi ba\u015fkan\u0131 Abang Johari Openg ise yapt\u0131\u011f\u0131 a\u00e7\u0131klamada, partisinin \u015fu anki mevcut Ulusal \u0130ttifak (<em>Perikatan Nasional<\/em>-PN) iktidar\u0131n\u0131 destekledi\u011fini s\u00f6yledi.<\/p>\n<p style=\"text-align: justify;\"><strong>Sabah se\u00e7imleri ikinci pl\u00e2na itildi<\/strong><\/p>\n<p style=\"text-align: justify;\">Se\u00e7im \u00e7al\u0131\u015fmalar\u0131 dolay\u0131s\u0131yla t\u0131pk\u0131 di\u011fer parti liderleri gibi son g\u00fcnlerde Sabah Eyaleti\u2019nde se\u00e7menlerle ve koalisyon ortaklar\u0131yla biraraya gelen Enver \u0130brahim bug\u00fcn, ba\u015fkentteki a\u00e7\u0131klamas\u0131yla, Sabah\u2019daki se\u00e7imleri ve bu se\u00e7imlerle do\u011facak siyasi geli\u015fmeleri bir anda ikinci s\u0131raya itti\u011fini s\u00f6ylemek m\u00fcmk\u00fcn.<\/p>\n<p style=\"text-align: justify;\">Bunun ilk etapta Sabap eyaletinde sand\u0131k ba\u015f\u0131na gidecek se\u00e7men \u00fczerinde nas\u0131l bir etkiye yol a\u00e7aca\u011f\u0131 ise ancak Pazar g\u00fcn\u00fc ilk sonu\u00e7lar\u0131n al\u0131nmas\u0131yla ortaya \u00e7\u0131kacakt\u0131r.<\/p>\n<p style=\"text-align: justify;\">\u00dclke, 26 Eyl\u00fcl Cumartesi g\u00fcn\u00fc Sabah Eyaleti\u2019nde yap\u0131lacak eyalet parlamento se\u00e7imlerine haz\u0131rlan\u0131rken, ba\u015fkent Kuala Lumpur\u2019da Enver \u0130brahim\u2019in b\u00fcy\u00fck \u015fok yaratan bas\u0131n a\u00e7\u0131klamas\u0131 hi\u00e7 ku\u015fku yok ki, tart\u0131\u015fmaya a\u00e7\u0131k.<\/p>\n<p style=\"text-align: justify;\">Bu s\u00fcre\u00e7te, ba\u015fbakanl\u0131k koltu\u011funda oturan Muhyiddin Yasin, Ulusal \u0130ttifak (<em>Perikatan Nasional<\/em>-PN) h\u00fck\u00fcmetinin g\u00f6revini s\u00fcrd\u00fcrd\u00fc\u011f\u00fcn\u00fc a\u00e7\u0131klad\u0131. Muhyiddin Yasin, ayr\u0131ca, Enver \u0130brahim\u2019in \u00e7o\u011funlu\u011fu sa\u011flad\u0131\u011f\u0131 y\u00f6n\u00fcndeki iddias\u0131n\u0131 kan\u0131tlamas\u0131 gerekti\u011fini s\u00f6yledi.<\/p>\n<p style=\"text-align: justify;\">A\u00e7\u0131k\u00e7as\u0131, bu talep, 24 \u015eubat darbesi sonras\u0131nda kurulan gayri-me\u015fru h\u00fck\u00fcmetin ba\u015f\u0131nda bulunan Muhyiddin Yasin\u2019in bug\u00fcne kadar federal meclisi toplamamas\u0131 ve kendi iktidar\u0131n\u0131n me\u015fruiyetini sa\u011flamamas\u0131 nedeniyle b\u00fcy\u00fck bir siyasi gaf anlam\u0131 ta\u015f\u0131yor.<\/p>\n<p style=\"text-align: justify;\">Tart\u0131\u015fman\u0131n bir yan\u0131nda Enver \u0130brahim\u2019in bug\u00fcne kadar gizlice y\u00fcr\u00fctt\u00fc\u011f\u00fc siyasetin sonucu oldu\u011fu anla\u015f\u0131lan bu geli\u015fmenin kan\u0131tlanmas\u0131 bulunuyor.<\/p>\n<p style=\"text-align: justify;\">\u00d6te yandan, mevcut darbe h\u00fck\u00fcmetinin bu geli\u015fme kar\u015f\u0131s\u0131nda nas\u0131l bir tav\u0131r tak\u0131naca\u011f\u0131 ve daha da \u00f6nemlisi yeni bir h\u00fck\u00fcmet kurman\u0131n en \u00f6nemli kurumsal aya\u011f\u0131n\u0131 olu\u015fturan federal sultan\u0131n bu konuda nas\u0131l bir \u2018siyasal\u2019 e\u011filim izleyece\u011fi son derece \u00f6nemli.<\/p>\n<p style=\"text-align: justify;\"><strong>S\u00fcrprizlere a\u00e7\u0131k geli\u015fme<\/strong><\/p>\n<p style=\"text-align: justify;\">Enver \u0130brahim\u2019in kendisine ba\u015fbakanl\u0131k yolunu a\u00e7acak federal meclis \u00e7o\u011funlu\u011fu sa\u011flad\u0131\u011f\u0131 y\u00f6n\u00fcndeki karar sonras\u0131nda g\u00f6zler hi\u00e7 ku\u015fku yok ki, Dr. Mahathir Muhammet\u2019e \u00e7evrildi. Dr. Mahathir\u2019in a\u00e7\u0131klamas\u0131ndan Enver \u0130brahim\u2019in mecliste \u00e7o\u011funlu\u011fu sa\u011flad\u0131\u011f\u0131na inanmad\u0131\u011f\u0131 anla\u015f\u0131l\u0131yor.<\/p>\n<p style=\"text-align: justify;\">Bununla birlikte, Enver \u0130brahim\u2019in a\u00e7\u0131klamas\u0131nda en dikkat \u00e7eken husus, mevcut darbe h\u00fck\u00fcmetini olu\u015fturan koalisyonda yer alan\u00a0Yerli Birlik Partisi\u2019nden (<em>Parti\u00a0Pribumi Bersatu Malaysia<\/em>-Bersatu) baz\u0131 milletvekillerinin de kendisine destek verdi\u011fi g\u00f6r\u00fc\u015f\u00fc olu\u015fturuyor.<\/p>\n<p style=\"text-align: justify;\">Malezya siyaseti, her t\u00fcrl\u00fc geli\u015fmeye a\u00e7\u0131k oldu\u011funu, daha \u00f6nceki s\u00fcre\u00e7ler bir yana, en az\u0131ndan son sekiz ayl\u0131k s\u00fcre zarf\u0131nda ya\u015fananlar kafi derecede kan\u0131tlam\u0131\u015f olmas\u0131 dolay\u0131s\u0131yla geli\u015fmenin \u00a0beklenebilece\u011fi s\u00f6ylense de, Enver \u0130brahim\u2019in Bersatu&#8217;dan destek almas\u0131, ger\u00e7ekten b\u00fcy\u00fck bir s\u00fcrpriz anlam\u0131na geliyor.<\/p>\n<p style=\"text-align: justify;\"><strong>Beklenen ba\u015fbakanl\u0131k (m\u0131?)<\/strong><\/p>\n<p style=\"text-align: justify;\">9 May\u0131s 2018\u2019da yap\u0131lan 13. genel se\u00e7imlere koalisyon ortaklar\u0131 olarak giren Enven \u0130brahim ve Dr. Mahathir, 61 y\u0131ll\u0131k UMNO merkezli Ulusal Cephe iktidar\u0131n\u0131 yerinden ederken, ba\u015fbakanl\u0131k aradan ge\u00e7en iki y\u0131ll\u0131k s\u00fcre zarf\u0131nda belki de en \u00e7ok g\u00fcndeme getirilen konu olmu\u015ftu.<\/p>\n<p style=\"text-align: justify;\">Se\u00e7im \u00f6ncesinde koalisyon ortaklar\u0131 aras\u0131nda yap\u0131lan s\u00f6zl\u00fc anla\u015fmaya g\u00f6re ba\u015fbakanl\u0131k ilk iki y\u0131l boyunca Dr. Mahathir\u2019de verilecek ve ard\u0131ndan Enver \u0130brahim yirmi y\u0131la yak\u0131n s\u00fcredir bekledi\u011fi ba\u015fbakanl\u0131k koltu\u011funa oturacakt\u0131.<\/p>\n<p style=\"text-align: justify;\">Ancak Dr. Mahathir\u2019in \u00f6zellikle g\u00f6r\u00fcn\u00fcrde \u00fclke ekonomisinin zor g\u00fcnler ge\u00e7irdi\u011fi iddias\u0131yla ba\u015fbakanl\u0131\u011f\u0131 ekonomiyi d\u00fczeltene kadar b\u0131rakmama karar\u0131, nihayetinde genel halk kesiminde iktidar ortaklar\u0131n\u0131n birbirleriyle uyumsuzlu\u011fu \u015feklinde alg\u0131lanarak huzursuzlu\u011fa yol a\u00e7m\u0131\u015ft\u0131.<\/p>\n<p style=\"text-align: justify;\">Bunu f\u0131rsat bilen PKR i\u00e7indeki Azmin Ali liderli\u011findeki toplam on bir milletvekili ile, UMNO-PAS (Malezya \u0130slam Partisi) ve Bersatu koalisyonu, 24 \u015eubat 2020\u2019de sivil darbenin unsurlar\u0131 olarak \u00f6ne \u00e7\u0131km\u0131\u015ft\u0131.<\/p>\n<p style=\"text-align: justify;\">Enver \u0130brahim\u2019in bu s\u00fcpriz a\u00e7\u0131klamas\u0131n\u0131n ard\u0131nda bir ba\u015fka gerek\u00e7e ise, kendisi hakk\u0131nda yeniden e\u015fcinsellik iddias\u0131n\u0131n g\u00fcndeme ta\u015f\u0131nmas\u0131 olabilir.<\/p>\n<p style=\"text-align: justify;\">\u00d6yle ki, bir avukat taraf\u0131ndan ge\u00e7en \u015eubat ay\u0131nda y\u00fcksek mahkemeye yap\u0131lan ba\u015fvuruda Enver \u0130brahim\u2019in 2018 y\u0131l\u0131nda d\u00f6nemin federal sultan\u0131 V. Muhammed taraf\u0131ndan e\u015fcinsellik su\u00e7lamas\u0131ndan affedilmesi ve ard\u0131ndan b\u00f6yle bir su\u00e7un i\u015flenmedi\u011fine dair karara itiraz etmi\u015fti.<\/p>\n<p style=\"text-align: justify;\">Bundan sadece birka\u00e7 g\u00fcn \u00f6nce yani, 21 Eyl\u00fcl g\u00fcn\u00fc, Enver \u0130brahim\u2019in bu ba\u015fvuruya y\u00f6nelik iptal talebini reddetti. Avukat\u0131n iddias\u0131na g\u00f6re, d\u00f6nemin federal sultan\u0131n\u0131n, yani V. Muhammed\u2019in, tek ba\u015f\u0131na b\u00f6yle bir karar alamayaca\u011f\u0131 aksine karar\u0131n ge\u00e7erli olabilmesi i\u00e7in bir af heyetinin onay\u0131 gerekiyor.<\/p>\n<p style=\"text-align: justify;\">Bu durum, y\u00fcksek mahkemenin konuyu yeniden g\u00fcndeme ta\u015f\u0131mas\u0131 ve Enver \u0130brahim\u2019in olas\u0131 bir hapis cezas\u0131n\u0131 g\u00fcndeme getirebilir.<\/p>\n<p style=\"text-align: justify;\">Enver \u0130brahim\u2019in ba\u015fbakanl\u0131k i\u00e7in yeterli \u00e7o\u011funlu\u011fa sahip oldu\u011fu yolundaki iddias\u0131 b\u00f6ylesi bir ortamda g\u00fcndeme geldi.<\/p>\n<p style=\"text-align: justify;\">24 \u015eubat 2020\u2019deki sivil darbeyle iktidardaki Umut Koalisyonu\u2019nun g\u00f6revine son verilirken, federal sultan bir haftal\u0131k siyasi gerilimin ard\u0131ndan 1 Mart 2020\u2019de Muhyiddin Yasin\u2019i federal mecliste \u00e7o\u011funlu\u011fa sahip oldu\u011fu kan\u0131s\u0131yla ba\u015fbakan olarak atam\u0131\u015ft\u0131.<\/p>\n<p style=\"text-align: justify;\">Ancak bu ataman\u0131n ard\u0131ndan, bug\u00fcne kadar meclis mevcut h\u00fck\u00fcmete g\u00fcven oylamas\u0131 yapmamas\u0131 h\u00fck\u00fcmetin me\u015fruiyetinin ikinci kez sorgulanmas\u0131 anlam\u0131 ta\u015f\u0131yor.<\/p>\n<p style=\"text-align: justify;\">Malezya siyasetinde, \u00f6n\u00fcm\u00fczdeki g\u00fcnlerin olduka \u00f6nemli oldu\u011fu ortada. \u00d6nce Cumartesi g\u00fcn\u00fc Sabah eyaletinde yap\u0131lacak eyalet parlamento se\u00e7imleri ve ard\u0131ndan bir de\u011fi\u015fiklik olmazsa Sal\u0131 g\u00fcn\u00fc federal sultan\u0131n Enver \u0130brahim\u2019le g\u00f6r\u00fc\u015fmesi \u00fclkede siyaset sahseninin yeniden d\u00fczenlenmesi anlam\u0131 ta\u015f\u0131yor.<\/p>\n","protected":false},"excerpt":{"rendered":"<p>Mehmet \u00d6zay\u00a0 \u00a0 \u00a0 \u00a0 \u00a0 \u00a0 \u00a0 \u00a0 \u00a0 \u00a0 \u00a0 \u00a0 \u00a0 \u00a0 \u00a0 \u00a0 \u00a0 \u00a0 \u00a0 \u00a0 \u00a0 \u00a0 \u00a0 \u00a0 \u00a0 \u00a0 \u00a0 \u00a0 \u00a0 \u00a0 \u00a0 \u00a0 \u00a0 \u00a0 \u00a0 \u00a0 \u00a0 \u00a0 \u00a0 \u00a0 \u00a0 \u00a0 \u00a0 \u00a0 \u00a0 \u00a0 \u00a0 23.09.2020 Malezya\u2019da Halk\u0131n Adaleti Partisi (Partai Keadilan [&hellip;]<\/p>\n","protected":false},"author":1,"featured_media":3466,"comment_status":"open","ping_status":"open","sticky":false,"template":"","format":"standard","meta":{"footnotes":""},"categories":[6,27],"tags":[],"class_list":["post-3465","post","type-post","status-publish","format-standard","has-post-thumbnail","hentry","category-gunluk-yazilar","category-malezya"],"_links":{"self":[{"href":"https:\/\/guneydoguasyacalismalari.com\/tr_tr\/wp-json\/wp\/v2\/posts\/3465","targetHints":{"allow":["GET"]}}],"collection":[{"href":"https:\/\/guneydoguasyacalismalari.com\/tr_tr\/wp-json\/wp\/v2\/posts"}],"about":[{"href":"https:\/\/guneydoguasyacalismalari.com\/tr_tr\/wp-json\/wp\/v2\/types\/post"}],"author":[{"embeddable":true,"href":"https:\/\/guneydoguasyacalismalari.com\/tr_tr\/wp-json\/wp\/v2\/users\/1"}],"replies":[{"embeddable":true,"href":"https:\/\/guneydoguasyacalismalari.com\/tr_tr\/wp-json\/wp\/v2\/comments?post=3465"}],"version-history":[{"count":2,"href":"https:\/\/guneydoguasyacalismalari.com\/tr_tr\/wp-json\/wp\/v2\/posts\/3465\/revisions"}],"predecessor-version":[{"id":3468,"href":"https:\/\/guneydoguasyacalismalari.com\/tr_tr\/wp-json\/wp\/v2\/posts\/3465\/revisions\/3468"}],"wp:featuredmedia":[{"embeddable":true,"href":"https:\/\/guneydoguasyacalismalari.com\/tr_tr\/wp-json\/wp\/v2\/media\/3466"}],"wp:attachment":[{"href":"https:\/\/guneydoguasyacalismalari.com\/tr_tr\/wp-json\/wp\/v2\/media?parent=3465"}],"wp:term":[{"taxonomy":"category","embeddable":true,"href":"https:\/\/guneydoguasyacalismalari.com\/tr_tr\/wp-json\/wp\/v2\/categories?post=3465"},{"taxonomy":"post_tag","embeddable":true,"href":"https:\/\/guneydoguasyacalismalari.com\/tr_tr\/wp-json\/wp\/v2\/tags?post=3465"}],"curies":[{"name":"wp","href":"https:\/\/api.w.org\/{rel}","templated":true}]}}