{"id":3418,"date":"2020-08-12T07:28:21","date_gmt":"2020-08-12T07:28:21","guid":{"rendered":"http:\/\/guneydoguasyacalismalari.com\/?p=3418"},"modified":"2020-08-12T07:28:21","modified_gmt":"2020-08-12T07:28:21","slug":"pasifik-savasinin-75-yil-donumu-bati-ve-digerleri-the-75th-commemoration-of-the-pacific-war-the-west-and-the-rest","status":"publish","type":"post","link":"https:\/\/guneydoguasyacalismalari.com\/tr_tr\/pasifik-savasinin-75-yil-donumu-bati-ve-digerleri-the-75th-commemoration-of-the-pacific-war-the-west-and-the-rest\/","title":{"rendered":"Pasifik Sava\u015f\u0131\u2019n\u0131n 75. Y\u0131l D\u00f6n\u00fcm\u00fc: Bat\u0131 ve di\u011ferleri \/ the 75th Commemoration of the Pacific War: The West and the Rest"},"content":{"rendered":"<p><strong>Mehmet \u00d6zay\u00a0 \u00a0 \u00a0 \u00a0 \u00a0 \u00a0 \u00a0 \u00a0 \u00a0 \u00a0 \u00a0 \u00a0 \u00a0 \u00a0 \u00a0 \u00a0 \u00a0 \u00a0 \u00a0 \u00a0 \u00a0 \u00a0 \u00a0 \u00a0 \u00a0 \u00a0 \u00a0 \u00a0 \u00a0 \u00a0 \u00a0 \u00a0 \u00a0 \u00a0 \u00a0 \u00a0 \u00a0 \u00a0 \u00a0 \u00a0 \u00a0 \u00a0 \u00a0 \u00a0 \u00a0 \u00a0 \u00a0 12.08.2020<\/strong><\/p>\n<p style=\"text-align: justify;\">A\u011fustos ay\u0131 Asya-Pasifik b\u00f6lgesinde \u00f6nemli siyasal ve toplumsal de\u011fi\u015fimlerin ger\u00e7ekle\u015fti\u011fi bir d\u00f6nem olarak bilinir.<\/p>\n<p style=\"text-align: justify;\">Bu d\u00f6nemi k\u00fcresel olarak \u00f6ne \u00e7\u0131karan geli\u015fmelerden biri Pasifik Sava\u015f\u0131\u2019n\u0131n atom bombalar\u0131yla sona erdirilmi\u015f olmas\u0131d\u0131r. Bu y\u0131l yine, 6-9 A\u011fustos tarihleri \u00f6zellikle Japonya\u2019da 1945 y\u0131l\u0131ndaki bu hadisenin 75. y\u0131l\u0131 olarak \u00e7e\u015fitli t\u00f6renlerle an\u0131ld\u0131.<\/p>\n<p style=\"text-align: justify;\">Uluslararas\u0131 ana ak\u0131m medyaya ve bunlar\u0131n ulusal d\u00fczeydeki <em>copy-paste<\/em> usul\u00fcyle yay\u0131nlanan benzerlerine bak\u0131ld\u0131\u011f\u0131nda s\u00f6z konusu bu geli\u015fmeye dair, birka\u00e7 an\u0131t mezar ile tap\u0131naktaki g\u00f6r\u00fcnt\u00fclerle buna eklemlenen humanist birka\u00e7 demecin d\u0131\u015f\u0131nda pek bir \u015fey verdi\u011fine tan\u0131k olunmaz.<\/p>\n<p style=\"text-align: justify;\">Oysa bu geli\u015fme, atom bombas\u0131n\u0131n insano\u011flunun biyolojik \u00f6l\u00fcm\u00fc ve do\u011furdu\u011fu maddi zarar gibi yol a\u00e7t\u0131\u011f\u0131 y\u0131k\u0131c\u0131 etkisinin \u00f6tesinde<em>,<\/em> bizatihi bunu \u00fcreten Bat\u0131 d\u00fc\u015f\u00fcncesinin ele\u015ftirilmesine imk\u00e2n tan\u0131mas\u0131yla ele el\u0131nmay\u0131 hak ediyor.<\/p>\n<p style=\"text-align: justify;\">Bu \u00e7er\u00e7evede, asl\u0131nda benzerleri gibi bu tarihi d\u00f6n\u00fcm noktas\u0131 da, Asya-Pasifik b\u00f6lgesinde Bat\u0131 Avrupa merkezli uzun s\u00f6m\u00fcrgecilik tarihinin nedenini ve ni\u00e7inini ortaya koymay\u0131 gerektiriyor.<\/p>\n<p style=\"text-align: justify;\">Yaz\u0131l\u0131p \u00e7izilenlere g\u00f6z gezdirildi\u011finde, ortada Bat\u0131l\u0131 adam\u0131n s\u00f6m\u00fcrgecilik faaliyetine dair bir yakla\u015f\u0131m belirmezken, neredeyse Japonlar \u00f6zelinde Asyal\u0131lar\u0131n Bat\u0131\u2019ya kar\u015f\u0131 mahcubiyet hissi duymalar\u0131na ve bir t\u00fcr<em> apologetism<\/em>\u2018e neden olan bir t\u00fcr beden dili ve s\u00f6ylemi hakim olur.<\/p>\n<ol style=\"text-align: justify;\" start=\"2\">\n<li><strong> D\u00fcnya Sava\u015f\u0131 m\u0131 Pasifik Sava\u015f\u0131 m\u0131?<\/strong><\/li>\n<\/ol>\n<p style=\"text-align: justify;\">Avrupa ba\u015fta olmak \u00fczere, y\u00f6nelimini Avrupa merkezli yapm\u0131\u015f olan Ortado\u011fu ve kahir ekseriyetiyle Afrika ve Kuzey Amerika\u2019da 2. D\u00fcnya Sava\u015f\u0131 olarak bilinen, ve katastrofik etkileri bug\u00fcne kadar s\u00fcren siyasal ve toplumsal travmalar\u0131n olu\u015fumuna sebep geli\u015fme, Asya-Pasifik b\u00f6lgesinde Pasifik Sava\u015f\u0131 olarak bilinmektedir.<\/p>\n<p style=\"text-align: justify;\">Bu temel bilgi bile, asl\u0131nda ad\u0131na Asya-Pasifik denilen co\u011frafyadaki halklar\u0131n, 20. y\u00fczy\u0131l\u0131n ba\u015flar\u0131ndaki y\u0131k\u0131c\u0131 sava\u015flar\u0131n ilkine yani 1. D\u00fcnya Sava\u015f\u0131\u2019na do\u011frudan kat\u0131lmad\u0131klar\u0131n\u0131 ve taraf olmad\u0131klar\u0131n\u0131 ortaya koyuyor.<\/p>\n<p style=\"text-align: justify;\">Bununla birlikte, s\u00f6m\u00fcrgecilik tarihinin erken d\u00f6nemlerinden itibaren Bat\u0131 Avrupal\u0131 denizci uluslar\u0131n \u00f6nce ticaret, ard\u0131ndan siyasal ve ekonomik ba\u011flamlarda ve nihayetinde teritoryal hegemonyalar\u0131 b\u00f6lge halklar\u0131n\u0131n ba\u011f\u0131ms\u0131zl\u0131klar\u0131n\u0131 yitirmesine yol a\u00e7m\u0131\u015ft\u0131r.<\/p>\n<p style=\"text-align: justify;\">Bu geli\u015fme, s\u00f6z konusu Asya-Pasifik halklar\u0131n\u0131n sahip olduklar\u0131 \u00f6zellikle maddi de\u011ferlerin, ileri s\u00f6m\u00fcrgecilik evrelerinde, Bat\u0131 Avrupal\u0131 uluslar\u0131n askeri ve ekonomik yap\u0131lanmalar\u0131n\u0131 g\u00fc\u00e7lenmesine yol a\u00e7m\u0131\u015ft\u0131r.<\/p>\n<p style=\"text-align: justify;\"><strong>Y\u0131kan modernle\u015fme<\/strong><\/p>\n<p style=\"text-align: justify;\">Bat\u0131 Avrupa pozitivist d\u00fc\u015f\u00fcncesinin \u00fcr\u00fcn\u00fc olan modernle\u015fme, asl\u0131nda baz\u0131 \u00e7evrelerce ele\u015ftirilmeye daha erken d\u00f6nemlerde ba\u015flanm\u0131\u015f olsa da, bu toplumlar\u0131 1. D\u00fcnya Sava\u015f\u0131\u2019na s\u00fcr\u00fcklemekten al\u0131koyamam\u0131\u015ft\u0131r.<\/p>\n<p style=\"text-align: justify;\">Oysa beklenti, Avrupa\u2019da 16. y\u00fczy\u0131l boyunca ve de 17. y\u00fczy\u0131l\u0131n ilk yar\u0131s\u0131nda ad\u0131na \u2018din sava\u015flar\u0131\u2019 denilen s\u00fcre\u00e7lerin bir daha ya\u015fanmamas\u0131 i\u00e7in, de\u011fi\u015fen toplumsal ve siyasal \u015fartlar ve elbette bunlar\u0131 besleyen modernle\u015fmenin bir d\u00fcnya cennetine yol a\u00e7aca\u011f\u0131 inanc\u0131yd\u0131.<\/p>\n<p style=\"text-align: justify;\">Bu s\u00fcrecin do\u011furdu\u011fu geli\u015fmelerden biri olarak ulus-devletlerin, ayn\u0131 k\u00fclt\u00fcrel ve medeniyet k\u00f6klerinden \u00e7\u0131kmakla birlikte, s\u0131n\u0131rlar\u0131n belirledi\u011fi egemenlik iddias\u0131 ile Asya-Pasifik\u2019te s\u00f6m\u00fcrgele\u015ftirilmi\u015f topraklar \u00fczerinde ekonomik hak iddias\u0131n\u0131n i\u015ftah kabartan ortam\u0131nda \u00e7\u00f6z\u00fcm\u00fc yine sava\u015fmakta bulmalar\u0131, yukar\u0131da dikkat \u00e7ekilen \u2018din sava\u015flar\u0131\u2019 d\u00f6neminin adeta ir ba\u015fka safhada yenilenmesinden ba\u015fka bir \u015fey de\u011fildir.<\/p>\n<p style=\"text-align: justify;\"><strong>\u0130ki katmanl\u0131 \u00e7\u00f6z\u00fclme<\/strong><\/p>\n<p style=\"text-align: justify;\">Bu ise, ortaya iki katmanl\u0131 bir y\u0131k\u0131m\u0131 getirmi\u015ftir. \u0130lki, bizatihi Avrupa\u2019n\u0131n ya da Bat\u0131\u2019n\u0131n kendisine; ikincisi ise, s\u00f6m\u00fcrgele\u015ftirilmi\u015f Asya-Pasifik b\u00f6lgesindeki \u00e7e\u015fitli din-dil ve k\u00fclt\u00fcr zenginli\u011fine sahip M\u00fcsl\u00fcman, Budist ve Hindu gibi belli ba\u015fl\u0131 toplumlar\u0131na.<\/p>\n<p style=\"text-align: justify;\">Bat\u0131\u2019n\u0131n kendi i\u00e7erisinde geli\u015fen \u00e7at\u0131\u015fmac\u0131 egemenlik anlay\u0131\u015f\u0131, metaforik olarak dile getirilecek olursa, ayn\u0131 bedenin \u00fcretti\u011fi ikiz yap\u0131lar\u0131n birbirleriyle cedelle\u015fmesinden ba\u015fka bir \u015fey de\u011fildir.<\/p>\n<p style=\"text-align: justify;\">\u00d6yle ki, bu unsurlar kendi egemen ulus-devlet topraklar\u0131nda fiziki ve biyolojik y\u0131k\u0131mlara yol a\u00e7mas\u0131 kadar, neredeyse t\u00fcm insanl\u0131\u011fa \u00e7\u00f6z\u00fcm olarak sunduklar\u0131 ve bunu bizatihi s\u00f6m\u00fcrgecilik vas\u0131tas\u0131yla ger\u00e7ekle\u015ftirdikleri, kendi zihinsel \u00fcretimlerinin sonucu olan modernle\u015fmenin de sonunu getirmesiyle dikkat \u00e7ekicidir.<\/p>\n<p style=\"text-align: justify;\"><strong>K\u00fcreselle\u015fen sava\u015f <\/strong><\/p>\n<p style=\"text-align: justify;\">Ancak bu s\u00fcre\u00e7te 1. D\u00fcnya Sava\u015f\u0131\u2019n\u0131n do\u011furdu\u011fu zihinsel ve fiziki sonu\u00e7lar\u0131 ge\u00e7meden ortaya \u00e7\u0131kan cedelle\u015fmenin ikinci dalgas\u0131 daha k\u00fcresel boyuta ta\u015f\u0131narak, bir yandan Kuzey Amerika, \u00f6te yandan Asya-Pasifik\u2019te Japonya\u2019y\u0131, Hint-\u00c7in\u2019ini ve t\u00fcm Tak\u0131madalar\u0131 da i\u00e7ine alacak bir boyuta ula\u015fm\u0131\u015ft\u0131r.<\/p>\n<ol style=\"text-align: justify;\">\n<li>D\u00fcnya Sava\u015f\u0131n\u0131n ard\u0131ndan devreye girmesi beklenen rasyonel ak\u0131l, ters teperek kendini ekonomik ve siyasal \u015fehvete bo\u011fulan Bat\u0131l\u0131 uluslar\u0131n, kendi aralar\u0131nda pozitivist d\u00fc\u015f\u00fcnce ve bunun \u00fcretti\u011fi materyal\/ist ara\u00e7lar\u0131n\u0131n t\u00fcm imk\u00e2nlar\u0131yla s\u00f6m\u00fcrge topraklar\u0131n\u0131 da i\u00e7ine alacak bir boyuta ula\u015fm\u0131\u015ft\u0131r.<\/li>\n<\/ol>\n<p style=\"text-align: justify;\"><strong>Japon milliyet\u00e7ili\u011fi mi \u00f6ncellenen Asyal\u0131l\u0131k m\u0131?<\/strong><\/p>\n<p style=\"text-align: justify;\">\u0130\u015fte bu s\u00fcre\u00e7te, Bat\u0131 Avrupa modernle\u015fmesini kendi \u00f6z iradesi ile benimsedi\u011fi belirtilen Japonya\u2019n\u0131n \u00f6z\u00fcmseyerek geli\u015ftirdi\u011fi rasyonelle\u015fme bizatihi mevcut geleneksel iktidar yap\u0131s\u0131 olan imparatora yans\u0131t\u0131lan \u2018uluhiyet\u2019 yakla\u015f\u0131m\u0131yla birle\u015ferek, o d\u00f6neme kadar rastlanmayan bir \u015fekilde Japon yay\u0131lmac\u0131l\u0131\u011f\u0131n\u0131 ortaya koymu\u015ftur.<\/p>\n<p style=\"text-align: justify;\">Bat\u0131 Avrupa\u2019n\u0131n ad\u0131na liberal-demokratik denilen ilkeleri ile, bu d\u00fc\u015f\u00fcnce d\u00fcnyas\u0131n\u0131n kar\u015f\u0131s\u0131na \u00e7\u0131kan ve bunun bir \u00fcr\u00fcn\u00fc olmak kadar, kendi idealist felsefe gelene\u011finin de kazand\u0131rd\u0131\u011f\u0131 ivme ile ulus-merkezli yap\u0131lanma, sadece k\u00fclt\u00fcr merkezli bir ilerlemecili\u011fi esas almam\u0131\u015ft\u0131r.<\/p>\n<p style=\"text-align: justify;\">Almanya ve k\u0131smen \u0130talya \u00f6rne\u011finde Avrupa s\u0131n\u0131rlar\u0131nda dikkat \u00e7eken bu geli\u015fme, ayn\u0131 zamanda t\u00fcm maddi geli\u015fmi\u015fli\u011fi ile y\u0131k\u0131c\u0131l\u0131\u011f\u0131 arac\u0131 k\u0131larak, d\u00f6nemin bir t\u00fcr k\u00fcresel boyutlu egemenlik tasavvurunu ortaya koymu\u015ftur.<\/p>\n<p style=\"text-align: justify;\">\u00d6zellikle, Almanya\u2019n\u0131n yay\u0131lmac\u0131l\u0131\u011f\u0131 ile temsil edilen Avrupa merkezli 2. D\u00fcnya Sava\u015f\u0131\u2019n\u0131n Asya-Pasifik b\u00f6lgesine s\u0131\u00e7ramas\u0131 ise, benzer bir ideolojik temel \u00fczerinde y\u00fckselen Japon milliyet\u00e7ili\u011fi oldu\u011fu \u00f6ng\u00f6r\u00fclmekle beraber, asl\u0131nda bu geli\u015fmeyi farkl\u0131 de\u011ferlendirmeye imk\u00e2n tan\u0131yacak farkl\u0131 ara\u00e7lar\u0131n ortada oldu\u011fu da bir ger\u00e7ektir.<\/p>\n<p style=\"text-align: justify;\">Japon modernle\u015fmesi ad\u0131yla me\u015fhur olan geli\u015fme 19. y\u00fczy\u0131l ikinci yar\u0131s\u0131n\u0131n hemen ba\u015flar\u0131nda g\u00f6n\u00fcll\u00fc Bat\u0131l\u0131la\u015fma ile Japon adalar\u0131nda zuhur ederken, asl\u0131nda o d\u00f6nem i\u00e7in Bat\u0131 Avrupal\u0131 uluslar i\u00e7in pek de sak\u0131ncas\u0131 olmayan, aksine \u00e7ok daha ekonomik bir s\u00fcre\u00e7 i\u00e7erisinde Japonya\u2019n\u0131n d\u00f6nemin k\u00fcresel kapitalizmine eklemlenmesi ile alk\u0131\u015flanas\u0131 bir geli\u015fmeye konu olmu\u015ftur.<\/p>\n<p style=\"text-align: justify;\"><strong>Japonya ve niyetlenilmemi\u015f sonu\u00e7<\/strong><\/p>\n<ol style=\"text-align: justify;\" start=\"19\">\n<li>y\u00fczy\u0131l ikinci yar\u0131s\u0131nda Japonya\u2019da zuhur eden y\u00f6nelim, Weberyen bir ifade ile s\u00f6ylemek gerekirse, niyetlenilmemi\u015f bir sonucun ortaya \u00e7\u0131kmas\u0131na yol a\u00e7m\u0131\u015ft\u0131r.<\/li>\n<\/ol>\n<p style=\"text-align: justify;\">O d\u00f6nem itibar\u0131yla, neredeyse \u00c7in\u2019in verimli ve olduk\u00e7a k\u00fcreselle\u015fmi\u015f do\u011fu sahilindeki ticaret liman \u015fehirlerinden ba\u015flayarak, Hint-\u00c7ini ve bug\u00fcn ad\u0131na Filipinler ve Endonezya denilen t\u00fcm Tak\u0131mdalar co\u011frafyas\u0131n\u0131 i\u00e7ine alan s\u00f6m\u00fcrgecilik s\u00fcreci kendini iyice yap\u0131land\u0131rm\u0131\u015ft\u0131r.<\/p>\n<p style=\"text-align: justify;\">Buna, \u00e7e\u015fitli insan topluluklar\u0131na ev sahipli\u011fi yapan, g\u00fcn\u00fcm\u00fczdeki Tayvan (Taipei Adas\u0131) ile bizatihi Avrupa\u2019dan g\u00f6\u00e7men kitlelerinin yerle\u015fmesiyle n\u00fcfusu art\u0131r\u0131lan, k\u0131ta b\u00fcy\u00fckl\u00fc\u011f\u00fcndeki Avustralya ve Yeni Zelanda da eklendi\u011fini unutmayal\u0131m.<\/p>\n<p style=\"text-align: justify;\">Japon \u0130mparatorlu\u011fu\u2019nun g\u00fc\u00e7l\u00fc bir milliyet\u00e7ili\u011fe eklemlenerek ortaya koydu\u011fu ekonomik modernle\u015fme ve kalk\u0131nman\u0131n bir sonucu olarak ortaya \u00e7\u0131kan niyetlenilmemi\u015f sonu\u00e7, t\u00fcm b\u00f6lge \u00fclkelerini \u2018Bat\u0131l\u0131 beyaz adam\u0131n sultas\u0131ndan kurtarmakt\u0131\u2019.<\/p>\n<p style=\"text-align: justify;\"><strong>G\u00fc\u00e7 yap\u0131lanmas\u0131 sorunu<\/strong><\/p>\n<p style=\"text-align: justify;\">Burada, Japonlar\u0131n, Bat\u0131 Avrupal\u0131 denizci uluslar\u0131n s\u00f6m\u00fcrgecilik d\u00f6nemlerinde b\u00f6lge halklar\u0131 \u00fczerinde sergiledikleri bask\u0131 ve zul\u00fcm ile ekonomik s\u00f6m\u00fcr\u00fcn\u00fcn benzerini yap\u0131p yapmad\u0131\u011f\u0131 tart\u0131\u015fmas\u0131na girmek yersiz.<\/p>\n<p style=\"text-align: justify;\">Aksine, sorulmas\u0131 gereken soru, bug\u00fcn Japon ulusunu at\u0131lan atom bombalar\u0131n\u0131 hak ettiklerine inand\u0131rarak mahkum etmekle, acaba Bat\u0131 Avrupal\u0131 Asya-Pasifik b\u00f6lgesinde 1511\u2019den beri var olan s\u00f6m\u00fcrgecilik s\u00fcre\u00e7lerini temize \u00e7\u0131karmay\u0131 hedefleyip hedeflemedikleridir.<\/p>\n<p style=\"text-align: justify;\">Japonlar\u0131n Asya-Pasifik b\u00f6lgesinde, \u2018Asya Asyal\u0131lar\u0131nd\u0131r\u2019 slogan\u0131yla ba\u015flatt\u0131\u011f\u0131 ve uygulamaya ge\u00e7irdi\u011fi teritoryal egemenlik s\u00fcrecinden \u00f6nce var olan Bat\u0131 Avrupal\u0131 uluslar\u0131n ve de ABD\u2019nin s\u00f6m\u00fcrgecilik s\u00fcre\u00e7lerinin ni\u00e7in tart\u0131\u015fma konusu yap\u0131lmad\u0131\u011f\u0131 \u00fczerinde durup d\u00fc\u015f\u00fcn\u00fclmeyi hak etmektedir.<\/p>\n<p style=\"text-align: justify;\">Bu noktada, Japon i\u015fgal y\u0131llar\u0131na konu olan geli\u015fmelerin temellerine bak\u0131ld\u0131\u011f\u0131nda, Japonlar\u0131n hangi siyasi ve psikolojik yap\u0131lanmayla kendilerini ortaya koyduklar\u0131 ve s\u00fcrecin nas\u0131l i\u015fledi\u011fi aras\u0131ndaki farklar\u0131 tespit etmek \u00f6nem ta\u015f\u0131maktad\u0131r.<\/p>\n<p style=\"text-align: justify;\">Hiro\u015fima ve Nagazaki\u2019ye at\u0131lan atom bombalar\u0131na hakl\u0131l\u0131k kazand\u0131rd\u0131\u011f\u0131 belirtilen gerek\u00e7eler yerli halklar\u0131n talepleri ile mi ortaya konulmu\u015ftur, yoksa Bat\u0131\u2019n\u0131n \u00f6zellikle de 1. D\u00fcnya Sava\u015f\u0131\u2019n\u0131n y\u0131k\u0131c\u0131 ortam\u0131 ile k\u00fcresel g\u00fcc\u00fcn\u00fc yitiren \u0130ngiltere Krall\u0131\u011f\u0131\u2019n\u0131n yerini alan ABD\u2019nin, d\u00f6nemin kapitalizminin gelece\u011fini sa\u011flama almaya y\u00f6nelik olarak, bir \u00fcst akl\u0131n karar vericili\u011fi midir diye sormak gerekiyor.<\/p>\n<p style=\"text-align: justify;\">Bu noktada, tam da s\u00f6ylenmesi gereken \u015fey, Japonya\u2019n\u0131n -t\u0131pk\u0131 daha \u00f6nceki y\u0131llardaki anma etkinliklerinde oldu\u011fu gibi- bug\u00fcn 75 y\u0131l\u0131na ula\u015fan Pasifik Sava\u015f\u0131 nedeniyle ger\u00e7ekle\u015ftirilen anma toplant\u0131lar\u0131nda da, Bat\u0131 kar\u015f\u0131s\u0131nda gizli\/a\u00e7\u0131k psikolojik bir mahkumiyete \u00e7arpt\u0131r\u0131lmak istendi\u011fine tan\u0131k olunmaktad\u0131r.<\/p>\n<p style=\"text-align: justify;\">Hi\u00e7 ku\u015fku yok ki, sorgulanmas\u0131 gereken Bat\u0131 Avrupa\u2019n\u0131n \u00fcretti\u011fi ve sadece kendisini de\u011fil, d\u00fcnyay\u0131 bunal\u0131ma s\u00fcr\u00fckleyen gizli\/a\u00e7\u0131k pozitivist e\u011filimleriyle modernle\u015fmeci yap\u0131lanmas\u0131d\u0131r.<\/p>\n","protected":false},"excerpt":{"rendered":"<p>Mehmet \u00d6zay\u00a0 \u00a0 \u00a0 \u00a0 \u00a0 \u00a0 \u00a0 \u00a0 \u00a0 \u00a0 \u00a0 \u00a0 \u00a0 \u00a0 \u00a0 \u00a0 \u00a0 \u00a0 \u00a0 \u00a0 \u00a0 \u00a0 \u00a0 \u00a0 \u00a0 \u00a0 \u00a0 \u00a0 \u00a0 \u00a0 \u00a0 \u00a0 \u00a0 \u00a0 \u00a0 \u00a0 \u00a0 \u00a0 \u00a0 \u00a0 \u00a0 \u00a0 \u00a0 \u00a0 \u00a0 \u00a0 \u00a0 12.08.2020 A\u011fustos ay\u0131 Asya-Pasifik b\u00f6lgesinde \u00f6nemli siyasal [&hellip;]<\/p>\n","protected":false},"author":1,"featured_media":3419,"comment_status":"open","ping_status":"open","sticky":false,"template":"","format":"standard","meta":{"footnotes":""},"categories":[9,6],"tags":[],"class_list":["post-3418","post","type-post","status-publish","format-standard","has-post-thumbnail","hentry","category-asya-pasifik","category-gunluk-yazilar"],"_links":{"self":[{"href":"https:\/\/guneydoguasyacalismalari.com\/tr_tr\/wp-json\/wp\/v2\/posts\/3418","targetHints":{"allow":["GET"]}}],"collection":[{"href":"https:\/\/guneydoguasyacalismalari.com\/tr_tr\/wp-json\/wp\/v2\/posts"}],"about":[{"href":"https:\/\/guneydoguasyacalismalari.com\/tr_tr\/wp-json\/wp\/v2\/types\/post"}],"author":[{"embeddable":true,"href":"https:\/\/guneydoguasyacalismalari.com\/tr_tr\/wp-json\/wp\/v2\/users\/1"}],"replies":[{"embeddable":true,"href":"https:\/\/guneydoguasyacalismalari.com\/tr_tr\/wp-json\/wp\/v2\/comments?post=3418"}],"version-history":[{"count":1,"href":"https:\/\/guneydoguasyacalismalari.com\/tr_tr\/wp-json\/wp\/v2\/posts\/3418\/revisions"}],"predecessor-version":[{"id":3420,"href":"https:\/\/guneydoguasyacalismalari.com\/tr_tr\/wp-json\/wp\/v2\/posts\/3418\/revisions\/3420"}],"wp:featuredmedia":[{"embeddable":true,"href":"https:\/\/guneydoguasyacalismalari.com\/tr_tr\/wp-json\/wp\/v2\/media\/3419"}],"wp:attachment":[{"href":"https:\/\/guneydoguasyacalismalari.com\/tr_tr\/wp-json\/wp\/v2\/media?parent=3418"}],"wp:term":[{"taxonomy":"category","embeddable":true,"href":"https:\/\/guneydoguasyacalismalari.com\/tr_tr\/wp-json\/wp\/v2\/categories?post=3418"},{"taxonomy":"post_tag","embeddable":true,"href":"https:\/\/guneydoguasyacalismalari.com\/tr_tr\/wp-json\/wp\/v2\/tags?post=3418"}],"curies":[{"name":"wp","href":"https:\/\/api.w.org\/{rel}","templated":true}]}}