{"id":3413,"date":"2020-08-10T16:22:01","date_gmt":"2020-08-10T16:22:01","guid":{"rendered":"http:\/\/guneydoguasyacalismalari.com\/?p=3413"},"modified":"2020-08-10T16:24:01","modified_gmt":"2020-08-10T16:24:01","slug":"abd-tayvan-yakinlasmasi-ve-cinin-tepkisi","status":"publish","type":"post","link":"https:\/\/guneydoguasyacalismalari.com\/tr_tr\/abd-tayvan-yakinlasmasi-ve-cinin-tepkisi\/","title":{"rendered":"ABD-Tayvan yak\u0131nla\u015fmas\u0131 ve \u00c7in\u2019in tepkisi \/ Closer relations between the US and Taiwan and the reactons of China"},"content":{"rendered":"<p><strong>Mehmet \u00d6zay\u00a0 \u00a0 \u00a0 \u00a0 \u00a0 \u00a0 \u00a0 \u00a0 \u00a0 \u00a0 \u00a0 \u00a0 \u00a0 \u00a0 \u00a0 \u00a0 \u00a0 \u00a0 \u00a0 \u00a0 \u00a0 \u00a0 \u00a0 \u00a0 \u00a0 \u00a0 \u00a0 \u00a0 \u00a0 \u00a0 \u00a0 \u00a0 \u00a0 \u00a0 \u00a0 \u00a0 \u00a0 \u00a0 \u00a0 \u00a0 \u00a0 \u00a0 \u00a0 \u00a0 \u00a0 \u00a0 \u00a0 10.08.2020<\/strong><\/p>\n<p style=\"text-align: justify;\">ABD sa\u011fl\u0131k bakan\u0131 Alex Azar\u2019\u0131n hafta sonu ba\u015flayan ve \u00fc\u00e7 g\u00fcn s\u00fcrecek Tayvan ziyareti, ABD-\u00c7in ili\u015fkilerinde yeni bir a\u015fama anlam\u0131 ta\u015f\u0131yor.<\/p>\n<p style=\"text-align: justify;\">Kovid-19 s\u00fcrecinde ger\u00e7ekle\u015fen s\u00f6z konusu resmi ziyaret, ABD-Tayvan ili\u015fkilerinde yeni bir a\u015fama olarak de\u011ferlendirilirken, Pekin y\u00f6netimi ise geli\u015fmeden memnun olmad\u0131\u011f\u0131n\u0131 a\u00e7\u0131kl\u0131yor. Bu geli\u015fme, a\u00e7\u0131k\u00e7as\u0131 \u00c7in\u2019in benimsedi\u011fi \u2018tek devlet\u2019 politikas\u0131na da ayk\u0131r\u0131 bir durum te\u015fkil ediyor.<\/p>\n<p style=\"text-align: justify;\">ABD sa\u011fl\u0131k bakan\u0131 Alex Azar\u2019\u0131n Tayvan devlet ba\u015fkan\u0131 Tsai Ing-wen\u2019le bug\u00fcn yani 10 A\u011fustos, Pazartesi g\u00fcn\u00fc g\u00f6r\u00fc\u015fmesi hi\u00e7 ku\u015fku yok ki, Pekin taraf\u0131nda yak\u0131ndan takip edilirken, ilk a\u00e7\u0131klamalar tahmin edilebilece\u011fi \u00fczere k\u0131nama \u00fczerine dayan\u0131yor.<\/p>\n<p style=\"text-align: justify;\">Azar\u2019\u0131n, Tayvan devlet ba\u015fkan\u0131 Tsai Ing-wen ile g\u00f6r\u00fc\u015fmesinde arka pl\u00e2nda Tayvan bayra\u011f\u0131n\u0131n bulunmas\u0131 ve ba\u015fkan Donald Trump\u2019\u0131n \u2018g\u00fc\u00e7l\u00fc destek ve dostluk\u2019 mesaj\u0131n\u0131 iletmesi, ABD\u2019nin \u00c7in\u2019i hedef alan yeni bir siyasi hamlesinin sembolik unsurlar\u0131 olarak de\u011ferlendirilmeye matuf bir durum.<\/p>\n<p style=\"text-align: justify;\">Azar\u2019\u0131n bu ziyareti, 1979\u2019dan bu yana ABD taraf\u0131ndan ger\u00e7ekle\u015ftirilen en \u00fcst d\u00fczey ziyaret olarak dikkat \u00e7ekerken, zamanlamas\u0131 konusunda da bir tesad\u00fcf de\u011fil, aksine son derece yap\u0131land\u0131r\u0131lm\u0131\u015f oldu\u011fu anla\u015f\u0131l\u0131yor.<\/p>\n<p style=\"text-align: justify;\"><strong>Demokratik Tayvan\u2019a kar\u015f\u0131 Tek-\u00c7in arg\u00fcman\u0131<\/strong><\/p>\n<p style=\"text-align: justify;\">Azar, Tsai ile yapt\u0131\u011f\u0131 g\u00f6r\u00fc\u015fmesinde, Tayvan\u2019\u0131n kovid-19\u2019a kar\u015f\u0131 verdi\u011fi m\u00fccadelede elde etti\u011fi ba\u015far\u0131ya dikkat \u00e7ekerken, bu geli\u015fmenin, \u201cTayvan toplumundaki \u015feffafl\u0131k ve demokratik temellere\u201d dayand\u0131\u011f\u0131 vurgusunun da, ku\u015fkusuz ki siyasi bir kar\u015f\u0131l\u0131\u011f\u0131 bulunuyor.<\/p>\n<p style=\"text-align: justify;\">ABD y\u00f6netimi, 1949\u2019dan 1987 y\u0131l\u0131 ortalar\u0131na kadar Tayvan\u2019da devam eden s\u0131k\u0131y\u00f6netim uygulamas\u0131n\u0131n kald\u0131r\u0131lmas\u0131 ve b\u00f6ylece demokratikle\u015fme y\u00f6n\u00fcndeki ad\u0131mlar\u0131 ve akabinde 1996 y\u0131l\u0131nda yap\u0131lan ilk do\u011frudan ba\u015fkanl\u0131k se\u00e7imlerinden bu yana, Ada siyasetinin demokratikle\u015fmede sergiledi\u011fi ba\u015far\u0131lar\u0131 \u00f6ne \u00e7\u0131kart\u0131yor.<\/p>\n<p style=\"text-align: justify;\">ABD\u2019nin bu siyasi yakla\u015f\u0131m\u0131, gizli\/a\u00e7\u0131k Tayvan\u2019\u0131 egemen bir ulus devlet stat\u00fcs\u00fcn\u00fcnde g\u00f6rd\u00fc\u011f\u00fc \u015feklinde yorumlanmaya a\u00e7\u0131k bir durum i\u00e7eriyor.<\/p>\n<p style=\"text-align: justify;\">\u00c7in Halk Cumhuriyeti ise kendine ait bir eyalet olarak tan\u0131d\u0131\u011f\u0131 Tayvan\u2019a ABD taraf\u0131ndan yap\u0131lan bu \u00fcst d\u00fczey ziyareti b\u00f6lge bar\u0131\u015f ve istikrar\u0131na y\u00f6nelik bir giri\u015fim olarak de\u011ferlendirerek k\u0131n\u0131yor.<\/p>\n<p style=\"text-align: justify;\">Pekin y\u00f6netiminin siyasi akl\u0131 Taipei Adas\u0131\u2019n\u0131 t\u00fcm ayr\u0131\u015fmalara ra\u011fmen, kendine ba\u011fl\u0131 bir b\u00f6lge olarak kabul ederken, teritoryal birli\u011fin sa\u011flanmas\u0131 konusunda, aralar\u0131nda zor kullanmak dahil her se\u00e7ene\u011fin kullan\u0131laca\u011f\u0131n\u0131 da a\u00e7\u0131k\u00e7a ifade etmekten geri kalm\u0131yor.<\/p>\n<p style=\"text-align: justify;\">ABD ve Tayvan taraf\u0131ndan \u00f6zg\u00fcrl\u00fckler ve demokrasi, \u00c7in taraf\u0131nda ise 1949 y\u0131l\u0131ndaki ayr\u0131\u015fmadan bu yana akamete u\u011fram\u0131\u015f ulusal birli\u011fin birg\u00fcn yeniden kurulaca\u011f\u0131na yap\u0131lan vurgu ili\u015fkilere damgas\u0131n\u0131 vuruuyor.<\/p>\n<p style=\"text-align: justify;\"><strong>Ticaret sava\u015flar\u0131ndan kovid-ittifak\u0131na<\/strong><\/p>\n<p style=\"text-align: justify;\">ABD-\u00c7in aras\u0131nda ya\u015fayan ticaret sava\u015flar\u0131n\u0131n \u00f6zellikle 2019 y\u0131l\u0131nda k\u00fcresel etkileriyle de \u00f6ne \u00e7\u0131kan ekonomik durgunlu\u011fun ard\u0131ndan, bu iki s\u00fcper g\u00fcc\u00fcn kovid-19 s\u00fcrecinde insanl\u0131k i\u00e7in ortak \u00e7al\u0131\u015fmalarla g\u00fcndemi belirleyebilecekleri ve aralar\u0131nda dengeleri yeniden kurabilecekleri y\u00f6n\u00fcndeki d\u00fc\u015f\u00fcnce aradan ge\u00e7en yedi ayl\u0131k s\u00fcre zarf\u0131nda yerini umutsuzlu\u011fa b\u0131rakm\u0131\u015f durumda.<\/p>\n<p style=\"text-align: justify;\">ABD-\u00c7in\u2019e y\u00f6nelik yapt\u0131r\u0131mlar\u0131n\u0131 kovid-19 s\u00fcrecinde Anglo-Sakson d\u00fcnyas\u0131n\u0131 ve AB \u00fclkelerini de yan\u0131na alarak olu\u015fturdu\u011fu kovid-19 ittifak\u0131 ile, bu sefer s\u00f6z konusu salg\u0131na yol a\u00e7an ve yanl\u0131\u015f bilgi ile geli\u015fmeleri k\u00fcresel kamuoyunda gizledi\u011fi iddia edilen \u00c7in\u2019e kar\u015f\u0131 siyasi hamlelerde bulunmaktan ka\u00e7\u0131nm\u0131yor.<\/p>\n<p style=\"text-align: justify;\">\u0130\u015fte b\u00f6ylesi bir ortamda ABD\u2019den gelen resmi ziyaret, bu y\u00f6ndeki son geli\u015fme olarak dikkat \u00e7ekiyor.<\/p>\n<p style=\"text-align: justify;\">Sa\u011fl\u0131k bakan\u0131 Azar ba\u015fkanl\u0131\u011f\u0131ndaki heyetin ziyareti, uzun bir aradan sonra, yani 1979\u2019dan bu yana, ABD\u2019den Tayvan\u2019a \u00fcst d\u00fczey ziyaret anlam\u0131 ta\u015f\u0131yor.<\/p>\n<p style=\"text-align: justify;\"><strong>Pekin tepkili<\/strong><\/p>\n<p style=\"text-align: justify;\">Pekin y\u00f6netiminin tepkisinin iki nedeni bulunuyor. Bunlardan ilki, yukar\u0131da dikkat \u00e7ekildi\u011fi \u00fczere Tayvan\u2019\u0131 kendine ba\u011fl\u0131 bir eyalet olarak tan\u0131mas\u0131 ve bir g\u00fcn mutlaka Ana K\u0131ta \u00c7in\u2019le birli\u011fin sa\u011flanaca\u011f\u0131 y\u00f6n\u00fcndeki siyasi kararl\u0131l\u0131\u011f\u0131.<\/p>\n<p style=\"text-align: justify;\">\u0130kincisi ise, ABD\u2019nin G\u00fcney \u00c7in Denizi ve Kore Yar\u0131madas\u0131 \u00f6rneklerinde g\u00f6r\u00fcld\u00fc\u011f\u00fc \u00fczere Asya-Pasifik b\u00f6lgesinde \u00c7in\u2019in ulusal egemenli\u011fini ve dolay\u0131s\u0131yla b\u00f6lge bar\u0131\u015f\u0131n\u0131 ve istikrar\u0131n\u0131 tehdit etti\u011fi y\u00f6n\u00fcndeki siyasi tutumu.<\/p>\n<p style=\"text-align: justify;\">Ana k\u0131tada egemen olan \u00c7in Halk Cumhuriyeti ile resmi ad\u0131 \u00c7in Cumhuriyeti (<em>Republic of China<\/em>-RoC) olan Tayvan aras\u0131nda, 2016 y\u0131l\u0131nda ba\u011f\u0131ms\u0131zl\u0131k yanl\u0131s\u0131 g\u00f6r\u00fc\u015fleriyle dikkat \u00e7eken Demokratik Geli\u015fimci Parti\u2019nin (<em>Democratic Progressive Party<\/em>-DPP) iktidara gelmesiyle Pekin-Taipei ili\u015fkilerindeki gerginlikten geri ad\u0131m at\u0131lmas\u0131 bir yana, gizli\/a\u00e7\u0131k b\u00f6lge \u00fclkelerini de tedirgin edecek bir yap\u0131ya b\u00fcr\u00fcn\u00fcyor.<\/p>\n<p style=\"text-align: justify;\"><strong>ABD ziyareti ni\u00e7in bug\u00fcn?<\/strong><\/p>\n<p style=\"text-align: justify;\">ABD\u2019nin ni\u00e7in \u015fimdi Tayvan\u2019a \u00fcst d\u00fczey bir temsilci g\u00f6nderdi\u011fi konusu \u00f6nemli. Somut gerek\u00e7e kovid-19\u2019la m\u00fccadele olurken, Tayvan\u2019da \u00f6zellikle KMT\u2019nin tek parti y\u00f6netiminin sona erdi\u011fi 1990\u2019lardan itibaren s\u00fcrd\u00fcr\u00fclebilir demokratikle\u015fme \u00f6ne \u00e7\u0131kart\u0131l\u0131yor.<\/p>\n<p style=\"text-align: justify;\">Tayvan\u2019\u0131n bu \u00f6zelli\u011fi, bir yandan post-end\u00fcstriyel toplum olmas\u0131, e\u011fitimde ve teknolojide \u00fcst d\u00fczey geli\u015fmeler kaydetmesi, liberal de\u011ferleri benimsemesi, g\u00fc\u00e7l\u00fc bir sivil topluma sahip olmas\u0131 gibi nitelikleri vurgulan\u0131yor.<\/p>\n<p style=\"text-align: justify;\">Tam da t\u00fcm bu \u00f6zellikler, \u00f6zelde ABD\u2019din genelde Bat\u0131\u2019n\u0131n \u00c7in\u2019den bekledi\u011fi ancak, bug\u00fcne kadar ekonomik modernle\u015fme d\u0131\u015f\u0131ndaki alanlarda toplumun \u00f6n\u00fcn\u00fc a\u00e7acak yap\u0131sal de\u011fi\u015fikliklere niyetlenmedi\u011fi toplumsal ve siyasal g\u00f6r\u00fcn\u00fcrl\u00fckler olarak dikkat \u00e7ekiyor.<\/p>\n<p style=\"text-align: justify;\"><strong>Hong Kong-Tayvan benzerli\u011fi<\/strong><\/p>\n<p style=\"text-align: justify;\">Sa\u011fl\u0131k bakan\u0131 Azar\u2019\u0131n ziyareti ile Tayvan \u00fczerinden Pekin y\u00f6netimine ve \u00f6zellikle de, son d\u00f6nemde Hong Kong\u2019da uygulamaya ge\u00e7irdi\u011fi ulusal g\u00fcvenlik yasas\u0131 ve benzeri uygulamalara tepkisini ortaya koyuyor.<\/p>\n<p style=\"text-align: justify;\">Hong Kong\u2019da <em>Demosisto <\/em>Partisi ve di\u011fer baz\u0131 demokratikle\u015fme y\u00f6n\u00fcnde taleplerle ortaya \u00e7\u0131kan sivil toplum olu\u015fumlar\u0131n\u0131n, 2014 y\u0131l\u0131ndan itibaren ba\u015flatt\u0131klar\u0131 g\u00f6sterilerin Pekin y\u00f6netimince bast\u0131r\u0131lmas\u0131 y\u00f6n\u00fcnde son giri\u015fim olarak de\u011ferlendirilen ulusal g\u00fcvenlik yasas\u0131n\u0131n uygulamaya ba\u015flanmas\u0131 ABD y\u00f6netiminin Hong Kong\u2019la imtiyazl\u0131 ticaret anla\u015fmas\u0131n\u0131 rafa kald\u0131rmas\u0131na neden oldu.<\/p>\n<p style=\"text-align: justify;\">Bu konudaki son geli\u015fme ise, Ada y\u00f6netiminin ba\u015f\u0131ndaki Pekin yanl\u0131s\u0131 politikalar\u0131yla dikkat \u00e7eken Carrie Lam\u2019\u0131n ABD\u2019ye giri\u015f yasa\u011f\u0131 verilmesi oldu.<\/p>\n<p style=\"text-align: justify;\">S\u00f6z konusu bu geli\u015fmeler, sadece Hong Kong\u2019da finans sekt\u00f6r\u00fcnde daralmalara yol a\u00e7mas\u0131 y\u00f6n\u00fcndeki beklentiler kadar, sivil toplumun imk\u00e2nlar\u0131n\u0131 k\u0131s\u0131tlay\u0131c\u0131 sonu\u00e7lar\u0131 nedeniyle \u00f6zellikle gen\u00e7ler aras\u0131nda ba\u015fta Tayvan olmak \u00fczere b\u00f6lge \u00fclkelerine g\u00f6\u00e7\u00fc g\u00fcndeme getiriyor.<\/p>\n<p style=\"text-align: justify;\"><strong>\u00c7ok etkenli ziyaret<\/strong><\/p>\n<p style=\"text-align: justify;\">Bug\u00fcnlerdeki ziyaretin ABD Sa\u011fl\u0131k Bakan\u0131 Azar gibi \u00fcst d\u00fczey bir makam taraf\u0131ndan ger\u00e7ekle\u015ftirilmesi sembolik \u00f6nemin \u00f6tesinde bir anlam ta\u015f\u0131yor.<\/p>\n<p style=\"text-align: justify;\">Bu ziyaret 1979\u2019da, yani d\u00f6nemin ABD y\u00f6netiminin k\u00fcresel platformda \u00c7in varl\u0131\u011f\u0131n\u0131 temsil makam\u0131nda kimin partner olaca\u011f\u0131 konusundaki karar\u0131n\u0131 Tayvan\u2019dan, \u00c7in\u2019e \u00e7evirmesinden sonraki en \u00f6nemli geli\u015fme olarak dikkat \u00e7ekiyor.<\/p>\n<p style=\"text-align: justify;\">1979\u2019daki bu siyasi karar, Taipei Adas\u0131 y\u00f6netimini yede\u011fe al\u0131rken, k\u00fcresel kapitalizme yeni bir akt\u00f6r olarak \u00c7in\u2019in entegre etme anlam\u0131 ta\u015f\u0131yordu. Bug\u00fcn gelinen noktada, \u00c7in k\u00fcresel ekenominin ikinci s\u0131ras\u0131nda yer almas\u0131 buna dayand\u0131\u011f\u0131n\u0131 hat\u0131rlatmakta fayda var.<\/p>\n<p style=\"text-align: justify;\">ABD ba\u015fkan\u0131 Trump\u2019\u0131n Kas\u0131m se\u00e7imlerine birka\u00e7 ay kala, Do\u011fu Asya\u2019da demokratikle\u015fme ve \u00f6zg\u00fcrl\u00fckler noktas\u0131nda sergiledi\u011fi politikan\u0131n ABD se\u00e7meninde bir kar\u015f\u0131l\u0131\u011f\u0131 olaca\u011f\u0131 d\u00fc\u015f\u00fcn\u00fclebilir.<\/p>\n<p style=\"text-align: justify;\">Ancak Trump\u2019un bu yak\u0131n hedefin \u00f6tesinde bir s\u00fcredir do\u011frudan kar\u015f\u0131s\u0131na ald\u0131\u011f\u0131 \u00c7in\u2019e y\u00f6nelik yeni hamlelerinin neler olabilece\u011fine dair bir t\u00fcr egzersiz yapt\u0131\u011f\u0131n\u0131 da s\u00f6ylemek m\u00fcmk\u00fcn.<\/p>\n<p style=\"text-align: justify;\">Otuz y\u0131l\u0131 a\u015fk\u0131n s\u00fcre sonras\u0131nda Tayvan\u2019\u0131 yeniden \u00f6ne \u00e7\u0131karmaya matuf bu ziyaret, kovid-19\u2019la m\u00fccadelede D\u00fcnya Sa\u011fl\u0131k Te\u015fkilat\u0131\u2019n\u0131n (<em>World Health Organization<\/em>-WHO) \u00c7in\u2019in g\u00fcd\u00fcm\u00fcnde hareket etti\u011fi y\u00f6n\u00fcndeki s\u00f6yleme kar\u015f\u0131n, Tayvan\u2019\u0131n sergiledi\u011fi ba\u015far\u0131l\u0131 m\u00fccadele ile te\u015fkilata \u00fcyeli\u011finin g\u00fcndeme getirilmesini bu \u00e7er\u00e7evede de\u011ferlendirmek gerekir.<\/p>\n<p style=\"text-align: justify;\">Tayvan\u2019da bug\u00fcne kadar 500 kovid-19 vakas\u0131 g\u00f6r\u00fcl\u00fcrken vefat say\u0131s\u0131n\u0131n yedi olmas\u0131, WHO nezdinde ABD\u2019nin deste\u011finin somut bir ger\u00e7e\u011fe dayand\u0131\u011f\u0131n\u0131 ortaya koyuyor. Tayvan t\u0131p alt yap\u0131s\u0131 ve teknolojik donan\u0131m\u0131 ve s\u0131n\u0131rlar\u0131nda ald\u0131\u011f\u0131 \u00f6nlemlerle kovid-19\u2019la ba\u015far\u0131yla m\u00fccadele veren \u00fclkeler listesinin ba\u015flar\u0131nda yer al\u0131yor.<\/p>\n<p style=\"text-align: justify;\">Bu noktada, ziyaretin somut geli\u015fmelerinden birinin bir yanda kovid-19\u2019la son derece ba\u015far\u0131l\u0131 politikalar uygulam\u0131\u015f Tayvan ile, bu m\u00fccadelede kay\u0131plar noktas\u0131nda k\u00fcresel olarak ilk s\u0131rada yer alan ABD aras\u0131nda yak\u0131n i\u015fbirli\u011fi olacakt\u0131r.<\/p>\n<p style=\"text-align: justify;\">\u0130nsanl\u0131k toplumunu b\u00fct\u00fcn\u00fcyle etkileyen kovid-19 s\u00fcrecine kar\u015f\u0131n, \u00c7in\u2019in vetosuyla Tayvan\u2019\u0131n te\u015fkilata al\u0131nmamas\u0131 taraflar aras\u0131nda siyasile\u015ftirilmeyecek bir konunun olmad\u0131\u011f\u0131n\u0131 da a\u00e7\u0131k se\u00e7ik ortaya koyuyor.<\/p>\n<p style=\"text-align: justify;\">ABD taraf\u0131ndan ger\u00e7ekle\u015fen bu \u00fcst d\u00fczey ziyaretle \u00f6rne\u011fin, Tayvan\u2019\u0131n ba\u011f\u0131ms\u0131zl\u0131\u011f\u0131 s\u00f6yleminin g\u00fc\u00e7l\u00fc bir \u015fekilde g\u00fcndeme getirilmesini beklemek belki m\u00fcmk\u00fcn de\u011fil. Temelde Pekin y\u00f6netimi ba\u015fta olmak \u00fczere, b\u00f6lge \u00fclkelerine ABD\u2019nin liberal-demokratik de\u011ferlere sahip toplumlar\u0131 destekleyece\u011fi y\u00f6n\u00fcnde g\u00fc\u00e7l\u00fc bir mesaj olurken, \u00c7in i\u00e7inde az say\u0131da da olsa \u00f6zg\u00fcrl\u00fck\u00e7\u00fc \u00e7evrelerin umut ta\u015f\u0131malar\u0131na neden olacakt\u0131r.<\/p>\n","protected":false},"excerpt":{"rendered":"<p>Mehmet \u00d6zay\u00a0 \u00a0 \u00a0 \u00a0 \u00a0 \u00a0 \u00a0 \u00a0 \u00a0 \u00a0 \u00a0 \u00a0 \u00a0 \u00a0 \u00a0 \u00a0 \u00a0 \u00a0 \u00a0 \u00a0 \u00a0 \u00a0 \u00a0 \u00a0 \u00a0 \u00a0 \u00a0 \u00a0 \u00a0 \u00a0 \u00a0 \u00a0 \u00a0 \u00a0 \u00a0 \u00a0 \u00a0 \u00a0 \u00a0 \u00a0 \u00a0 \u00a0 \u00a0 \u00a0 \u00a0 \u00a0 \u00a0 10.08.2020 ABD sa\u011fl\u0131k bakan\u0131 Alex Azar\u2019\u0131n hafta [&hellip;]<\/p>\n","protected":false},"author":1,"featured_media":3414,"comment_status":"open","ping_status":"open","sticky":false,"template":"","format":"standard","meta":{"footnotes":""},"categories":[6,33],"tags":[],"class_list":["post-3413","post","type-post","status-publish","format-standard","has-post-thumbnail","hentry","category-gunluk-yazilar","category-tayvan"],"_links":{"self":[{"href":"https:\/\/guneydoguasyacalismalari.com\/tr_tr\/wp-json\/wp\/v2\/posts\/3413","targetHints":{"allow":["GET"]}}],"collection":[{"href":"https:\/\/guneydoguasyacalismalari.com\/tr_tr\/wp-json\/wp\/v2\/posts"}],"about":[{"href":"https:\/\/guneydoguasyacalismalari.com\/tr_tr\/wp-json\/wp\/v2\/types\/post"}],"author":[{"embeddable":true,"href":"https:\/\/guneydoguasyacalismalari.com\/tr_tr\/wp-json\/wp\/v2\/users\/1"}],"replies":[{"embeddable":true,"href":"https:\/\/guneydoguasyacalismalari.com\/tr_tr\/wp-json\/wp\/v2\/comments?post=3413"}],"version-history":[{"count":3,"href":"https:\/\/guneydoguasyacalismalari.com\/tr_tr\/wp-json\/wp\/v2\/posts\/3413\/revisions"}],"predecessor-version":[{"id":3417,"href":"https:\/\/guneydoguasyacalismalari.com\/tr_tr\/wp-json\/wp\/v2\/posts\/3413\/revisions\/3417"}],"wp:featuredmedia":[{"embeddable":true,"href":"https:\/\/guneydoguasyacalismalari.com\/tr_tr\/wp-json\/wp\/v2\/media\/3414"}],"wp:attachment":[{"href":"https:\/\/guneydoguasyacalismalari.com\/tr_tr\/wp-json\/wp\/v2\/media?parent=3413"}],"wp:term":[{"taxonomy":"category","embeddable":true,"href":"https:\/\/guneydoguasyacalismalari.com\/tr_tr\/wp-json\/wp\/v2\/categories?post=3413"},{"taxonomy":"post_tag","embeddable":true,"href":"https:\/\/guneydoguasyacalismalari.com\/tr_tr\/wp-json\/wp\/v2\/tags?post=3413"}],"curies":[{"name":"wp","href":"https:\/\/api.w.org\/{rel}","templated":true}]}}