{"id":3376,"date":"2020-07-08T07:57:40","date_gmt":"2020-07-08T07:57:40","guid":{"rendered":"http:\/\/guneydoguasyacalismalari.com\/?p=3376"},"modified":"2020-07-08T08:22:16","modified_gmt":"2020-07-08T08:22:16","slug":"singapur-secime-gidiyor-singapore-goes-to-elections","status":"publish","type":"post","link":"https:\/\/guneydoguasyacalismalari.com\/tr_tr\/singapur-secime-gidiyor-singapore-goes-to-elections\/","title":{"rendered":"Singapur se\u00e7ime gidiyor \/ Singapore goes to elections"},"content":{"rendered":"<p><strong>Mehmet \u00d6zay\u00a0 \u00a0 \u00a0 \u00a0 \u00a0 \u00a0 \u00a0 \u00a0 \u00a0 \u00a0 \u00a0 \u00a0 \u00a0 \u00a0 \u00a0 \u00a0 \u00a0 \u00a0 \u00a0 \u00a0 \u00a0 \u00a0 \u00a0 \u00a0 \u00a0 \u00a0 \u00a0 \u00a0 \u00a0 \u00a0 \u00a0 \u00a0 \u00a0 \u00a0 \u00a0 \u00a0 \u00a0 \u00a0 \u00a0 \u00a0 \u00a0 \u00a0 \u00a0 \u00a0 \u00a0 \u00a0 \u00a0 08.06.2020<\/strong><\/p>\n<p style=\"text-align: justify;\">G\u00fcneydo\u011fu Asya\u2019n\u0131n \u015fehir devleti Singapur\u2019da halk 10 Temmuz Cuma g\u00fcn\u00fc sand\u0131k ba\u015f\u0131na gidiyor. Ada siyasetindeki 13. genel se\u00e7im ile, 93 sandalyeli meclis ile gelecek be\u015f y\u0131ll\u0131k s\u00fcrede \u00fclkeyi y\u00f6netecek h\u00fck\u00fcmeti belirlenecek.<\/p>\n<p style=\"text-align: justify;\">Yakla\u015f\u0131k 6 milyon n\u00fcfusa sahip Ada\u2019da 2.65 milyon ki\u015fi oy kullanma hakk\u0131na sahip.<\/p>\n<p style=\"text-align: justify;\">Kovid-19 s\u00fcrecinin halen etkisini devam ettirdi\u011fi Ada\u2019da se\u00e7imler, gelecek be\u015f y\u0131lda \u00fclkeyi y\u00f6netecek h\u00fck\u00fcmeti belirleyecek. Bununla birlikte, 1967 y\u0131l\u0131ndaki ba\u011f\u0131ms\u0131zl\u0131ktan bu yana \u00fclkeyi y\u00f6neten Halk\u0131n Eylem Partisi (<em>People\u2019s Action Party<\/em>-PAP) \u2018ba\u015far\u0131s\u0131n\u0131n\u2019 devam edece\u011fini s\u00f6ylemek m\u00fcmk\u00fcn.<\/p>\n<p style=\"text-align: justify;\">Bununla birlikte Ada siyasetinde toplam on iki muhalefet partisi aras\u0131ndan \u0130\u015f\u00e7i Partisi, Demokratik Parti, Ulusal Dayan\u0131\u015fma Partisi, \u0130lerlemeci Singapur Partisi mecliste temsil edilmek i\u00e7in m\u00fccadele edecek.<\/p>\n<p style=\"text-align: justify;\">Bir \u00f6nceki, yani 2015 y\u0131l\u0131nda yap\u0131lan se\u00e7imlerde y\u00fczde 70\u2019lik oy alan PAP\u2019\u0131n, geneli tibar\u0131yla bak\u0131ld\u0131\u011f\u0131nda bug\u00fcne kadar y\u00fczde 60\u2019\u0131n alt\u0131na inmeyen oy oranlar\u0131na sahip olmas\u0131 benzer bir sonu\u00e7 al\u0131nmas\u0131 ihtimalinin y\u00fcksek oldu\u011funu g\u00f6steriyor.<\/p>\n<p style=\"text-align: justify;\">PAP ba\u015fkan\u0131 ve ba\u015fbakan Lee Hsien Loong, bu se\u00e7im kovid-19\u2019un getirdi\u011fi baz\u0131 farkl\u0131la\u015fmalar d\u0131\u015f\u0131nda daha \u00f6nceki se\u00e7imlerden farkl\u0131 olmayacak demesi, a\u00e7\u0131k\u00e7as\u0131 PAP\u2019\u0131n ba\u015far\u0131s\u0131n\u0131n tekrarlanaca\u011f\u0131na olan g\u00fcveni ifade ediyor.<\/p>\n<p style=\"text-align: justify;\">Bununla birlikte, s\u00f6z konusu bu sonu\u00e7larda, \u00fclkede se\u00e7im sisteminin de muhalefin daha fazla say\u0131da milletvekili \u00e7\u0131karmas\u0131na engel oldu\u011fu ileri s\u00fcr\u00fclebilir.<\/p>\n<p style=\"text-align: justify;\"><strong>Kovid-19 s\u00fcrecinde se\u00e7im <\/strong><\/p>\n<p style=\"text-align: justify;\">Mevcut h\u00fck\u00fcmetin 2021 y\u0131l\u0131 Nisan ay\u0131na kadar se\u00e7imleri yapma imk\u00e2n\u0131 bulunmakla birlikte, se\u00e7im karar\u0131n\u0131n a\u00e7\u0131klanm\u0131\u015f olmas\u0131nda kovid-19\u2019a kar\u015f\u0131 verilen m\u00fccadelenin \u00f6nemli bir pay\u0131 oldu\u011funu s\u00f6ylemek m\u00fcmk\u00fcn.<\/p>\n<p style=\"text-align: justify;\">G\u00f6rece istikrar\u0131n yakaland\u0131\u011f\u0131 ve Ada\u2019da g\u00fcndelik ya\u015fam\u0131n normalle\u015fti\u011fi \u015fu g\u00fcnlerde al\u0131nan bu karar, hi\u00e7 ku\u015fku yok ki, kovid-19 belirsizli\u011finin \u00f6n\u00fcm\u00fczdeki aylarda yol a\u00e7abilece\u011fi olumsuzluklar \u00f6ncesinde yeni h\u00fck\u00fcmeti belirleyerek olas\u0131 tedbirlerin daha g\u00fcvenle al\u0131nmas\u0131n\u0131n \u00f6n\u00fcn\u00fc a\u00e7maya y\u00f6nelik bir politikan\u0131n \u00fcr\u00fcn oldu\u011fu da a\u015fik\u00e2r.<\/p>\n<p style=\"text-align: justify;\">Al\u0131nan tedbirlere ra\u011fmen, kovid-19 salg\u0131n\u0131n halen devam etmesi nedeniyle, se\u00e7imler \u00f6ncesindeki kampanya s\u00fcreci geleneksel format\u0131n\u0131n d\u0131\u015f\u0131na \u00e7\u0131kt\u0131. Siyasi partilerin ve adaylar\u0131n kampanyalar\u0131 sanal kampanya ile s\u0131n\u0131rland\u0131r\u0131ld\u0131.<\/p>\n<p style=\"text-align: justify;\">Bu durum, Ada halk\u0131n\u0131n se\u00e7im s\u00fcrecinde siyasete yabanc\u0131la\u015farak i\u00e7ine kapanmas\u0131 gibi bir durum de\u011fil, aksine, halk\u0131n geli\u015fmi\u015flik d\u00fczeyine paralel olarak sanal alemi etkin ve rasyonel bir \u015fekilde kullan\u0131m\u0131n\u0131n getirdi\u011fi bir olgunluk ve hareketlilik s\u00f6z konusu.<\/p>\n<p style=\"text-align: justify;\">Kampanya d\u00f6neminde dikkat \u00e7eken konular hi\u00e7 ku\u015fku yok ki, etnik ve dini \u00e7o\u011fulculuk \u00f6rneklerinden birini olu\u015fturan Ada toplumunda gen\u00e7 n\u00fcfusun e\u011fitim ve istihdam\u0131, ya\u015fam giderlerindeki art\u0131\u015f, konut sorunu, giderek say\u0131s\u0131 artan ya\u015fl\u0131 n\u00fcfusun hayatlar\u0131n\u0131n s\u00fcrd\u00fcr\u00fclebilir bir \u015fekilde devaml\u0131l\u0131\u011f\u0131, sa\u011fl\u0131k harcamalar\u0131, g\u00f6\u00e7men i\u015f\u00e7iler vb. gibi her daim \u00f6ne \u00e7\u0131kan hususlar oluyor.<\/p>\n<p style=\"text-align: justify;\"><strong>Seny\u00f6r bakandan jeopolitik uyar\u0131<\/strong><\/p>\n<p style=\"text-align: justify;\">H\u00fck\u00fcmette, Singapur\u2019a \u00f6zg\u00fc bir bakanl\u0131k olan \u2018seny\u00f6r\u2019 bakanl\u0131k konumundaki tecr\u00fcbeli siyaset\u00e7i Teo Chee Hean, kovid-19\u2019un neden oldu\u011fu ve olaca\u011f\u0131 de\u011fi\u015fimlere g\u00f6nderme yaparak, \u00fclkenin \u00f6n\u00fcm\u00fczdeki d\u00f6nemde g\u00fc\u00e7l\u00fc bir h\u00fck\u00fcmete ihtiyac\u0131 oldu\u011funu vurgulayarak se\u00e7menleri PAP\u2019a oy vermeye davet ediyor.<\/p>\n<p style=\"text-align: justify;\">H\u00fck\u00fcmette, Ulusal G\u00fcvenlik\u2019ten sorumlu koordinasyon bakan\u0131 olarak da g\u00f6rev yapan Teo Chee, pandemi s\u00fcrecinin d\u00fcnyan\u0131n jeopolitik yap\u0131s\u0131na etkisine dikkat \u00e7ekmesi \u00f6nemlidir.<\/p>\n<p style=\"text-align: justify;\">Bu anlamda, Teo Chee, Ada\u2019n\u0131n sadece bug\u00fcn i\u00e7in de\u011fil, \u00f6n\u00fcm\u00fczdeki birka\u00e7 y\u0131lda da etkisini devam ettirece\u011fi \u00f6ng\u00f6r\u00fclen kovid-19\u2019un neden olaca\u011f\u0131 geli\u015fmeler kar\u015f\u0131s\u0131nda g\u00fc\u00e7l\u00fc bir h\u00fck\u00fcmetin varl\u0131\u011f\u0131na dikkat \u00e7ekiyor.<\/p>\n<p style=\"text-align: justify;\">Tecr\u00fcbeli siyaset\u00e7inin ge\u00e7mi\u015fte ya\u015fanan do\u011fal fel\u00e2ketlerin, uluslar\u0131 ve \u00fclkeleri birbirine yak\u0131nla\u015ft\u0131rmas\u0131na kar\u015f\u0131n, kovid-19\u2019la birlikte bunun tersi e\u011filimlerin ortaya \u00e7\u0131kt\u0131\u011f\u0131na vurgu yapmas\u0131 olduk\u00e7a anlaml\u0131d\u0131r.<\/p>\n<p style=\"text-align: justify;\">Bu \u00e7er\u00e7evede, kovid-19\u2019un daha \u00c7in s\u0131n\u0131rlar\u0131ndayken \u00f6zellikle Bat\u0131l\u0131 \u00fclkelerin \u00c7in\u2019de siyasal ve toplumsal de\u011fi\u015fimler \u00f6ng\u00f6ren ve hatta bunu talep eden yakla\u015f\u0131mlar\u0131n\u0131n, bir s\u00fcre sonra k\u00fcresel bir g\u00f6r\u00fcn\u00fcm arz etti\u011finde \u00e7at\u0131\u015fmac\u0131 yap\u0131n\u0131n tedrici olarak art\u0131\u015f\u0131n\u0131n s\u00fcprriz olmad\u0131\u011f\u0131n\u0131 g\u00f6stermi\u015fti.<\/p>\n<p style=\"text-align: justify;\">Teo Chee\u2019nin gizli\/a\u00e7\u0131k ortaya koymak istedi\u011fi ger\u00e7ek bu olsa gerek&#8230;<\/p>\n<p style=\"text-align: justify;\"><strong>K\u00fcresel belirsizlik ortam\u0131nda Ada\u2019da g\u00fcvenlik aray\u0131\u015f\u0131<\/strong><\/p>\n<p style=\"text-align: justify;\">Yak\u0131n ge\u00e7mi\u015fte bu \u00f6l\u00e7ekte bir do\u011fal afetle\/salg\u0131nla kar\u015f\u0131 kar\u015f\u0131ya kalmam\u0131\u015f olan d\u00fcnyan\u0131n, i\u015fbirli\u011fi sergilemesi y\u00f6n\u00fcnde \u2018do\u011fal ve insani\u2019 bir e\u011filimle kar\u015f\u0131la\u015fmak yerine, k\u00fcresel akt\u00f6rlerin birbirlerini kar\u015f\u0131lar\u0131na alacak siyasetlere imza atmalar\u0131 geli\u015fmelerin, sadece s\u00f6ylem d\u00fczeyinde kalmay\u0131p \u00f6zellikle k\u00fcresel ekonomi \u00fczerine etkilerini en \u00e7ok hissedecek \u00fclkelerin ba\u015f\u0131nda Singapur gibi \u00fclkeler geliyor.<\/p>\n<p style=\"text-align: justify;\">Ada y\u00f6netimini otoriterlikle, yar\u0131-demokrasi gibi kavramlarla de\u011ferlendirme e\u011filimindeki Bat\u0131l\u0131 g\u00f6zlemciler ve siyaset\u00e7iler Teo\u2019nun bu yakla\u015f\u0131m\u0131n\u0131, PAP\u2019\u0131n her d\u00f6nem oldu\u011fu gibi iktidarda kalman\u0131n arac\u0131 olarak yeni arg\u00fcmanlar geli\u015ftirmesini ileri s\u00fcrerek abart\u0131l\u0131 bulabilirler.<\/p>\n<p style=\"text-align: justify;\">Ancak unutulmamas\u0131 gereken bir husus var ki, Bat\u0131 Avrupa ve Kuzey Amerika \u00f6rnekli\u011finden yola \u00e7\u0131karak ulus-devlet yap\u0131lanmalar\u0131 tekilci bir ba\u011flama oturtman\u0131n m\u00fcmk\u00fcn olmad\u0131\u011f\u0131n\u0131n kan\u0131tlanmas\u0131n\u0131n \u00fczerinden epeyce bir zaman ge\u00e7ti.<\/p>\n<p style=\"text-align: justify;\">Kald\u0131 ki, Bat\u0131l\u0131 uluslar\u0131n halen sona ermemi\u015f kovid-19 s\u00fcrecinde hi\u00e7 beklenmedik toplumsal ve siyasal savrulmalara konu olmalar\u0131, s\u00f6z konusu bu Bat\u0131 \u00fclkelerinde de hem tekil hem Avrupa Birli\u011fi (AB) ba\u011flam\u0131nda da ulus-devlet olgusuna y\u00f6nelik ele\u015ftirilerin ve\/ya ulus-devletin insan hayat\u0131yla do\u011frudan ilintili konuda ne t\u00fcr yakla\u015f\u0131mlar sergiledikleri ortada.<\/p>\n<p style=\"text-align: justify;\">Burada durup d\u00fc\u015f\u00fcn\u00fclmesi gereken, bir Anglo-Sakson g\u00f6recelili\u011fi \u00fczerine in\u015fa edilmi\u015f ulus-devletten ziyade, \u00f6rne\u011fin Singapur gibi gerek jeo-politik ve jeo-ekonomik ve gerek demografik \u00f6zellikleri ile farkl\u0131la\u015fan toplumlar\u0131n kendi kendilerini y\u00f6netebilmenin ara\u00e7lar\u0131n\u0131, yine ilgili toplumun \u015fartlar\u0131na b\u0131rakmak oldu\u011fu ger\u00e7e\u011finin anla\u015f\u0131lmas\u0131d\u0131r.<\/p>\n<p style=\"text-align: justify;\">Siyasal ve toplumsal farkl\u0131la\u015fman\u0131n bir t\u00fcr kendinde ta\u015f\u0131d\u0131\u011f\u0131 do\u011fall\u0131\u011f\u0131, Singapur gibi \u00fclkelerden esirgemek bile asl\u0131nda, Anglo-Sakson d\u00fcnyan\u0131n ortaya koydu\u011fu ileri s\u00fcr\u00fclen ilkelerle \u00e7eli\u015febilmektedir.<\/p>\n<p style=\"text-align: justify;\">Bu d\u00fcnyan\u0131n kovid-19 s\u00fcrecinde sergiledi\u011fi liberal aymazl\u0131k, ultra-geli\u015fmi\u015fli\u011fin verdi\u011fi gurur ve kibir, aile ve toplumsal ba\u011flar\u0131 zay\u0131flayarak atomize olmu\u015f bireylerinin nas\u0131l bir ill\u00fczyonla ba\u015f\u0131bo\u015f b\u0131rak\u0131ld\u0131klar\u0131na t\u00fcm d\u00fcnya tan\u0131k olmaya devam ediyor.<\/p>\n<p style=\"text-align: justify;\">Bu nedenle Teo Chee\u2019nin kovid-19 ger\u00e7e\u011fine g\u00f6zlerini kapamakla kalmayan ve s\u00fcrecin neredeyse ba\u015f\u0131ndan itibaren \u00e7at\u0131\u015fmac\u0131 ve ayr\u0131\u015ft\u0131r\u0131c\u0131 bir ortam\u0131 k\u00f6r\u00fckleyen Bat\u0131l\u0131 \u00fclke siyaset\u00e7ilerinin aksine, Singapur\u2019un toplumsal ve ekonomik yap\u0131s\u0131n\u0131n can al\u0131c\u0131 yap\u0131la\u015fmas\u0131na dikkat \u00e7ekerek se\u00e7mene mesaj veriyor.<\/p>\n<p style=\"text-align: justify;\">Bu anlamda, kovid-19\u2019un azalma veya gerilemesinden \u00f6te bilinmezli\u011fine daha \u00e7ok vurgu yaparak bunun \u00f6n\u00fcm\u00fczdeki aylar ve hatta y\u0131llar i\u00e7in nelere mal olabilece\u011fini se\u00e7menle payla\u015f\u0131yor.<\/p>\n<p style=\"text-align: justify;\">Bunun bir korku psikolojisi \u00fcretimine matuf bir s\u00f6ylem olarak kabul edip edilemeyece\u011fine, ancak b\u00f6lgesel ve k\u00fcresel geli\u015fmelere bakarak de\u011ferlendirmek m\u00fcmk\u00fcn.<\/p>\n<p style=\"text-align: justify;\">\u00d6yle ki, her \u00fclkede ekonomi s\u00fcre\u00e7lerinde ya\u015fanan yava\u015flama ve dura\u011fanl\u0131k, i\u015f kay\u0131plar\u0131, gerileyen sekt\u00f6rler kar\u015f\u0131s\u0131nda yeni ekonomik faaliyetlerin yap\u0131land\u0131r\u0131lmas\u0131 ve topyek\u00fcn b\u00fcy\u00fcme rakamlar\u0131n\u0131n gerilemesi gibi ger\u00e7ekler Singapur gibi \u00fclkelerin \u00e7ok daha dikkatli ad\u0131mlar atmas\u0131 gerekti\u011fini ortaya koyuyor.<\/p>\n<p style=\"text-align: justify;\">T\u00fcm bunlara ra\u011fmen, Ada\u2019da siyasal muhalefetin olmad\u0131\u011f\u0131, PAP\u2019a alternatif partilerin ve siyasilerin olmad\u0131\u011f\u0131n\u0131 s\u00f6ylemek m\u00fcmk\u00fcn de\u011fil. 2011 y\u0131l\u0131ndaki se\u00e7imleri hat\u0131rlad\u0131\u011f\u0131m\u0131zda, o d\u00f6nem kaleme ald\u0131\u011f\u0131m\u0131z yaz\u0131larda, Singapur siyasetinin de\u011fi\u015fimi zorlayan bir se\u00e7im sonucuyla kar\u015f\u0131 kar\u015f\u0131ya oldu\u011funa dikkat \u00e7ekmi\u015ftik.<\/p>\n<p style=\"text-align: justify;\">PAP iktidarda olmaya devam etse de, bu durum, PAP\u2019\u0131n Ada\u2019y\u0131 y\u00f6netmede uygulada\u011f\u0131 siyasetinde de\u011fi\u015fme ve revizyon olmad\u0131\u011f\u0131 anlam\u0131 ta\u015f\u0131m\u0131yor.<\/p>\n<p style=\"text-align: justify;\">Bu \u00e7er\u00e7evede, bir ba\u015fka tecr\u00fcbeli siyaset\u00e7i Tharman Shanmugaratnam ise, h\u00fck\u00fcmet politikalar\u0131na g\u00f6nderme yaparak, politika \u00fcretmenin de\u011fi\u015fen ve geli\u015fen toplumsal \u015fartlar kar\u015f\u0131s\u0131nda bir \u00f6\u011frenme s\u00fcreci oldu\u011funu ve bunun ger\u00e7ek\u00e7i politikalar ortaya koyman\u0131n bir yolu oldu\u011funa vurgu yap\u0131yor.<\/p>\n<p style=\"text-align: justify;\">M\u00fckemmelliyet\u00e7ilik ile tedrici geli\u015fme aras\u0131ndaki farka dikkat \u00e7eken Tharman, Ada\u2019n\u0131n sorunlar\u0131n\u0131n fark\u0131nda olduklar\u0131na de\u011finerek \u2018<em>inclusive<\/em>\u2019 bir toplum in\u015fa etmenin \u201cbitmeyen bir s\u00fcre\u00e7\u201d oldu\u011funu hat\u0131rlat\u0131yor.<\/p>\n<p style=\"text-align: justify;\"><strong>G\u00fcney Kore \u00f6rne\u011finin tekrar\u0131 m\u00fcmk\u00fcn m\u00fc?<\/strong><\/p>\n<p style=\"text-align: justify;\">Kovid-19 s\u00fcrecinde Asya-Pasifik b\u00f6lgesinde ilk genel se\u00e7imler, ge\u00e7ti\u011fimiz Nisan ay\u0131nda G\u00fcney Kore\u2019de ger\u00e7ekle\u015ftirilmi\u015f ve gerek se\u00e7imlere kat\u0131l\u0131m oranlar\u0131nda art\u0131\u015fa gerekse iktidardaki partinin o g\u00fcne kadar g\u00f6r\u00fclmemi\u015f bir ba\u015far\u0131yla se\u00e7imi tamamlad\u0131\u011f\u0131na tan\u0131k olunmu\u015ftu.<\/p>\n<p style=\"text-align: justify;\">10 Temmuz\u2019da Singapur\u2019da yap\u0131lan se\u00e7imlerde yine kovid-19 m\u00fccadelesinin \u00f6ncelikli bir etkisinden bahsetmek m\u00fcmk\u00fcn. Ancak Ada siyasetinde belirleyici unsurlar\u0131 bu pandemi ile s\u0131n\u0131rlard\u0131rmak m\u00fcmk\u00fcn de\u011fil.<\/p>\n<p style=\"text-align: justify;\">Kald\u0131 ki, Ada y\u00f6netimi kovid-19\u2019la m\u00fccadelede sadece sa\u011fl\u0131k alan\u0131nda gayet \u00f6nemli tedbirler almakla kalmad\u0131, ayn\u0131 zamanda Ada ekonomisinin neredeyse her a\u00e7\u0131dan d\u0131\u015fa ba\u011f\u0131ml\u0131 yap\u0131la\u015fmas\u0131 kar\u015f\u0131s\u0131nda ya\u015fanan t\u00fcm zorluklara kar\u015f\u0131n her hal\u00fck\u00e2rda ekonomik ili\u015fkileri s\u00fcrd\u00fcr\u00fclebilir k\u0131lma ad\u0131na yeniden yap\u0131land\u0131rma konusunda da \u00f6nemli mesai sarf etti.<\/p>\n<p style=\"text-align: justify;\">Cuma g\u00fcn\u00fc sand\u0131k ba\u015f\u0131na gidecek Ada halk\u0131, PAP\u2019\u0131 13. kez yeniden iktidara ta\u015f\u0131y\u0131p ta\u015f\u0131mayaca\u011f\u0131na karar verecek.<\/p>\n","protected":false},"excerpt":{"rendered":"<p>Mehmet \u00d6zay\u00a0 \u00a0 \u00a0 \u00a0 \u00a0 \u00a0 \u00a0 \u00a0 \u00a0 \u00a0 \u00a0 \u00a0 \u00a0 \u00a0 \u00a0 \u00a0 \u00a0 \u00a0 \u00a0 \u00a0 \u00a0 \u00a0 \u00a0 \u00a0 \u00a0 \u00a0 \u00a0 \u00a0 \u00a0 \u00a0 \u00a0 \u00a0 \u00a0 \u00a0 \u00a0 \u00a0 \u00a0 \u00a0 \u00a0 \u00a0 \u00a0 \u00a0 \u00a0 \u00a0 \u00a0 \u00a0 \u00a0 08.06.2020 G\u00fcneydo\u011fu Asya\u2019n\u0131n \u015fehir devleti Singapur\u2019da halk [&hellip;]<\/p>\n","protected":false},"author":1,"featured_media":3377,"comment_status":"open","ping_status":"open","sticky":false,"template":"","format":"standard","meta":{"footnotes":""},"categories":[6,30],"tags":[],"class_list":["post-3376","post","type-post","status-publish","format-standard","has-post-thumbnail","hentry","category-gunluk-yazilar","category-singapur"],"_links":{"self":[{"href":"https:\/\/guneydoguasyacalismalari.com\/tr_tr\/wp-json\/wp\/v2\/posts\/3376","targetHints":{"allow":["GET"]}}],"collection":[{"href":"https:\/\/guneydoguasyacalismalari.com\/tr_tr\/wp-json\/wp\/v2\/posts"}],"about":[{"href":"https:\/\/guneydoguasyacalismalari.com\/tr_tr\/wp-json\/wp\/v2\/types\/post"}],"author":[{"embeddable":true,"href":"https:\/\/guneydoguasyacalismalari.com\/tr_tr\/wp-json\/wp\/v2\/users\/1"}],"replies":[{"embeddable":true,"href":"https:\/\/guneydoguasyacalismalari.com\/tr_tr\/wp-json\/wp\/v2\/comments?post=3376"}],"version-history":[{"count":2,"href":"https:\/\/guneydoguasyacalismalari.com\/tr_tr\/wp-json\/wp\/v2\/posts\/3376\/revisions"}],"predecessor-version":[{"id":3379,"href":"https:\/\/guneydoguasyacalismalari.com\/tr_tr\/wp-json\/wp\/v2\/posts\/3376\/revisions\/3379"}],"wp:featuredmedia":[{"embeddable":true,"href":"https:\/\/guneydoguasyacalismalari.com\/tr_tr\/wp-json\/wp\/v2\/media\/3377"}],"wp:attachment":[{"href":"https:\/\/guneydoguasyacalismalari.com\/tr_tr\/wp-json\/wp\/v2\/media?parent=3376"}],"wp:term":[{"taxonomy":"category","embeddable":true,"href":"https:\/\/guneydoguasyacalismalari.com\/tr_tr\/wp-json\/wp\/v2\/categories?post=3376"},{"taxonomy":"post_tag","embeddable":true,"href":"https:\/\/guneydoguasyacalismalari.com\/tr_tr\/wp-json\/wp\/v2\/tags?post=3376"}],"curies":[{"name":"wp","href":"https:\/\/api.w.org\/{rel}","templated":true}]}}