{"id":33,"date":"2013-10-26T16:11:00","date_gmt":"2013-10-26T16:11:00","guid":{"rendered":"http:\/\/localhost:8080\/ini\/?p=33"},"modified":"2016-10-10T09:16:12","modified_gmt":"2016-10-10T09:16:12","slug":"bengaldes-modern-tarihiyle-yuzlesiyor","status":"publish","type":"post","link":"https:\/\/guneydoguasyacalismalari.com\/tr_tr\/bengaldes-modern-tarihiyle-yuzlesiyor\/","title":{"rendered":"Bengalde\u015f Modern Tarihiyle Y\u00fczle\u015fiyor (mu)? \/ Bangladesh Facing Its Modern History?"},"content":{"rendered":"<div class=\"MsoNormal\" style=\"text-align: justify;\"><b>Mehmet \u00d6zay \u00a0\u00a0\u00a0\u00a0\u00a0\u00a0\u00a0\u00a0\u00a0\u00a0 \u00a0\u00a0\u00a0\u00a0\u00a0\u00a0\u00a0\u00a0\u00a0\u00a0\u00a0 \u00a0\u00a0\u00a0\u00a0\u00a0\u00a0\u00a0\u00a0\u00a0\u00a0\u00a0 \u00a0\u00a0\u00a0\u00a0\u00a0\u00a0\u00a0\u00a0\u00a0\u00a0\u00a0 \u00a0\u00a0\u00a0\u00a0\u00a0\u00a0\u00a0\u00a0\u00a0\u00a0\u00a0 \u00a0\u00a0\u00a0\u00a0\u00a0\u00a0\u00a0\u00a0\u00a0\u00a0\u00a0 \u00a0\u00a0\u00a0\u00a0\u00a0\u00a0\u00a0\u00a0\u00a0\u00a0\u00a0 \u00a0\u00a0\u00a0\u00a0\u00a0\u00a0\u00a0\u00a0\u00a0\u00a0\u00a0 \u00a0\u00a0\u00a0\u00a0\u00a0\u00a0\u00a0 \u00a0 \u00a0 \u00a0 \u00a0 \u00a0 \u00a0 \u00a0\u00a03 Ekim 2013<\/b><\/div>\n<div class=\"separator\" style=\"clear: both; text-align: center;\"><a style=\"clear: left; float: left; margin-bottom: 1em; margin-right: 1em;\" href=\"http:\/\/2.bp.blogspot.com\/-9v7AlyvRCkE\/UmvplnbXDxI\/AAAAAAAABB8\/tgIp3YSx8Ac\/s1600\/bengal1.jpg\"><img loading=\"lazy\" decoding=\"async\" src=\"http:\/\/localhost:8080\/ini\/wp-content\/uploads\/2013\/10\/bengal1.jpg\" width=\"190\" height=\"200\" border=\"0\" \/><\/a><\/div>\n<div class=\"MsoNormal\" style=\"text-align: justify;\">Bengalde\u015f Halk Cumhuriyeti, 24 Aral\u0131k 2014 tarihinde se\u00e7ime gidiyor. \u00dclke se\u00e7im yasalar\u0131na g\u00f6re be\u015f y\u0131ll\u0131k s\u00fcrenin dolmas\u0131na az bir s\u00fcre \u00fclkede siyaset kazan\u0131 kaynamaya \u00e7oktan ba\u015flad\u0131 bile. Se\u00e7imlerin iktidardaki Halk\u0131n Partisi (Awami League) ile Bengalde\u015f Ulusal Partisi (BNU aras\u0131nda ge\u00e7ece\u011fi kesin. Bu iki partide dikkat \u00e7eken husus kad\u0131n liderleri yani Sheikh Hasina Wazed ile Begum Khaleda Zia\u2019n\u0131n son yirmi y\u0131lda \u00fclke siyasetinde iktidara oynayan rakip olmas\u0131. Halk Partisi 350 \u00fcyeli parlamentoda 262 milletvekiline sahip olmas\u0131yla \u00f6nemli bir g\u00fcc\u00fc temsil etti\u011fine ku\u015fku yok. BNU ise 18 partinin koalisyonundan olu\u015fan \u2018\u00e7atma\u2019 bir parti\u2026 Muhalefetin bir di\u011fer ismi ise Bengalde\u015f \u0130slam Cemaati (Jamaat-e-Islami, BJI). Se\u00e7im s\u00fcre\u00e7lerinde BNU ile BJI\u2019nin koalisyon ortakl\u0131\u011f\u0131 yapt\u0131\u011f\u0131 biliniyor. Bu arada yeri gelmi\u015fken ifade edelim, Ba\u015fbakan Hasina\u2019n\u0131n isminin ba\u015f\u0131nda yer alan \u2018Sheikh\u2019 kelimesi, Ba\u015fbakan\u2019\u0131n ilmine, irfan\u0131na matuf bir ibare de\u011fil. Sadece mensubu oldu\u011fu \u2018kabilenin\u2019 ad\u0131\u2026<\/div>\n<div class=\"MsoNormal\" style=\"text-align: justify;\"><\/div>\n<div class=\"MsoNormal\" style=\"text-align: justify;\">Genel Se\u00e7imler \u00f6ncesinde \u00fclke g\u00fcndeminde yer alan geli\u015fmeler \u00fczerinde durulmaya de\u011fer. Son d\u00f6nemde \u00fclke g\u00fcndemini i\u015fgal eden iki konu var. \u0130lki i\u015f\u00e7i haklar\u0131, ikincisi de Uluslararas\u0131 Sava\u015f Su\u00e7lar\u0131 Mahkemesi\u2019nin icraatlar\u0131\u2026 \u00d6nce ilk soruna bir bakal\u0131m\u2026 \u0130\u015f\u00e7i haklar\u0131 \u00e7er\u00e7evesindeki konu ulusal bir konu olarak g\u00f6z\u00fckse de, asl\u0131nda y\u00fczbinlerce i\u015f\u00e7inin ulusar\u0131\u015f\u0131 dev \u015firketlere \u00e7al\u0131\u015ft\u0131\u011f\u0131 dikkate al\u0131nd\u0131\u011f\u0131nda k\u00fcresel bir boyutu oldu\u011funa ku\u015fku yok. \u00dclkenin ucuz i\u015f g\u00fcc\u00fc nedeniyle Bat\u0131l\u0131 tekstil firmalar\u0131n\u0131n \u00f6nemli yat\u0131r\u0131mlar\u0131na konu olmas\u0131 bir anlamda \u00fclke halk\u0131na ekonomik ve sosyal girdiler ba\u011flam\u0131nda pozitif bir etki olarak d\u00fc\u015f\u00fcn\u00fclse de, i\u015f ya\u015fam\u0131n\u0131 konu olan yasalar\u0131n insan \u015feref ve haysiyetini dikkate alacak \u015fekilde yap\u0131land\u0131r\u0131lmam\u0131\u015f olmas\u0131 \u00f6nemli bir handikap olarak g\u00f6z\u00fck\u00fcyor. \u00d6zellikle d\u00fcnyan\u0131n ikinci en b\u00fcy\u00fck tekstil ihra\u00e7at\u00e7\u0131 \u00fclkesi konumunda olu\u015funda da ortaya \u00e7\u0131kt\u0131\u011f\u0131 \u00fczere, ulusa\u015f\u0131r\u0131 \u015firketler i\u00e7in \u201cucuz emek cenneti\u201d olan Bengalde\u015f\u2019de ne anayasa ve kamu kurumlar\u0131 ne de STK\u2019lar\u0131n geni\u015f bir kesimi i\u00e7ine alan \u00e7al\u0131\u015fanlar\u0131n haklar\u0131n\u0131 koruma konusunda tatmink\u00e2r \u00e7al\u0131\u015fmalar\u0131n hayata ge\u00e7irildi\u011fine tan\u0131k olunuyor. Bu nedenledir ki, sa\u011fl\u0131ks\u0131z ko\u015fullarda ve mek\u00e2nlarda \u00e7al\u0131\u015fmak zorunda kalan say\u0131lar\u0131 binleri bulan i\u015f\u00e7inin yak\u0131n ge\u00e7mi\u015fte g\u00f6\u00e7en binalar\u0131n alt\u0131nda can vermesi sadece ulusal d\u00fczeyde de\u011fil, uluslararas\u0131 arenada ses getirse de, pratikte bir yans\u0131mas\u0131n\u0131 g\u00f6rmek en az\u0131ndan \u015fimdilik \u00e7ok zor. Daha ge\u00e7enlerde, kad\u0131n\u0131, k\u0131z\u0131 genciyle onbinlerce tekstil i\u015f\u00e7isi maa\u015flar\u0131n\u0131n asgari 100 Dolar\u2019a y\u00fckseltilmesi amac\u0131yla g\u00f6steri \u00fcst\u00fcne g\u00f6steri yaparken, \u00fclke y\u00f6netiminden sorumlu az\u0131nl\u0131\u011f\u0131n yapabildi\u011fi tek \u015fey kulaklar\u0131n\u0131 t\u0131kay\u0131p polis ve orduyu g\u00f6reve \u00e7a\u011f\u0131rmak oluyor.<\/div>\n<div class=\"MsoNormal\" style=\"text-align: justify;\">\u0130kinci sorun ise, \u00fclke i\u00e7 siyaseti ile s\u0131n\u0131rl\u0131 kalmay\u0131p, b\u00f6lgesel ve k\u00fcresel geli\u015fmelerden ari tutulamayacak bir \u00f6zellik ta\u015f\u0131yor. Bu \u00e7er\u00e7evede, s\u00f6z kosusu bu sorunu \u00fclkenin modern d\u00f6nemine dair bir hesapla\u015fma olarak okumak da m\u00fcmk\u00fcn. Sorunun oda\u011f\u0131nda, 1971 y\u0131l\u0131nda, yani bundan tam 42 y\u0131l \u00f6nce kazan\u0131lan ba\u011f\u0131ms\u0131zl\u0131k s\u00fcrecinde Pakistan\u2019la i\u015fbirli\u011fi yapt\u0131\u011f\u0131 ileri s\u00fcr\u00fclen \u0130slamc\u0131 liderlerden baz\u0131lar\u0131n\u0131n \u2018\u00f6l\u00fcm cezas\u0131\u2019 veya \u2018\u00f6m\u00fcr boyu hapis\u2019 cezalar\u0131na \u00e7arpt\u0131r\u0131lmas\u0131 bulunuyor. Mevcut h\u00fck\u00fcmetin 2009 y\u0131l\u0131nda Uluslararas\u0131 Sava\u015f Su\u00e7lar\u0131 Mahkemesi\u2019ni faaliyete ge\u00e7irmek suretiyle ba\u015flatt\u0131\u011f\u0131 \u201csoyk\u0131r\u0131m\u201d davas\u0131nda hedefte ba\u011f\u0131ms\u0131zl\u0131k \u00f6ncesinde Pakistan\u2019la birle\u015fme y\u00f6n\u00fcnde \u00e7aba sarf eden \u00e7evreleri hedef al\u0131yor. Bu hesapla\u015fma hi\u00e7 ku\u015fku yok ki, 24 Ocak 2014\u2019de yap\u0131lacak se\u00e7imler \u00f6ncesinde muhalefete y\u00f6nelik bir \u2018k\u0131rma\u2019 operasyonunun par\u00e7as\u0131 olarak yorumlan\u0131yor.<\/div>\n<div class=\"MsoNormal\" style=\"text-align: justify;\"><\/div>\n<div class=\"MsoNormal\" style=\"text-align: justify;\">Yaz\u0131n\u0131n bir yerinde dile getirdi\u011fimiz \u00fczere, Devlet Ba\u015fkan\u0131\u2019n\u0131n \u00fclke demokrasisinin geli\u015fmi\u015fli\u011fine(!) yapt\u0131\u011f\u0131 atfa binaen ifade edecek olursak, yakla\u015fan se\u00e7imler \u00f6ncesinde \u00fclkede bir \u2018demokrasi \u015f\u00f6leni\u2019 g\u00f6remiyoruz maalesef. Aksine, se\u00e7imlerin ve de iktidar kavgas\u0131n\u0131n rejimin varl\u0131\u011f\u0131\/yoklu\u011fu mesabesinde i\u015flerlik kazand\u0131r\u0131ld\u0131\u011f\u0131na tan\u0131k olunuyor. Sheikh Hasina Wazed liderli\u011findeki iktidardaki Halk Birli\u011fi Partisi, \u0130slamc\u0131 muhalefete y\u00f6nelik kampanyas\u0131n\u0131 42 y\u0131l \u00f6ncesi ba\u011f\u0131ms\u0131zl\u0131\u011fa giden s\u00fcre\u00e7te ya\u015fananlar \u00fczerinden y\u00fcr\u00fct\u00fcyor. \u00d6yle ki, bu ele\u015ftirilerden eski Devlet Ba\u015fkan\u0131 Ziaur Rahman\u2019da pay\u0131n\u0131 al\u0131yor. \u0130ktidar\u0131n \u00f6nde gelen isimleri, Ziaur Rahman d\u00f6neminde sava\u015f su\u00e7lular\u0131na haklar\u0131n\u0131 iade edildi\u011fini ileri s\u00fcrerek geli\u015fmelerden bir \u015fekilde eski Devlet Ba\u015fkan\u0131\u2019n\u0131 da sorumlu tutuyor. Bu s\u00fcrecin son aya\u011f\u0131nda Ba\u015fkent Dhaka\u2019da kurulan Uluslararas\u0131 Su\u00e7lar Mahkemesi\u2019nde yarg\u0131lanan Bengalde\u015f Ulusal Partisi (BNP)\u2019nin \u00f6nemli isimlerinden ve de Pakistan M\u00fcsl\u00fcmanlar Birli\u011fi Ba\u015fkan\u0131 Fazlul Quader Chowdhury\u2019nin o\u011flu Salahudddin Quader Chowdhury de bulunuyor. Salahuddin Quader, 1971 y\u0131l\u0131nda Hindu az\u0131nl\u0131k grubu, Halk Partisi ve Ba\u011f\u0131ms\u0131zl\u0131k yanl\u0131s\u0131 gruplara y\u00f6nelik \u015fiddet eylemlerinden sorumlu tutularak ahkk\u0131nda yetmi\u015f y\u0131la varan mahkumiyet karar\u0131 verildi. K\u0131sa bir s\u00fcre \u00f6nce ise, ayn\u0131 mahkeme Cemaat-i \u0130slami\u2019nin eski\u00a0 liderlerinden Ghulam Azam 90 y\u0131l, ve Delwar Hossain Sayedee ise \u00f6l\u00fcm cezas\u0131na \u00e7arpt\u0131r\u0131lm\u0131\u015ft\u0131. Bu kararlar \u015fu anda temyiz s\u00fcrecinde.<\/div>\n<div class=\"MsoNormal\" style=\"text-align: justify;\"><\/div>\n<div class=\"MsoNormal\" style=\"text-align: justify;\">\u00dclkede muhalefete y\u00f6nelik y\u0131k\u0131m giri\u015fiminin dayanak noktas\u0131n\u0131 ise Halk Partisi Genel Sekreteri Mahabub-ul-Alam Hanif taraf\u0131ndan a\u00e7\u0131k\u00e7a belirtildi\u011fi \u00fczere \u201cyasalar gere\u011fi\u201d. Mevcut yasalar\u0131n ba\u011f\u0131ms\u0131zl\u0131k \u00f6ncesi ve sonras\u0131nda hangi akt\u00f6rlerce kaleme al\u0131nd\u0131\u011f\u0131 konusu ve ony\u0131llar i\u00e7erisinde ya\u015fanan toplumsal ve k\u00fcresel de\u011fi\u015fimler \u0131\u015f\u0131\u011f\u0131nda kanunlara yeni \u015fekil verme s\u00fcre\u00e7lerinin konu\u015fulamamas\u0131 i\u015fin en tuhaf yan\u0131. Hi\u00e7 ku\u015fku yok ki, Bengalde\u015f ve benzeri \u00fclkelerde mevcut kanunlar iktidar\u0131 ellerinde tutan sek\u00fcler-milliyet\u00e7i \u00e7evrelerin mevcudiyetlerinin yegane teminat\u0131 olan \u2018mutlak\u2019 g\u00fcc\u00fcn dinamosu i\u015flevi g\u00f6rmekten \u00f6teye ge\u00e7miyor. \u00d6yle ki, Devlet Ba\u015fkan\u0131 Abdul Hamid, \u00fclkede ya\u015fanan son geli\u015fmelere de\u011findi\u011fi bir konu\u015fmas\u0131nda \u00fclkenin, mevcut iktidar\u0131n 1971 Ba\u011f\u0131ms\u0131zl\u0131k ruhu yolunda ad\u0131mlar att\u0131\u011f\u0131n\u0131 ve bu anlamda gidi\u015fat\u0131n anayasa, demokrasi, sek\u00fclarizm ve sosyal adalet gibi de\u011ferleri y\u00fcceltecek bir s\u00fcre\u00e7 oldu\u011fu mesaj\u0131n\u0131 vermekten \u00e7ekinmiyordu.<\/div>\n<div class=\"MsoNormal \" style=\"text-align: justify;\"><\/div>\n<div class=\"MsoNormal\" style=\"text-align: justify;\">\u00dcst\u00fcne \u00fcstl\u00fck, sanki yoksullukla ve yolsuzluklarla, temel insan haklar\u0131ndan mahrum i\u015f\u00e7i kesimlerinin, \u015fehir ve \u00e7evrecilik sorunlar\u0131yla y\u00fcz y\u00fcze kalan, ve halk\u0131n\u0131n y\u00fczde 82\u2019sine yak\u0131n bir b\u00f6l\u00fcm\u00fcn\u00fcn g\u00fcnde 2 dolardan daha az gelirle ge\u00e7inme u\u011fra\u015f\u0131 verdi\u011fi Bengalde\u015f de\u011filmi\u015f gibi, Devlet Ba\u015fkan\u0131 \u00fclkenin demokrasi, insan haklar\u0131, yasalar\u0131n \u00fcst\u00fcnl\u00fc\u011f\u00fc, kad\u0131nlar\u0131n \u00e7al\u0131\u015fma ya\u015fam\u0131nda aktif kat\u0131l\u0131m\u0131 vb. konularda uluslararas\u0131 \u00e7evrelerde dikkate al\u0131nd\u0131\u011f\u0131 bir \u00fclke profile \u00e7izmesi insane ancak \u201cg\u00f6z boyamac\u0131l\u0131\u011f\u0131n bu kadar\u0131 olur\u201d dedirte bilir ancak. F\u0131rsat\u0131n\u0131 bulan\u0131n \u00fclkeyi terk etme ad\u0131na her \u015feye g\u00f6ze ald\u0131\u011f\u0131, Arakanl\u0131 g\u00f6\u00e7men M\u00fcsl\u00fcmanlara da\u011f\u0131t\u0131lan uluslararas\u0131 yard\u0131mlara dahi g\u00f6z dikebilecek yoksulluk ve yolsuzluklarla malul bir y\u00f6netim ve toplum \u00fcretmi\u015f \u00fclke y\u00f6netiminin ba\u015f\u0131ndaki ki\u015finin bu s\u00f6zler sarf etmesi utan\u00e7 vesilesi kabul edilmeli.<\/div>\n<div class=\"MsoNormal\" style=\"text-align: justify;\"><\/div>\n<div class=\"MsoNormal\" style=\"text-align: justify;\">\u0130slamc\u0131 kimli\u011fine mensup ki\u015fi ve gruplara y\u00f6nelik y\u0131k\u0131c\u0131 kampanya kar\u015f\u0131s\u0131nda seslerini duyuracak bir platform bulmakta zorlanan kesimlerin kap\u0131s\u0131n\u0131 \u00e7ald\u0131\u011f\u0131 ye rise T\u00fcrkiye oldu\u011funu yak\u0131n d\u00f6nemde g\u00f6rm\u00fc\u015ft\u00fck. T\u00fcrkiye\u2019de kimi temaslarda bulunan muhalefete mensup delegasyonun talepleri yank\u0131 bulmu\u015f, ancak T\u00fcrkiye\u2019nin bu b\u00f6lgede ne kadar yap\u0131c\u0131 ve de\u011fi\u015fime y\u00f6n verici politikalar olu\u015fturma kapasitesi ve kabiliyetinde oldu\u011fu \u015f\u00fcpheli. \u00c7e\u015fitli vesilelerle g\u00f6r\u00fc\u015ft\u00fc\u011f\u00fcm\u00fcz kimi yetkililer T\u00fcrkiye\u2019nin ba\u015f\u0131n\u0131n b\u00f6lge meseleleri nedeniyle zaten yeterince \u2018kalabal\u0131k\u2019 oldu\u011fu ve bu nedenle G\u00fcney Asya ne de G\u00fcneydo\u011fu Asya\u2019ya bakma imkan\u0131 bulmakta zorland\u0131\u011f\u0131n\u0131 ifade ediyorlard\u0131. Tabii bunda anla\u015f\u0131l\u0131r bir y\u00f6n bulmak m\u00fcmk\u00fcn. Ancak anla\u015f\u0131lamayan husus T\u00fcrkiye\u2019nin bu b\u00f6lgede birlikte hareket edebilece\u011fi akt\u00f6rleri bile hen\u00fcz olu\u015fturamam\u0131\u015f olmas\u0131nda yat\u0131yor. Var olan potansiyeller \u00fczerinde \u00e7al\u0131\u015fmalar yapmak yerine, belirsiz T\u00fcrkiye\u2019ye nereye g\u00f6t\u00fcrece\u011fi me\u00e7hul ve de s\u0131f\u0131rdan ba\u015flayan giri\u015fimlerin g\u00fcn\u00fcn ve yak\u0131n gelece\u011fin sorunlar\u0131yla y\u00fcz y\u00fcze gelmede ve de \u00e7\u00f6z\u00fcm imkan\u0131 sunmada yeterli olamayaca\u011f\u0131 g\u00f6zlemcilerin ortak kanaati.<\/div>\n<div class=\"MsoNormal\" style=\"text-align: justify;\"><\/div>\n<div class=\"MsoNormal\" style=\"text-align: justify;\">Bengalde\u015f\u2019in, ayn\u0131 zamanda \u0130slam \u0130\u015fbirli\u011fi Te\u015fkilat\u0131 \u00fcyesi olmas\u0131 ya\u015fanan t\u00fcm hak ve haks\u0131zl\u0131klar ba\u011flam\u0131ndaki geli\u015fmelerin nas\u0131l alg\u0131lanmas\u0131 konusunda da kafa yormay\u0131 gerektiriyor. B\u00f6ylesi bir Te\u015fkilat\u2019a \u00fcye olmakla, \u00fclkede bir \u015feylerin de\u011fi\u015febilece\u011fi, halk\u0131na ve \u00e7evre \u00fclke toplumlar\u0131na bir \u2018art\u0131 de\u011fer\u2019 katabilece\u011fi gibi naif bir d\u00fc\u015f\u00fcnce akla gelse de, ger\u00e7ek maalesef \u00f6yle de\u011fil. Kald\u0131 ki, Bengalde\u015f\u2019in b\u00f6lgesel ve k\u00fcresel g\u00fc\u00e7 dengeleri ba\u011flam\u0131nda hangi safta yer ald\u0131\u011f\u0131 konusunda g\u00f6r\u00fc\u015fler dikkate al\u0131nd\u0131\u011f\u0131nda Te\u015fkilat i\u00e7inde olup olmamas\u0131 ile Te\u015fkilat\u2019\u0131n bu \u00fclke \u00fczerinde ne t\u00fcr bir \u2018soft\u2019 g\u00fc\u00e7 kullan\u0131p kullanmad\u0131\u011f\u0131 daha iyi anla\u015f\u0131labilir. Hi\u00e7 ku\u015fku yok ki, \u0130slamc\u0131 muhalefete y\u00f6nelik bask\u0131lar\u0131n arkas\u0131nda Hindistan g\u00fcd\u00fcml\u00fc politikalar\u0131n hayata ge\u00e7irilmesinin bir par\u00e7as\u0131 oldu\u011fu da b\u00f6lgeyi takip eden g\u00f6zlemcilerin dile getirdikleri bir husus.<\/div>\n","protected":false},"excerpt":{"rendered":"<p>Mehmet \u00d6zay \u00a0\u00a0\u00a0\u00a0\u00a0\u00a0\u00a0\u00a0\u00a0\u00a0 \u00a0\u00a0\u00a0\u00a0\u00a0\u00a0\u00a0\u00a0\u00a0\u00a0\u00a0 \u00a0\u00a0\u00a0\u00a0\u00a0\u00a0\u00a0\u00a0\u00a0\u00a0\u00a0 \u00a0\u00a0\u00a0\u00a0\u00a0\u00a0\u00a0\u00a0\u00a0\u00a0\u00a0 \u00a0\u00a0\u00a0\u00a0\u00a0\u00a0\u00a0\u00a0\u00a0\u00a0\u00a0 \u00a0\u00a0\u00a0\u00a0\u00a0\u00a0\u00a0\u00a0\u00a0\u00a0\u00a0 \u00a0\u00a0\u00a0\u00a0\u00a0\u00a0\u00a0\u00a0\u00a0\u00a0\u00a0 \u00a0\u00a0\u00a0\u00a0\u00a0\u00a0\u00a0\u00a0\u00a0\u00a0\u00a0 \u00a0\u00a0\u00a0\u00a0\u00a0\u00a0\u00a0 \u00a0 \u00a0 \u00a0 \u00a0 \u00a0 \u00a0 \u00a0\u00a03 Ekim 2013 Bengalde\u015f Halk Cumhuriyeti, 24 Aral\u0131k 2014 tarihinde se\u00e7ime gidiyor. \u00dclke se\u00e7im yasalar\u0131na g\u00f6re be\u015f y\u0131ll\u0131k s\u00fcrenin dolmas\u0131na az bir s\u00fcre \u00fclkede siyaset kazan\u0131 kaynamaya \u00e7oktan ba\u015flad\u0131 bile. Se\u00e7imlerin iktidardaki Halk\u0131n Partisi (Awami League) ile Bengalde\u015f [&hellip;]<\/p>\n","protected":false},"author":1,"featured_media":1591,"comment_status":"open","ping_status":"open","sticky":false,"template":"","format":"standard","meta":{"footnotes":""},"categories":[18],"tags":[],"class_list":["post-33","post","type-post","status-publish","format-standard","has-post-thumbnail","hentry","category-banglades"],"_links":{"self":[{"href":"https:\/\/guneydoguasyacalismalari.com\/tr_tr\/wp-json\/wp\/v2\/posts\/33","targetHints":{"allow":["GET"]}}],"collection":[{"href":"https:\/\/guneydoguasyacalismalari.com\/tr_tr\/wp-json\/wp\/v2\/posts"}],"about":[{"href":"https:\/\/guneydoguasyacalismalari.com\/tr_tr\/wp-json\/wp\/v2\/types\/post"}],"author":[{"embeddable":true,"href":"https:\/\/guneydoguasyacalismalari.com\/tr_tr\/wp-json\/wp\/v2\/users\/1"}],"replies":[{"embeddable":true,"href":"https:\/\/guneydoguasyacalismalari.com\/tr_tr\/wp-json\/wp\/v2\/comments?post=33"}],"version-history":[{"count":1,"href":"https:\/\/guneydoguasyacalismalari.com\/tr_tr\/wp-json\/wp\/v2\/posts\/33\/revisions"}],"predecessor-version":[{"id":1592,"href":"https:\/\/guneydoguasyacalismalari.com\/tr_tr\/wp-json\/wp\/v2\/posts\/33\/revisions\/1592"}],"wp:featuredmedia":[{"embeddable":true,"href":"https:\/\/guneydoguasyacalismalari.com\/tr_tr\/wp-json\/wp\/v2\/media\/1591"}],"wp:attachment":[{"href":"https:\/\/guneydoguasyacalismalari.com\/tr_tr\/wp-json\/wp\/v2\/media?parent=33"}],"wp:term":[{"taxonomy":"category","embeddable":true,"href":"https:\/\/guneydoguasyacalismalari.com\/tr_tr\/wp-json\/wp\/v2\/categories?post=33"},{"taxonomy":"post_tag","embeddable":true,"href":"https:\/\/guneydoguasyacalismalari.com\/tr_tr\/wp-json\/wp\/v2\/tags?post=33"}],"curies":[{"name":"wp","href":"https:\/\/api.w.org\/{rel}","templated":true}]}}