{"id":3242,"date":"2020-04-21T05:36:43","date_gmt":"2020-04-21T05:36:43","guid":{"rendered":"http:\/\/guneydoguasyacalismalari.com\/?p=3242"},"modified":"2020-04-21T10:24:48","modified_gmt":"2020-04-21T10:24:48","slug":"asya-pasifikte-azinlik-catisma-bolgelerinde-ve-kamplarda-covid-19-manzarasi-covid-19-in-the-minority-conflict-zones-and-camps-in-asia-pacific-region-2","status":"publish","type":"post","link":"https:\/\/guneydoguasyacalismalari.com\/tr_tr\/asya-pasifikte-azinlik-catisma-bolgelerinde-ve-kamplarda-covid-19-manzarasi-covid-19-in-the-minority-conflict-zones-and-camps-in-asia-pacific-region-2\/","title":{"rendered":"Asya-Pasifik\u2019te az\u0131nl\u0131k-\u00e7at\u0131\u015fma b\u00f6lgelerinde ve kamplarda Covid-19 manzaras\u0131 \/ Covid-19 in the minority-conflict zones and camps in Asia-Pacific region"},"content":{"rendered":"<p><strong>Mehmet \u00d6zay\u00a0 \u00a0 \u00a0 \u00a0 \u00a0 \u00a0 \u00a0 \u00a0 \u00a0 \u00a0 \u00a0 \u00a0 \u00a0 \u00a0 \u00a0 \u00a0 \u00a0 \u00a0 \u00a0 \u00a0 \u00a0 \u00a0 \u00a0 \u00a0 \u00a0 \u00a0 \u00a0 \u00a0 \u00a0 \u00a0 \u00a0 \u00a0 \u00a0 \u00a0 \u00a0 \u00a0 \u00a0 \u00a0 \u00a0 \u00a0 \u00a0 \u00a0 \u00a0 \u00a0 \u00a0 \u00a0 \u00a0 21.04.2020<\/strong><\/p>\n<p style=\"text-align: justify;\">Covid-19 ile m\u00fccadelede ulus-devletlerin rol\u00fcne daha \u00f6nceki baz\u0131 yaz\u0131lar\u0131m\u0131zda de\u011finmi\u015ftik. Hatta bu s\u00fcreci olduk\u00e7a iyi y\u00f6netti\u011fi g\u00f6zlemlenen Asya-Pasifik b\u00f6lgesindeki baz\u0131 \u00fclkelerin covid-19 sonras\u0131 s\u00fcre\u00e7te ulus-devlet alg\u0131n\u0131n de\u011fi\u015fmesi bir yana, daha da g\u00fc\u00e7lenerek \u00e7\u0131kaca\u011f\u0131n\u0131 ileri s\u00fcrm\u00fc\u015ft\u00fck.<\/p>\n<p style=\"text-align: justify;\">Bununla birlikte, Asya-Pasifik b\u00f6lgesinde Covid-19 s\u00fcrecinin nas\u0131l bir y\u00f6nelim takip etti\u011fine dair dikkatle izlenmesi gereken ba\u015fka b\u00f6lgeleri de bulunuyor.<\/p>\n<p style=\"text-align: justify;\">Covid-19 s\u00fcrecinde ba\u015far\u0131l\u0131 uygulama \u00f6rnekleriyle \u00f6ne \u00e7\u0131kan Asya-Pasifik b\u00f6lgesinde, az\u0131nl\u0131k ve \u00e7at\u0131\u015fma b\u00f6lgelerinde s\u00fcrecinde ya\u015fayanlar\u0131n ise bir ba\u015fka ger\u00e7ekli\u011fe tekab\u00fcl ediyor.<\/p>\n<p style=\"text-align: justify;\">Bu \u00e7er\u00e7evede, bu co\u011frafyadaki \u00e7at\u0131\u015fma b\u00f6lgeleri ve \u00f6zerk y\u00f6netim ad\u0131 alt\u0131nda bulunan b\u00f6lgelerde neler ya\u015fand\u0131\u011f\u0131 da \u00f6nem arz etmektedir.<\/p>\n<p style=\"text-align: justify;\">Ayr\u0131ca, \u00e7e\u015fitli \u00fclkelerdeki m\u00fclteci kamplar\u0131n\u0131 da unutmadan.Birle\u015fmi\u015f Milletler \u0130nsan Haklar\u0131 Y\u00fcksek Komiserli\u011fi\u2019nce 9 Nisan\u2019da yap\u0131lan a\u00e7\u0131klamada, Asya-Pasifik b\u00f6lgesinde \u00e7e\u015fitli \u00fclkelerde kamplarda tutulan b\u00fcy\u00fck b\u00f6l\u00fcm\u00fcn\u00fc kad\u0131nlar\u0131n ve \u00e7ocuklar\u0131n olu\u015fturdu\u011fu m\u00fcltecilerin sa\u011fl\u0131kl\u0131 ortamlara kavu\u015fturulmas\u0131 y\u00f6n\u00fcndeki \u00e7a\u011fr\u0131s\u0131 dikkat \u00e7ekiciydi.<\/p>\n<p style=\"text-align: justify;\"><strong>Az\u0131nl\u0131k\/\u00e7at\u0131\u015fma ve \u00f6zerk b\u00f6lgeler<\/strong><\/p>\n<p style=\"text-align: justify;\">Az\u0131nl\u0131klar ve \u00e7at\u0131\u015fma b\u00f6lgelerindeki toplumlar\u0131n Covid-19 ile m\u00fccadelesi tek ba\u015f\u0131na ele al\u0131namayacak, aksine b\u00f6lgesel ve k\u00fcresel yap\u0131lar\u0131n \u00f6nemli deste\u011fiyle s\u00fcrd\u00fcr\u00fclebilir bir duruma i\u015faret etmektedir.<\/p>\n<p style=\"text-align: justify;\">Arakan, Patani, Mindanao, Banglade\u015f gibi d\u00fc\u015f\u00fck veya orta d\u00fczeyde \u00e7at\u0131\u015fmalara konu olan ve\/ya bar\u0131\u015f s\u00fcreci ya\u015famakla birlikte, toplumsal ve siyasal yap\u0131lanmas\u0131n\u0131n sa\u011fl\u0131kl\u0131 bir zemine oturtul\/a\/mad\u0131\u011f\u0131 toplumsal yap\u0131larda Covid-19, bir t\u0131bbi tehdit unsuru olman\u0131n yan\u0131 s\u0131ra, ayr\u0131\u015ft\u0131rman\u0131n ve \u00e7at\u0131\u015fman\u0131n arac\u0131 haline getirilebilecek bir boyuta sahiptir.<\/p>\n<p style=\"text-align: justify;\"><strong>Arakan<\/strong><\/p>\n<p style=\"text-align: justify;\">Myanmar\u2019\u0131n bat\u0131s\u0131ndaki Arakan Eyaleti\u2019nde ya\u015fanan g\u00f6\u00e7 hadiseleri sonras\u0131nda art\u0131k say\u0131lar\u0131n\u0131n sadece birka\u00e7 y\u00fcz bin ile s\u0131n\u0131rl\u0131 olan M\u00fcsl\u00fcmanlar\u0131n -ki bunlar\u0131n 120.000 eyalette olu\u015fturulan 20 kampta ya\u015fam s\u00fcrmektedir- nas\u0131l bir sa\u011fl\u0131k sistemi i\u00e7inde korunduklar\u0131; s\u00f6z konusu g\u00f6\u00e7lerin ana destinasyonu olan Banglade\u015f\u2019in g\u00fcneydo\u011fusundaki Cox\u2019s Bazar b\u00f6lgesindeki kamplarda hayat m\u00fccadelesi s\u00fcren bir milyonu a\u015fk\u0131n Arakanl\u0131 M\u00fcsl\u00fcman\u0131n nas\u0131l bir sa\u011fl\u0131k ortam\u0131 ile y\u00fczle\u015ftikleri;<\/p>\n<p style=\"text-align: justify;\"><strong>Arakan ve kamp <\/strong><\/p>\n<p style=\"text-align: justify;\">Malezya\u2019da, \u015eubat 2020 verilerine g\u00f6re, toplam 14 kampta ya\u015fam s\u00fcren 178.900 m\u00fcltecinin y\u00fcz binden fazlas\u0131n\u0131 olu\u015fturdu\u011fu belirtilen Arakanl\u0131 M\u00fcsl\u00fcmanlar\u0131n olu\u015fturdu\u011fu m\u00fcltecilerin \u00fclke genelinde uygulanan \u00a0tedbirlerden nas\u0131l pay ald\u0131klar\u0131;<\/p>\n<p style=\"text-align: justify;\"><strong>Patani<\/strong><\/p>\n<p style=\"text-align: justify;\">Tayland\u2019\u0131n g\u00fcneyinde d\u00fc\u015f\u00fck yo\u011funluklu \u00e7at\u0131\u015fman\u0131n s\u00fcrd\u00fc\u011f\u00fc Patani b\u00f6lgesinde merkezi Tay h\u00fck\u00fcmetinin ve\/ya b\u00f6lgede sivil-askeri y\u00f6netimi olu\u015fturan G\u00fcney S\u0131n\u0131r Eyaletleri Y\u00f6netim Merkezi\u2019nin nas\u0131l bir sa\u011fl\u0131k politikas\u0131 sergiledi\u011fi;<\/p>\n<p style=\"text-align: justify;\"><strong>Mindanao-Sulu<\/strong><\/p>\n<p style=\"text-align: justify;\">Filipinler\u2019de ba\u015fkent Manila\u2019n\u0131n da bulundu\u011fu Luzon Adas\u0131 covid-19 salg\u0131n\u0131yla m\u00fccadelede zorlu g\u00fcnlere konu oldu\u011fu bir d\u00f6nemde \u00fclkenin g\u00fcneyinde Mindanao ve Sulu Adalar\u0131, bar\u0131\u015f anla\u015fmas\u0131 sonras\u0131nda ge\u00e7en y\u0131l yap\u0131lan referandumla \u00f6zerk y\u00f6netime kavu\u015fmas\u0131na ra\u011fmen, b\u00f6lgenin sosyo-ekonomik yap\u0131s\u0131 ve neredeyse t\u00fcm alt yap\u0131 hizmetlerinin halen b\u00fcy\u00fck \u00f6l\u00e7\u00fcde \u00e7at\u0131\u015fma d\u00f6neminin izlerini ta\u015f\u0131rken, covid-19\u2019un toplumsal ya\u015fam\u0131 nas\u0131l etkiledi\u011fi \u00fczerinde durulmas\u0131 gereken konular\u0131n ba\u015f\u0131nda gelmektedir.<\/p>\n<p style=\"text-align: justify;\"><strong>Merkez-\u00e7evre ayr\u0131\u015fmas\u0131nda \u00e7\u00f6z\u00fcm aray\u0131\u015f\u0131<\/strong><\/p>\n<p style=\"text-align: justify;\">Bu b\u00f6lgelere baz\u0131 \u00fclkelerde \u00f6zellikle alt yap\u0131 anlam\u0131nda geri kalm\u0131\u015f\/b\u0131rak\u0131lm\u0131\u015f b\u00f6lgeleri de eklemek gerekiyor. Bu anlamda, Endonezya gibi bir ucundan di\u011ferine 5000 kilometreyi a\u015fan bulan bir ulus-devlette yerle\u015fik merkez-\u00e7evre ayr\u0131\u015fmas\u0131n\u0131n covid-19 m\u00fccadelesinde yeni bir boyut kazand\u0131\u011f\u0131 g\u00f6zlemlenmektedir.<\/p>\n<p style=\"text-align: justify;\">\u00d6yle ki, bu s\u00fcre\u00e7, daha \u00e7evreye gitmeden, merkezin kendi i\u00e7inde yani, ba\u015fkent Cakarta\u2019da h\u00fck\u00fcmet ile ba\u015fkent valili\u011fi y\u00f6netim \u00e7evresinin covid-19 ile m\u00fccadelede farkl\u0131 politikalar g\u00fcndeme getirmeleri, tam da ortak hareket edilecek bir zeminde ayr\u0131\u015fman\u0131n yeni bir formu olarak ortaya \u00e7\u0131kt\u0131\u011f\u0131 g\u00f6zlemlenmektedir.<\/p>\n<p style=\"text-align: justify;\">Endonezya\u2019da h\u00fck\u00fcmetin uzun bir s\u00fcre covid-19 vakas\u0131n\u0131n g\u00f6r\u00fclmedi\u011fini a\u00e7\u0131klamas\u0131 ard\u0131ndan, yabanc\u0131larla temastan kaynaklanan vakalar\u0131n teker teker ortaya \u00e7\u0131kmas\u0131 kadar, genel test imk\u00e2n\u0131nda ya\u015fanan yoksunluklar, \u00e7e\u015fitli b\u00f6lgelerde hayat\u0131n\u0131 kaybeden ki\u015filerin \u00f6l\u00fcm nedeni olarak covid-19\u2019a \u00e7ok yak\u0131n olarak de\u011ferlendirilen akut solunum rahats\u0131zl\u0131\u011f\u0131 vb. nedenlerin if\u015fas\u0131, merkezi h\u00fck\u00fcmet ile ba\u015fta Cakarta valili\u011fi olmak \u00fczere baz\u0131 eyalet y\u00f6netimleri aras\u0131nda al\u0131nacak tedbirler konusunda ya\u015fanan \u00e7eli\u015fkili s\u00fcre\u00e7ler \u00fclkede bir\u015feylerin olumlu gitmedi\u011finin habercisiydi ve bu s\u00fcre\u00e7 devam ediyor.<\/p>\n<p style=\"text-align: justify;\">Cakarta valisi Anies Baswedan Ge\u00e7en Cumartesi g\u00fcn\u00fc itibar\u0131yla sadece ba\u015fkent Cakarta\u2019da, topla 1114 ki\u015finin cenaze i\u015flemlerinin covid-19 protokollerine g\u00f6re yap\u0131lmas\u0131, hastane raporlar\u0131 ile baz\u0131 \u00e7eli\u015fkilerin ortaya \u00e7\u0131kmas\u0131na neden oluyor. Vefat edenlerin baz\u0131lar\u0131n\u0131n yak\u0131nlar\u0131 halen hastahanalerden \u00f6l\u00fcm raporunu beklemeleri ise s\u00fcrecin nas\u0131l i\u015fledi\u011finin bir ba\u015fka g\u00f6stergesi.<\/p>\n<p style=\"text-align: justify;\">Aralar\u0131nda A\u00e7e\u2019nin de bulundu\u011fu baz\u0131 eyaletlerde hastalardan al\u0131nan \u00f6rneklerin testler i\u00e7in uygun sa\u011fl\u0131k ekipmanlar\u0131n\u0131n bulunmamas\u0131 nedeniyle ba\u015fkent Cakarta\u2019daki Sa\u011fl\u0131k Bakanl\u0131\u011f\u0131 Ara\u015ft\u0131rma ve Geli\u015ftirme birimine (<em>Balitbangkes<\/em>) g\u00f6nderilmesi, aradan ge\u00e7en s\u00fcre zarf\u0131nda olumlu veya\/olumsuz cevap al\u0131nmamas\u0131na ra\u011fmen, hastalar\u0131n hayatlar\u0131n\u0131 yitirmesi alt yap\u0131 eksikli\u011finin yan\u0131 s\u0131ra, b\u00fcrokratik engellemelerin ne denli etkin oldu\u011funu akla getiriyor.<\/p>\n<p style=\"text-align: justify;\">Kald\u0131 ki, \u00fclkenin en bat\u0131 ucunda bulunan A\u00e7e Eyaleti\u2019nden u\u00e7akla iki bu\u00e7uk saatlik mesafedeki ba\u015fkente g\u00f6nderilen ve geri gelmesi beklenen \u00f6rneklerin birbirine kar\u0131\u015f\u0131p kar\u0131\u015fmamas\u0131, yolda veya bekleme s\u00fcrecinde herhangi bir m\u00fcdahaleye konu olup olmamas\u0131 gibi bir dizi soruyu da akla getiriyor.<\/p>\n<p style=\"text-align: justify;\">Burada savunmac\u0131 bir yakla\u015f\u0131mla, zaten ba\u015fkent Cakarta\u2019da durumun pek de i\u00e7 ac\u0131c\u0131 olmamas\u0131 nedeniyle, A\u00e7e\u2019deki ve\/ya ba\u015fka b\u00f6lgelerdeki sa\u011fl\u0131k alt yap\u0131s\u0131n\u0131n dikkate al\u0131namayacak olmas\u0131n\u0131 normal bulabilir. Ancak A\u00e7e\u2019nin tecr\u00fcbe etti\u011fi ve o d\u00f6nem y\u00fczy\u0131l\u0131n fel\u00e2keti olarak adland\u0131r\u0131lan tsunami sonras\u0131nda b\u00f6lge i\u00e7in kullan\u0131lmas\u0131 \u00f6ng\u00f6r\u00fclen yedi milyar Dolarl\u0131k uluslararas\u0131 deste\u011fin nas\u0131l bir sa\u011fl\u0131k alt yap\u0131s\u0131n\u0131n geli\u015ftirilip geli\u015ftirilmedi\u011finin sorgulanaca\u011f\u0131 d\u00f6nemler asl\u0131nda covid-19 gibi d\u00f6nemlerdir.<\/p>\n<p style=\"text-align: justify;\">Bug\u00fcn A\u00e7e\u2019de herhangi bir hastahanade covid-19 testinin yap\u0131l\/a\/mamas\u0131 bir yana, sa\u011fl\u0131k g\u00f6revlilerinin en temel ihtiya\u00e7lardan yoksun olmas\u0131 tsunami sonras\u0131 yeniden yap\u0131lanma ve ard\u0131ndan \u201c\u00f6zerk\u201d bir siyasi y\u00f6netime sahip A\u00e7e\u2019nin nas\u0131l bir kalk\u0131nma s\u00fcrecine konu oldu\u011funun test edilmesine neden oluyor.<\/p>\n<p style=\"text-align: justify;\">\u00d6zerk y\u00f6netim \u015fartlar\u0131 \u00e7er\u00e7evesinde uluslararas\u0131 partnerlerle ortak projeler\/destekler g\u00fcndeme gelebilece\u011fi ger\u00e7e\u011fine kar\u015f\u0131n, bug\u00fcn A\u00e7e covid-19 \u00e7er\u00e7evesinde merkeze ba\u011f\u0131ml\u0131 bir yap\u0131 sergilemektedir. Ulusal bas\u0131nda A\u00e7e\u2019de g\u00fcya covid-19 \u00f6nlemleri \u00e7er\u00e7evesinde askerlerin alelade maskeleri A\u00e7eli ya\u015fl\u0131lar\u0131n y\u00fczlerine takarken \u00e7ekilen ve neredeyse \u00f6zellikle \u00e7ekilmi\u015f imaj\u0131 uyand\u0131ran foto\u011fraflar ise, sanki b\u00f6lgede son on be\u015f y\u0131l hi\u00e7 ya\u015fanmam\u0131\u015f, aksine \u00e7at\u0131\u015fma d\u00f6neminin sorunlu yap\u0131s\u0131n\u0131 ortaya koyan bir g\u00f6r\u00fcnt\u00fcye g\u00f6nderme yap\u0131yor.<\/p>\n<p style=\"text-align: justify;\">Tsunami sonras\u0131nda T\u00fcrk K\u0131z\u0131lay\u2019\u0131n\u0131n eyalet ba\u015fkenti Banda A\u00e7e\u2019de in\u015fas\u0131na katk\u0131da bulundu\u011fu \u201cToplum Merkezi\u201dnde kendisine ayr\u0131lan bir b\u00f6l\u00fcm\u00fcn y\u0131llard\u0131r at\u0131l bir vaziyette durmas\u0131 ise sadece bug\u00fcnler i\u00e7in de\u011fil, A\u00e7e\u2019de genel kamu sa\u011fl\u0131\u011f\u0131n\u0131n desteklenmesi geli\u015ftirilmesi i\u00e7in olas\u0131 bir imk\u00e2n\u0131n nas\u0131l heba edilebilece\u011finin de \u00f6rne\u011fi olarak ortada durmaktad\u0131r.<\/p>\n<p style=\"text-align: justify;\">K\u0131z\u0131lay 2009 y\u0131l\u0131ndan sonra b\u00f6lgeden \u00e7ekilirken, bir s\u00fcre Banda A\u00e7e\u2019deki Endonezya K\u0131z\u0131lha\u00e7\u2019\u0131na (<em>Paleng Merah Indonesia<\/em>-PMI) g\u00f6nderildi\u011fi ifade edilen az\u0131msanmayacak miktarda deste\u011fin ise ne \u015fekilde harcand\u0131\u011f\u0131 herhalde PMI kay\u0131tlar\u0131ndan ara\u015ft\u0131rmam m\u00fcmk\u00fcn olabilir. Sorunun temelinde \u015fu veya bu kurum ve yard\u0131m de\u011fil, s\u00fcrd\u00fcr\u00fclebilirlik esas\u0131na dayal\u0131 bir yap\u0131la\u015fman\u0131n olup olmad\u0131\u011f\u0131d\u0131r s\u00f6z konusu olan.<\/p>\n<p style=\"text-align: justify;\">Yoksa, A\u00e7e\u2019nin kendine yeter kaynaklar\u0131n\u0131n bug\u00fcne kadar A\u00e7eliler i\u00e7in kullan\u0131lmam\u0131\u015f olmas\u0131, \u00f6zerk y\u00f6netim ad\u0131 ile var olan siyasi sistemin t\u00fcm detaylar\u0131 ile uygulanmaya ge\u00e7irilmemi\u015f olmas\u0131, sadece covid-19 gibi k\u00fcresel bir s\u00fcre\u00e7te kamu sa\u011fl\u0131\u011f\u0131 alan\u0131nda ac\u0131nas\u0131 durumlar\u0131n ortaya \u00e7\u0131kmas\u0131na yol a\u00e7makla kalm\u0131yor. Aksine, b\u00f6lgenin kendi ba\u011flam\u0131nda, diyelim ki Endonezya\u2019n\u0131n di\u011fer eyaletleri i\u00e7in de \u00f6rnek te\u015fkil edecek bir yap\u0131lanman\u0131n hayata ge\u00e7irilememesine neden oluyor.<\/p>\n<p style=\"text-align: justify;\">Asya-Pasifik b\u00f6lgesinin G\u00fcney Kore \u00f6rne\u011finde oldu\u011fu gibi kalk\u0131nm\u0131\u015f \u00fclkelerinin Covid-19\u2019la m\u00fccadelede sergiledi\u011fi g\u00f6rece ba\u015far\u0131n\u0131n yan\u0131 s\u0131ra, ya\u015fanan k\u00fcresel kaos nedeniyle -en az\u0131ndan \u015fimdilik- g\u00f6zlerden uzak kalan az\u0131nl\u0131k-\u00e7at\u0131\u015fma ve \u00f6zerk b\u00f6lgelerinde ya\u015fayan toplumlar\u0131n nas\u0131l bir sa\u011fl\u0131k ortam\u0131 ile y\u00fcz y\u00fcze kald\u0131klar\u0131 dikkatle ele al\u0131nmay\u0131 bekliyor.<\/p>\n<p style=\"text-align: justify;\">Bu \u00e7er\u00e7evede, b\u00f6lgedeki ilgili ulus-devletlerin yan\u0131 s\u0131ra, bir birlik olarak ASEAN ile Tayvan, G\u00fcney Kore, Singapur gibi kalk\u0131nm\u0131\u015f \u00fclkeler kadar, \u00e7at\u0131\u015fma b\u00f6lgeleri toplumlar\u0131n\u0131n baz\u0131 \u00f6zellikleri dolay\u0131s\u0131yla halk\u0131n\u0131n \u00e7o\u011funlu\u011fu M\u00fcsl\u00fcman olan \u00fclkelerin de i\u015fbirli\u011fine imkan tan\u0131yan bir yap\u0131la\u015fman\u0131n hi\u00e7 ku\u015fku yok ki, bug\u00fcnlerde \u00e7ok\u00e7a g\u00fcndeme getirilen \u201cparadigma de\u011fi\u015fikli\u011fini\u201d ilk ad\u0131m\u0131 olaca\u011f\u0131na ku\u015fku bulunmamaktad\u0131r.<\/p>\n<p style=\"text-align: justify;\">\n","protected":false},"excerpt":{"rendered":"<p>Mehmet \u00d6zay\u00a0 \u00a0 \u00a0 \u00a0 \u00a0 \u00a0 \u00a0 \u00a0 \u00a0 \u00a0 \u00a0 \u00a0 \u00a0 \u00a0 \u00a0 \u00a0 \u00a0 \u00a0 \u00a0 \u00a0 \u00a0 \u00a0 \u00a0 \u00a0 \u00a0 \u00a0 \u00a0 \u00a0 \u00a0 \u00a0 \u00a0 \u00a0 \u00a0 \u00a0 \u00a0 \u00a0 \u00a0 \u00a0 \u00a0 \u00a0 \u00a0 \u00a0 \u00a0 \u00a0 \u00a0 \u00a0 \u00a0 21.04.2020 Covid-19 ile m\u00fccadelede ulus-devletlerin rol\u00fcne daha [&hellip;]<\/p>\n","protected":false},"author":1,"featured_media":3247,"comment_status":"open","ping_status":"open","sticky":false,"template":"","format":"standard","meta":{"footnotes":""},"categories":[9,6],"tags":[],"class_list":["post-3242","post","type-post","status-publish","format-standard","has-post-thumbnail","hentry","category-asya-pasifik","category-gunluk-yazilar"],"_links":{"self":[{"href":"https:\/\/guneydoguasyacalismalari.com\/tr_tr\/wp-json\/wp\/v2\/posts\/3242","targetHints":{"allow":["GET"]}}],"collection":[{"href":"https:\/\/guneydoguasyacalismalari.com\/tr_tr\/wp-json\/wp\/v2\/posts"}],"about":[{"href":"https:\/\/guneydoguasyacalismalari.com\/tr_tr\/wp-json\/wp\/v2\/types\/post"}],"author":[{"embeddable":true,"href":"https:\/\/guneydoguasyacalismalari.com\/tr_tr\/wp-json\/wp\/v2\/users\/1"}],"replies":[{"embeddable":true,"href":"https:\/\/guneydoguasyacalismalari.com\/tr_tr\/wp-json\/wp\/v2\/comments?post=3242"}],"version-history":[{"count":4,"href":"https:\/\/guneydoguasyacalismalari.com\/tr_tr\/wp-json\/wp\/v2\/posts\/3242\/revisions"}],"predecessor-version":[{"id":3252,"href":"https:\/\/guneydoguasyacalismalari.com\/tr_tr\/wp-json\/wp\/v2\/posts\/3242\/revisions\/3252"}],"wp:featuredmedia":[{"embeddable":true,"href":"https:\/\/guneydoguasyacalismalari.com\/tr_tr\/wp-json\/wp\/v2\/media\/3247"}],"wp:attachment":[{"href":"https:\/\/guneydoguasyacalismalari.com\/tr_tr\/wp-json\/wp\/v2\/media?parent=3242"}],"wp:term":[{"taxonomy":"category","embeddable":true,"href":"https:\/\/guneydoguasyacalismalari.com\/tr_tr\/wp-json\/wp\/v2\/categories?post=3242"},{"taxonomy":"post_tag","embeddable":true,"href":"https:\/\/guneydoguasyacalismalari.com\/tr_tr\/wp-json\/wp\/v2\/tags?post=3242"}],"curies":[{"name":"wp","href":"https:\/\/api.w.org\/{rel}","templated":true}]}}