{"id":3207,"date":"2020-03-27T21:01:01","date_gmt":"2020-03-27T21:01:01","guid":{"rendered":"http:\/\/guneydoguasyacalismalari.com\/?p=3207"},"modified":"2020-03-29T14:34:05","modified_gmt":"2020-03-29T14:34:05","slug":"covid-19un-tetikledigi-sosyoloji","status":"publish","type":"post","link":"https:\/\/guneydoguasyacalismalari.com\/tr_tr\/covid-19un-tetikledigi-sosyoloji\/","title":{"rendered":"Covid-19\u2019un tetikledi\u011fi toplumsal \u00e7\u00f6z\u00fcm \/ social solution triggered by covid-19"},"content":{"rendered":"<p><strong>Mehmet \u00d6zay\u00a0 \u00a0 \u00a0 \u00a0 \u00a0 \u00a0 \u00a0 \u00a0 \u00a0 \u00a0 \u00a0 \u00a0 \u00a0 \u00a0 \u00a0 \u00a0 \u00a0 \u00a0 \u00a0 \u00a0 \u00a0 \u00a0 \u00a0 \u00a0 \u00a0 \u00a0 \u00a0 \u00a0 \u00a0 \u00a0 \u00a0 \u00a0 \u00a0 \u00a0 \u00a0 \u00a0 \u00a0 \u00a0 \u00a0 \u00a0 \u00a0 \u00a0 \u00a0 \u00a0 \u00a0 \u00a0 \u00a027.03.2020<\/strong><\/p>\n<p style=\"text-align: justify;\">Koronavir\u00fcs 19 (<em>covid-19<\/em>) yerelden k\u00fcresele do\u011fru etkisini ve tesirini giderek meydan okuyucu bir \u015fekilde ortaya koymaya devam ediyor. S\u00f6z konusu bu meydana okuma s\u00fcreci, toplumsal yap\u0131lar\u0131n neredeyse hi\u00e7birinin ka\u00e7\u0131namayaca\u011f\u0131 bir boyutta g\u00fcndeme gelmektedir.<\/p>\n<p style=\"text-align: justify;\">Aral\u0131k ay\u0131n\u0131n son g\u00fcnlerinden itibaren, b\u00f6lgesel ve k\u00fcresel haberlerin ba\u015fl\u0131klar\u0131 bile, bu vir\u00fcs\u00fcn ortaya koymakta oldu\u011fu etkiden hi\u00e7bir toplumsal yap\u0131n\u0131n ve kurumun ka\u00e7amad\u0131\u011f\u0131 ortaya koyacak <a href=\"http:\/\/guneydoguasyacalismalari.com\/2020\/03\/20\/covid-19-ile-kuresel-mucadele-mumkun-mu-any-possibility-of-global-fight-against-covid-19\/\" target=\"_blank\">veriler i\u00e7ermektedir.<\/a><\/p>\n<p style=\"text-align: justify;\">Bunun \u00f6tesinde, insanl\u0131\u011f\u0131 tehdit eden mevcut durum kar\u015f\u0131s\u0131nda, modern t\u0131bbi \u00e7\u00f6z\u00fcm yollar\u0131nda, hem de rekabet\u00e7i bir ortamda, bir \u00e7aba sergilenmekte oldu\u011fu ortadad\u0131r.<\/p>\n<p style=\"text-align: justify;\">Ayn\u0131 zamanda, a\u015fa\u011f\u0131da dile getirilece\u011fi \u00fczere, k\u00fcrenin do\u011fusundan bat\u0131s\u0131na vir\u00fcs\u00fcn ge\u00e7ti\u011fi co\u011frafyalarda g\u00fcncellenen bir t\u00fcr maneviyat\u00e7\u0131l\u0131\u011f\u0131n da g\u00fcndeme geldi\u011fine tan\u0131k olunmaktad\u0131r.<\/p>\n<p style=\"text-align: justify;\">Bu durum, biyolojik tehdide maruz kalan insano\u011flunun her\u015feyden yal\u0131t\u0131lm\u0131\u015f, salt bir \u00e7\u00f6z\u00fcm aray\u0131\u015f\u0131 i\u00e7eriside oldu\u011funu ortaya koymamaktad\u0131r.<\/p>\n<p style=\"text-align: justify;\">Bunun \u00f6tesinde, yeni bir sosyolojinin olu\u015fumuna zemin te\u015fkil edecek ba\u011flamlar\u0131n g\u00fcndeme geldi\u011fini de s\u00f6ylemek m\u00fcmk\u00fcn. Bu noktada, bunun ipu\u00e7lar\u0131n\u0131n tedrici olarak baz\u0131 b\u00f6lgelerde ortaya \u00e7\u0131kt\u0131\u011f\u0131 ve di\u011ferlerinde de \u00e7\u0131kmaya matuf y\u00f6nelimler ta\u015f\u0131d\u0131\u011f\u0131n\u0131 g\u00f6zlemlenmektedir.<\/p>\n<p style=\"text-align: justify;\">Vir\u00fcs\u00fcn di\u011ferlerinden farkl\u0131l\u0131\u011f\u0131, t\u0131bbi m\u00fcdahale y\u00f6ntemlerinin vir\u00fcs\u00fcn belirsizlik ve bilinmezli\u011fi kar\u015f\u0131s\u0131nda sergiledi\u011fi \u00e7aresizlik, al\u0131nmakta gecikilen idari kararlar ve benzeri s\u00fcre\u00e7ler toplumsal kurumlar\u0131n egemenlik hususiyetlerini zedelemeye yetmi\u015ftir.<\/p>\n<p style=\"text-align: justify;\">Bu durum kar\u015f\u0131s\u0131nda, tekil bireylerin \u00e7\u00f6z\u00fcm y\u00f6n\u00fcnde ald\u0131\u011f\u0131 g\u00f6zlemlenen kendinde kararlar\u0131n, vir\u00fcs\u00fcn etkisine \u00e7are bulup bulmayaca\u011f\u0131 bir yana hi\u00e7 ku\u015fku yok ki, bir anlams\u0131zl\u0131k ortam\u0131nda varolu\u015funu koruyacak bir anlam pe\u015finde ko\u015fman\u0131n bir ifadesi olarak de\u011ferlendirmek gerekir.<\/p>\n<p style=\"text-align: justify;\">Sosyolojinin \u2018g\u00fcven \u00e7a\u011f\u0131\u2019 olgusuyla g\u00fcndeme getirdi\u011fi \u00fczere, kendisine g\u00fcvenilen bilimin i\u015flevini yerine getirmesi bekleniyor. Ancak covid-19 k\u00fcresel yay\u0131lmas\u0131na kar\u015f\u0131n, \u015fu ana kadar bir \u00e7arenin ger\u00e7ekle\u015ftirilememi\u015f olmas\u0131n\u0131n zorunlu bir sonucu olarak, geride b\u0131rak\u0131lm\u0131\u015f oldu\u011fu izlenimi ver\/il\/en geleneksel d\u00f6nemlerin ve de\u011ferlerin \u00fcretimi \u00e7\u00f6z\u00fcmlere y\u00f6nelinmektedir.<\/p>\n<p style=\"text-align: justify;\">Bu durumda, meyve, sebze ve baharat gibi do\u011fal malzemelerden \u00fcretilen ve zaman zaman bir dizi \u00f6zel kar\u0131\u015f\u0131ma da ihtiya\u00e7 duyan, i\u00e7ecek ve yiyeceklerin biyolojik sa\u011fl\u0131\u011fa yapaca\u011f\u0131 olumlu katk\u0131dan \u00fcmit beklenmektedir.<\/p>\n<p style=\"text-align: justify;\">En az\u0131ndan bu y\u00f6ntemler ile v\u00fccud direncinin art\u0131r\u0131lmas\u0131 konusunda var olan ancak unutulmu\u015f ya da \u2018g\u00fcven \u00e7a\u011f\u2019\u0131 nosyonu kar\u015f\u0131s\u0131nda, me\u015fru t\u0131bbi y\u00f6ntemlerin d\u0131\u015f\u0131na iteklenmi\u015f yerle\u015fik kan\u0131n\u0131n g\u00fcncellendi\u011fine tan\u0131k olunmaktad\u0131r.<\/p>\n<p style=\"text-align: justify;\">Covid-19\u2019un b\u00f6lgesel yay\u0131l\u0131m\u0131na bak\u0131ld\u0131\u011f\u0131nda, birbirinden farkl\u0131 toplum yap\u0131lar\u0131na n\u00fcfuz etti\u011fi a\u015fik\u00e2rd\u0131r. Bu toplumlar\u0131, geli\u015fmi\u015f, geli\u015fmekte olan, geri kalm\u0131\u015f toplumlar olarak ekonomik temelli olarak s\u0131n\u0131fland\u0131rmak m\u00fcmk\u00fcnd\u00fcr.<\/p>\n<p style=\"text-align: justify;\">\u00d6te yandan, bu yay\u0131l\u0131m\u0131 dinler\/inan\u00e7lar ba\u011flam\u0131nda bir seyir takip ederek de izlemek m\u00fcmk\u00fcn.<\/p>\n<p style=\"text-align: justify;\">\u00d6yle ki, vir\u00fcs\u00fcn do\u011fu\u015f yeri itibar\u0131yla Budist, Konf\u00fc\u00e7y\u00fcsc\u00fc bir dinimsi\/k\u00fclt\u00fcrel toplumsal yap\u0131da ortaya \u00e7\u0131kt\u0131\u011f\u0131, ard\u0131ndan \u015eintoizmin belirgin bir maneviyat\u00e7\u0131l\u0131k \u00f6rne\u011fi sergiledi\u011fi Japonya\u2019da ard\u0131ndan n\u00fcfusunun yar\u0131ya yak\u0131n\u0131 katolik-protestan unsurlara di\u011fer yar\u0131s\u0131 Budist\/konf\u00fc\u00e7y\u00fcsc\u00fc do\u011fu bu d\u00fcnyac\u0131 dinlere ev sahipli\u011fi yapan G\u00fcney Kore\u2019de g\u00f6r\u00fcld\u00fc\u011f\u00fc, \u0130slam toplumlar\u0131na ev sahipli\u011fi yapan Malezya-Endonezya\u2019da gizli\/a\u00e7\u0131k varl\u0131k g\u00f6sterdi\u011fi, \u015eia toplumunun egemen oldu\u011fu \u0130ran\u2019\u0131, ard\u0131ndan Katolik \u0130talya ve \u0130spanya\u2019y\u0131 etkisi alt\u0131na ald\u0131\u011f\u0131 ve nihayetinde dinler cenneti ABD\u2019yi kapsam\u0131 i\u00e7ine alan bir geni\u015f yay\u0131lmac\u0131l\u0131k s\u00fcreci sergiledi\u011fini ortaya koymak m\u00fcmk\u00fcn.<\/p>\n<p style=\"text-align: justify;\">Bu yap\u0131lar\u0131n hemen hemen her birinin, yukar\u0131da dikkat \u00e7ekilen kendine \u00f6zg\u00fc geleneksel, k\u00fclt\u00fcrel sa\u011falt\u0131m tekniklerini birer \u00e7\u00f6z\u00fcm olarak sunmas\u0131 a\u00e7\u0131k\u00e7as\u0131, kar\u015f\u0131 kar\u015f\u0131ya kal\u0131nan biyolojik tehditle m\u00fccadelede \u00e7o\u011fulcu yakla\u015f\u0131mlar\u0131n bir \u00f6rne\u011fini te\u015fkil etmektedir.<\/p>\n<p style=\"text-align: justify;\">Bir \u00e7\u00f6z\u00fcm olma iddias\u0131n\u0131 kendi bireysel evreni i\u00e7erisinde de\u011ferlendiren k\u00fclt\u00fcrel\/dini yap\u0131lar\u0131n baz\u0131 ortamlarda alay konusu edildi\u011fine tan\u0131k olunabilmektedir. Ancak bu hususta pek de \u015fa\u015f\u0131lacak bir \u015fey yok olmad\u0131\u011f\u0131n\u0131 s\u00f6ylemek gerekiyor. Bu husus, temelde, alaya konu edilen olgu ile alay eylemini ger\u00e7ekle\u015ftiren akt\u00f6r\/ler aras\u0131nda ba\u011flamsal bir kopu\u015f olmas\u0131ndan kaynaklanmaktad\u0131r.<\/p>\n<p style=\"text-align: justify;\">Bununla birlikte, hi\u00e7 ku\u015fku yok ki, bu \u00fcr\u00fcnlerin kendinde bir manevi ba\u011flam\u0131 da i\u00e7inde ta\u015f\u0131d\u0131\u011f\u0131n\u0131 s\u00f6ylemek gerekir. Sadece tarihin uzak bir d\u00f6neminde b\u0131rak\u0131lm\u0131\u015f bir olgu olmad\u0131klar\u0131, aksine, gayet ola\u011fan bir bi\u00e7imde i\u00e7inde ya\u015fad\u0131\u011f\u0131m\u0131z d\u00f6nemde de uygulama imk\u00e2n\u0131 bulmaktad\u0131rlar.<\/p>\n<p style=\"text-align: justify;\">Bununla birlikte, s\u00f6z konusu bu pratikleri bir \u00e7\u00f6z\u00fcm bulma gayesiyle ortaya koyanlar bir laboratuar yal\u0131t\u0131lm\u0131\u015fl\u0131\u011f\u0131 i\u00e7erisinde hareket etmemektedirler.<\/p>\n<p style=\"text-align: justify;\">Aksine, bu nesneleri \u00fcretme s\u00fcrecine i\u015ftirak eden bireyler, bizatihi bu nesneleri olu\u015fturan bir evrenin i\u00e7inde kendilerini bularak, do\u011fa ile temasa, bir ba\u015fka deyi\u015fle etkile\u015fim i\u00e7erisinde olduklar\u0131na dair gizli\/a\u00e7\u0131k referans vermektedirler.<\/p>\n<p style=\"text-align: justify;\">Yukar\u0131da dikkat \u00e7ekilen dini\/k\u00fclt\u00fcrel geleneksel inan\u00e7 modellerinden \u015fu ya da bu \u015fekilde beslenen bir \u00e7\u00f6z\u00fcm aray\u0131\u015f\u0131n\u0131n, t\u0131b biliminin d\u0131\u015f\u0131nda veya i\u00e7inde olmak gibi bir iddias\u0131 ile de\u011fil, farkl\u0131 bir bilgi ve anlam prati\u011fi ile bunu ortaya koymakta olduklar\u0131n\u0131 g\u00f6rmek gerekiyor.<\/p>\n","protected":false},"excerpt":{"rendered":"<p>Mehmet \u00d6zay\u00a0 \u00a0 \u00a0 \u00a0 \u00a0 \u00a0 \u00a0 \u00a0 \u00a0 \u00a0 \u00a0 \u00a0 \u00a0 \u00a0 \u00a0 \u00a0 \u00a0 \u00a0 \u00a0 \u00a0 \u00a0 \u00a0 \u00a0 \u00a0 \u00a0 \u00a0 \u00a0 \u00a0 \u00a0 \u00a0 \u00a0 \u00a0 \u00a0 \u00a0 \u00a0 \u00a0 \u00a0 \u00a0 \u00a0 \u00a0 \u00a0 \u00a0 \u00a0 \u00a0 \u00a0 \u00a0 \u00a027.03.2020 Koronavir\u00fcs 19 (covid-19) yerelden k\u00fcresele do\u011fru etkisini [&hellip;]<\/p>\n","protected":false},"author":1,"featured_media":3214,"comment_status":"open","ping_status":"open","sticky":false,"template":"","format":"standard","meta":{"footnotes":""},"categories":[9,6],"tags":[],"class_list":["post-3207","post","type-post","status-publish","format-standard","has-post-thumbnail","hentry","category-asya-pasifik","category-gunluk-yazilar"],"_links":{"self":[{"href":"https:\/\/guneydoguasyacalismalari.com\/tr_tr\/wp-json\/wp\/v2\/posts\/3207","targetHints":{"allow":["GET"]}}],"collection":[{"href":"https:\/\/guneydoguasyacalismalari.com\/tr_tr\/wp-json\/wp\/v2\/posts"}],"about":[{"href":"https:\/\/guneydoguasyacalismalari.com\/tr_tr\/wp-json\/wp\/v2\/types\/post"}],"author":[{"embeddable":true,"href":"https:\/\/guneydoguasyacalismalari.com\/tr_tr\/wp-json\/wp\/v2\/users\/1"}],"replies":[{"embeddable":true,"href":"https:\/\/guneydoguasyacalismalari.com\/tr_tr\/wp-json\/wp\/v2\/comments?post=3207"}],"version-history":[{"count":5,"href":"https:\/\/guneydoguasyacalismalari.com\/tr_tr\/wp-json\/wp\/v2\/posts\/3207\/revisions"}],"predecessor-version":[{"id":3215,"href":"https:\/\/guneydoguasyacalismalari.com\/tr_tr\/wp-json\/wp\/v2\/posts\/3207\/revisions\/3215"}],"wp:featuredmedia":[{"embeddable":true,"href":"https:\/\/guneydoguasyacalismalari.com\/tr_tr\/wp-json\/wp\/v2\/media\/3214"}],"wp:attachment":[{"href":"https:\/\/guneydoguasyacalismalari.com\/tr_tr\/wp-json\/wp\/v2\/media?parent=3207"}],"wp:term":[{"taxonomy":"category","embeddable":true,"href":"https:\/\/guneydoguasyacalismalari.com\/tr_tr\/wp-json\/wp\/v2\/categories?post=3207"},{"taxonomy":"post_tag","embeddable":true,"href":"https:\/\/guneydoguasyacalismalari.com\/tr_tr\/wp-json\/wp\/v2\/tags?post=3207"}],"curies":[{"name":"wp","href":"https:\/\/api.w.org\/{rel}","templated":true}]}}