{"id":3188,"date":"2020-03-09T19:30:59","date_gmt":"2020-03-09T19:30:59","guid":{"rendered":"http:\/\/guneydoguasyacalismalari.com\/?p=3188"},"modified":"2020-03-12T08:07:16","modified_gmt":"2020-03-12T08:07:16","slug":"malezyada-ulusal-ittifak-kabinesi-aciklandi-cabinet-of-the-national-front-is-ready","status":"publish","type":"post","link":"https:\/\/guneydoguasyacalismalari.com\/tr_tr\/malezyada-ulusal-ittifak-kabinesi-aciklandi-cabinet-of-the-national-front-is-ready\/","title":{"rendered":"Malezya\u2019da \u2018Ulusal \u0130ttifak\u2019 kabinesi a\u00e7\u0131kland\u0131 \/ Cabinet of the National Front is ready"},"content":{"rendered":"<p style=\"text-align: justify;\"><strong>Mehmet \u00d6zay\u00a0 \u00a0 \u00a0 \u00a0 \u00a0 \u00a0 \u00a0 \u00a0 \u00a0 \u00a0 \u00a0 \u00a0 \u00a0 \u00a0 \u00a0 \u00a0 \u00a0 \u00a0 \u00a0 \u00a0 \u00a0 \u00a0 \u00a0 \u00a0 \u00a0 \u00a0 \u00a0 \u00a0 \u00a0 \u00a0 \u00a0 \u00a0 \u00a0 \u00a0 \u00a0 \u00a0 \u00a0 \u00a0 \u00a0 \u00a0 \u00a0 \u00a0 \u00a0 \u00a0 \u00a0 \u00a0 \u00a0 09.03.2020<\/strong><\/p>\n<p style=\"text-align: justify;\">Malezya\u2019da bir s\u00fcredir ya\u015fanan siyasi kaosun ard\u0131ndan Ulusal \u0130ttifak ad\u0131 verilen koalisyonun olu\u015fturdu\u011fu h\u00fck\u00fcmet bug\u00fcn il\u00e2n edildi&#8230;<\/p>\n<p style=\"text-align: justify;\">Pek \u00e7ok akt\u00f6r\u00fcn, iki haftal\u0131k k\u0131sa bir s\u00fcreye s\u0131\u011fan, ancak pek \u00e7ok akt\u00f6r\u00fcn i\u015fin i\u00e7inde oldu\u011fu, de\u011fi\u015fik tarihlerde farkl\u0131 geli\u015fmelerin ortaya \u00e7\u0131kt\u0131\u011f\u0131, eski ittifaklar\u0131n bozulup yenilerinin olu\u015ftu\u011fu, \u00e7i\u00e7e\u011fi burnunda partilerin i\u00e7inde heng\u00e2melerin ya\u015fand\u0131\u011f\u0131, yolsuzluktan mahkeme s\u00fcre\u00e7leri s\u00fcrenlerin y\u00fczlerini tebess\u00fcmlerin kaplad\u0131\u011f\u0131, \u00fclkeyi 21. y\u00fczy\u0131lda hak etti\u011fi siyasal ve toplumsal reformlara kavu\u015fturmay\u0131 ama\u00e7layanlar\u0131n suk\u00fbt-u hayale u\u011frad\u0131klar\u0131 vb. s\u00fcre\u00e7lere konu olan ve tarihe ihanetlerle ge\u00e7ecek olan bir s\u00fcre\u00e7 geride kalm\u0131\u015f oldu.<\/p>\n<p style=\"text-align: justify;\">Dr. Mahathir Muhammed\u2019in 24 \u015eubat g\u00fcn\u00fc ba\u015fbakanl\u0131ktan ve ard\u0131ndan ba\u015f\u0131nda bulundu\u011fu Yerli Birlik Partisi\u2019nden (<em>Parti Pribumi Bersatu<\/em>) istifas\u0131yla geli\u015fme g\u00f6steren siyasi krizin ard\u0131ndan b\u00f6ylece yeni kabine kurulmu\u015f oldu.<\/p>\n<p style=\"text-align: justify;\">Bu geli\u015fme, 2018 y\u0131l\u0131 May\u0131s ay\u0131nda yap\u0131lan genel se\u00e7imlerin ard\u0131ndan Birle\u015fik Malay Ulusal Organizasyonu\u2019nun \u00a0(UMNO) ana g\u00f6vdesini olu\u015fturan Ulusal Cephe koalisyonunun 60 y\u0131ll\u0131k iktidar\u0131n\u0131 deviren Umut koalisyonunun olu\u015fturdu\u011fu h\u00fck\u00fcmetin daha iki y\u0131l\u0131 dolmadan tasfiyesi anlam\u0131na geliyor.<\/p>\n<p style=\"text-align: justify;\">Hi\u00e7 ku\u015fku yok ki, halk\u0131n se\u00e7ti\u011fi me\u015fru h\u00fck\u00fcmete kar\u015f\u0131 baz\u0131 siyasi partilerin ve hiziplerin i\u00e7 i\u00e7e ge\u00e7en \u00e7oklu te\u015febb\u00fcsleriyle ger\u00e7ekle\u015fen ve i\u00e7inde ve\/ya arkas\u0131nda farkl\u0131 akt\u00f6rlerin ve kurumlar\u0131nda oldu\u011fu anla\u015f\u0131lan giri\u015fim bir sivil darbe olarak adland\u0131r\u0131lmay\u0131 hak ediyor.<\/p>\n<p style=\"text-align: justify;\">29 \u015eubat\u2019ta federal sultan taraf\u0131ndan ba\u015fbakan olarak atanan ve 1 Mart g\u00fcn\u00fc resmen ba\u015fbakan olarak \u00fclke siyasi tarihine ge\u00e7en Muhyiddin Yasin, bug\u00fcn \u00f6\u011fleden sonra yeni kabineyi a\u00e7\u0131klad\u0131. Muhyiddin Yasin\u2019in televizyonlarda canl\u0131 yay\u0131nlanan a\u00e7\u0131klamas\u0131nda, \u201ci\u015flevsel kabine\u201d olarak adland\u0131rd\u0131\u011f\u0131 yeni kabinede, farkl\u0131 siyasi gruplar\u0131n yan\u0131 s\u0131ra, baz\u0131 teknokratlar\u0131n da g\u00f6rev ald\u0131\u011f\u0131 g\u00f6zleniyor.<\/p>\n<p style=\"text-align: justify;\"><strong>Temiz kabine<\/strong><\/p>\n<p style=\"text-align: justify;\">Yeni kabine i\u00e7in kullan\u0131lan bir ba\u015fka tan\u0131mlama ise \u201ctemiz kabine\u201d!&#8230;<\/p>\n<p style=\"text-align: justify;\">Muhyiddin Yasin, bu kavram\u0131 ge\u00e7en hafta yapt\u0131\u011f\u0131 konu\u015fmada dile getirmi\u015fti. Bu kavramla me\u015frula\u015ft\u0131r\u0131lmak istenen me\u015fru olmayan bir s\u00fcre\u00e7&#8230; Halk iradesine kar\u015f\u0131 giri\u015filen darbe sonras\u0131 halk\u0131n meydanlara d\u00f6k\u00fclmemesi i\u00e7in ortaya at\u0131lan \u201ci\u015fte yeni bir temiz h\u00fck\u00fcmet\u201d slogan\u0131&#8230;<\/p>\n<p style=\"text-align: justify;\">Ayn\u0131 konu\u015fmada, yeni kurulacak h\u00fck\u00fcmette, haklar\u0131nda yolsuzluk davalar\u0131 s\u00fcren eski ba\u015fbakan ve UMNO eski ba\u015fkan\u0131 Necib Rezzak, \u015fu anki UMNO ba\u015fkan\u0131 Ahmed Zahid Hamidi ve partinin genel sekreteri Adnan Mansor\u2019un kabinede yer almayaca\u011f\u0131na i\u015faret etmi\u015fti. Bug\u00fcn a\u00e7\u0131klanan kabineye bak\u0131ld\u0131\u011f\u0131nda, Muhyiddin Yasin\u2019in en az\u0131ndan \u015fimdilik bu s\u00f6z\u00fcn\u00fc tuttu\u011fu anla\u015f\u0131l\u0131yor.<\/p>\n<p style=\"text-align: justify;\">Kabine\u2019de tahmin edilece\u011fi \u00fczere bir \u00f6nceki h\u00fck\u00fcmetin devrilmesinde rol alan ana akt\u00f6rler g\u00f6rmek m\u00fcmk\u00fcn. Bunlar aras\u0131nda, ba\u015fbakanl\u0131k mevkiinde bulunan Muhyiddin Yasin\u2019in d\u0131\u015f\u0131nda, PKR\u2019dan ihra\u00e7 edilen Azmin Ali, Zuraidah Kamaruddin ile UMNO\u2019dan Hi\u015fam\u00fcddin H\u00fcseyin Onn dikkat \u00e7eken isimler aras\u0131nda bulunuyor.<\/p>\n<p style=\"text-align: justify;\">Hem UMNO, hem Malezya \u0130slam Partisi\u2019nin (PAS) talip oldu\u011fu ba\u015fbakan yard\u0131mc\u0131l\u0131\u011f\u0131 g\u00f6revine kimse getirilmezken, kabinede d\u00f6rt yeni koordinasyon bakanl\u0131\u011f\u0131 kurulmak suretiyle ittifak yap\u0131s\u0131 i\u00e7indeki bakanl\u0131k da\u011f\u0131l\u0131m\u0131 sorunu \u015fimdilik a\u015f\u0131lm\u0131\u015f g\u00f6z\u00fck\u00fcyor.<\/p>\n<p style=\"text-align: justify;\">\u0130ktidar de\u011fi\u015fikli\u011finin ard\u0131ndan bug\u00fcn yeni h\u00fck\u00fcmet kurulurken, muhalefette yer alan PKR, DAP ve Amanah ise son birka\u00e7 haftad\u0131r devam eden demokrasi kar\u015f\u0131t\u0131 geli\u015fmeleri halka anlatmak i\u00e7in yeni stratejiler geli\u015ftirme pe\u015finde.<\/p>\n<p style=\"text-align: justify;\"><strong>G\u00fcvenoyu olmayan h\u00fck\u00fcmet<\/strong><\/p>\n<p style=\"text-align: justify;\">Geli\u015fmeleri uzaktan izleyenler i\u00e7in, \u015eubat ay\u0131n\u0131n son haftas\u0131nda ortaya \u00e7\u0131kan h\u0131zl\u0131 s\u00fcre\u00e7ler daha hen\u00fcz t\u00fcm netli\u011fiyle anla\u015f\u0131lmam\u0131\u015fken, Malezya yeni bir h\u00fck\u00fcmetin varl\u0131\u011f\u0131 ile y\u00fczle\u015fiyor.<\/p>\n<p style=\"text-align: justify;\">Buna ra\u011fmen, \u00fclkenin 8. ba\u015fbakan\u0131n\u0131n ve kurdu\u011fu kabinenin halk\u0131n g\u00fcvenoyu almadan g\u00f6reve ba\u015flamas\u0131 hi\u00e7 ku\u015fku yok ki, \u00fclke demokrasisi i\u00e7in \u00f6nemli bir s\u00fcrece i\u015faret ediyor.<\/p>\n<p style=\"text-align: justify;\">Bu y\u00fczle\u015fme, federal meclisten onay almam\u0131\u015f bir ba\u015fbakan ve onay almam\u0131\u015f bir kabine anlam\u0131na geliyor. Bug\u00fcn il\u00e2n edilen yeni kabinenin varl\u0131\u011f\u0131 bile, \u015eubat ay\u0131 sonlar\u0131ndaki ya\u015fananlar\u0131n halen ne denli mu\u011flak ve halk iradesine muhalif bir durum arz etti\u011fini ortaya koyuyor.<\/p>\n<p style=\"text-align: justify;\">Muhyiddin Yasin\u2019in federal sultan taraf\u0131ndan ba\u015fbakan olarak atanmas\u0131n\u0131n ard\u0131ndan, muhalefetin hedefi s\u00f6z verildi\u011fi \u00fczere 9 Mart\u2019ta, yani bug\u00fcn federal meclisin toplanarak ba\u015fbakan\u0131n g\u00fcven oylamas\u0131n\u0131n yap\u0131lmas\u0131 y\u00f6n\u00fcndeydi.<\/p>\n<p style=\"text-align: justify;\">Ancak b\u00f6yle bir g\u00fcndemin ger\u00e7ekle\u015fmeyece\u011fi, ge\u00e7en hafta Muhyiddin Yasin\u2019in federal meclisin May\u0131s ay\u0131nda toplanaca\u011f\u0131n\u0131 il\u00e2n etmesiyle kesinlik kazanm\u0131\u015f oldu.<\/p>\n<p style=\"text-align: justify;\"><strong>Kabinedeki isimler<\/strong><\/p>\n<p style=\"text-align: justify;\">Ya\u015fanan sivil darbenin mimarlar\u0131ndan g\u00f6sterilen Azmin Ali, yeni h\u00fck\u00fcmette hem ekonomiden sorumlu bakan hem de uluslararas\u0131 ticaret ve end\u00fcstri bakanl\u0131\u011f\u0131ndan sorumlu olarak yer al\u0131yor. Kabinenin di\u011fer \u00fc\u00e7 koordinasyon bakan\u0131 ise \u015f\u00f6yle: savunma bakanl\u0131\u011f\u0131ndan sorumlu UMNO\u2019dan \u0130smail Sabri Yakup; \u00e7al\u0131\u015fma bakanl\u0131\u011f\u0131ndan sorumlu Birle\u015fik Saravak Partisi\u2019nden Fadillah Yusuf ve e\u011fitim bakanl\u0131\u011f\u0131ndan sorumlu Bersatu\u2019dan Mohd. Razdi Md. Jidin.<\/p>\n<p style=\"text-align: justify;\">UMNO\u2019dan Hi\u015fam\u00fcddin H\u00fcseyin Onn ise d\u0131\u015fi\u015fleri bakan\u0131 olarak yer al\u0131yor. Maliye bakanl\u0131\u011f\u0131na, ASEAN b\u00f6lgesinde faaliyet g\u00f6steren Malezya merkezli CIMB Bankas\u0131\u2019n\u0131n ceosu Zafrul Abdul Aziz; sa\u011fl\u0131k bakanl\u0131\u011f\u0131na UMNO\u2019dan Dr. Adham Baba; bilim ve teknoloji bakanl\u0131\u011f\u0131na UMNO\u2019dan Khairy Jamaluddin; Malezya \u00c7in Partisi (MCA) ba\u015fkan\u0131 Wee Ka Siong la\u015ft\u0131rma bakanl\u0131\u011f\u0131\u2019na PKR\u2019dan ihra\u00e7 edilen bir di\u011fer isim Zuraidah Kamaruddin ise emlak ve yerel h\u00fck\u00fcmetler bakanl\u0131\u011f\u0131\u2019na getirildi.<\/p>\n<p style=\"text-align: justify;\">Y\u00fcksek \u00f6\u011fretim ve ulusal birlik ad\u0131yla iki yeni bakanl\u0131k olu\u015fturulurken, bunlar\u0131n ba\u015f\u0131na UMNO\u2019dan Noraini Ahmad ve Halimah Mohamed Sadique getirildi. Kabinede PAS\u2019tan tek isim ise \u00e7evre bakanl\u0131\u011f\u0131na gteirilen parti genel ba\u015fkan yard\u0131mc\u0131s\u0131 Tuan \u0130brahim Tuan Mat oldu. Federal b\u00f6lge eski m\u00fcft\u00fcs\u00fc Dr. Z\u00fclkifli Mohamad al-Bakri ise ba\u015fbakanl\u0131\u011fa ba\u011fl\u0131 din i\u015fleri bakan oldu. B\u00f6ylece ilk defa bir m\u00fcft\u00fc kabineye girmi\u015f oldu.<\/p>\n<p style=\"text-align: justify;\"><strong>PKR\u2019dan ihra\u00e7 edilenler kabinede<\/strong><\/p>\n<p style=\"text-align: justify;\">Azmin Ali\u2019nin ba\u015f\u0131n\u0131 \u00e7ekti\u011fi ve i\u00e7inde 10 milletvekilinin bulundu\u011fu hizbin PKR\u2019dan ihra\u00e7 edilmesinin ard\u0131ndan hen\u00fcz yeni bir parti kurma giri\u015fimi s\u00f6z konusu olmad\u0131\u011f\u0131 veya mevcut partiler i\u00e7inden birine ge\u00e7medi\u011fi g\u00f6r\u00fcl\u00fcyor. Bu durumda, Azmin Ali ve Zuraidah Kamaruddin ba\u011f\u0131ms\u0131z milletvekili stat\u00fcs\u00fcyle bakanl\u0131k g\u00f6revlerine atanm\u0131\u015f durumdalar.<\/p>\n<p style=\"text-align: justify;\">Bu geli\u015fme, ayn\u0131 zamanda, uzun y\u0131llar beraber olduklar\u0131 reformcu PKR\u2019a kar\u015f\u0131 i\u015fledikleri siyasi te\u015febb\u00fcslerin kar\u015f\u0131l\u0131\u011f\u0131n\u0131 ald\u0131klar\u0131n\u0131 g\u00f6steriyor.<\/p>\n<p style=\"text-align: justify;\">Kabine kompozisyonuna bak\u0131ld\u0131\u011f\u0131nda, a\u00e7\u0131k\u00e7as\u0131, Ulusal \u0130ttifak kanad\u0131ndaki ayr\u0131\u015fman\u0131n daha \u015fimdiden ortada oldu\u011fu s\u00f6ylenebilir.<\/p>\n<p style=\"text-align: justify;\">Ola\u011fan\u00fcst\u00fc ko\u015fullarda kurulan bu yeni kabine, baz\u0131 yenilikleri de beraberinde getiriyor. \u00d6rne\u011fin, UMNO ve PAS i\u00e7inde ba\u015fbakan yard\u0131mc\u0131l\u0131\u011f\u0131na kapmak i\u00e7in yap\u0131lan b\u00fcy\u00fck \u00e7eki\u015fmeye kar\u015f\u0131l\u0131k, ba\u015fbakan Muhyiddin Yasin ba\u015fbakan yard\u0131mc\u0131s\u0131 atamak yerine, d\u00f6rt koordinasyon bakan\u0131 atayarak \u015fimdilik dizginleri elinde tuttu\u011funu g\u00f6steriyor.<\/p>\n<p style=\"text-align: justify;\">UMNO ve PAS\u2019dan bu d\u00f6rt bakanl\u0131\u011fa herhangi bir \u00f6nemli ismin getirilmemi\u015f olmas\u0131 da, s\u00fcrecin \u015fimdilik Ba\u015fbakan Muhiddin Yasin\u2019in y\u00f6netiminde gidece\u011fini ortaya koyuyor.<\/p>\n<p style=\"text-align: justify;\">Bu durum, Ulusal \u0130ttifak yap\u0131s\u0131 i\u00e7erisinde siyasi ayr\u0131\u015fman\u0131n ve farkl\u0131la\u015fman\u0131n oldu\u011funun bir g\u00f6stergesi. Taraflar\u0131n \u015fimdilik ba\u015fbakan yard\u0131mc\u0131l\u0131\u011f\u0131ndan feragat ettikleri ifade edilse de, yeni h\u00fck\u00fcmette kimin s\u00f6z\u00fcn\u00fcn ge\u00e7ece\u011fini \u00f6n\u00fcm\u00fczdeki g\u00fcnlerdeki icraatlar ortaya koyacak.<\/p>\n<p style=\"text-align: justify;\">\u00d6zellikle, May\u0131s ay\u0131nda yap\u0131lacak federal meclis oturumlar\u0131nda g\u00fcvenoyuna s\u0131ra geldi\u011finde kabinenin baz\u0131 de\u011fi\u015fimlere konu olaca\u011f\u0131 tahmin edilebilir.<\/p>\n<p style=\"text-align: justify;\"><strong>Me\u015fruiyet krizi mi? <\/strong><\/p>\n<p style=\"text-align: justify;\">\u015eubat ay\u0131n\u0131n son haftas\u0131nda ya\u015fanan sivil darbenin ard\u0131ndan, Muhyiddin Yasin\u2019in nas\u0131l olup da ba\u015fbakanl\u0131k koltu\u011funa oturdu\u011fu sorusu \u00f6nemli.<\/p>\n<p style=\"text-align: justify;\">Dr. Mahathir Muhammed\u2019in ba\u015fbakanl\u0131ktan istifas\u0131 ile yeni bir koalisyon kurulaca\u011f\u0131 belliydi. Ancak bunun Dr. Mahathir\u2019i devre d\u0131\u015f\u0131 b\u0131rak\u0131larak yap\u0131lmas\u0131, yukar\u0131da dikkat \u00e7ekti\u011fimiz \u00fczere i\u00e7 i\u00e7e ge\u00e7en ihanetler zincirinin par\u00e7alar\u0131n\u0131 do\u011fru okumakla m\u00fcmk\u00fcn.<\/p>\n<p style=\"text-align: justify;\">O g\u00fcnlerde halen kurucusu oldu\u011fu Bersatu\u2019nun ba\u015f\u0131nda bulunan Dr. Mahathir\u2019in, kurmay\u0131 hedefledi\u011fi birlik h\u00fck\u00fcmeti i\u00e7in parti ba\u015fkanl\u0131\u011f\u0131ndan da istifa etmesi Muhyiddin Yasin taraf\u0131ndan de\u011ferlendirilen bir f\u0131rsat oldu. Ya da zaten bunun \u00f6ncesinde Dr. Mahathir\u2019in istifas\u0131na giden s\u00fcre\u00e7te onun d\u0131\u015fta b\u0131rak\u0131laca\u011f\u0131na birileri \u00e7oktan karar vermi\u015fti&#8230;<\/p>\n<p style=\"text-align: justify;\">Federal sultan taraf\u0131ndan \u00f6nce ge\u00e7ici ba\u015fbakan olarak atanan Dr. Mahathir Muhammed, sadece birka\u00e7 g\u00fcn sonra Bersatu\u2019da yard\u0131mc\u0131s\u0131 konumundaki Muhyiddin Yasin\u2019in yine ayn\u0131 federal sultan taraf\u0131ndan ba\u015fbakanl\u0131\u011f\u0131na atanmas\u0131na kar\u015f\u0131 \u00e7\u0131kmas\u0131 Bersatu i\u00e7inde ya\u015fanan karga\u015fay\u0131 ayyuka \u00e7\u0131kar\u0131yordu.<\/p>\n<p style=\"text-align: justify;\">Dr. Mahathir Muhammed\u2019in ba\u015fbakanl\u0131\u011f\u0131nda kurulan h\u00fck\u00fcmette i\u00e7 i\u015fleri bakan\u0131 olarak g\u00f6rev yapan Muhyiddin Yasin\u2019in ba\u015fbakan olarak atanmas\u0131 ba\u015fta Dr. Mahathir olmak \u00fczere herkesi \u015fa\u015f\u0131rtm\u0131\u015ft\u0131.<\/p>\n<p style=\"text-align: justify;\">Bu geli\u015fme hi\u00e7 ku\u015fku yok ki, Dr. Mahathir taraf\u0131ndan kendisine kar\u015f\u0131 bir komplo kuruldu\u011fu y\u00f6n\u00fcnde bir d\u00fc\u015f\u00fcncenin ortaya \u00e7\u0131kmas\u0131na neden oldu ki, zaten \u201cMuhyiddin Yasin ihanet etti\u201d ifadesini de bu s\u00fcre\u00e7te g\u00fcndeme getirdi.<\/p>\n<p style=\"text-align: justify;\">Yeni kabinenin olu\u015fmas\u0131ndan birka\u00e7 g\u00fcn \u00f6nce, yani ge\u00e7ti\u011fimiz hafta sonu Dr. Mahathir, Muhyiddin Yasin\u2019in g\u00f6r\u00fc\u015fme talebini geri \u00e7evirdi\u011fini a\u00e7\u0131klad\u0131. Bu iki ismin halen Bersatu i\u00e7inde birarada yer almalar\u0131na ra\u011fmen, bu ko\u015fullarda bunun s\u00fcrd\u00fcr\u00fclebilirli\u011finden bahsetmek m\u00fcmk\u00fcn de\u011fil. Dr. Mahathir\u2019in yeni bir hamlesinin gelmekte oldu\u011funu d\u00fc\u015f\u00fcnmek i\u00e7in pek \u00e7ok neden var.<\/p>\n<p style=\"text-align: justify;\">B\u0131rak\u0131n son 20 y\u0131ldaki geli\u015fmeleri, son bir hafta i\u00e7inde olan bitenler bize \u201cihanet sosyolojisi\u201d ad\u0131yla yeni bir bilim dal\u0131n\u0131n olu\u015fmas\u0131 i\u00e7in kafi miktarda veri sa\u011fl\u0131yor. \u201c\u0130hanet sosyolojisi\u201d yakla\u015f\u0131m\u0131n\u0131 abart\u0131l\u0131 bulanlar i\u00e7inse, en az\u0131ndan siyaset bilimi b\u00f6l\u00fcmlerinde \u201cihanet teorisi\u201d ad\u0131yla bir teori geli\u015ftirmek i\u00e7in yeterli bulgular\u0131n oldu\u011funa \u015f\u00fcphe bulunmuyor.<\/p>\n<p style=\"text-align: justify;\">Malezya siyaset arenas\u0131nda t\u00fcm bu olup bitenler hi\u00e7 ku\u015fku yok ki, \u2018siyasi ahlak nedir?\u2019 sorusunun bir kez daha sorulmas\u0131n\u0131 gerektiriyor. Ancak bu soruya verilecek cevaplar\u0131n, tekrara tekab\u00fcl eden taraflar\u0131n\u0131n olmas\u0131, hi\u00e7 ku\u015fku yok ki, \u00f6nceki s\u00fcre\u00e7lerin yinelenmekte oldu\u011fu anlam\u0131 ta\u015f\u0131yor.<\/p>\n","protected":false},"excerpt":{"rendered":"<p>Mehmet \u00d6zay\u00a0 \u00a0 \u00a0 \u00a0 \u00a0 \u00a0 \u00a0 \u00a0 \u00a0 \u00a0 \u00a0 \u00a0 \u00a0 \u00a0 \u00a0 \u00a0 \u00a0 \u00a0 \u00a0 \u00a0 \u00a0 \u00a0 \u00a0 \u00a0 \u00a0 \u00a0 \u00a0 \u00a0 \u00a0 \u00a0 \u00a0 \u00a0 \u00a0 \u00a0 \u00a0 \u00a0 \u00a0 \u00a0 \u00a0 \u00a0 \u00a0 \u00a0 \u00a0 \u00a0 \u00a0 \u00a0 \u00a0 09.03.2020 Malezya\u2019da bir s\u00fcredir ya\u015fanan siyasi kaosun [&hellip;]<\/p>\n","protected":false},"author":1,"featured_media":3191,"comment_status":"open","ping_status":"open","sticky":false,"template":"","format":"standard","meta":{"footnotes":""},"categories":[6,27],"tags":[],"class_list":["post-3188","post","type-post","status-publish","format-standard","has-post-thumbnail","hentry","category-gunluk-yazilar","category-malezya"],"_links":{"self":[{"href":"https:\/\/guneydoguasyacalismalari.com\/tr_tr\/wp-json\/wp\/v2\/posts\/3188","targetHints":{"allow":["GET"]}}],"collection":[{"href":"https:\/\/guneydoguasyacalismalari.com\/tr_tr\/wp-json\/wp\/v2\/posts"}],"about":[{"href":"https:\/\/guneydoguasyacalismalari.com\/tr_tr\/wp-json\/wp\/v2\/types\/post"}],"author":[{"embeddable":true,"href":"https:\/\/guneydoguasyacalismalari.com\/tr_tr\/wp-json\/wp\/v2\/users\/1"}],"replies":[{"embeddable":true,"href":"https:\/\/guneydoguasyacalismalari.com\/tr_tr\/wp-json\/wp\/v2\/comments?post=3188"}],"version-history":[{"count":1,"href":"https:\/\/guneydoguasyacalismalari.com\/tr_tr\/wp-json\/wp\/v2\/posts\/3188\/revisions"}],"predecessor-version":[{"id":3190,"href":"https:\/\/guneydoguasyacalismalari.com\/tr_tr\/wp-json\/wp\/v2\/posts\/3188\/revisions\/3190"}],"wp:featuredmedia":[{"embeddable":true,"href":"https:\/\/guneydoguasyacalismalari.com\/tr_tr\/wp-json\/wp\/v2\/media\/3191"}],"wp:attachment":[{"href":"https:\/\/guneydoguasyacalismalari.com\/tr_tr\/wp-json\/wp\/v2\/media?parent=3188"}],"wp:term":[{"taxonomy":"category","embeddable":true,"href":"https:\/\/guneydoguasyacalismalari.com\/tr_tr\/wp-json\/wp\/v2\/categories?post=3188"},{"taxonomy":"post_tag","embeddable":true,"href":"https:\/\/guneydoguasyacalismalari.com\/tr_tr\/wp-json\/wp\/v2\/tags?post=3188"}],"curies":[{"name":"wp","href":"https:\/\/api.w.org\/{rel}","templated":true}]}}