{"id":3179,"date":"2020-03-03T15:06:27","date_gmt":"2020-03-03T15:06:27","guid":{"rendered":"http:\/\/guneydoguasyacalismalari.com\/?p=3179"},"modified":"2020-03-03T15:09:05","modified_gmt":"2020-03-03T15:09:05","slug":"malezya-siyasetinde-sivil-darbe-ve-gelismeler-civil-coup-and-other-issues-in-malaysian-politics","status":"publish","type":"post","link":"https:\/\/guneydoguasyacalismalari.com\/tr_tr\/malezya-siyasetinde-sivil-darbe-ve-gelismeler-civil-coup-and-other-issues-in-malaysian-politics\/","title":{"rendered":"Malezya siyasetinde sivil darbe ve geli\u015fmeler \/ Civil coup and other issues in Malaysian politics"},"content":{"rendered":"<p style=\"text-align: justify;\"><strong>Mehmet \u00d6zay\u00a0 \u00a0 \u00a0 \u00a0 \u00a0 \u00a0 \u00a0 \u00a0 \u00a0 \u00a0 \u00a0 \u00a0 \u00a0 \u00a0 \u00a0 \u00a0 \u00a0 \u00a0 \u00a0 \u00a0 \u00a0 \u00a0 \u00a0 \u00a0 \u00a0 \u00a0 \u00a0 \u00a0 \u00a0 \u00a0 \u00a0 \u00a0 \u00a0 \u00a0 \u00a0 \u00a0 \u00a0 \u00a0 \u00a0 \u00a0 \u00a0 \u00a0 \u00a0 \u00a0 \u00a0 \u00a0 \u00a0 03.02.2020<\/strong><\/p>\n<p style=\"text-align: justify;\">Malezya\u2019da h\u00fck\u00fcmete y\u00f6nelik sivil darbenin ard\u0131ndan Muhyiddin Yasin, Ulusal \u0130ttifak ad\u0131 verilen koalisyonun ba\u015fbakan\u0131 olarak g\u00f6rev ba\u015f\u0131nda.<\/p>\n<p style=\"text-align: justify;\">23 \u015eubat\u2019tan itibaren Malezya siyasetinde k\u0131r\u0131lmalar, kopu\u015flar ve yeniden olu\u015fumlar \u015feklinde ya\u015fanan de\u011fi\u015fimler birbiri ard\u0131na geli\u015fme g\u00f6steriyor. Bununla birlikte, olan bitenin hi\u00e7 ku\u015fku yok ki, geni\u015f halk kesimlerinde demokratikle\u015fme ve reform s\u00fcrecine olan inanc\u0131n zedelenmesine neden oluyor.<\/p>\n<p style=\"text-align: justify;\"><strong>Bir haftal\u0131k icraat<\/strong><\/p>\n<p style=\"text-align: justify;\">2018 y\u0131l\u0131 May\u0131s ay\u0131ndaki 14. genel se\u00e7imler sonras\u0131nda iktidara gelen Umut Koalisyonu ba\u015fbakan\u0131 Dr. Mahathir Muhammed\u2019in g\u00f6revinden istifas\u0131 ve ard\u0131ndan partisi Yerli Birlik Partisi\u2019nin (<em>Parti Pribumi Bersatu<\/em>) s\u00f6z konusu koalisyondan ayr\u0131lmas\u0131; istifas\u0131ndan sadece birka\u00e7 g\u00fcn sonra Federal Sultan taraf\u0131ndan bu sefer ge\u00e7ici ba\u015fbakan olarak atanmas\u0131; ayn\u0131 hafta i\u00e7erisinde Federal Sultan\u2019\u0131n meclisin neredeyse yar\u0131s\u0131yla y\u00fcz y\u00fcze g\u00f6r\u00fc\u015fmesi ve nihayet federal sultan\u0131n Bersatu\u2019nun ba\u015fkan yard\u0131mc\u0131s\u0131 Muhyiddin Yasin\u2019i ba\u015fbakan olarak atamas\u0131&#8230; T\u00fcm bunlar sadece bir hafta i\u00e7inde olmas\u0131 Malezya siyasetinin ne kadar dinamik unsurlar ta\u015f\u0131d\u0131\u011f\u0131n\u0131n delili kabul edilmeli.<\/p>\n<p style=\"text-align: justify;\">Asl\u0131nda t\u00fcm bu s\u00fcre\u00e7lerin ger\u00e7ekle\u015ftirilmesinin ne denli siyasi marifet gerektirdi\u011fi d\u00fc\u015f\u00fcn\u00fcld\u00fc\u011f\u00fcnde, Malezyal\u0131 siyaset\u00e7ilerin ve ayn\u0131 zamanda federal sultan\u0131n i\u015flerinde mahir olduklar\u0131n\u0131 s\u00f6ylemek bile m\u00fcmk\u00fcn.<\/p>\n<p style=\"text-align: justify;\">Bir ba\u015fka vecheden bak\u0131ld\u0131\u011f\u0131nda, istifalar ve birbiri ard\u0131na ba\u015fbakan atamalar\u0131n bu k\u0131sa s\u00fcrede ger\u00e7ekle\u015fmesi, \u00fclke sevgisinden ve halka kar\u015f\u0131 beslenen sorumluluktan \u00f6t\u00fcr\u00fc siyasi krizi bir an \u00f6nce \u00e7\u00f6zme iradesi ba\u011flam\u0131nda sergilendi\u011fi \u015feklinde de de\u011ferlendirilebilir.<\/p>\n<p style=\"text-align: justify;\">Bu iyi niyetli de\u011ferlendirmelere hakl\u0131l\u0131k verilebilirse de, bu geli\u015fmelere neden olan husus, asl\u0131nda, tam da bu krizi \u00e7\u0131karanlar \u00fczerinden krizin \u00e7\u00f6z\u00fclmesi y\u00f6n\u00fcndeki sergilenen \u00e7abalar\u0131n siyasi ahlak ve rasyonel eylemle \u00e7eli\u015fti\u011fini s\u00f6ylemek gerekiyor.<\/p>\n<p style=\"text-align: justify;\">\u015eu anda Muhyiddin Yasin, federal meclisin onay\u0131n\u0131 almadan ba\u015fbakanl\u0131k makam\u0131nda bulunuyor. Kamuoyuyla payla\u015f\u0131lmayan listeler \u00fczerinden kendisine meclisteki milletvekillerinin kahir ekseriyetinin destek verdi\u011fi iddias\u0131 \u00fczerine ba\u015fbakanl\u0131k koltu\u011funda oturan bir siyaset\u00e7i ile kar\u015f\u0131 kar\u015f\u0131yay\u0131z. \u00d6te yandan, \u00fclkenin federal bir idareye konu olmas\u0131 nedeniyle, baz\u0131 eyaletlerde bir \u00f6nceki iktidar d\u00f6neminin me\u015fru y\u00f6neticilerinin de\u011fi\u015ftirilmesi s\u00fcreci de ba\u015flam\u0131\u015f durumda.<\/p>\n<p style=\"text-align: justify;\"><strong>23 \u015eubat sivil darbesi <\/strong><\/p>\n<p style=\"text-align: justify;\">23 \u015eubat\u2019ta ans\u0131z\u0131n denmese bile, iktidar\u0131 olu\u015fturan siyasi unsurlar aras\u0131nda var olan krizin yol a\u00e7t\u0131\u011f\u0131 kopu\u015f ihanet kavram\u0131yla tan\u0131mlan\u0131rken, ihanetlerin birbiri ard\u0131na gelmesi asl\u0131nda siyasal ve toplumsal karma\u015fan\u0131n en iyi g\u00f6stergesidir.<\/p>\n<p style=\"text-align: justify;\">Nedir bu ihanetler diye sorulacak olursa sadece \u00f6ne \u00e7\u0131kanlar\u0131 hesaba katarak \u015funlar\u0131 saymak m\u00fcmk\u00fcn: Halk\u0131n Adaleti Partisi (<em>Partai Keadilan Rakyat<\/em>-PKR) i\u00e7inde ba\u015fkan yard\u0131mc\u0131s\u0131 ve ekonomi bakan\u0131 Azmin Ali\u2019nin parti ba\u015fkan\u0131 ve koalisyon h\u00fck\u00fcmetinin do\u011fal lideri Enver \u0130brahim\u2019e; Bersatu i\u00e7inde ba\u015fkan yard\u0131mc\u0131s\u0131 Muhyiddin Yasin\u2019in ba\u015fkan Dr. Mahathir Muhammed\u2019e ihaneti ilk s\u0131rada zikredilmesi gerekenler. Gerek federal mecliste gerekse eyalet meclislerindeki geli\u015fmeler ise i\u015fin cabas\u0131&#8230;<\/p>\n<p style=\"text-align: justify;\">Bu s\u00fcrece hi\u00e7 ku\u015fku yok ki, Dr. Mahathir\u2019in Umut Koalisyonu iktidar\u0131ndan ayr\u0131l\u0131\u015f\u0131n\u0131n hem koalisyona ve hem de 2018 y\u0131l\u0131nda bu iktidar\u0131 se\u00e7en halka ve demokratik temellere y\u00f6nelik bir t\u00fcr ihaneti i\u00e7erip i\u00e7ermedi\u011fini de eklemek gerekiyor.<\/p>\n<p style=\"text-align: justify;\">Bu ihanetler zincirlerinin bir anlamda teyidi olacak a\u00e7\u0131klamalar\u0131n s\u00fcre\u00e7te kar\u015f\u0131m\u0131za \u00e7\u0131kt\u0131\u011f\u0131n\u0131 g\u00f6r\u00fcyoruz. Bunlardan bir k\u0131sm\u0131 bu geli\u015fmeleri ele\u015ftiriken baz\u0131lar\u0131n\u0131n da ihanetlere neredeyse me\u015frula\u015ft\u0131rma i\u015flevi g\u00f6rd\u00fc\u011f\u00fc anla\u015f\u0131l\u0131yor.<\/p>\n<p style=\"text-align: justify;\">Bir \u00f6nceki h\u00fck\u00fcmette Gen\u00e7lik ve Spor Bakan\u0131 olan ve Bersatu\u2019nun gen\u00e7lik kollar\u0131 ba\u015fkan\u0131 Seyyid Saddiq\u2019\u0131n Muhyiddin Yasin\u2019in eski partisi Birle\u015fik Malay Ulusal Organizasyonu (UMNO) ile i\u015fbirli\u011fini kastederek, \u201cben yolsuzluklara bula\u015fanlarla birlikte siyaset yapmam\u201d; PKR ve Demokratik Eylem Partisi\u2019ne (DAP) mensup siyaset\u00e7ilerin, \u201cMuhyiddin Yasin\u2019in federal mecliste \u00e7o\u011funlu\u011fa sahip de\u011fil\u201d; Malezya \u0130slam Partisi (<em>Partai-Islam Se-Malaysia<\/em>-PAS) lideri Hadi Awang\u2019\u0131n, \u201cMuhyiddin Yasin\u2019in federal meclisten onay almas\u0131na gerek yok\u201d; \u2018Temiz Se\u00e7im Hareketi\u2019 (Bersih) eski lideri ve avukat Ambiga Sreenevasaan\u2019\u0131n, ba\u015fbakan olarak atanan Muhyiddin Yasin\u2019in meclis deste\u011fi olup olmad\u0131\u011f\u0131n\u0131n kesinle\u015ftirilmesi amac\u0131yla \u201cdemokratik team\u00fcllerin bir gere\u011fi olarak federal meclisi acilen toplanmal\u0131d\u0131r\u201d \u00e7a\u011fr\u0131s\u0131 dahil bu y\u00f6ndeki t\u00fcm a\u00e7\u0131klamalar, olan bitenler hakk\u0131nda bir fikir verirken, sa\u011fduyu sahiplerinin siyasi vicdanlar\u0131na da dokunan ifadeler.<\/p>\n<p style=\"text-align: justify;\"><strong>\u0130\u00e7 fakt\u00f6rler ve d\u0131\u015f m\u00fcdahaleler<\/strong><\/p>\n<p style=\"text-align: justify;\">\u00dclkede yolsuzluklarla m\u00fccadelede, merkez ve yerel y\u00f6netimlerde, \u00e7ok etnikli ve \u00e7ok dinli toplumsal yap\u0131da \u00e7at\u0131\u015fmalar\u0131 \u00f6nlemeye y\u00f6nelik toplumsal i\u00e7erikli reform \u00e7al\u0131\u015fmalar\u0131 vb. alanlarda de\u011fi\u015fimlerle g\u00fcndeme gelen Umut Koalisyonu iktidar\u0131n\u0131n sonland\u0131r\u0131lm\u0131\u015f olmas\u0131 sadece \u00fclke i\u00e7i dengelerle mi anla\u015f\u0131lmal\u0131d\u0131r?<\/p>\n<p style=\"text-align: justify;\">Yoksa sadece iki ay \u00f6nce, yani 2019 y\u0131l\u0131 sonunda Kuala Lumpur Zirvesi\u2019ne ev sahipli\u011fi yapm\u0131\u015f bir \u00fclkede b\u00f6ylesine \u00f6nemli bir uluslararas\u0131 etkinli\u011fi d\u00fczenleyen iktidar\u0131n\u00a0 ortadan kald\u0131r\u0131lmas\u0131 uluslararas\u0131 bir nedeni bulunmakta m\u0131d\u0131r?<\/p>\n<p style=\"text-align: justify;\">\u0130kinci soruyla ilgili \u015fu kadar\u0131n\u0131 s\u00f6ylemekte fayda var. Y\u00fczy\u0131l\u0131n yolsuzluk skandal\u0131 olarak an\u0131lan 1 Malezya Kalk\u0131nma Fonu\u2019yla (1MDB) ilgili geli\u015fmelerin uluslararas\u0131 boyutunda, baz\u0131 k\u00f6rfez \u00fclkelerinin i\u015fin i\u00e7inde olmas\u0131 ulusal siyasette ya\u015fanan sivil darbenin bir nedeni olabilir mi? \u00a0Bu soru \u00fczerindeki tart\u0131\u015fmalar\u0131 \u015fimdilik bir yana b\u0131rak\u0131p, biz birinci soruyla ilgili g\u00f6r\u00fc\u015flerimizi payla\u015fal\u0131m.<\/p>\n<p style=\"text-align: justify;\">23 \u015eubat\u2019ta PKR i\u00e7inde parti genel ba\u015fkan yard\u0131mc\u0131lar\u0131ndan ve d\u00f6nemin ekonomi bakan\u0131 Azmin Ali\u2019nin UMNO\u2019nun \u00f6nde gelen isimleriyle yapt\u0131\u011f\u0131 g\u00f6r\u00fc\u015fmenin Umut Koalisyonu iktidar\u0131n\u0131 d\u00fc\u015f\u00fcrmeye y\u00f6nelik oldu\u011fu art\u0131k anla\u015f\u0131lm\u0131\u015f durumda. Bu giri\u015fimin hedefe ula\u015fabilmesi i\u00e7in ba\u015fbakan Dr. Mahathir\u2019in ikna edilmesi kritik noktay\u0131 olu\u015fturuyordu.<\/p>\n<p style=\"text-align: justify;\">Dr. Mahathir 2016 y\u0131l\u0131ndan bu yana UMNO kar\u015f\u0131t\u0131 duru\u015fu ve yolsuzluklarla m\u00fccadelede bu partinin \u00f6nde gelen isimlerinin yarg\u0131 s\u00fcrecine bak\u0131\u015f\u0131 ortadayken, nas\u0131l olup da Umut Koalisyonu iktidar\u0131n\u0131 olu\u015fturan blo\u011fa mensup bir ba\u015fbakan olarak g\u00f6revinden edip, partisi Bersatu\u2019nun bu koalisyondan ayr\u0131lmas\u0131na izin verdi\u011fi sorgulanmaya de\u011fer. Dr. Mahathir\u2019in i\u00e7ine d\u00fc\u015ft\u00fc\u011f\u00fc bu durum, siyasi ahl\u00e2k ve rasyonel d\u00fc\u015f\u00fcncenin yads\u0131nmas\u0131 oldu\u011fu a\u015fik\u00e2r olan bu giri\u015fim olsa olsa basiretsizlikle tan\u0131mlanabilir.<\/p>\n<p style=\"text-align: justify;\"><strong>Enver\u2019siz iktidar aray\u0131\u015flar\u0131<\/strong><\/p>\n<p style=\"text-align: justify;\">Burada hat\u0131rlanmas\u0131 gereken husus 23 \u015eubat sivil darbe giri\u015fiminin bir n\u00fcve de\u011fil bir sonu\u00e7 oldu\u011fudur. Son bir y\u0131ld\u0131r, Umut Koalisyonu iktidar\u0131nda Ba\u015fbakanl\u0131\u011f\u0131n Dr. Mahathir\u2019den Enver \u0130brahim\u2019e devri konusunda ya\u015fanan tart\u0131\u015fmalara bakmak gerekiyor.<\/p>\n<p style=\"text-align: justify;\">Bu d\u00f6nemde, Dr. Mahathir, bir \u00f6nceki UMNO iktidar\u0131nda ya\u015fanan yolsuzluklar nedeniyle \u00fclke ekonomisinin i\u00e7inde bulundu\u011fu olumsuzlu\u011fun a\u015f\u0131lmas\u0131n\u0131n ancak kendisi vas\u0131tas\u0131yla olabilece\u011fi y\u00f6n\u00fcndeki s\u00f6yleminin bir kar\u015f\u0131l\u0131\u011f\u0131 oldu\u011fu d\u00fc\u015f\u00fcn\u00fclebilir.<\/p>\n<p style=\"text-align: justify;\">Ancak, 2018 May\u0131s se\u00e7imleri \u00f6ncesinde koalisyon ortaklar\u0131 aras\u0131nda al\u0131nan karar\u0131n siyasi niteli\u011finin de bir o kadar \u00f6nemli oldu\u011fu dikkatlerden ka\u00e7\u0131r\u0131lmamal\u0131d\u0131r. Kendisine y\u00f6nelik giri\u015fimleri sezen Enver \u0130brahim, Dr. Mahathir\u2019in ba\u015fbakanl\u0131ktan ayr\u0131lmas\u0131 halinde dahi ona kabinede senyor bakan, -t\u0131pk\u0131 bir d\u00f6nem Singapur\u2019da Lee Kuan Yew i\u00e7in olu\u015fturulan bakanl\u0131k- olarak yer vereceklerini a\u00e7\u0131klam\u0131\u015ft\u0131.<\/p>\n<p style=\"text-align: justify;\">Bu s\u00fcre\u00e7te Dr. Mahathir\u2019in s\u00fcreci giderek zorla\u015ft\u0131rmas\u0131nda siyasi g\u00fcc\u00fc elden b\u0131rakmama karar\u0131 de\u011fil, bunun \u00f6tesinde ekonomi bakan\u0131 Azmin Ali\u2019yi Enver \u0130brahim\u2019e kar\u015f\u0131 bir rakip olarak \u00e7\u0131karma giri\u015fimidir.<\/p>\n<p style=\"text-align: justify;\">Dr. Mahathir, Azmin Ali ad\u0131n\u0131 kendi siyasi amac\u0131 i\u00e7in bir manivela olarak kullanmak istemi\u015f olabilir. Ancak 23 \u015eubat s\u00fcrecinin akt\u00f6r\u00fcn\u00fcn Azmin Ali oldu\u011fu art\u0131k ortadayken, bu geli\u015fme olsa olsa yine Dr. Mahathir\u2019in basiretsizlikle kar\u015f\u0131 kar\u015f\u0131ya kald\u0131\u011f\u0131na i\u015faret eder.<\/p>\n<p style=\"text-align: justify;\">\u015eayet Dr. Mahathir ger\u00e7ekten Azmin Ali\u2019nin kendisinden sonra ba\u015fbakan olaca\u011f\u0131na inan\u0131yor ve bu y\u00f6nde bir siyasi irade sergiliyor ise, Azmin Ali\u2019nin hangi meclis deste\u011fiyle ba\u015fbakanl\u0131\u011fa se\u00e7ilece\u011fi sorusunu sormak gerekiyor.<\/p>\n<p style=\"text-align: justify;\">Umut Koalisyonu iktidar\u0131n\u0131 olu\u015fturan siyasi partiler yani PKR, DAP ve Amanah i\u00e7inden Azmin Ali\u2019ye destek olmad\u0131\u011f\u0131 ortadayd\u0131. Bu durumda, Azmin Ali\u2019nin yak\u0131n gelecekte ba\u015fbakan olmas\u0131n\u0131n tek \u015fart\u0131 UMNO ve PAS temelli siyasi yap\u0131 \u00fczerinden ger\u00e7ekle\u015ftirilebilece\u011fidir. Bu durum bile, Dr. Mahathir\u2019in Umut Koalisyonuyla m\u0131, yoksa yolsuzluklar\u0131 neden g\u00f6sterip istifa etti\u011fi UMNO -ve bu partiye eklemlenmi\u015f PAS- ile mi siyaset yapaca\u011f\u0131 konusunda arada kald\u0131\u011f\u0131na i\u015faret ediyor.<\/p>\n<p style=\"text-align: justify;\">Evet, Dr. Mahathir 94 ya\u015f\u0131nda&#8230; Ya\u015f\u0131n\u0131n getirdi\u011fi bir tak\u0131m zaafiyetler ve farkl\u0131l\u0131klar olabilir. Ancak \u00fclkenin ba\u015fbakan\u0131 olmaya lay\u0131k g\u00f6r\u00fclmesi, yukar\u0131da zikredilen s\u00fcre\u00e7leri hakk\u0131yla y\u00f6netebilece\u011fini akla getiriyor. Bununla birlikte, ortaya koydu\u011fu eylemler silsilesinin niyetlenilmemi\u015f sonu\u00e7lar do\u011furdu\u011fu art\u0131k \u00e7ok net bir \u015fekilde ortada durdu\u011fu da bir ba\u015fka ger\u00e7ek.<\/p>\n<p style=\"text-align: justify;\">Dr. Mahathir art\u0131k ne ba\u015fbakan, ne Bersatu\u2019nun ba\u015fkan\u0131, ne de Umut Koalisyonu\u2019nun bir \u00fcyesi. 23 \u015eubat s\u00fcrecinin en \u00e7ok y\u0131pratt\u0131\u011f\u0131 isim Dr. Mahathir. Eski siyasi rakiplerin yan yana gelebilmesinin \u00e7ok kolay oldu\u011fu, siyasi ahl\u00e2k\u0131n son derece dejenere oldu\u011fu bir ortamda yeni s\u00fcrprizler beklenebilir. A\u00e7\u0131k\u00e7as\u0131 olan biten art\u0131k s\u00fcrpriz de de\u011fil. Sadece hangi siyaset\u00e7inin veya siyasi hizbin ne t\u00fcr bir siyasi kurnazl\u0131k ve \u00e7\u0131kar ili\u015fkileri ile mevcut siyasete y\u00f6n verece\u011fiyle ba\u011flant\u0131l\u0131 bir durum.<\/p>\n<p style=\"text-align: justify;\">\u015eu an ba\u015fbakanl\u0131k g\u00f6revini \u00fcstlenen Muhyiddin Yasin\u2019in h\u00fck\u00fcmeti olu\u015fturmas\u0131, ancak federal mecliste yap\u0131lacak toplant\u0131larla kesinlik kazanacak. \u0130ki rakip koalisyon i\u00e7erisinde say\u0131sal deste\u011fin de\u011fi\u015febilece\u011fini g\u00f6z \u00f6n\u00fcnde bulundurmak gerekiyor. Bu nedenle, Malezya siyasetinde \u00e7ok k\u0131sa s\u00fcrede yeni geli\u015fmeler beklenebilir.<\/p>\n<p>&nbsp;<\/p>\n<p><a href=\"https:\/\/www.dunyabulteni.net\/makale-yorum-1\/malezya-siyasetinde-sivil-darbe-ve-gelismeler-mehmet-ozay-h461238.html\">https:\/\/www.dunyabulteni.net\/makale-yorum-1\/malezya-siyasetinde-sivil-darbe-ve-gelismeler-mehmet-ozay-h461238.html<\/a><\/p>\n","protected":false},"excerpt":{"rendered":"<p>Mehmet \u00d6zay\u00a0 \u00a0 \u00a0 \u00a0 \u00a0 \u00a0 \u00a0 \u00a0 \u00a0 \u00a0 \u00a0 \u00a0 \u00a0 \u00a0 \u00a0 \u00a0 \u00a0 \u00a0 \u00a0 \u00a0 \u00a0 \u00a0 \u00a0 \u00a0 \u00a0 \u00a0 \u00a0 \u00a0 \u00a0 \u00a0 \u00a0 \u00a0 \u00a0 \u00a0 \u00a0 \u00a0 \u00a0 \u00a0 \u00a0 \u00a0 \u00a0 \u00a0 \u00a0 \u00a0 \u00a0 \u00a0 \u00a0 03.02.2020 Malezya\u2019da h\u00fck\u00fcmete y\u00f6nelik sivil darbenin ard\u0131ndan [&hellip;]<\/p>\n","protected":false},"author":1,"featured_media":3180,"comment_status":"open","ping_status":"open","sticky":false,"template":"","format":"standard","meta":{"footnotes":""},"categories":[6,27],"tags":[],"class_list":["post-3179","post","type-post","status-publish","format-standard","has-post-thumbnail","hentry","category-gunluk-yazilar","category-malezya"],"_links":{"self":[{"href":"https:\/\/guneydoguasyacalismalari.com\/tr_tr\/wp-json\/wp\/v2\/posts\/3179","targetHints":{"allow":["GET"]}}],"collection":[{"href":"https:\/\/guneydoguasyacalismalari.com\/tr_tr\/wp-json\/wp\/v2\/posts"}],"about":[{"href":"https:\/\/guneydoguasyacalismalari.com\/tr_tr\/wp-json\/wp\/v2\/types\/post"}],"author":[{"embeddable":true,"href":"https:\/\/guneydoguasyacalismalari.com\/tr_tr\/wp-json\/wp\/v2\/users\/1"}],"replies":[{"embeddable":true,"href":"https:\/\/guneydoguasyacalismalari.com\/tr_tr\/wp-json\/wp\/v2\/comments?post=3179"}],"version-history":[{"count":3,"href":"https:\/\/guneydoguasyacalismalari.com\/tr_tr\/wp-json\/wp\/v2\/posts\/3179\/revisions"}],"predecessor-version":[{"id":3183,"href":"https:\/\/guneydoguasyacalismalari.com\/tr_tr\/wp-json\/wp\/v2\/posts\/3179\/revisions\/3183"}],"wp:featuredmedia":[{"embeddable":true,"href":"https:\/\/guneydoguasyacalismalari.com\/tr_tr\/wp-json\/wp\/v2\/media\/3180"}],"wp:attachment":[{"href":"https:\/\/guneydoguasyacalismalari.com\/tr_tr\/wp-json\/wp\/v2\/media?parent=3179"}],"wp:term":[{"taxonomy":"category","embeddable":true,"href":"https:\/\/guneydoguasyacalismalari.com\/tr_tr\/wp-json\/wp\/v2\/categories?post=3179"},{"taxonomy":"post_tag","embeddable":true,"href":"https:\/\/guneydoguasyacalismalari.com\/tr_tr\/wp-json\/wp\/v2\/tags?post=3179"}],"curies":[{"name":"wp","href":"https:\/\/api.w.org\/{rel}","templated":true}]}}