{"id":3161,"date":"2020-02-24T07:48:56","date_gmt":"2020-02-24T07:48:56","guid":{"rendered":"http:\/\/guneydoguasyacalismalari.com\/?p=3161"},"modified":"2020-02-28T18:20:51","modified_gmt":"2020-02-28T18:20:51","slug":"malezyada-basbakan-dr-mahathir-istifa-etti-yeni-hukumet-kurulacak-dr-mahathir-resigned-new-government-being-designed-way-in-malaysia","status":"publish","type":"post","link":"https:\/\/guneydoguasyacalismalari.com\/tr_tr\/malezyada-basbakan-dr-mahathir-istifa-etti-yeni-hukumet-kurulacak-dr-mahathir-resigned-new-government-being-designed-way-in-malaysia\/","title":{"rendered":"Malezya\u2019da Ba\u015fbakan Dr. Mahathir istifa etti \/ Dr. Mahathir resigned in Malaysia"},"content":{"rendered":"<p><strong>Mehmet \u00d6zay\u00a0 \u00a0 \u00a0 \u00a0 \u00a0 \u00a0 \u00a0 \u00a0 \u00a0 \u00a0 \u00a0 \u00a0 \u00a0 \u00a0 \u00a0 \u00a0 \u00a0 \u00a0 \u00a0 \u00a0 \u00a0 \u00a0 \u00a0 \u00a0 \u00a0 \u00a0 \u00a0 \u00a0 \u00a0 \u00a0 \u00a0 \u00a0 \u00a0 \u00a0 \u00a0 \u00a0 \u00a0 \u00a0 \u00a0 \u00a0 \u00a0 \u00a0 \u00a0 \u00a0 \u00a0 \u00a0 \u00a0 24.02.2020<\/strong><\/p>\n<p style=\"text-align: justify;\">Malezya\u2019da siyaset kazan\u0131 kayn\u0131yor&#8230; Ba\u015fbakan Dr. Mahathir Muhammed istifa dilek\u00e7esini Federal sultan\u2019a sundu.<\/p>\n<p style=\"text-align: justify;\">Hafta sonu, \u2018Malay birli\u011fi kurma\u2019 s\u00f6ylemiyle yola \u00e7\u0131kanlar\u0131n ba\u015far\u0131s\u0131zl\u0131\u011f\u0131n\u0131n ard\u0131ndan gelen bu istifa siyasette yeni geli\u015fmelerin olaca\u011f\u0131n\u0131n habercisi.<\/p>\n<p style=\"text-align: justify;\">Enver \u0130brahim\u2019in ba\u015f\u0131nda bulundu\u011fu Halk\u0131n Adaleti Partisi\u2019nden (<em>Partai Keadilen Rakyat<\/em>&#8211; PKR) 11 milletvekili istifa etti. Bu geli\u015fme, parti i\u00e7inde Enver \u0130brahim kar\u015f\u0131t\u0131 s\u00f6ylemi ile dikkat \u00e7eken ve hafta sonu ba\u015fta Dr. Mahathir\u2019in kurucusu oldu\u011fu Yerli Birlik Partisi (<em>Parti Pribumi Bersatu<\/em>) olmak \u00fczere muhalefetteki UMNO ile g\u00f6r\u00fc\u015fmelerde yer alan Azmin Ali ve Zuraida Kamaruddin\u2019in parti \u00fcst d\u00fczey kurulu taraf\u0131ndan hainlikle su\u00e7lanarak ihra\u00e7 edilmeleri ard\u0131ndan geldi.<\/p>\n<p style=\"text-align: justify;\">H\u00fck\u00fcmette ekonomi bakan\u0131 olan Azmin Ali ile Emlak ve Yerel Y\u00f6netim Bakan\u0131 olan Zuraida Kamaruddin\u2019in bir s\u00fcredir parti i\u00e7inde Enver kar\u015f\u0131tl\u0131klar\u0131 muhalefet taraf\u0131ndan da destek g\u00f6r\u00fcyordu.<\/p>\n<p style=\"text-align: justify;\">PKR\u2019da ger\u00e7ekle\u015fen bu istifa h\u00fck\u00fcmetin parlamentoda \u00e7o\u011funlu\u011fu kaybetti\u011fi ve h\u00fck\u00fcmetin<em> de facto<\/em> d\u00fc\u015fmesi anlam\u0131na geliyor.<\/p>\n<p style=\"text-align: justify;\"><strong>Hedef Enver \u0130brahim<\/strong><\/p>\n<p style=\"text-align: justify;\">Hi\u00e7 ku\u015fku yok ki, hafta sonu, iktidardaki Umut Koalisyonu i\u00e7inden ve muhalefet partileri aras\u0131nda ya\u015fanan siyaset trafi\u011fi Enver \u0130brahim\u2019in ba\u015fbakanl\u0131\u011f\u0131n\u0131 \u00f6nlemeye y\u00f6nelik bir giri\u015fimdi ve \u015fimdilik ba\u015far\u0131s\u0131z olmu\u015f g\u00f6z\u00fck\u00fcyor. 20 y\u0131l\u0131 a\u015fk\u0131n s\u00fcredir hak etti\u011fi ba\u015fbakanl\u0131\u011f\u0131n yeniden ve bir ba\u015fka bi\u00e7imde engellenmeye \u00e7al\u0131\u015f\u0131lmas\u0131yla bu giri\u015fimi Enver \u0130brahim\u2019e y\u00f6nelik bir sivil darbe adland\u0131rmak m\u00fcmk\u00fcn.<\/p>\n<p style=\"text-align: justify;\">Baz\u0131 \u00e7evreler taraf\u0131ndan \u2018Malay birli\u011fi kuruluyor\u2019 s\u00f6ylemiyle dillendirilen geli\u015fme halk\u0131n se\u00e7ti\u011fi parlamentoya ra\u011fmen, parlamento d\u0131\u015f\u0131 akt\u00f6rlerin ve taleplerin a\u00e7\u0131k\u00e7a ve fiili olarak dillendirilmesinin bir sonucu oldu\u011fu g\u00f6r\u00fcl\u00fcyor.<\/p>\n<p style=\"text-align: justify;\"><strong>Demokrasi kar\u015f\u0131t\u0131 giri\u015fim<\/strong><\/p>\n<p style=\"text-align: justify;\">Parlamento d\u0131\u015f\u0131 giri\u015fimlerin \u00fclke demokrasisine zarar verece\u011fi y\u00f6n\u00fcndeki sa\u011fduyulu a\u00e7\u0131klaman\u0131n ba\u015fbakan Dr. Mahathir Muhammed\u2019in kurucusu oldu\u011fu ve h\u00fck\u00fcmette gen\u00e7lik ve spor bakan\u0131 olarak g\u00f6rev yapan gen\u00e7 siyaset\u00e7i Syed Saddiq\u2019dan gelmesi ise olduk\u00e7a anlaml\u0131yd\u0131.<\/p>\n<p style=\"text-align: justify;\">Saddiq\u2019\u0131n d\u00fcn yani, Pazar g\u00fcn\u00fc yeni bir iktidar kurma giri\u015fimi s\u00fcrecinde Dr. Mahathir\u2019e s\u00f6yledi\u011fi iddia edilen bu siyasi g\u00f6r\u00fc\u015f\u00fcn, bug\u00fcnk\u00fc geli\u015fmelere do\u011frudan bir etkisi oldu\u011fu ileri s\u00fcr\u00fclebilir.<\/p>\n<p style=\"text-align: justify;\">Sivil darbenin g\u00f6r\u00fcn\u00fcr hedefinde Umut Koalisyonu bulunurken, ana hedefin Enver \u0130brahim oldu\u011fu ortaya \u00e7\u0131km\u0131\u015f durumda.<\/p>\n<p style=\"text-align: justify;\">Bu geli\u015fmeye a\u015fa\u011f\u0131da de\u011finece\u011fim&#8230;<\/p>\n<p style=\"text-align: justify;\"><strong>Dr. Mahathir\u2019den yeni bir hamle beklentisi<\/strong><\/p>\n<p style=\"text-align: justify;\">Bug\u00fcnk\u00fc en \u00f6nemli geli\u015fme, hi\u00e7 ku\u015fku yok ki, Ba\u015fbakan Dr. Mahathir Muhammed\u2019in ba\u015fbakanl\u0131ktan istifas\u0131d\u0131r. Ancak Dr. Mahathir\u2019in istifas\u0131n\u0131n yerine Enver \u0130brahim\u2019i ge\u00e7irme \u00a0ama\u00e7l\u0131 olmad\u0131\u011f\u0131 aksine yeni bir siyasi hamlenin bir ba\u015fka safhas\u0131 oldu\u011fu iddialar\u0131n\u0131n do\u011fru olup olmad\u0131\u011f\u0131n\u0131 anlamak i\u00e7in biraz daha beklemek gerekiyor.<\/p>\n<p style=\"text-align: justify;\">Bununla birlikte, hafta sonu ya\u015fanan ve yeni bir iktidar kurma aray\u0131\u015f\u0131nda ba\u015far\u0131s\u0131z olunmas\u0131n\u0131n ard\u0131ndan gelen bu istifa a\u00e7\u0131k\u00e7as\u0131, Dr. Mahathir\u2019in siyasi kariyerinde \u00f6nemli bir yer b\u0131rakacakt\u0131r.<\/p>\n<p style=\"text-align: justify;\">D\u00fcnk\u00fc geli\u015fmeler yak\u0131ndan incelendi\u011finde a\u00e7\u0131k\u00e7as\u0131 bu istifan\u0131n geli\u015fi belliydi&#8230;<\/p>\n<p style=\"text-align: justify;\">D\u00fcn ak\u015fam saatlerinde Federal sultanla yap\u0131lan g\u00f6r\u00fc\u015fmeler sonu\u00e7 vermemesinin bu istifan\u0131n temel nedenini olu\u015fturuyor.<\/p>\n<p style=\"text-align: justify;\">Ard\u0131ndan, bu sabah Yerli Birlik Partisi (<em>Parti Pribumi Bersatu<\/em>) genel ba\u015fkan yard\u0131mc\u0131s\u0131 ve h\u00fck\u00fcmette i\u00e7i\u015fleri bakan\u0131 Muhyiddin Yasin partinin Umut Koalisyonu\u2019ndan \u00e7ekildi\u011fini a\u00e7\u0131klad\u0131.<\/p>\n<p style=\"text-align: justify;\">Hi\u00e7 ku\u015fku yok ki, d\u00fcnk\u00fc giri\u015fim Dr. Mahathir i\u00e7in \u00f6nemli bir kay\u0131p anlam\u0131 ta\u015f\u0131yordu.<\/p>\n<p style=\"text-align: justify;\">Bu nedenle, yeni iktidar aray\u0131\u015flar\u0131n\u0131n oda\u011f\u0131ndaki Dr. Mahathir ve kurucusu oldu\u011fu Bersatu\u2019nun ayr\u0131lmas\u0131 yeni bir h\u00fck\u00fcmet kurulmas\u0131n\u0131 zorunlu k\u0131larken, PKR genel ba\u015fkan yard\u0131mc\u0131s\u0131 ve h\u00fck\u00fcmette ba\u015fbakan yard\u0131mc\u0131s\u0131 olan Dr. Wan Azizah Wan \u0130smail\u2019in Federal Sultan\u2019la yap\u0131lacak g\u00f6r\u00fc\u015fmenin ard\u0131ndan yeni h\u00fck\u00fcmeti kurmas\u0131 bekleniyor.<\/p>\n<p style=\"text-align: justify;\"><strong>Azmin Ali\u2019nin \u00e7\u0131k\u0131\u015f\u0131 <\/strong><\/p>\n<p style=\"text-align: justify;\">Pazar g\u00fcnk\u00fc siyaset trafi\u011finin \u00f6nemli isimlerinden biri hi\u00e7 ku\u015fku yok ki, PKR genel ba\u015fkan yard\u0131mc\u0131lar\u0131ndan ve federal h\u00fck\u00fcmette ekonomi bakan\u0131 olan Azmin Ali bulunuyor.<\/p>\n<p style=\"text-align: justify;\">1990\u2019l\u0131 ve 2000\u2019li y\u0131llar\u0131n ba\u015f\u0131nda Enver \u0130brahim\u2019in en yak\u0131n\u0131nda bulunmu\u015f isimlerden olan Azmin Ali, parti i\u00e7erisinde bir hizbin ba\u015f\u0131n\u0131 \u00e7ekti\u011fi gibi, ba\u015fbakan Dr. Mahathir\u2019in yeni g\u00f6zdelerinden biri olarak dikkat \u00e7ekiyordu.<\/p>\n<p style=\"text-align: justify;\">Malezya\u2019da genel anlamda reform hedefiyle iktidara gelen Umut Koalisyonu\u2019nda \u00e7\u00f6z\u00fclmede, hi\u00e7 ku\u015fku yok ki, PKR i\u00e7indeki hizbin rol\u00fc \u00f6nemli. Bu durum, zaten belirli siyasi \u00e7evrelerde y\u0131llard\u0131r var olan Enver kar\u015f\u0131tl\u0131\u011f\u0131 \u00fczerine kurulan yap\u0131la\u015fma i\u00e7in olduk\u00e7a elveri\u015fli bir imkan sunuyordu.<\/p>\n<p style=\"text-align: justify;\">Malezya\u2019da h\u00fck\u00fcmet de\u011fi\u015fimine gidilen bu s\u00fcre\u00e7 bir s\u00fcrpriz olmasa da, pek \u00e7ok ki\u015fiyi \u015fa\u015f\u0131rtt\u0131\u011f\u0131na ku\u015fku yok.<\/p>\n<p style=\"text-align: justify;\">2018 May\u0131s se\u00e7imlerinden \u00f6nce Dr. Mahathir\u2019in o d\u00f6nem hapisteki Enver \u0130brahim\u2019le siyasi ittifak giri\u015fiminin bir sonucu olarak kurulan h\u00fck\u00fcmette bir s\u00fcredir ya\u015fanan \u00e7oklu sorunlar bug\u00fcn olu\u015fan ittifak blo\u011funun kopu\u015funa tan\u0131k olunmas\u0131na neden oldu.<\/p>\n<p style=\"text-align: justify;\">Bu sorunlardan biri, Dr. Mahathir\u2019in ittifak ortaklar\u0131na verdi\u011fi s\u00f6ylenen iki y\u0131ll\u0131k ba\u015fbakanl\u0131k sonras\u0131nda g\u00f6revini Enver \u0130brahim\u2019e devredece\u011fi yolundaki s\u00f6z\u00fcyd\u00fc.<\/p>\n<p style=\"text-align: justify;\">Daha \u00f6nceki yaz\u0131lar\u0131m\u0131zda da dikkat \u00e7ekti\u011fimiz \u00fczere, aradan ge\u00e7en s\u00fcrede Dr. Mahathir, \u00fclke ekonomisinin ray\u0131na oturtulmas\u0131n\u0131 gerek\u00e7e g\u00f6stererek s\u00f6z verilen s\u00fcre zarf\u0131nda ba\u015fbakanl\u0131ktan ayr\u0131lmayaca\u011f\u0131n\u0131 defaatle s\u00f6ylemesi, Enver \u0130brahim\u2019le ve iktidar ittifak\u0131n\u0131 olu\u015fturan partiler aras\u0131nda gerginlikler ya\u015fanmas\u0131na neden olmu\u015ftu.<\/p>\n<p style=\"text-align: justify;\">En son, Umut Koalisyonu ittifak\u0131 liderleri aras\u0131nda Cuma g\u00fcn\u00fc yap\u0131lan toplant\u0131da ba\u015fbakanl\u0131ktan \u00e7ekilme karar\u0131n\u0131n Dr. Mahathir\u2019e b\u0131rak\u0131ld\u0131\u011f\u0131 a\u00e7\u0131klanm\u0131\u015ft\u0131. Toplant\u0131da \u00f6zellikle Demokratik Eylem Partisi (<em>Democratic Action Party<\/em>-DAP) ve Emanet Partisi (Amanah) liderleri taraf\u0131ndan Dr. Mahathir\u2019in ba\u015fbakanl\u0131\u011f\u0131 b\u0131rakmas\u0131 konusundaki bask\u0131n\u0131n gerginli\u011fe neden oldu\u011funa vurgu yap\u0131l\u0131yor.<\/p>\n<p style=\"text-align: justify;\">Federal meclisteki d\u00f6rt partinin ittifak\u0131yla olu\u015fan h\u00fck\u00fcmette belirleyici husus, Dr. Mahathir\u2019in ge\u00e7ici ba\u015fbakanl\u0131\u011f\u0131 ve ondan sonra Enver \u0130brahim\u2019in yirmi y\u0131ld\u0131r bekledi\u011fi ba\u015fbakanl\u0131k koltu\u011funa oturmas\u0131yd\u0131.<\/p>\n<p style=\"text-align: justify;\">Dr. Mahathir, daha se\u00e7imler \u00f6ncesi yap\u0131lan g\u00f6r\u00fc\u015fmelerde, iktidara gelinmesi halinde, ba\u015fbakanl\u0131\u011f\u0131 iki y\u0131l s\u00fcrd\u00fcrece\u011fi yolunda anla\u015f\u0131lan konu \u00fczerinde zamanla yap\u0131lan polemikler bug\u00fcn ayr\u0131\u015fman\u0131n bel kemi\u011fini olu\u015fturdu\u011fu d\u00fc\u015f\u00fcn\u00fclebilir.<\/p>\n<p style=\"text-align: justify;\">Ancak bu s\u00fcre\u00e7te, Dr. Mahathir\u2019in elini giderek daha da g\u00fc\u00e7lendirmesi, \u00f6zellikle de Enver \u0130brahim\u2019in ba\u015f\u0131nda bulundu\u011fu PKR i\u00e7inde ekonomi bakanl\u0131\u011f\u0131 konumuna getirilen Azmin Ali\u2019nin y\u00fcr\u00fctt\u00fc\u011f\u00fc muhalif kanad\u0131n g\u00fc\u00e7 bulmas\u0131n\u0131n rol\u00fc yads\u0131namaz.<\/p>\n<p style=\"text-align: justify;\"><strong>Dr. Mahathir\u2019siz yeni bir ittifak<\/strong><\/p>\n<p style=\"text-align: justify;\">Bug\u00fcn ya\u015fanan ayr\u0131\u015fmay\u0131 daha 2018 se\u00e7imleri \u00f6ncesinde \u201cDr. Mahathir\u2019le bir kez daha m\u0131, Hay\u0131r\u201d diyerek reddeden kesimler vard\u0131. Veya bu ittifaka Dr. Mahathir d\u00f6nemi politikalar\u0131 ve siyaset ahlak\u0131 tart\u0131\u015fmalar\u0131na taraf olan veya bunlar\u0131 yak\u0131ndan duyanlar bu ittifaka hay\u0131r diyorlard\u0131.<\/p>\n<p style=\"text-align: justify;\">Bug\u00fcn bu \u00e7evreler kendilerini \u201cevet hakl\u0131 \u00e7\u0131kt\u0131k\u201d diyebilirler. Ancak ne 2018 se\u00e7imleri \u00f6ncesinde ittifak\u0131n olu\u015fmas\u0131nda ne de bug\u00fcn ittifak yap\u0131s\u0131n\u0131n \u00e7\u00f6kerek iktidar\u0131n kaybedilmesinde Enver \u0130brahim\u2019in do\u011frudan, kas\u0131tl\u0131 bir eyleminden bahsetmek m\u00fcmk\u00fcn g\u00f6z\u00fckm\u00fcyor.<\/p>\n<p style=\"text-align: justify;\">Dr. Mahathir\u2019in daha o d\u00f6nem hapisteki Enver \u0130brahim\u2019i ziyaret ederek ittifak g\u00f6r\u00fc\u015fmeleri i\u00e7in ald\u0131\u011f\u0131 inisiyatifin ve se\u00e7im zaferinin ard\u0131ndan, iki y\u0131l gibi bir s\u00fcre ge\u00e7mi\u015fken iktidar\u0131 ve \u00f6zellikle de Enver \u0130brahim merkezli ittifak blo\u011funu d\u0131\u015farda b\u0131rakmak suretiyle yeni bir ittifak aray\u0131\u015f\u0131na girmesinin \u00e7\u0131kar ili\u015fkileri ile a\u00e7\u0131klanabilecek nedenleri oldu\u011funa ku\u015fku yok.<\/p>\n<p style=\"text-align: justify;\">Ancak konunun salt bu ba\u011flama s\u0131k\u0131\u015ft\u0131r\u0131lmas\u0131, ayn\u0131 zamanda Dr. Mahathir\u2019in siyasi kalibresine y\u00f6nelik bir ithamlar zincirinin olu\u015fmas\u0131 anlam\u0131 da ta\u015f\u0131yacakt\u0131r.<\/p>\n<p style=\"text-align: justify;\">Dr. Mahathir\u2019in zehir gibi bir politikac\u0131 oldu\u011funa ku\u015fku yok. Ancak her politikac\u0131 gibi yak\u0131n\/uzak \u00e7evresinin ulus-devlet denilen \u00fclkenin kendini ba\u011fl\u0131 hissetti\u011fi k\u00f6klerden ne\u015fet eden yap\u0131sal unsurlar\u0131n\u0131n etkisi alt\u0131nda kalmad\u0131\u011f\u0131 s\u00f6ylenemez.<\/p>\n<p style=\"text-align: justify;\">Malezya\u2019da kaynayan siyaset kazan\u0131nda \u00f6n\u00fcm\u00fczdeki g\u00fcnlerin de hareketli ge\u00e7ece\u011fine ku\u015fku yok. Yeni bir iktidar koalisyonu ka\u00e7\u0131n\u0131lmaz g\u00f6r\u00fcn\u00fcyor. Halkta Enver \u0130brahim\u2019e y\u00f6nelik destek halen varl\u0131\u011f\u0131n\u0131 s\u00fcrd\u00fcr\u00fcrken, siyasetin karanl\u0131k koridorlar\u0131ndan ne t\u00fcr hamleler \u00e7\u0131kaca\u011f\u0131n\u0131 birka\u00e7 g\u00fcn i\u00e7inde g\u00f6rece\u011fiz.<\/p>\n","protected":false},"excerpt":{"rendered":"<p>Mehmet \u00d6zay\u00a0 \u00a0 \u00a0 \u00a0 \u00a0 \u00a0 \u00a0 \u00a0 \u00a0 \u00a0 \u00a0 \u00a0 \u00a0 \u00a0 \u00a0 \u00a0 \u00a0 \u00a0 \u00a0 \u00a0 \u00a0 \u00a0 \u00a0 \u00a0 \u00a0 \u00a0 \u00a0 \u00a0 \u00a0 \u00a0 \u00a0 \u00a0 \u00a0 \u00a0 \u00a0 \u00a0 \u00a0 \u00a0 \u00a0 \u00a0 \u00a0 \u00a0 \u00a0 \u00a0 \u00a0 \u00a0 \u00a0 24.02.2020 Malezya\u2019da siyaset kazan\u0131 kayn\u0131yor&#8230; Ba\u015fbakan Dr. [&hellip;]<\/p>\n","protected":false},"author":1,"featured_media":3176,"comment_status":"open","ping_status":"open","sticky":false,"template":"","format":"standard","meta":{"footnotes":""},"categories":[6,27],"tags":[],"class_list":["post-3161","post","type-post","status-publish","format-standard","has-post-thumbnail","hentry","category-gunluk-yazilar","category-malezya"],"_links":{"self":[{"href":"https:\/\/guneydoguasyacalismalari.com\/tr_tr\/wp-json\/wp\/v2\/posts\/3161","targetHints":{"allow":["GET"]}}],"collection":[{"href":"https:\/\/guneydoguasyacalismalari.com\/tr_tr\/wp-json\/wp\/v2\/posts"}],"about":[{"href":"https:\/\/guneydoguasyacalismalari.com\/tr_tr\/wp-json\/wp\/v2\/types\/post"}],"author":[{"embeddable":true,"href":"https:\/\/guneydoguasyacalismalari.com\/tr_tr\/wp-json\/wp\/v2\/users\/1"}],"replies":[{"embeddable":true,"href":"https:\/\/guneydoguasyacalismalari.com\/tr_tr\/wp-json\/wp\/v2\/comments?post=3161"}],"version-history":[{"count":6,"href":"https:\/\/guneydoguasyacalismalari.com\/tr_tr\/wp-json\/wp\/v2\/posts\/3161\/revisions"}],"predecessor-version":[{"id":3170,"href":"https:\/\/guneydoguasyacalismalari.com\/tr_tr\/wp-json\/wp\/v2\/posts\/3161\/revisions\/3170"}],"wp:featuredmedia":[{"embeddable":true,"href":"https:\/\/guneydoguasyacalismalari.com\/tr_tr\/wp-json\/wp\/v2\/media\/3176"}],"wp:attachment":[{"href":"https:\/\/guneydoguasyacalismalari.com\/tr_tr\/wp-json\/wp\/v2\/media?parent=3161"}],"wp:term":[{"taxonomy":"category","embeddable":true,"href":"https:\/\/guneydoguasyacalismalari.com\/tr_tr\/wp-json\/wp\/v2\/categories?post=3161"},{"taxonomy":"post_tag","embeddable":true,"href":"https:\/\/guneydoguasyacalismalari.com\/tr_tr\/wp-json\/wp\/v2\/tags?post=3161"}],"curies":[{"name":"wp","href":"https:\/\/api.w.org\/{rel}","templated":true}]}}